{"id":35513,"date":"2009-09-22T12:14:07","date_gmt":"2009-09-22T12:14:07","guid":{"rendered":"http:\/\/www.aceguarulhos.com.br\/blog\/?p=35513"},"modified":"-0001-11-30T00:00:00","modified_gmt":"-0001-11-30T03:00:00","slug":"sp-prorroga-campanha-de-vacina%c3%a7%c3%a3o-contra-poliomielite-at%c3%a9-sexta-feira","status":"publish","type":"post","link":"https:\/\/www.aceguarulhos.com.br\/blog\/sp-prorroga-campanha-de-vacina%c3%a7%c3%a3o-contra-poliomielite-at%c3%a9-sexta-feira\/","title":{"rendered":"SP prorroga campanha de vacina\u00e7\u00e3o contra poliomielite at\u00e9 sexta-feira"},"content":{"rendered":"<p>A Secretaria da Sa\u00fade prorrogou a campanha de vacina\u00e7\u00e3o contra poliomielite at\u00e9 esta sexta-feira, 25. No \u00faltimo s\u00e1bado, foram vacinadas 2,5 milh\u00f5es de crian\u00e7as menores de cinco anos. Todas as regi\u00f5es do Estado ficaram com cobertura acima de 80%. A meta \u00e9 vacinar 95% das crian\u00e7as, o que corresponde a 2,9 milh\u00f5es de crian\u00e7as. <\/p>\n<p>Os menores de cinco anos devem ser levados aos postos de sa\u00fade para receber a dose de refor\u00e7o.&nbsp; Al\u00e9m da vacina contra a poliomielite, as crian\u00e7as poder\u00e3o colocar em dia sua caderneta de vacina\u00e7\u00e3o. Estar\u00e3o dispon\u00edveis vacinas como a Tetravalente (contra difteria, t\u00e9tano, coqueluche), Tr\u00edplice viral (contra sarampo, caxumba e rub\u00e9ola) e contra hepatite. <\/p>\n<p>&#8220;Tomar a vacina Sabin garante prote\u00e7\u00e3o eficaz contra a paralisia infantil, evitando que o v\u00edrus volte a circular. Por isso \u00e9 muito importante que todas as crian\u00e7as menores de cinco anos sejam levadas aos postos de sa\u00fade&#8221;, afirma o secret\u00e1rio da Sa\u00fade, Luiz Roberto Barradas Barata. <\/p>\n<p>H\u00e1 21 anos o Estado de S\u00e3o Paulo n\u00e3o registra casos de paralisia infantil, mas a vacina\u00e7\u00e3o de crian\u00e7as continua sendo importante porque o v\u00edrus da p\u00f3lio ainda circula em pa\u00edses da \u00c1frica e da \u00c1sia, representando, portanto, uma amea\u00e7a \u00e0 popula\u00e7\u00e3o mundial. <\/p>\n<p>Causada pelo poliov\u00edrus selvagem, a poliomielite \u00e9 caracterizada por febre, mal-estar, cefal\u00e9ia e pode causar paralisia. A vacina \u00e9 segura e os efeitos colaterais s\u00e3o extremamente raros. <\/p>\n","protected":false},"excerpt":{"rendered":"A Secretaria da Sa\u00fade prorrogou a campanha de vacina\u00e7\u00e3o contra poliomielite at\u00e9 esta sexta-feira, 25. No \u00faltimo s\u00e1bado, foram vacinadas 2,5 milh\u00f5es de \n<a class=\"moretag\" href=\"https:\/\/www.aceguarulhos.com.br\/blog\/sp-prorroga-campanha-de-vacina%c3%a7%c3%a3o-contra-poliomielite-at%c3%a9-sexta-feira\/\"> [...]<\/a>","protected":false},"author":8,"featured_media":0,"comment_status":"open","ping_status":"open","sticky":false,"template":"","format":"standard","meta":{"footnotes":""},"categories":[2],"tags":[],"class_list":["post-35513","post","type-post","status-publish","format-standard","hentry","category-noticias"],"yoast_head":"<!-- This site is optimized with the Yoast SEO plugin v28.1 - https:\/\/yoast.com\/product\/yoast-seo-wordpress\/ -->\n<title>SP prorroga campanha de vacina\u00e7\u00e3o contra poliomielite at\u00e9 sexta-feira - ACE-Guarulhos<\/title>\n<meta name=\"robots\" content=\"index, follow, max-snippet:-1, max-image-preview:large, max-video-preview:-1\" \/>\n<link rel=\"canonical\" href=\"https:\/\/www.aceguarulhos.com.br\/blog\/sp-prorroga-campanha-de-vacina\u00e7\u00e3o-contra-poliomielite-at\u00e9-sexta-feira\/\" \/>\n<meta property=\"og:locale\" content=\"pt_BR\" \/>\n<meta property=\"og:type\" content=\"article\" \/>\n<meta property=\"og:title\" content=\"SP prorroga campanha de vacina\u00e7\u00e3o contra poliomielite at\u00e9 sexta-feira - ACE-Guarulhos\" \/>\n<meta property=\"og:description\" content=\"A Secretaria da Sa\u00fade prorrogou a campanha de vacina\u00e7\u00e3o contra poliomielite at\u00e9 esta sexta-feira, 25. No \u00faltimo s\u00e1bado, foram vacinadas 2,5 milh\u00f5es de\" \/>\n<meta property=\"og:url\" content=\"https:\/\/www.aceguarulhos.com.br\/blog\/sp-prorroga-campanha-de-vacina\u00e7\u00e3o-contra-poliomielite-at\u00e9-sexta-feira\/\" \/>\n<meta property=\"og:site_name\" content=\"ACE-Guarulhos\" \/>\n<meta property=\"article:publisher\" content=\"https:\/\/www.facebook.com\/aceguarulhos\/\" \/>\n<meta property=\"article:published_time\" content=\"2009-09-22T12:14:07+00:00\" \/>\n<meta name=\"author\" content=\"Assessoria de Imprensa ACE-Guarulhos\" \/>\n<meta name=\"twitter:card\" content=\"summary_large_image\" \/>\n<meta name=\"twitter:label1\" content=\"Escrito por\" \/>\n\t<meta name=\"twitter:data1\" content=\"Assessoria de Imprensa ACE-Guarulhos\" \/>\n\t<meta name=\"twitter:label2\" content=\"Est. tempo de leitura\" \/>\n\t<meta name=\"twitter:data2\" content=\"1 minuto\" \/>\n<script type=\"application\/ld+json\" class=\"yoast-schema-graph\">{\"@context\":\"https:\\\/\\\/schema.org\",\"@graph\":[{\"@type\":\"Article\",\"@id\":\"https:\\\/\\\/www.aceguarulhos.com.br\\\/blog\\\/sp-prorroga-campanha-de-vacina%c3%a7%c3%a3o-contra-poliomielite-at%c3%a9-sexta-feira\\\/#article\",\"isPartOf\":{\"@id\":\"https:\\\/\\\/www.aceguarulhos.com.br\\\/blog\\\/sp-prorroga-campanha-de-vacina%c3%a7%c3%a3o-contra-poliomielite-at%c3%a9-sexta-feira\\\/\"},\"author\":{\"name\":\"Assessoria de Imprensa ACE-Guarulhos\",\"@id\":\"https:\\\/\\\/www.aceguarulhos.com.br\\\/blog\\\/#\\\/schema\\\/person\\\/6983b51bad37489989e4f09698c26237\"},\"headline\":\"SP prorroga campanha de vacina\u00e7\u00e3o contra poliomielite at\u00e9 sexta-feira\",\"datePublished\":\"2009-09-22T12:14:07+00:00\",\"mainEntityOfPage\":{\"@id\":\"https:\\\/\\\/www.aceguarulhos.com.br\\\/blog\\\/sp-prorroga-campanha-de-vacina%c3%a7%c3%a3o-contra-poliomielite-at%c3%a9-sexta-feira\\\/\"},\"wordCount\":262,\"commentCount\":0,\"publisher\":{\"@id\":\"https:\\\/\\\/www.aceguarulhos.com.br\\\/blog\\\/#organization\"},\"articleSection\":[\"Not\u00edcias\"],\"inLanguage\":\"pt-BR\"},{\"@type\":\"WebPage\",\"@id\":\"https:\\\/\\\/www.aceguarulhos.com.br\\\/blog\\\/sp-prorroga-campanha-de-vacina%c3%a7%c3%a3o-contra-poliomielite-at%c3%a9-sexta-feira\\\/\",\"url\":\"https:\\\/\\\/www.aceguarulhos.com.br\\\/blog\\\/sp-prorroga-campanha-de-vacina%c3%a7%c3%a3o-contra-poliomielite-at%c3%a9-sexta-feira\\\/\",\"name\":\"SP prorroga campanha de vacina\u00e7\u00e3o contra poliomielite at\u00e9 sexta-feira - ACE-Guarulhos\",\"isPartOf\":{\"@id\":\"https:\\\/\\\/www.aceguarulhos.com.br\\\/blog\\\/#website\"},\"datePublished\":\"2009-09-22T12:14:07+00:00\",\"breadcrumb\":{\"@id\":\"https:\\\/\\\/www.aceguarulhos.com.br\\\/blog\\\/sp-prorroga-campanha-de-vacina%c3%a7%c3%a3o-contra-poliomielite-at%c3%a9-sexta-feira\\\/#breadcrumb\"},\"inLanguage\":\"pt-BR\",\"potentialAction\":[{\"@type\":\"ReadAction\",\"target\":[\"https:\\\/\\\/www.aceguarulhos.com.br\\\/blog\\\/sp-prorroga-campanha-de-vacina%c3%a7%c3%a3o-contra-poliomielite-at%c3%a9-sexta-feira\\\/\"]}]},{\"@type\":\"BreadcrumbList\",\"@id\":\"https:\\\/\\\/www.aceguarulhos.com.br\\\/blog\\\/sp-prorroga-campanha-de-vacina%c3%a7%c3%a3o-contra-poliomielite-at%c3%a9-sexta-feira\\\/#breadcrumb\",\"itemListElement\":[{\"@type\":\"ListItem\",\"position\":1,\"name\":\"In\u00edcio\",\"item\":\"https:\\\/\\\/www.aceguarulhos.com.br\\\/blog\\\/\"},{\"@type\":\"ListItem\",\"position\":2,\"name\":\"SP prorroga campanha de vacina\u00e7\u00e3o contra poliomielite at\u00e9 sexta-feira\"}]},{\"@type\":\"WebSite\",\"@id\":\"https:\\\/\\\/www.aceguarulhos.com.br\\\/blog\\\/#website\",\"url\":\"https:\\\/\\\/www.aceguarulhos.com.br\\\/blog\\\/\",\"name\":\"ACE-Guarulhos\",\"description\":\"A ACE-Guarulhos \u00e9 uma associa\u00e7\u00e3o que ap\u00f3ia os empres\u00e1rios guarulhenses atrav\u00e9s da representa\u00e7\u00e3o, da gera\u00e7\u00e3o de neg\u00f3cios e presta\u00e7\u00e3o de servi\u00e7os.\",\"publisher\":{\"@id\":\"https:\\\/\\\/www.aceguarulhos.com.br\\\/blog\\\/#organization\"},\"potentialAction\":[{\"@type\":\"SearchAction\",\"target\":{\"@type\":\"EntryPoint\",\"urlTemplate\":\"https:\\\/\\\/www.aceguarulhos.com.br\\\/blog\\\/?s={search_term_string}\"},\"query-input\":{\"@type\":\"PropertyValueSpecification\",\"valueRequired\":true,\"valueName\":\"search_term_string\"}}],\"inLanguage\":\"pt-BR\"},{\"@type\":\"Organization\",\"@id\":\"https:\\\/\\\/www.aceguarulhos.com.br\\\/blog\\\/#organization\",\"name\":\"ACE-Guarulhos\",\"url\":\"https:\\\/\\\/www.aceguarulhos.com.br\\\/blog\\\/\",\"logo\":{\"@type\":\"ImageObject\",\"inLanguage\":\"pt-BR\",\"@id\":\"https:\\\/\\\/www.aceguarulhos.com.br\\\/blog\\\/#\\\/schema\\\/logo\\\/image\\\/\",\"url\":\"https:\\\/\\\/www.aceguarulhos.com.br\\\/blog\\\/wp-content\\\/uploads\\\/2017\\\/12\\\/logo-aceguarulhos-2018.png\",\"contentUrl\":\"https:\\\/\\\/www.aceguarulhos.com.br\\\/blog\\\/wp-content\\\/uploads\\\/2017\\\/12\\\/logo-aceguarulhos-2018.png\",\"width\":419,\"height\":76,\"caption\":\"ACE-Guarulhos\"},\"image\":{\"@id\":\"https:\\\/\\\/www.aceguarulhos.com.br\\\/blog\\\/#\\\/schema\\\/logo\\\/image\\\/\"},\"sameAs\":[\"https:\\\/\\\/www.facebook.com\\\/aceguarulhos\\\/\",\"https:\\\/\\\/br.linkedin.com\\\/in\\\/ace-guarulhos-b9a97093\",\"https:\\\/\\\/www.youtube.com\\\/user\\\/aceguarulhos\"]},{\"@type\":\"Person\",\"@id\":\"https:\\\/\\\/www.aceguarulhos.com.br\\\/blog\\\/#\\\/schema\\\/person\\\/6983b51bad37489989e4f09698c26237\",\"name\":\"Assessoria de Imprensa ACE-Guarulhos\",\"image\":{\"@type\":\"ImageObject\",\"inLanguage\":\"pt-BR\",\"@id\":\"https:\\\/\\\/secure.gravatar.com\\\/avatar\\\/707f3fadd6918afeb64173ab22d8a8cb0676953098a4f31ff36dc2b4c699ef6a?s=96&d=mm&r=g\",\"url\":\"https:\\\/\\\/secure.gravatar.com\\\/avatar\\\/707f3fadd6918afeb64173ab22d8a8cb0676953098a4f31ff36dc2b4c699ef6a?s=96&d=mm&r=g\",\"contentUrl\":\"https:\\\/\\\/secure.gravatar.com\\\/avatar\\\/707f3fadd6918afeb64173ab22d8a8cb0676953098a4f31ff36dc2b4c699ef6a?s=96&d=mm&r=g\",\"caption\":\"Assessoria de Imprensa ACE-Guarulhos\"},\"url\":\"https:\\\/\\\/www.aceguarulhos.com.br\\\/blog\\\/author\\\/assessoria-de-imprensa-ace-guarulhos\\\/\"}]}<\/script>\n<!-- \/ Yoast SEO plugin. -->","yoast_head_json":{"title":"SP prorroga campanha de vacina\u00e7\u00e3o contra poliomielite at\u00e9 sexta-feira - ACE-Guarulhos","robots":{"index":"index","follow":"follow","max-snippet":"max-snippet:-1","max-image-preview":"max-image-preview:large","max-video-preview":"max-video-preview:-1"},"canonical":"https:\/\/www.aceguarulhos.com.br\/blog\/sp-prorroga-campanha-de-vacina\u00e7\u00e3o-contra-poliomielite-at\u00e9-sexta-feira\/","og_locale":"pt_BR","og_type":"article","og_title":"SP prorroga campanha de vacina\u00e7\u00e3o contra poliomielite at\u00e9 sexta-feira - ACE-Guarulhos","og_description":"A Secretaria da Sa\u00fade prorrogou a campanha de vacina\u00e7\u00e3o contra poliomielite at\u00e9 esta sexta-feira, 25. No \u00faltimo s\u00e1bado, foram vacinadas 2,5 milh\u00f5es de","og_url":"https:\/\/www.aceguarulhos.com.br\/blog\/sp-prorroga-campanha-de-vacina\u00e7\u00e3o-contra-poliomielite-at\u00e9-sexta-feira\/","og_site_name":"ACE-Guarulhos","article_publisher":"https:\/\/www.facebook.com\/aceguarulhos\/","article_published_time":"2009-09-22T12:14:07+00:00","author":"Assessoria de Imprensa ACE-Guarulhos","twitter_card":"summary_large_image","twitter_misc":{"Escrito por":"Assessoria de Imprensa ACE-Guarulhos","Est. tempo de leitura":"1 minuto"},"schema":{"@context":"https:\/\/schema.org","@graph":[{"@type":"Article","@id":"https:\/\/www.aceguarulhos.com.br\/blog\/sp-prorroga-campanha-de-vacina%c3%a7%c3%a3o-contra-poliomielite-at%c3%a9-sexta-feira\/#article","isPartOf":{"@id":"https:\/\/www.aceguarulhos.com.br\/blog\/sp-prorroga-campanha-de-vacina%c3%a7%c3%a3o-contra-poliomielite-at%c3%a9-sexta-feira\/"},"author":{"name":"Assessoria de Imprensa ACE-Guarulhos","@id":"https:\/\/www.aceguarulhos.com.br\/blog\/#\/schema\/person\/6983b51bad37489989e4f09698c26237"},"headline":"SP prorroga campanha de vacina\u00e7\u00e3o contra poliomielite at\u00e9 sexta-feira","datePublished":"2009-09-22T12:14:07+00:00","mainEntityOfPage":{"@id":"https:\/\/www.aceguarulhos.com.br\/blog\/sp-prorroga-campanha-de-vacina%c3%a7%c3%a3o-contra-poliomielite-at%c3%a9-sexta-feira\/"},"wordCount":262,"commentCount":0,"publisher":{"@id":"https:\/\/www.aceguarulhos.com.br\/blog\/#organization"},"articleSection":["Not\u00edcias"],"inLanguage":"pt-BR"},{"@type":"WebPage","@id":"https:\/\/www.aceguarulhos.com.br\/blog\/sp-prorroga-campanha-de-vacina%c3%a7%c3%a3o-contra-poliomielite-at%c3%a9-sexta-feira\/","url":"https:\/\/www.aceguarulhos.com.br\/blog\/sp-prorroga-campanha-de-vacina%c3%a7%c3%a3o-contra-poliomielite-at%c3%a9-sexta-feira\/","name":"SP prorroga campanha de vacina\u00e7\u00e3o contra poliomielite at\u00e9 sexta-feira - ACE-Guarulhos","isPartOf":{"@id":"https:\/\/www.aceguarulhos.com.br\/blog\/#website"},"datePublished":"2009-09-22T12:14:07+00:00","breadcrumb":{"@id":"https:\/\/www.aceguarulhos.com.br\/blog\/sp-prorroga-campanha-de-vacina%c3%a7%c3%a3o-contra-poliomielite-at%c3%a9-sexta-feira\/#breadcrumb"},"inLanguage":"pt-BR","potentialAction":[{"@type":"ReadAction","target":["https:\/\/www.aceguarulhos.com.br\/blog\/sp-prorroga-campanha-de-vacina%c3%a7%c3%a3o-contra-poliomielite-at%c3%a9-sexta-feira\/"]}]},{"@type":"BreadcrumbList","@id":"https:\/\/www.aceguarulhos.com.br\/blog\/sp-prorroga-campanha-de-vacina%c3%a7%c3%a3o-contra-poliomielite-at%c3%a9-sexta-feira\/#breadcrumb","itemListElement":[{"@type":"ListItem","position":1,"name":"In\u00edcio","item":"https:\/\/www.aceguarulhos.com.br\/blog\/"},{"@type":"ListItem","position":2,"name":"SP prorroga campanha de vacina\u00e7\u00e3o contra poliomielite at\u00e9 sexta-feira"}]},{"@type":"WebSite","@id":"https:\/\/www.aceguarulhos.com.br\/blog\/#website","url":"https:\/\/www.aceguarulhos.com.br\/blog\/","name":"ACE-Guarulhos","description":"A ACE-Guarulhos \u00e9 uma associa\u00e7\u00e3o que ap\u00f3ia os empres\u00e1rios guarulhenses atrav\u00e9s da representa\u00e7\u00e3o, da gera\u00e7\u00e3o de neg\u00f3cios e presta\u00e7\u00e3o de servi\u00e7os.","publisher":{"@id":"https:\/\/www.aceguarulhos.com.br\/blog\/#organization"},"potentialAction":[{"@type":"SearchAction","target":{"@type":"EntryPoint","urlTemplate":"https:\/\/www.aceguarulhos.com.br\/blog\/?s={search_term_string}"},"query-input":{"@type":"PropertyValueSpecification","valueRequired":true,"valueName":"search_term_string"}}],"inLanguage":"pt-BR"},{"@type":"Organization","@id":"https:\/\/www.aceguarulhos.com.br\/blog\/#organization","name":"ACE-Guarulhos","url":"https:\/\/www.aceguarulhos.com.br\/blog\/","logo":{"@type":"ImageObject","inLanguage":"pt-BR","@id":"https:\/\/www.aceguarulhos.com.br\/blog\/#\/schema\/logo\/image\/","url":"https:\/\/www.aceguarulhos.com.br\/blog\/wp-content\/uploads\/2017\/12\/logo-aceguarulhos-2018.png","contentUrl":"https:\/\/www.aceguarulhos.com.br\/blog\/wp-content\/uploads\/2017\/12\/logo-aceguarulhos-2018.png","width":419,"height":76,"caption":"ACE-Guarulhos"},"image":{"@id":"https:\/\/www.aceguarulhos.com.br\/blog\/#\/schema\/logo\/image\/"},"sameAs":["https:\/\/www.facebook.com\/aceguarulhos\/","https:\/\/br.linkedin.com\/in\/ace-guarulhos-b9a97093","https:\/\/www.youtube.com\/user\/aceguarulhos"]},{"@type":"Person","@id":"https:\/\/www.aceguarulhos.com.br\/blog\/#\/schema\/person\/6983b51bad37489989e4f09698c26237","name":"Assessoria de Imprensa ACE-Guarulhos","image":{"@type":"ImageObject","inLanguage":"pt-BR","@id":"https:\/\/secure.gravatar.com\/avatar\/707f3fadd6918afeb64173ab22d8a8cb0676953098a4f31ff36dc2b4c699ef6a?s=96&d=mm&r=g","url":"https:\/\/secure.gravatar.com\/avatar\/707f3fadd6918afeb64173ab22d8a8cb0676953098a4f31ff36dc2b4c699ef6a?s=96&d=mm&r=g","contentUrl":"https:\/\/secure.gravatar.com\/avatar\/707f3fadd6918afeb64173ab22d8a8cb0676953098a4f31ff36dc2b4c699ef6a?s=96&d=mm&r=g","caption":"Assessoria de Imprensa ACE-Guarulhos"},"url":"https:\/\/www.aceguarulhos.com.br\/blog\/author\/assessoria-de-imprensa-ace-guarulhos\/"}]}},"wps_subtitle":"","amp_enabled":true,"_links":{"self":[{"href":"https:\/\/www.aceguarulhos.com.br\/blog\/wp-json\/wp\/v2\/posts\/35513","targetHints":{"allow":["GET"]}}],"collection":[{"href":"https:\/\/www.aceguarulhos.com.br\/blog\/wp-json\/wp\/v2\/posts"}],"about":[{"href":"https:\/\/www.aceguarulhos.com.br\/blog\/wp-json\/wp\/v2\/types\/post"}],"author":[{"embeddable":true,"href":"https:\/\/www.aceguarulhos.com.br\/blog\/wp-json\/wp\/v2\/users\/8"}],"replies":[{"embeddable":true,"href":"https:\/\/www.aceguarulhos.com.br\/blog\/wp-json\/wp\/v2\/comments?post=35513"}],"version-history":[{"count":0,"href":"https:\/\/www.aceguarulhos.com.br\/blog\/wp-json\/wp\/v2\/posts\/35513\/revisions"}],"wp:attachment":[{"href":"https:\/\/www.aceguarulhos.com.br\/blog\/wp-json\/wp\/v2\/media?parent=35513"}],"wp:term":[{"taxonomy":"category","embeddable":true,"href":"https:\/\/www.aceguarulhos.com.br\/blog\/wp-json\/wp\/v2\/categories?post=35513"},{"taxonomy":"post_tag","embeddable":true,"href":"https:\/\/www.aceguarulhos.com.br\/blog\/wp-json\/wp\/v2\/tags?post=35513"}],"curies":[{"name":"wp","href":"https:\/\/api.w.org\/{rel}","templated":true}]}}