{"id":35489,"date":"2009-09-17T11:33:29","date_gmt":"2009-09-17T11:33:29","guid":{"rendered":"http:\/\/www.aceguarulhos.com.br\/blog\/?p=35489"},"modified":"-0001-11-30T00:00:00","modified_gmt":"-0001-11-30T03:00:00","slug":"sp-reaproveitar%c3%a1-combust%c3%advel-apreendido","status":"publish","type":"post","link":"https:\/\/www.aceguarulhos.com.br\/blog\/sp-reaproveitar%c3%a1-combust%c3%advel-apreendido\/","title":{"rendered":"SP reaproveitar\u00e1 combust\u00edvel apreendido"},"content":{"rendered":"<p>O governador Jos\u00e9 Serra assinou na quarta-feira, 16, com o Sindicato Nacional das Empresas Distribuidoras de Combust\u00edveis (Sindicom), conv\u00eanio que permitir\u00e1 que combust\u00edveis apreendidos em opera\u00e7\u00f5es de fiscaliza\u00e7\u00e3o sejam reutilizados. Ap\u00f3s reprocessamento, que devolver\u00e1 todas as propriedades originais ao \u00e1lcool e gasolina adulterados, o Estado poder\u00e1 fazer a doa\u00e7\u00e3o do combust\u00edvel ou utiliz\u00e1-lo em ve\u00edculos da pol\u00edcia, bombeiros, ambul\u00e2ncias ou outros ve\u00edculos oficiais, sem preju\u00edzo aos seus desempenhos.<\/p>\n<p><center><\/p>\n<p class=\"midia\" style=\"width: 420px;\"><img loading=\"lazy\" decoding=\"async\" src=\"\/blog\/wp-content\/uploads\/image.php?x=i&amp;i1=100&amp;i2=20090917113315\" title=\"Imprensa\/SP\" width=\"420\" height=\"289\"><br \/>Serra assina conv\u00eanio que permitir\u00e1 o reaproveitamento de combust\u00edvel apreendido<\/p>\n<p><\/center><\/p>\n<p>&#8220;Aqui em S\u00e3o Paulo a luta \u00e9 dura, n\u00f3s j\u00e1 fechamos mais de 700 estabelecimentos para defender os consumidores e as empresas do setor que trabalham direito, n\u00e3o sonegam e prestam corretamente os seus servi\u00e7os&#8221;, disse Jos\u00e9 Serra.<\/p>\n<p>Pelo acordo, assinado por representantes do governo e do setor de combust\u00edveis durante a abertura do F\u00f3rum Internacional de Postos de Servi\u00e7os, na capital, o Sindicom ficar\u00e1 respons\u00e1vel por indicar uma empresa associada que efetuar\u00e1 a retirada, transporte, reprocessamento e devolu\u00e7\u00e3o ao Estado do combust\u00edvel recolhido em condi\u00e7\u00f5es de reutiliza\u00e7\u00e3o. Segundo a Lei do Perdimento (Lei 12.675\/07), o combust\u00edvel recuperado pode ser incorporado ao patrim\u00f4nio do Estado.<\/p>\n<p>Al\u00e9m do conv\u00eanio, durante o evento desta quarta, no Expo Center Norte, a Secretaria da Fazenda assinou Termo de Coopera\u00e7\u00e3o com a Secretaria da Justi\u00e7a e Defesa da Cidadania, o Minist\u00e9rio P\u00fablico (MP) e o Procon-SP para aumentar a efici\u00eancia das a\u00e7\u00f5es de combate \u00e0 adultera\u00e7\u00e3o de combust\u00edveis no Estado. Pelo termo, Fazenda, Procon e o MP trabalhar\u00e3o mais integrados e compartilhar\u00e3o recursos para combater as fraudes. Um dos exemplos dessa coopera\u00e7\u00e3o ser\u00e1 a possibilidade do uso de um laborat\u00f3rio m\u00f3vel para realiza\u00e7\u00e3o de testes de combust\u00edveis pertencente ao Minist\u00e9rio P\u00fablico.<\/p>\n<p>Com os dois atos, o governo do Estado acredita que a o combate \u00e0 adultera\u00e7\u00e3o de combust\u00edveis ficar\u00e1 ainda mais intenso. Desde dezembro de 2004, com a aprova\u00e7\u00e3o da Lei 11.929, que instituiu a cassa\u00e7\u00e3o da inscri\u00e7\u00e3o estadual de postos de combust\u00edveis quando constatada a adultera\u00e7\u00e3o dos produtos, a Opera\u00e7\u00e3o De Olho na Bomba cassou a Inscri\u00e7\u00e3o Estadual de 710 postos em todo o Estado. O combust\u00edvel adulterado aumenta a emiss\u00e3o de poluentes, \u00e9 fonte prov\u00e1vel de preju\u00edzo \u00e0 sa\u00fade, induz o consumidor a erro, pode causar danos ao motor dos ve\u00edculos, gerando perda de pot\u00eancia e aumento do consumo, al\u00e9m da sonega\u00e7\u00e3o de impostos.<\/p>\n<p>&#8220;Esse mal prejudica a popula\u00e7\u00e3o como um todo, no momento em que h\u00e1 uma redu\u00e7\u00e3o de recursos que ingressam no Estado pela sonega\u00e7\u00e3o ou fraude em rela\u00e7\u00e3o ao combust\u00edvel, s\u00e3o menos recursos para Educa\u00e7\u00e3o, Sa\u00fade e Seguran\u00e7a P\u00fablica. \u00c9 papel do Estado em conjunto com as prefeituras, Minist\u00e9rio P\u00fablico, com os diversos \u00f3rgaos estaduais e municipais e com os sindicatos combater esse tipo de prcedimento, e \u00e9 isso o que o Estado tem feito ao longo dos anos&#8221;, explica Mauro Ricardo, secret\u00e1rio da Fazenda.<\/p>\n<p>Com base na Lei do Perdimento, sancionada pelo governador Jos\u00e9 Serra em julho de 2007, o Procon-SP pode aplicar penalidades que v\u00e3o desde multa e apreens\u00e3o at\u00e9 a interdi\u00e7\u00e3o parcial ou total do estabelecimento que adquirir, transportar, estocar, distribuir ou revender combust\u00edvel impr\u00f3prio para consumo, em raz\u00e3o de sua desconformidade com as especifica\u00e7\u00f5es fixadas pela Ag\u00eancia Nacional do Petr\u00f3leo, G\u00e1s Natural e Biocombust\u00edveis (ANP), \u00f3rg\u00e3o que regulamenta o setor.&nbsp; A Lei tamb\u00e9m permite que a Secretaria da Justi\u00e7a delegue \u00e0 administra\u00e7\u00e3o tribut\u00e1ria as incumb\u00eancias de apura\u00e7\u00e3o e imposi\u00e7\u00e3o das penalidades.<\/p>\n<p>A aplica\u00e7\u00e3o da Lei do Perdimento vai mudar o processo de fiscaliza\u00e7\u00e3o. No modelo anterior, tr\u00eas amostras de combust\u00edvel eram retiradas por t\u00e9cnicos da Secretaria da Fazenda para an\u00e1lise do Instituto de Pesquisas Tecnol\u00f3gicas (IPT). Durante o processo, que durava at\u00e9 30 dias, o posto continuava funcionando normalmente. Confirmada a adultera\u00e7\u00e3o do combust\u00edvel, a Fazenda dava in\u00edcio ao processo de cassa\u00e7\u00e3o da Inscri\u00e7\u00e3o Estadual do estabelecimento.<\/p>\n<p>Com a lei do perdimento, durante as fiscaliza\u00e7\u00f5es de postos as tr\u00eas amostras continuam sendo recolhidas para an\u00e1lise do IPT. Contudo, um teste preliminar \u00e9 feito na mesma hora e, confirmada suspeita de adultera\u00e7\u00e3o, o tanque com o combust\u00edvel em desconformidade e suas respectivas bombas s\u00e3o lacrados. Ap\u00f3s o processo de an\u00e1lise do IPT, confirmada a fraude, a Fazenda inicia o processo de cassa\u00e7\u00e3o da inscri\u00e7\u00e3o estadual do estabelecimento e o Procon-SP inicia o processo para decretar o perdimento do combust\u00edvel.<\/p>\n<p>Ap\u00f3s essa etapa, o Sindicom indicar\u00e1 um de seus associados para efetuar o retirada desse combust\u00edvel do posto e realizar testes para saber se ele \u00e9 pass\u00edvel de reprocessamento. N\u00e3o sendo, a Secretaria da Fazenda contratar\u00e1 empresa ambiental especializada em queima de res\u00edduos t\u00f3xicos para descartar o produto. Caso seja poss\u00edvel, ap\u00f3s a recupera\u00e7\u00e3o o Sindicom devolver\u00e1 o combust\u00edvel ao Estado, que poder\u00e1 utiliz\u00e1-lo em carros da pol\u00edcia, bombeiros, ambul\u00e2ncias, outros ve\u00edculos do Estado ou ainda para doa\u00e7\u00e3o.<\/p>\n<p>Participaram do evento, al\u00e9m do governador Jos\u00e9 Serra, o secret\u00e1rio da Fazenda, Mauro Ricardo Machado Costa, o secret\u00e1rio da Justi\u00e7a e Defesa da Cidadania, Luiz Ant\u00f4nio Marrey, o procurador-geral de Justi\u00e7a, Fernando Grella Vieira, o diretor executivo do Procon-SP, Roberto Augusto Castellanos Pfeiffer, e o presidente do Sindicom, Leonardo Gadotti Filho. <\/p>\n","protected":false},"excerpt":{"rendered":"O governador Jos\u00e9 Serra assinou na quarta-feira, 16, com o Sindicato Nacional das Empresas Distribuidoras de Combust\u00edveis (Sindicom), conv\u00eanio que permitir\u00e1 que combust\u00edveis \n<a class=\"moretag\" href=\"https:\/\/www.aceguarulhos.com.br\/blog\/sp-reaproveitar%c3%a1-combust%c3%advel-apreendido\/\"> [...]<\/a>","protected":false},"author":8,"featured_media":0,"comment_status":"open","ping_status":"open","sticky":false,"template":"","format":"standard","meta":{"footnotes":""},"categories":[2],"tags":[],"class_list":["post-35489","post","type-post","status-publish","format-standard","hentry","category-noticias"],"yoast_head":"<!-- This site is optimized with the Yoast SEO plugin v28.1 - https:\/\/yoast.com\/product\/yoast-seo-wordpress\/ -->\n<title>SP reaproveitar\u00e1 combust\u00edvel apreendido - ACE-Guarulhos<\/title>\n<meta name=\"robots\" content=\"index, follow, max-snippet:-1, max-image-preview:large, max-video-preview:-1\" \/>\n<link rel=\"canonical\" href=\"https:\/\/www.aceguarulhos.com.br\/blog\/sp-reaproveitar\u00e1-combust\u00edvel-apreendido\/\" \/>\n<meta property=\"og:locale\" content=\"pt_BR\" \/>\n<meta property=\"og:type\" content=\"article\" \/>\n<meta property=\"og:title\" content=\"SP reaproveitar\u00e1 combust\u00edvel apreendido - ACE-Guarulhos\" \/>\n<meta property=\"og:description\" content=\"O governador Jos\u00e9 Serra assinou na quarta-feira, 16, com o Sindicato Nacional das Empresas Distribuidoras de Combust\u00edveis (Sindicom), conv\u00eanio que permitir\u00e1 que combust\u00edveis\" \/>\n<meta property=\"og:url\" content=\"https:\/\/www.aceguarulhos.com.br\/blog\/sp-reaproveitar\u00e1-combust\u00edvel-apreendido\/\" \/>\n<meta property=\"og:site_name\" content=\"ACE-Guarulhos\" \/>\n<meta property=\"article:publisher\" content=\"https:\/\/www.facebook.com\/aceguarulhos\/\" \/>\n<meta property=\"article:published_time\" content=\"2009-09-17T11:33:29+00:00\" \/>\n<meta property=\"og:image\" content=\"https:\/\/www.aceguarulhos.com.br\/blog\/wp-content\/uploads\/image.php\" \/>\n<meta name=\"author\" content=\"Assessoria de Imprensa ACE-Guarulhos\" \/>\n<meta name=\"twitter:card\" content=\"summary_large_image\" \/>\n<meta name=\"twitter:label1\" content=\"Escrito por\" \/>\n\t<meta name=\"twitter:data1\" content=\"Assessoria de Imprensa ACE-Guarulhos\" \/>\n\t<meta name=\"twitter:label2\" content=\"Est. tempo de leitura\" \/>\n\t<meta name=\"twitter:data2\" content=\"5 minutos\" \/>\n<script type=\"application\/ld+json\" class=\"yoast-schema-graph\">{\"@context\":\"https:\\\/\\\/schema.org\",\"@graph\":[{\"@type\":\"Article\",\"@id\":\"https:\\\/\\\/www.aceguarulhos.com.br\\\/blog\\\/sp-reaproveitar%c3%a1-combust%c3%advel-apreendido\\\/#article\",\"isPartOf\":{\"@id\":\"https:\\\/\\\/www.aceguarulhos.com.br\\\/blog\\\/sp-reaproveitar%c3%a1-combust%c3%advel-apreendido\\\/\"},\"author\":{\"name\":\"Assessoria de Imprensa ACE-Guarulhos\",\"@id\":\"https:\\\/\\\/www.aceguarulhos.com.br\\\/blog\\\/#\\\/schema\\\/person\\\/6983b51bad37489989e4f09698c26237\"},\"headline\":\"SP reaproveitar\u00e1 combust\u00edvel apreendido\",\"datePublished\":\"2009-09-17T11:33:29+00:00\",\"mainEntityOfPage\":{\"@id\":\"https:\\\/\\\/www.aceguarulhos.com.br\\\/blog\\\/sp-reaproveitar%c3%a1-combust%c3%advel-apreendido\\\/\"},\"wordCount\":960,\"commentCount\":0,\"publisher\":{\"@id\":\"https:\\\/\\\/www.aceguarulhos.com.br\\\/blog\\\/#organization\"},\"articleSection\":[\"Not\u00edcias\"],\"inLanguage\":\"pt-BR\"},{\"@type\":\"WebPage\",\"@id\":\"https:\\\/\\\/www.aceguarulhos.com.br\\\/blog\\\/sp-reaproveitar%c3%a1-combust%c3%advel-apreendido\\\/\",\"url\":\"https:\\\/\\\/www.aceguarulhos.com.br\\\/blog\\\/sp-reaproveitar%c3%a1-combust%c3%advel-apreendido\\\/\",\"name\":\"SP reaproveitar\u00e1 combust\u00edvel apreendido - ACE-Guarulhos\",\"isPartOf\":{\"@id\":\"https:\\\/\\\/www.aceguarulhos.com.br\\\/blog\\\/#website\"},\"datePublished\":\"2009-09-17T11:33:29+00:00\",\"breadcrumb\":{\"@id\":\"https:\\\/\\\/www.aceguarulhos.com.br\\\/blog\\\/sp-reaproveitar%c3%a1-combust%c3%advel-apreendido\\\/#breadcrumb\"},\"inLanguage\":\"pt-BR\",\"potentialAction\":[{\"@type\":\"ReadAction\",\"target\":[\"https:\\\/\\\/www.aceguarulhos.com.br\\\/blog\\\/sp-reaproveitar%c3%a1-combust%c3%advel-apreendido\\\/\"]}]},{\"@type\":\"BreadcrumbList\",\"@id\":\"https:\\\/\\\/www.aceguarulhos.com.br\\\/blog\\\/sp-reaproveitar%c3%a1-combust%c3%advel-apreendido\\\/#breadcrumb\",\"itemListElement\":[{\"@type\":\"ListItem\",\"position\":1,\"name\":\"In\u00edcio\",\"item\":\"https:\\\/\\\/www.aceguarulhos.com.br\\\/blog\\\/\"},{\"@type\":\"ListItem\",\"position\":2,\"name\":\"SP reaproveitar\u00e1 combust\u00edvel apreendido\"}]},{\"@type\":\"WebSite\",\"@id\":\"https:\\\/\\\/www.aceguarulhos.com.br\\\/blog\\\/#website\",\"url\":\"https:\\\/\\\/www.aceguarulhos.com.br\\\/blog\\\/\",\"name\":\"ACE-Guarulhos\",\"description\":\"A ACE-Guarulhos \u00e9 uma associa\u00e7\u00e3o que ap\u00f3ia os empres\u00e1rios guarulhenses atrav\u00e9s da representa\u00e7\u00e3o, da gera\u00e7\u00e3o de neg\u00f3cios e presta\u00e7\u00e3o de servi\u00e7os.\",\"publisher\":{\"@id\":\"https:\\\/\\\/www.aceguarulhos.com.br\\\/blog\\\/#organization\"},\"potentialAction\":[{\"@type\":\"SearchAction\",\"target\":{\"@type\":\"EntryPoint\",\"urlTemplate\":\"https:\\\/\\\/www.aceguarulhos.com.br\\\/blog\\\/?s={search_term_string}\"},\"query-input\":{\"@type\":\"PropertyValueSpecification\",\"valueRequired\":true,\"valueName\":\"search_term_string\"}}],\"inLanguage\":\"pt-BR\"},{\"@type\":\"Organization\",\"@id\":\"https:\\\/\\\/www.aceguarulhos.com.br\\\/blog\\\/#organization\",\"name\":\"ACE-Guarulhos\",\"url\":\"https:\\\/\\\/www.aceguarulhos.com.br\\\/blog\\\/\",\"logo\":{\"@type\":\"ImageObject\",\"inLanguage\":\"pt-BR\",\"@id\":\"https:\\\/\\\/www.aceguarulhos.com.br\\\/blog\\\/#\\\/schema\\\/logo\\\/image\\\/\",\"url\":\"https:\\\/\\\/www.aceguarulhos.com.br\\\/blog\\\/wp-content\\\/uploads\\\/2017\\\/12\\\/logo-aceguarulhos-2018.png\",\"contentUrl\":\"https:\\\/\\\/www.aceguarulhos.com.br\\\/blog\\\/wp-content\\\/uploads\\\/2017\\\/12\\\/logo-aceguarulhos-2018.png\",\"width\":419,\"height\":76,\"caption\":\"ACE-Guarulhos\"},\"image\":{\"@id\":\"https:\\\/\\\/www.aceguarulhos.com.br\\\/blog\\\/#\\\/schema\\\/logo\\\/image\\\/\"},\"sameAs\":[\"https:\\\/\\\/www.facebook.com\\\/aceguarulhos\\\/\",\"https:\\\/\\\/br.linkedin.com\\\/in\\\/ace-guarulhos-b9a97093\",\"https:\\\/\\\/www.youtube.com\\\/user\\\/aceguarulhos\"]},{\"@type\":\"Person\",\"@id\":\"https:\\\/\\\/www.aceguarulhos.com.br\\\/blog\\\/#\\\/schema\\\/person\\\/6983b51bad37489989e4f09698c26237\",\"name\":\"Assessoria de Imprensa ACE-Guarulhos\",\"image\":{\"@type\":\"ImageObject\",\"inLanguage\":\"pt-BR\",\"@id\":\"https:\\\/\\\/secure.gravatar.com\\\/avatar\\\/707f3fadd6918afeb64173ab22d8a8cb0676953098a4f31ff36dc2b4c699ef6a?s=96&d=mm&r=g\",\"url\":\"https:\\\/\\\/secure.gravatar.com\\\/avatar\\\/707f3fadd6918afeb64173ab22d8a8cb0676953098a4f31ff36dc2b4c699ef6a?s=96&d=mm&r=g\",\"contentUrl\":\"https:\\\/\\\/secure.gravatar.com\\\/avatar\\\/707f3fadd6918afeb64173ab22d8a8cb0676953098a4f31ff36dc2b4c699ef6a?s=96&d=mm&r=g\",\"caption\":\"Assessoria de Imprensa ACE-Guarulhos\"},\"url\":\"https:\\\/\\\/www.aceguarulhos.com.br\\\/blog\\\/author\\\/assessoria-de-imprensa-ace-guarulhos\\\/\"}]}<\/script>\n<!-- \/ Yoast SEO plugin. -->","yoast_head_json":{"title":"SP reaproveitar\u00e1 combust\u00edvel apreendido - ACE-Guarulhos","robots":{"index":"index","follow":"follow","max-snippet":"max-snippet:-1","max-image-preview":"max-image-preview:large","max-video-preview":"max-video-preview:-1"},"canonical":"https:\/\/www.aceguarulhos.com.br\/blog\/sp-reaproveitar\u00e1-combust\u00edvel-apreendido\/","og_locale":"pt_BR","og_type":"article","og_title":"SP reaproveitar\u00e1 combust\u00edvel apreendido - ACE-Guarulhos","og_description":"O governador Jos\u00e9 Serra assinou na quarta-feira, 16, com o Sindicato Nacional das Empresas Distribuidoras de Combust\u00edveis (Sindicom), conv\u00eanio que permitir\u00e1 que combust\u00edveis","og_url":"https:\/\/www.aceguarulhos.com.br\/blog\/sp-reaproveitar\u00e1-combust\u00edvel-apreendido\/","og_site_name":"ACE-Guarulhos","article_publisher":"https:\/\/www.facebook.com\/aceguarulhos\/","article_published_time":"2009-09-17T11:33:29+00:00","og_image":[{"url":"https:\/\/www.aceguarulhos.com.br\/blog\/wp-content\/uploads\/image.php","type":"","width":"","height":""}],"author":"Assessoria de Imprensa ACE-Guarulhos","twitter_card":"summary_large_image","twitter_misc":{"Escrito por":"Assessoria de Imprensa ACE-Guarulhos","Est. tempo de leitura":"5 minutos"},"schema":{"@context":"https:\/\/schema.org","@graph":[{"@type":"Article","@id":"https:\/\/www.aceguarulhos.com.br\/blog\/sp-reaproveitar%c3%a1-combust%c3%advel-apreendido\/#article","isPartOf":{"@id":"https:\/\/www.aceguarulhos.com.br\/blog\/sp-reaproveitar%c3%a1-combust%c3%advel-apreendido\/"},"author":{"name":"Assessoria de Imprensa ACE-Guarulhos","@id":"https:\/\/www.aceguarulhos.com.br\/blog\/#\/schema\/person\/6983b51bad37489989e4f09698c26237"},"headline":"SP reaproveitar\u00e1 combust\u00edvel apreendido","datePublished":"2009-09-17T11:33:29+00:00","mainEntityOfPage":{"@id":"https:\/\/www.aceguarulhos.com.br\/blog\/sp-reaproveitar%c3%a1-combust%c3%advel-apreendido\/"},"wordCount":960,"commentCount":0,"publisher":{"@id":"https:\/\/www.aceguarulhos.com.br\/blog\/#organization"},"articleSection":["Not\u00edcias"],"inLanguage":"pt-BR"},{"@type":"WebPage","@id":"https:\/\/www.aceguarulhos.com.br\/blog\/sp-reaproveitar%c3%a1-combust%c3%advel-apreendido\/","url":"https:\/\/www.aceguarulhos.com.br\/blog\/sp-reaproveitar%c3%a1-combust%c3%advel-apreendido\/","name":"SP reaproveitar\u00e1 combust\u00edvel apreendido - ACE-Guarulhos","isPartOf":{"@id":"https:\/\/www.aceguarulhos.com.br\/blog\/#website"},"datePublished":"2009-09-17T11:33:29+00:00","breadcrumb":{"@id":"https:\/\/www.aceguarulhos.com.br\/blog\/sp-reaproveitar%c3%a1-combust%c3%advel-apreendido\/#breadcrumb"},"inLanguage":"pt-BR","potentialAction":[{"@type":"ReadAction","target":["https:\/\/www.aceguarulhos.com.br\/blog\/sp-reaproveitar%c3%a1-combust%c3%advel-apreendido\/"]}]},{"@type":"BreadcrumbList","@id":"https:\/\/www.aceguarulhos.com.br\/blog\/sp-reaproveitar%c3%a1-combust%c3%advel-apreendido\/#breadcrumb","itemListElement":[{"@type":"ListItem","position":1,"name":"In\u00edcio","item":"https:\/\/www.aceguarulhos.com.br\/blog\/"},{"@type":"ListItem","position":2,"name":"SP reaproveitar\u00e1 combust\u00edvel apreendido"}]},{"@type":"WebSite","@id":"https:\/\/www.aceguarulhos.com.br\/blog\/#website","url":"https:\/\/www.aceguarulhos.com.br\/blog\/","name":"ACE-Guarulhos","description":"A ACE-Guarulhos \u00e9 uma associa\u00e7\u00e3o que ap\u00f3ia os empres\u00e1rios guarulhenses atrav\u00e9s da representa\u00e7\u00e3o, da gera\u00e7\u00e3o de neg\u00f3cios e presta\u00e7\u00e3o de servi\u00e7os.","publisher":{"@id":"https:\/\/www.aceguarulhos.com.br\/blog\/#organization"},"potentialAction":[{"@type":"SearchAction","target":{"@type":"EntryPoint","urlTemplate":"https:\/\/www.aceguarulhos.com.br\/blog\/?s={search_term_string}"},"query-input":{"@type":"PropertyValueSpecification","valueRequired":true,"valueName":"search_term_string"}}],"inLanguage":"pt-BR"},{"@type":"Organization","@id":"https:\/\/www.aceguarulhos.com.br\/blog\/#organization","name":"ACE-Guarulhos","url":"https:\/\/www.aceguarulhos.com.br\/blog\/","logo":{"@type":"ImageObject","inLanguage":"pt-BR","@id":"https:\/\/www.aceguarulhos.com.br\/blog\/#\/schema\/logo\/image\/","url":"https:\/\/www.aceguarulhos.com.br\/blog\/wp-content\/uploads\/2017\/12\/logo-aceguarulhos-2018.png","contentUrl":"https:\/\/www.aceguarulhos.com.br\/blog\/wp-content\/uploads\/2017\/12\/logo-aceguarulhos-2018.png","width":419,"height":76,"caption":"ACE-Guarulhos"},"image":{"@id":"https:\/\/www.aceguarulhos.com.br\/blog\/#\/schema\/logo\/image\/"},"sameAs":["https:\/\/www.facebook.com\/aceguarulhos\/","https:\/\/br.linkedin.com\/in\/ace-guarulhos-b9a97093","https:\/\/www.youtube.com\/user\/aceguarulhos"]},{"@type":"Person","@id":"https:\/\/www.aceguarulhos.com.br\/blog\/#\/schema\/person\/6983b51bad37489989e4f09698c26237","name":"Assessoria de Imprensa ACE-Guarulhos","image":{"@type":"ImageObject","inLanguage":"pt-BR","@id":"https:\/\/secure.gravatar.com\/avatar\/707f3fadd6918afeb64173ab22d8a8cb0676953098a4f31ff36dc2b4c699ef6a?s=96&d=mm&r=g","url":"https:\/\/secure.gravatar.com\/avatar\/707f3fadd6918afeb64173ab22d8a8cb0676953098a4f31ff36dc2b4c699ef6a?s=96&d=mm&r=g","contentUrl":"https:\/\/secure.gravatar.com\/avatar\/707f3fadd6918afeb64173ab22d8a8cb0676953098a4f31ff36dc2b4c699ef6a?s=96&d=mm&r=g","caption":"Assessoria de Imprensa ACE-Guarulhos"},"url":"https:\/\/www.aceguarulhos.com.br\/blog\/author\/assessoria-de-imprensa-ace-guarulhos\/"}]}},"wps_subtitle":"","amp_enabled":true,"_links":{"self":[{"href":"https:\/\/www.aceguarulhos.com.br\/blog\/wp-json\/wp\/v2\/posts\/35489","targetHints":{"allow":["GET"]}}],"collection":[{"href":"https:\/\/www.aceguarulhos.com.br\/blog\/wp-json\/wp\/v2\/posts"}],"about":[{"href":"https:\/\/www.aceguarulhos.com.br\/blog\/wp-json\/wp\/v2\/types\/post"}],"author":[{"embeddable":true,"href":"https:\/\/www.aceguarulhos.com.br\/blog\/wp-json\/wp\/v2\/users\/8"}],"replies":[{"embeddable":true,"href":"https:\/\/www.aceguarulhos.com.br\/blog\/wp-json\/wp\/v2\/comments?post=35489"}],"version-history":[{"count":0,"href":"https:\/\/www.aceguarulhos.com.br\/blog\/wp-json\/wp\/v2\/posts\/35489\/revisions"}],"wp:attachment":[{"href":"https:\/\/www.aceguarulhos.com.br\/blog\/wp-json\/wp\/v2\/media?parent=35489"}],"wp:term":[{"taxonomy":"category","embeddable":true,"href":"https:\/\/www.aceguarulhos.com.br\/blog\/wp-json\/wp\/v2\/categories?post=35489"},{"taxonomy":"post_tag","embeddable":true,"href":"https:\/\/www.aceguarulhos.com.br\/blog\/wp-json\/wp\/v2\/tags?post=35489"}],"curies":[{"name":"wp","href":"https:\/\/api.w.org\/{rel}","templated":true}]}}