{"id":35454,"date":"2009-09-21T07:59:59","date_gmt":"2009-09-21T07:59:59","guid":{"rendered":"http:\/\/www.aceguarulhos.com.br\/blog\/?p=35454"},"modified":"-0001-11-30T00:00:00","modified_gmt":"-0001-11-30T03:00:00","slug":"mais-um-passo-para-inclus%c3%a3o-social","status":"publish","type":"post","link":"https:\/\/www.aceguarulhos.com.br\/blog\/mais-um-passo-para-inclus%c3%a3o-social\/","title":{"rendered":"Mais um passo para inclus\u00e3o social"},"content":{"rendered":"<p>No \u00faltimo dia 30 de Julho tivemos a publica\u00e7\u00e3o da Lei n\u00b0 12.008. Esta lei alterou dispositivos do C\u00f3digo de Processo Civil, com a finalidade de trazer maior celeridade aos processos em que figure como parte ou interessado, idosos ou pessoa portadora de doen\u00e7a grave.<\/p>\n<p>Quanto aos idosos, a reda\u00e7\u00e3o antiga do art. 1.211-A do C\u00f3digo de Processo Civil, que foi dada por uma lei de 2001, fixava a idade de 65 anos para obten\u00e7\u00e3o de tal benef\u00edcio. Em 2003, entrou em vig\u00eancia o Estatuto do Idoso (Lei n\u00b0 10.741, de 1\u00b0 de Outubro de 2003), sendo certo que o mesmo conceituou como idoso \u00e0s pessoas com idade igual ou superior a 60 anos.<\/p>\n<p>Ressalte-se que o mesmo Estatuto, em seu art. 71, passou a assegurar aos idosos \u2013 agora definidos juridicamente como sendo as pessoas com idade igual ou superior a 60 anos \u2013 a prioridade na tramita\u00e7\u00e3o dos processos e procedimentos, e ainda, na execu\u00e7\u00e3o dos atos e dilig\u00eancias nas quais s\u00e3o partes ou intervenientes. Em suma, quanto aos idosos, em que pese que o C\u00f3digo de Processo Civil dispunha da idade de 65 anos para obten\u00e7\u00e3o do benef\u00edcio da prioridade na tramita\u00e7\u00e3o dos processos, o Estatuto do Idoso prevalece, concedendo tal benef\u00edcio \u00e0s pessoas com idade igual ou superior a 60 anos.<\/p>\n<p>A novidade dessa lei \u00e9 a inclus\u00e3o das pessoas portadoras de doen\u00e7as graves, que n\u00e3o estavam contempladas pelo benef\u00edcio da celeridade processual antes da vig\u00eancia da Lei 12.008, de 29 de Julho de 2009. Certamente, \u00e9 um grande avan\u00e7o na inclus\u00e3o social t\u00e3o almejada, mas acredito que mere\u00e7a algumas reflex\u00f5es, tais como: Qual o verdadeiro conceito de doen\u00e7a grave? At\u00e9 onde essa subjetividade poder\u00e1 beneficiar pessoas que a lei n\u00e3o pretende beneficiar? E quanto ao transporte p\u00fablico, porque o benef\u00edcio de gratuidade se d\u00e1 apenas aos idosos?<\/p>\n<p>Sabemos que o ideal \u00e9 tratarmos de forma igual e os desiguais de forma desigual, mas em uma concep\u00e7\u00e3o de sociedade justa, onde a presta\u00e7\u00e3o de servi\u00e7os por parte do Estado deve ser de excel\u00eancia, ainda mais considerando a alta carga tribut\u00e1ria que suportamos (uma das maiores do mundo), a celeridade na tramita\u00e7\u00e3o de processos e procedimentos n\u00e3o deve ser uma exce\u00e7\u00e3o como \u00e9 hoje, e sim, a regra.<br \/><b><i><br \/><\/i><\/b><\/p>\n<div align=\"right\"><b><i>Marco Aur\u00e9lio Ferreira Pinto dos Santos, advogado, diretor jur\u00eddico da Associa\u00e7\u00e3o Comercial e Empresarial de Guarulhos \u2013 ACE Guarulhos<\/i><\/b><\/div>\n","protected":false},"excerpt":{"rendered":"No \u00faltimo dia 30 de Julho tivemos a publica\u00e7\u00e3o da Lei n\u00b0 12.008. Esta lei alterou dispositivos do C\u00f3digo de Processo Civil, com \n<a class=\"moretag\" href=\"https:\/\/www.aceguarulhos.com.br\/blog\/mais-um-passo-para-inclus%c3%a3o-social\/\"> [...]<\/a>","protected":false},"author":8,"featured_media":0,"comment_status":"open","ping_status":"open","sticky":false,"template":"","format":"standard","meta":{"footnotes":""},"categories":[2],"tags":[],"class_list":["post-35454","post","type-post","status-publish","format-standard","hentry","category-noticias"],"yoast_head":"<!-- This site is optimized with the Yoast SEO plugin v28.1 - https:\/\/yoast.com\/product\/yoast-seo-wordpress\/ -->\n<title>Mais um passo para inclus\u00e3o social - ACE-Guarulhos<\/title>\n<meta name=\"robots\" content=\"index, follow, max-snippet:-1, max-image-preview:large, max-video-preview:-1\" \/>\n<link rel=\"canonical\" href=\"https:\/\/www.aceguarulhos.com.br\/blog\/mais-um-passo-para-inclus\u00e3o-social\/\" \/>\n<meta property=\"og:locale\" content=\"pt_BR\" \/>\n<meta property=\"og:type\" content=\"article\" \/>\n<meta property=\"og:title\" content=\"Mais um passo para inclus\u00e3o social - ACE-Guarulhos\" \/>\n<meta property=\"og:description\" content=\"No \u00faltimo dia 30 de Julho tivemos a publica\u00e7\u00e3o da Lei n\u00b0 12.008. Esta lei alterou dispositivos do C\u00f3digo de Processo Civil, com\" \/>\n<meta property=\"og:url\" content=\"https:\/\/www.aceguarulhos.com.br\/blog\/mais-um-passo-para-inclus\u00e3o-social\/\" \/>\n<meta property=\"og:site_name\" content=\"ACE-Guarulhos\" \/>\n<meta property=\"article:publisher\" content=\"https:\/\/www.facebook.com\/aceguarulhos\/\" \/>\n<meta property=\"article:published_time\" content=\"2009-09-21T07:59:59+00:00\" \/>\n<meta name=\"author\" content=\"Assessoria de Imprensa ACE-Guarulhos\" \/>\n<meta name=\"twitter:card\" content=\"summary_large_image\" \/>\n<meta name=\"twitter:label1\" content=\"Escrito por\" \/>\n\t<meta name=\"twitter:data1\" content=\"Assessoria de Imprensa ACE-Guarulhos\" \/>\n\t<meta name=\"twitter:label2\" content=\"Est. tempo de leitura\" \/>\n\t<meta name=\"twitter:data2\" content=\"2 minutos\" \/>\n<script type=\"application\/ld+json\" class=\"yoast-schema-graph\">{\"@context\":\"https:\\\/\\\/schema.org\",\"@graph\":[{\"@type\":\"Article\",\"@id\":\"https:\\\/\\\/www.aceguarulhos.com.br\\\/blog\\\/mais-um-passo-para-inclus%c3%a3o-social\\\/#article\",\"isPartOf\":{\"@id\":\"https:\\\/\\\/www.aceguarulhos.com.br\\\/blog\\\/mais-um-passo-para-inclus%c3%a3o-social\\\/\"},\"author\":{\"name\":\"Assessoria de Imprensa ACE-Guarulhos\",\"@id\":\"https:\\\/\\\/www.aceguarulhos.com.br\\\/blog\\\/#\\\/schema\\\/person\\\/6983b51bad37489989e4f09698c26237\"},\"headline\":\"Mais um passo para inclus\u00e3o social\",\"datePublished\":\"2009-09-21T07:59:59+00:00\",\"mainEntityOfPage\":{\"@id\":\"https:\\\/\\\/www.aceguarulhos.com.br\\\/blog\\\/mais-um-passo-para-inclus%c3%a3o-social\\\/\"},\"wordCount\":416,\"commentCount\":0,\"publisher\":{\"@id\":\"https:\\\/\\\/www.aceguarulhos.com.br\\\/blog\\\/#organization\"},\"articleSection\":[\"Not\u00edcias\"],\"inLanguage\":\"pt-BR\"},{\"@type\":\"WebPage\",\"@id\":\"https:\\\/\\\/www.aceguarulhos.com.br\\\/blog\\\/mais-um-passo-para-inclus%c3%a3o-social\\\/\",\"url\":\"https:\\\/\\\/www.aceguarulhos.com.br\\\/blog\\\/mais-um-passo-para-inclus%c3%a3o-social\\\/\",\"name\":\"Mais um passo para inclus\u00e3o social - ACE-Guarulhos\",\"isPartOf\":{\"@id\":\"https:\\\/\\\/www.aceguarulhos.com.br\\\/blog\\\/#website\"},\"datePublished\":\"2009-09-21T07:59:59+00:00\",\"breadcrumb\":{\"@id\":\"https:\\\/\\\/www.aceguarulhos.com.br\\\/blog\\\/mais-um-passo-para-inclus%c3%a3o-social\\\/#breadcrumb\"},\"inLanguage\":\"pt-BR\",\"potentialAction\":[{\"@type\":\"ReadAction\",\"target\":[\"https:\\\/\\\/www.aceguarulhos.com.br\\\/blog\\\/mais-um-passo-para-inclus%c3%a3o-social\\\/\"]}]},{\"@type\":\"BreadcrumbList\",\"@id\":\"https:\\\/\\\/www.aceguarulhos.com.br\\\/blog\\\/mais-um-passo-para-inclus%c3%a3o-social\\\/#breadcrumb\",\"itemListElement\":[{\"@type\":\"ListItem\",\"position\":1,\"name\":\"In\u00edcio\",\"item\":\"https:\\\/\\\/www.aceguarulhos.com.br\\\/blog\\\/\"},{\"@type\":\"ListItem\",\"position\":2,\"name\":\"Mais um passo para inclus\u00e3o social\"}]},{\"@type\":\"WebSite\",\"@id\":\"https:\\\/\\\/www.aceguarulhos.com.br\\\/blog\\\/#website\",\"url\":\"https:\\\/\\\/www.aceguarulhos.com.br\\\/blog\\\/\",\"name\":\"ACE-Guarulhos\",\"description\":\"A ACE-Guarulhos \u00e9 uma associa\u00e7\u00e3o que ap\u00f3ia os empres\u00e1rios guarulhenses atrav\u00e9s da representa\u00e7\u00e3o, da gera\u00e7\u00e3o de neg\u00f3cios e presta\u00e7\u00e3o de servi\u00e7os.\",\"publisher\":{\"@id\":\"https:\\\/\\\/www.aceguarulhos.com.br\\\/blog\\\/#organization\"},\"potentialAction\":[{\"@type\":\"SearchAction\",\"target\":{\"@type\":\"EntryPoint\",\"urlTemplate\":\"https:\\\/\\\/www.aceguarulhos.com.br\\\/blog\\\/?s={search_term_string}\"},\"query-input\":{\"@type\":\"PropertyValueSpecification\",\"valueRequired\":true,\"valueName\":\"search_term_string\"}}],\"inLanguage\":\"pt-BR\"},{\"@type\":\"Organization\",\"@id\":\"https:\\\/\\\/www.aceguarulhos.com.br\\\/blog\\\/#organization\",\"name\":\"ACE-Guarulhos\",\"url\":\"https:\\\/\\\/www.aceguarulhos.com.br\\\/blog\\\/\",\"logo\":{\"@type\":\"ImageObject\",\"inLanguage\":\"pt-BR\",\"@id\":\"https:\\\/\\\/www.aceguarulhos.com.br\\\/blog\\\/#\\\/schema\\\/logo\\\/image\\\/\",\"url\":\"https:\\\/\\\/www.aceguarulhos.com.br\\\/blog\\\/wp-content\\\/uploads\\\/2017\\\/12\\\/logo-aceguarulhos-2018.png\",\"contentUrl\":\"https:\\\/\\\/www.aceguarulhos.com.br\\\/blog\\\/wp-content\\\/uploads\\\/2017\\\/12\\\/logo-aceguarulhos-2018.png\",\"width\":419,\"height\":76,\"caption\":\"ACE-Guarulhos\"},\"image\":{\"@id\":\"https:\\\/\\\/www.aceguarulhos.com.br\\\/blog\\\/#\\\/schema\\\/logo\\\/image\\\/\"},\"sameAs\":[\"https:\\\/\\\/www.facebook.com\\\/aceguarulhos\\\/\",\"https:\\\/\\\/br.linkedin.com\\\/in\\\/ace-guarulhos-b9a97093\",\"https:\\\/\\\/www.youtube.com\\\/user\\\/aceguarulhos\"]},{\"@type\":\"Person\",\"@id\":\"https:\\\/\\\/www.aceguarulhos.com.br\\\/blog\\\/#\\\/schema\\\/person\\\/6983b51bad37489989e4f09698c26237\",\"name\":\"Assessoria de Imprensa ACE-Guarulhos\",\"image\":{\"@type\":\"ImageObject\",\"inLanguage\":\"pt-BR\",\"@id\":\"https:\\\/\\\/secure.gravatar.com\\\/avatar\\\/707f3fadd6918afeb64173ab22d8a8cb0676953098a4f31ff36dc2b4c699ef6a?s=96&d=mm&r=g\",\"url\":\"https:\\\/\\\/secure.gravatar.com\\\/avatar\\\/707f3fadd6918afeb64173ab22d8a8cb0676953098a4f31ff36dc2b4c699ef6a?s=96&d=mm&r=g\",\"contentUrl\":\"https:\\\/\\\/secure.gravatar.com\\\/avatar\\\/707f3fadd6918afeb64173ab22d8a8cb0676953098a4f31ff36dc2b4c699ef6a?s=96&d=mm&r=g\",\"caption\":\"Assessoria de Imprensa ACE-Guarulhos\"},\"url\":\"https:\\\/\\\/www.aceguarulhos.com.br\\\/blog\\\/author\\\/assessoria-de-imprensa-ace-guarulhos\\\/\"}]}<\/script>\n<!-- \/ Yoast SEO plugin. -->","yoast_head_json":{"title":"Mais um passo para inclus\u00e3o social - ACE-Guarulhos","robots":{"index":"index","follow":"follow","max-snippet":"max-snippet:-1","max-image-preview":"max-image-preview:large","max-video-preview":"max-video-preview:-1"},"canonical":"https:\/\/www.aceguarulhos.com.br\/blog\/mais-um-passo-para-inclus\u00e3o-social\/","og_locale":"pt_BR","og_type":"article","og_title":"Mais um passo para inclus\u00e3o social - ACE-Guarulhos","og_description":"No \u00faltimo dia 30 de Julho tivemos a publica\u00e7\u00e3o da Lei n\u00b0 12.008. Esta lei alterou dispositivos do C\u00f3digo de Processo Civil, com","og_url":"https:\/\/www.aceguarulhos.com.br\/blog\/mais-um-passo-para-inclus\u00e3o-social\/","og_site_name":"ACE-Guarulhos","article_publisher":"https:\/\/www.facebook.com\/aceguarulhos\/","article_published_time":"2009-09-21T07:59:59+00:00","author":"Assessoria de Imprensa ACE-Guarulhos","twitter_card":"summary_large_image","twitter_misc":{"Escrito por":"Assessoria de Imprensa ACE-Guarulhos","Est. tempo de leitura":"2 minutos"},"schema":{"@context":"https:\/\/schema.org","@graph":[{"@type":"Article","@id":"https:\/\/www.aceguarulhos.com.br\/blog\/mais-um-passo-para-inclus%c3%a3o-social\/#article","isPartOf":{"@id":"https:\/\/www.aceguarulhos.com.br\/blog\/mais-um-passo-para-inclus%c3%a3o-social\/"},"author":{"name":"Assessoria de Imprensa ACE-Guarulhos","@id":"https:\/\/www.aceguarulhos.com.br\/blog\/#\/schema\/person\/6983b51bad37489989e4f09698c26237"},"headline":"Mais um passo para inclus\u00e3o social","datePublished":"2009-09-21T07:59:59+00:00","mainEntityOfPage":{"@id":"https:\/\/www.aceguarulhos.com.br\/blog\/mais-um-passo-para-inclus%c3%a3o-social\/"},"wordCount":416,"commentCount":0,"publisher":{"@id":"https:\/\/www.aceguarulhos.com.br\/blog\/#organization"},"articleSection":["Not\u00edcias"],"inLanguage":"pt-BR"},{"@type":"WebPage","@id":"https:\/\/www.aceguarulhos.com.br\/blog\/mais-um-passo-para-inclus%c3%a3o-social\/","url":"https:\/\/www.aceguarulhos.com.br\/blog\/mais-um-passo-para-inclus%c3%a3o-social\/","name":"Mais um passo para inclus\u00e3o social - ACE-Guarulhos","isPartOf":{"@id":"https:\/\/www.aceguarulhos.com.br\/blog\/#website"},"datePublished":"2009-09-21T07:59:59+00:00","breadcrumb":{"@id":"https:\/\/www.aceguarulhos.com.br\/blog\/mais-um-passo-para-inclus%c3%a3o-social\/#breadcrumb"},"inLanguage":"pt-BR","potentialAction":[{"@type":"ReadAction","target":["https:\/\/www.aceguarulhos.com.br\/blog\/mais-um-passo-para-inclus%c3%a3o-social\/"]}]},{"@type":"BreadcrumbList","@id":"https:\/\/www.aceguarulhos.com.br\/blog\/mais-um-passo-para-inclus%c3%a3o-social\/#breadcrumb","itemListElement":[{"@type":"ListItem","position":1,"name":"In\u00edcio","item":"https:\/\/www.aceguarulhos.com.br\/blog\/"},{"@type":"ListItem","position":2,"name":"Mais um passo para inclus\u00e3o social"}]},{"@type":"WebSite","@id":"https:\/\/www.aceguarulhos.com.br\/blog\/#website","url":"https:\/\/www.aceguarulhos.com.br\/blog\/","name":"ACE-Guarulhos","description":"A ACE-Guarulhos \u00e9 uma associa\u00e7\u00e3o que ap\u00f3ia os empres\u00e1rios guarulhenses atrav\u00e9s da representa\u00e7\u00e3o, da gera\u00e7\u00e3o de neg\u00f3cios e presta\u00e7\u00e3o de servi\u00e7os.","publisher":{"@id":"https:\/\/www.aceguarulhos.com.br\/blog\/#organization"},"potentialAction":[{"@type":"SearchAction","target":{"@type":"EntryPoint","urlTemplate":"https:\/\/www.aceguarulhos.com.br\/blog\/?s={search_term_string}"},"query-input":{"@type":"PropertyValueSpecification","valueRequired":true,"valueName":"search_term_string"}}],"inLanguage":"pt-BR"},{"@type":"Organization","@id":"https:\/\/www.aceguarulhos.com.br\/blog\/#organization","name":"ACE-Guarulhos","url":"https:\/\/www.aceguarulhos.com.br\/blog\/","logo":{"@type":"ImageObject","inLanguage":"pt-BR","@id":"https:\/\/www.aceguarulhos.com.br\/blog\/#\/schema\/logo\/image\/","url":"https:\/\/www.aceguarulhos.com.br\/blog\/wp-content\/uploads\/2017\/12\/logo-aceguarulhos-2018.png","contentUrl":"https:\/\/www.aceguarulhos.com.br\/blog\/wp-content\/uploads\/2017\/12\/logo-aceguarulhos-2018.png","width":419,"height":76,"caption":"ACE-Guarulhos"},"image":{"@id":"https:\/\/www.aceguarulhos.com.br\/blog\/#\/schema\/logo\/image\/"},"sameAs":["https:\/\/www.facebook.com\/aceguarulhos\/","https:\/\/br.linkedin.com\/in\/ace-guarulhos-b9a97093","https:\/\/www.youtube.com\/user\/aceguarulhos"]},{"@type":"Person","@id":"https:\/\/www.aceguarulhos.com.br\/blog\/#\/schema\/person\/6983b51bad37489989e4f09698c26237","name":"Assessoria de Imprensa ACE-Guarulhos","image":{"@type":"ImageObject","inLanguage":"pt-BR","@id":"https:\/\/secure.gravatar.com\/avatar\/707f3fadd6918afeb64173ab22d8a8cb0676953098a4f31ff36dc2b4c699ef6a?s=96&d=mm&r=g","url":"https:\/\/secure.gravatar.com\/avatar\/707f3fadd6918afeb64173ab22d8a8cb0676953098a4f31ff36dc2b4c699ef6a?s=96&d=mm&r=g","contentUrl":"https:\/\/secure.gravatar.com\/avatar\/707f3fadd6918afeb64173ab22d8a8cb0676953098a4f31ff36dc2b4c699ef6a?s=96&d=mm&r=g","caption":"Assessoria de Imprensa ACE-Guarulhos"},"url":"https:\/\/www.aceguarulhos.com.br\/blog\/author\/assessoria-de-imprensa-ace-guarulhos\/"}]}},"wps_subtitle":"","amp_enabled":true,"_links":{"self":[{"href":"https:\/\/www.aceguarulhos.com.br\/blog\/wp-json\/wp\/v2\/posts\/35454","targetHints":{"allow":["GET"]}}],"collection":[{"href":"https:\/\/www.aceguarulhos.com.br\/blog\/wp-json\/wp\/v2\/posts"}],"about":[{"href":"https:\/\/www.aceguarulhos.com.br\/blog\/wp-json\/wp\/v2\/types\/post"}],"author":[{"embeddable":true,"href":"https:\/\/www.aceguarulhos.com.br\/blog\/wp-json\/wp\/v2\/users\/8"}],"replies":[{"embeddable":true,"href":"https:\/\/www.aceguarulhos.com.br\/blog\/wp-json\/wp\/v2\/comments?post=35454"}],"version-history":[{"count":0,"href":"https:\/\/www.aceguarulhos.com.br\/blog\/wp-json\/wp\/v2\/posts\/35454\/revisions"}],"wp:attachment":[{"href":"https:\/\/www.aceguarulhos.com.br\/blog\/wp-json\/wp\/v2\/media?parent=35454"}],"wp:term":[{"taxonomy":"category","embeddable":true,"href":"https:\/\/www.aceguarulhos.com.br\/blog\/wp-json\/wp\/v2\/categories?post=35454"},{"taxonomy":"post_tag","embeddable":true,"href":"https:\/\/www.aceguarulhos.com.br\/blog\/wp-json\/wp\/v2\/tags?post=35454"}],"curies":[{"name":"wp","href":"https:\/\/api.w.org\/{rel}","templated":true}]}}