{"id":35387,"date":"2009-08-24T12:36:19","date_gmt":"2009-08-24T12:36:19","guid":{"rendered":"http:\/\/www.aceguarulhos.com.br\/blog\/?p=35387"},"modified":"-0001-11-30T00:00:00","modified_gmt":"-0001-11-30T03:00:00","slug":"um-ano-depois-motoristas-aprovam-parqu%c3%admetros-na-zona-azul","status":"publish","type":"post","link":"https:\/\/www.aceguarulhos.com.br\/blog\/um-ano-depois-motoristas-aprovam-parqu%c3%admetros-na-zona-azul\/","title":{"rendered":"Um ano depois, motoristas aprovam parqu\u00edmetros na Zona Azul"},"content":{"rendered":"<p>Os instrumentos foram fixados em vias centrais a princ\u00edpio para facilitar a vida dos motoristas que dependiam da presen\u00e7a de um agente da zona azul para estacionarem seus ve\u00edculos sem correr o risco de serem multados.<\/p>\n<p>J\u00e1 habituados com os equipamentos, atualmente os condutores guarulhenses s\u00e3o s\u00f3 elogios para a medida. Assim disse a auxiliar administrativo Kelli Lazaroti, de 32 anos. &#8220;Melhorou bastante. Apesar de diminuir o n\u00famero de vagas, ficou mais f\u00e1cil ter um controle para n\u00e3o levar multar&#8221;, afirmou.<\/p>\n<p>A opini\u00e3o \u00e9 compartilhada pelo vendedor Jos\u00e9 Roberto Adegas, 49, que utilizava o parqu\u00edmetro no cruzamento da Luiz Faccini com a Diogo de Farias. &#8220;Achei muito boa essa mudan\u00e7a. Quando \u00edamos estacionar tinha dificuldades em comprar o bilhete da Zona Azul e t\u00ednhamos que aguardar a vendedora. Agora com moedas se resolve&#8221;, elogiou.<\/p>\n<p>A dificuldade do uso no in\u00edcio gerou d\u00favidas nos motoristas. &#8220;Nas primeiras vezes que utilizei perdi algumas moedas por n\u00e3o saber como proceder, mas agora j\u00e1 acostumei&#8221;, lembra Adegas.<\/p>\n<p>Hoje, o munic\u00edpio conta com 51 equipamentos em opera\u00e7\u00e3o em tr\u00eas bairros: Bom Clima, Vila Galv\u00e3o e Centro. Segundo informa\u00e7\u00f5es da assessoria de imprensa da Prefeitura, n\u00e3o h\u00e1 previs\u00e3o de instala\u00e7\u00e3o de novos parqu\u00edmetros. O servi\u00e7o, de responsabilidade da Proguaru, \u00e9 explorado pela Sertell.<\/p>\n<p>Questionada, a Prefeitura n\u00e3o respondeu questionamentos como valores de arrecada\u00e7\u00e3o com os equipamentos, valores de investimento na instala\u00e7\u00e3o dos parqu\u00edmetros e se os aparelhos foram comprados ou s\u00e3o alugados.<\/p>\n<p><b>Moedas &#8211; <\/b>A maior dor de cabe\u00e7a que os parqu\u00edmetros trouxeram aos motoristas foi o fato de que o pagamento s\u00f3 pode ser feito por meio de moedas. O equipamento n\u00e3o possui mecanismos para aceita\u00e7\u00e3o de c\u00e9dulas. O problema, apontado em reportagem da edi\u00e7\u00e3o de 16 de mar\u00e7o pelo Guarulhos Hoje, persiste.<\/p>\n<p>\u00c0 \u00e9poca, o GH mostrou a insatisfa\u00e7\u00e3o dos condutores com a falta de moedas. Hoje, a cr\u00edtica vem at\u00e9 de comerciantes que trabalham pr\u00f3ximo aos parqu\u00edmetros. &#8220;Acho uma porcaria esse aparelho. As pessoas n\u00e3o tem troco e ficam a todo hora entrando na minha loja para pedir para trocar dinheiro por moedas&#8221;, disparou o comerciante M\u00e1rio Nakaoka, 53. &#8220;O pior \u00e9 quando voc\u00ea fala que n\u00e3o tem. Eles ainda acham ruim e saem resmungando&#8221;, completa.<\/p>\n<p>Um estudo do Banco Brasil que data de 2007 apontou que o pa\u00eds conta com 12 bilh\u00f5es de moedas em circula\u00e7\u00e3o, por\u00e9m menos da metade realmente encontram-se nas ruas por conta de costumes da popula\u00e7\u00e3o em armazen\u00e1-los em cofres.<\/p>\n","protected":false},"excerpt":{"rendered":"Os instrumentos foram fixados em vias centrais a princ\u00edpio para facilitar a vida dos motoristas que dependiam da presen\u00e7a de um agente da \n<a class=\"moretag\" href=\"https:\/\/www.aceguarulhos.com.br\/blog\/um-ano-depois-motoristas-aprovam-parqu%c3%admetros-na-zona-azul\/\"> [...]<\/a>","protected":false},"author":8,"featured_media":0,"comment_status":"open","ping_status":"open","sticky":false,"template":"","format":"standard","meta":{"footnotes":""},"categories":[2],"tags":[],"class_list":["post-35387","post","type-post","status-publish","format-standard","hentry","category-noticias"],"yoast_head":"<!-- This site is optimized with the Yoast SEO plugin v28.1 - https:\/\/yoast.com\/product\/yoast-seo-wordpress\/ -->\n<title>Um ano depois, motoristas aprovam parqu\u00edmetros na Zona Azul - ACE-Guarulhos<\/title>\n<meta name=\"robots\" content=\"index, follow, max-snippet:-1, max-image-preview:large, max-video-preview:-1\" \/>\n<link rel=\"canonical\" href=\"https:\/\/www.aceguarulhos.com.br\/blog\/um-ano-depois-motoristas-aprovam-parqu\u00edmetros-na-zona-azul\/\" \/>\n<meta property=\"og:locale\" content=\"pt_BR\" \/>\n<meta property=\"og:type\" content=\"article\" \/>\n<meta property=\"og:title\" content=\"Um ano depois, motoristas aprovam parqu\u00edmetros na Zona Azul - ACE-Guarulhos\" \/>\n<meta property=\"og:description\" content=\"Os instrumentos foram fixados em vias centrais a princ\u00edpio para facilitar a vida dos motoristas que dependiam da presen\u00e7a de um agente da\" \/>\n<meta property=\"og:url\" content=\"https:\/\/www.aceguarulhos.com.br\/blog\/um-ano-depois-motoristas-aprovam-parqu\u00edmetros-na-zona-azul\/\" \/>\n<meta property=\"og:site_name\" content=\"ACE-Guarulhos\" \/>\n<meta property=\"article:publisher\" content=\"https:\/\/www.facebook.com\/aceguarulhos\/\" \/>\n<meta property=\"article:published_time\" content=\"2009-08-24T12:36:19+00:00\" \/>\n<meta name=\"author\" content=\"Assessoria de Imprensa ACE-Guarulhos\" \/>\n<meta name=\"twitter:card\" content=\"summary_large_image\" \/>\n<meta name=\"twitter:label1\" content=\"Escrito por\" \/>\n\t<meta name=\"twitter:data1\" content=\"Assessoria de Imprensa ACE-Guarulhos\" \/>\n\t<meta name=\"twitter:label2\" content=\"Est. tempo de leitura\" \/>\n\t<meta name=\"twitter:data2\" content=\"2 minutos\" \/>\n<script type=\"application\/ld+json\" class=\"yoast-schema-graph\">{\"@context\":\"https:\\\/\\\/schema.org\",\"@graph\":[{\"@type\":\"Article\",\"@id\":\"https:\\\/\\\/www.aceguarulhos.com.br\\\/blog\\\/um-ano-depois-motoristas-aprovam-parqu%c3%admetros-na-zona-azul\\\/#article\",\"isPartOf\":{\"@id\":\"https:\\\/\\\/www.aceguarulhos.com.br\\\/blog\\\/um-ano-depois-motoristas-aprovam-parqu%c3%admetros-na-zona-azul\\\/\"},\"author\":{\"name\":\"Assessoria de Imprensa ACE-Guarulhos\",\"@id\":\"https:\\\/\\\/www.aceguarulhos.com.br\\\/blog\\\/#\\\/schema\\\/person\\\/6983b51bad37489989e4f09698c26237\"},\"headline\":\"Um ano depois, motoristas aprovam parqu\u00edmetros na Zona Azul\",\"datePublished\":\"2009-08-24T12:36:19+00:00\",\"mainEntityOfPage\":{\"@id\":\"https:\\\/\\\/www.aceguarulhos.com.br\\\/blog\\\/um-ano-depois-motoristas-aprovam-parqu%c3%admetros-na-zona-azul\\\/\"},\"wordCount\":450,\"commentCount\":0,\"publisher\":{\"@id\":\"https:\\\/\\\/www.aceguarulhos.com.br\\\/blog\\\/#organization\"},\"articleSection\":[\"Not\u00edcias\"],\"inLanguage\":\"pt-BR\"},{\"@type\":\"WebPage\",\"@id\":\"https:\\\/\\\/www.aceguarulhos.com.br\\\/blog\\\/um-ano-depois-motoristas-aprovam-parqu%c3%admetros-na-zona-azul\\\/\",\"url\":\"https:\\\/\\\/www.aceguarulhos.com.br\\\/blog\\\/um-ano-depois-motoristas-aprovam-parqu%c3%admetros-na-zona-azul\\\/\",\"name\":\"Um ano depois, motoristas aprovam parqu\u00edmetros na Zona Azul - ACE-Guarulhos\",\"isPartOf\":{\"@id\":\"https:\\\/\\\/www.aceguarulhos.com.br\\\/blog\\\/#website\"},\"datePublished\":\"2009-08-24T12:36:19+00:00\",\"breadcrumb\":{\"@id\":\"https:\\\/\\\/www.aceguarulhos.com.br\\\/blog\\\/um-ano-depois-motoristas-aprovam-parqu%c3%admetros-na-zona-azul\\\/#breadcrumb\"},\"inLanguage\":\"pt-BR\",\"potentialAction\":[{\"@type\":\"ReadAction\",\"target\":[\"https:\\\/\\\/www.aceguarulhos.com.br\\\/blog\\\/um-ano-depois-motoristas-aprovam-parqu%c3%admetros-na-zona-azul\\\/\"]}]},{\"@type\":\"BreadcrumbList\",\"@id\":\"https:\\\/\\\/www.aceguarulhos.com.br\\\/blog\\\/um-ano-depois-motoristas-aprovam-parqu%c3%admetros-na-zona-azul\\\/#breadcrumb\",\"itemListElement\":[{\"@type\":\"ListItem\",\"position\":1,\"name\":\"In\u00edcio\",\"item\":\"https:\\\/\\\/www.aceguarulhos.com.br\\\/blog\\\/\"},{\"@type\":\"ListItem\",\"position\":2,\"name\":\"Um ano depois, motoristas aprovam parqu\u00edmetros na Zona Azul\"}]},{\"@type\":\"WebSite\",\"@id\":\"https:\\\/\\\/www.aceguarulhos.com.br\\\/blog\\\/#website\",\"url\":\"https:\\\/\\\/www.aceguarulhos.com.br\\\/blog\\\/\",\"name\":\"ACE-Guarulhos\",\"description\":\"A ACE-Guarulhos \u00e9 uma associa\u00e7\u00e3o que ap\u00f3ia os empres\u00e1rios guarulhenses atrav\u00e9s da representa\u00e7\u00e3o, da gera\u00e7\u00e3o de neg\u00f3cios e presta\u00e7\u00e3o de servi\u00e7os.\",\"publisher\":{\"@id\":\"https:\\\/\\\/www.aceguarulhos.com.br\\\/blog\\\/#organization\"},\"potentialAction\":[{\"@type\":\"SearchAction\",\"target\":{\"@type\":\"EntryPoint\",\"urlTemplate\":\"https:\\\/\\\/www.aceguarulhos.com.br\\\/blog\\\/?s={search_term_string}\"},\"query-input\":{\"@type\":\"PropertyValueSpecification\",\"valueRequired\":true,\"valueName\":\"search_term_string\"}}],\"inLanguage\":\"pt-BR\"},{\"@type\":\"Organization\",\"@id\":\"https:\\\/\\\/www.aceguarulhos.com.br\\\/blog\\\/#organization\",\"name\":\"ACE-Guarulhos\",\"url\":\"https:\\\/\\\/www.aceguarulhos.com.br\\\/blog\\\/\",\"logo\":{\"@type\":\"ImageObject\",\"inLanguage\":\"pt-BR\",\"@id\":\"https:\\\/\\\/www.aceguarulhos.com.br\\\/blog\\\/#\\\/schema\\\/logo\\\/image\\\/\",\"url\":\"https:\\\/\\\/www.aceguarulhos.com.br\\\/blog\\\/wp-content\\\/uploads\\\/2017\\\/12\\\/logo-aceguarulhos-2018.png\",\"contentUrl\":\"https:\\\/\\\/www.aceguarulhos.com.br\\\/blog\\\/wp-content\\\/uploads\\\/2017\\\/12\\\/logo-aceguarulhos-2018.png\",\"width\":419,\"height\":76,\"caption\":\"ACE-Guarulhos\"},\"image\":{\"@id\":\"https:\\\/\\\/www.aceguarulhos.com.br\\\/blog\\\/#\\\/schema\\\/logo\\\/image\\\/\"},\"sameAs\":[\"https:\\\/\\\/www.facebook.com\\\/aceguarulhos\\\/\",\"https:\\\/\\\/br.linkedin.com\\\/in\\\/ace-guarulhos-b9a97093\",\"https:\\\/\\\/www.youtube.com\\\/user\\\/aceguarulhos\"]},{\"@type\":\"Person\",\"@id\":\"https:\\\/\\\/www.aceguarulhos.com.br\\\/blog\\\/#\\\/schema\\\/person\\\/6983b51bad37489989e4f09698c26237\",\"name\":\"Assessoria de Imprensa ACE-Guarulhos\",\"image\":{\"@type\":\"ImageObject\",\"inLanguage\":\"pt-BR\",\"@id\":\"https:\\\/\\\/secure.gravatar.com\\\/avatar\\\/707f3fadd6918afeb64173ab22d8a8cb0676953098a4f31ff36dc2b4c699ef6a?s=96&d=mm&r=g\",\"url\":\"https:\\\/\\\/secure.gravatar.com\\\/avatar\\\/707f3fadd6918afeb64173ab22d8a8cb0676953098a4f31ff36dc2b4c699ef6a?s=96&d=mm&r=g\",\"contentUrl\":\"https:\\\/\\\/secure.gravatar.com\\\/avatar\\\/707f3fadd6918afeb64173ab22d8a8cb0676953098a4f31ff36dc2b4c699ef6a?s=96&d=mm&r=g\",\"caption\":\"Assessoria de Imprensa ACE-Guarulhos\"},\"url\":\"https:\\\/\\\/www.aceguarulhos.com.br\\\/blog\\\/author\\\/assessoria-de-imprensa-ace-guarulhos\\\/\"}]}<\/script>\n<!-- \/ Yoast SEO plugin. -->","yoast_head_json":{"title":"Um ano depois, motoristas aprovam parqu\u00edmetros na Zona Azul - ACE-Guarulhos","robots":{"index":"index","follow":"follow","max-snippet":"max-snippet:-1","max-image-preview":"max-image-preview:large","max-video-preview":"max-video-preview:-1"},"canonical":"https:\/\/www.aceguarulhos.com.br\/blog\/um-ano-depois-motoristas-aprovam-parqu\u00edmetros-na-zona-azul\/","og_locale":"pt_BR","og_type":"article","og_title":"Um ano depois, motoristas aprovam parqu\u00edmetros na Zona Azul - ACE-Guarulhos","og_description":"Os instrumentos foram fixados em vias centrais a princ\u00edpio para facilitar a vida dos motoristas que dependiam da presen\u00e7a de um agente da","og_url":"https:\/\/www.aceguarulhos.com.br\/blog\/um-ano-depois-motoristas-aprovam-parqu\u00edmetros-na-zona-azul\/","og_site_name":"ACE-Guarulhos","article_publisher":"https:\/\/www.facebook.com\/aceguarulhos\/","article_published_time":"2009-08-24T12:36:19+00:00","author":"Assessoria de Imprensa ACE-Guarulhos","twitter_card":"summary_large_image","twitter_misc":{"Escrito por":"Assessoria de Imprensa ACE-Guarulhos","Est. tempo de leitura":"2 minutos"},"schema":{"@context":"https:\/\/schema.org","@graph":[{"@type":"Article","@id":"https:\/\/www.aceguarulhos.com.br\/blog\/um-ano-depois-motoristas-aprovam-parqu%c3%admetros-na-zona-azul\/#article","isPartOf":{"@id":"https:\/\/www.aceguarulhos.com.br\/blog\/um-ano-depois-motoristas-aprovam-parqu%c3%admetros-na-zona-azul\/"},"author":{"name":"Assessoria de Imprensa ACE-Guarulhos","@id":"https:\/\/www.aceguarulhos.com.br\/blog\/#\/schema\/person\/6983b51bad37489989e4f09698c26237"},"headline":"Um ano depois, motoristas aprovam parqu\u00edmetros na Zona Azul","datePublished":"2009-08-24T12:36:19+00:00","mainEntityOfPage":{"@id":"https:\/\/www.aceguarulhos.com.br\/blog\/um-ano-depois-motoristas-aprovam-parqu%c3%admetros-na-zona-azul\/"},"wordCount":450,"commentCount":0,"publisher":{"@id":"https:\/\/www.aceguarulhos.com.br\/blog\/#organization"},"articleSection":["Not\u00edcias"],"inLanguage":"pt-BR"},{"@type":"WebPage","@id":"https:\/\/www.aceguarulhos.com.br\/blog\/um-ano-depois-motoristas-aprovam-parqu%c3%admetros-na-zona-azul\/","url":"https:\/\/www.aceguarulhos.com.br\/blog\/um-ano-depois-motoristas-aprovam-parqu%c3%admetros-na-zona-azul\/","name":"Um ano depois, motoristas aprovam parqu\u00edmetros na Zona Azul - ACE-Guarulhos","isPartOf":{"@id":"https:\/\/www.aceguarulhos.com.br\/blog\/#website"},"datePublished":"2009-08-24T12:36:19+00:00","breadcrumb":{"@id":"https:\/\/www.aceguarulhos.com.br\/blog\/um-ano-depois-motoristas-aprovam-parqu%c3%admetros-na-zona-azul\/#breadcrumb"},"inLanguage":"pt-BR","potentialAction":[{"@type":"ReadAction","target":["https:\/\/www.aceguarulhos.com.br\/blog\/um-ano-depois-motoristas-aprovam-parqu%c3%admetros-na-zona-azul\/"]}]},{"@type":"BreadcrumbList","@id":"https:\/\/www.aceguarulhos.com.br\/blog\/um-ano-depois-motoristas-aprovam-parqu%c3%admetros-na-zona-azul\/#breadcrumb","itemListElement":[{"@type":"ListItem","position":1,"name":"In\u00edcio","item":"https:\/\/www.aceguarulhos.com.br\/blog\/"},{"@type":"ListItem","position":2,"name":"Um ano depois, motoristas aprovam parqu\u00edmetros na Zona Azul"}]},{"@type":"WebSite","@id":"https:\/\/www.aceguarulhos.com.br\/blog\/#website","url":"https:\/\/www.aceguarulhos.com.br\/blog\/","name":"ACE-Guarulhos","description":"A ACE-Guarulhos \u00e9 uma associa\u00e7\u00e3o que ap\u00f3ia os empres\u00e1rios guarulhenses atrav\u00e9s da representa\u00e7\u00e3o, da gera\u00e7\u00e3o de neg\u00f3cios e presta\u00e7\u00e3o de servi\u00e7os.","publisher":{"@id":"https:\/\/www.aceguarulhos.com.br\/blog\/#organization"},"potentialAction":[{"@type":"SearchAction","target":{"@type":"EntryPoint","urlTemplate":"https:\/\/www.aceguarulhos.com.br\/blog\/?s={search_term_string}"},"query-input":{"@type":"PropertyValueSpecification","valueRequired":true,"valueName":"search_term_string"}}],"inLanguage":"pt-BR"},{"@type":"Organization","@id":"https:\/\/www.aceguarulhos.com.br\/blog\/#organization","name":"ACE-Guarulhos","url":"https:\/\/www.aceguarulhos.com.br\/blog\/","logo":{"@type":"ImageObject","inLanguage":"pt-BR","@id":"https:\/\/www.aceguarulhos.com.br\/blog\/#\/schema\/logo\/image\/","url":"https:\/\/www.aceguarulhos.com.br\/blog\/wp-content\/uploads\/2017\/12\/logo-aceguarulhos-2018.png","contentUrl":"https:\/\/www.aceguarulhos.com.br\/blog\/wp-content\/uploads\/2017\/12\/logo-aceguarulhos-2018.png","width":419,"height":76,"caption":"ACE-Guarulhos"},"image":{"@id":"https:\/\/www.aceguarulhos.com.br\/blog\/#\/schema\/logo\/image\/"},"sameAs":["https:\/\/www.facebook.com\/aceguarulhos\/","https:\/\/br.linkedin.com\/in\/ace-guarulhos-b9a97093","https:\/\/www.youtube.com\/user\/aceguarulhos"]},{"@type":"Person","@id":"https:\/\/www.aceguarulhos.com.br\/blog\/#\/schema\/person\/6983b51bad37489989e4f09698c26237","name":"Assessoria de Imprensa ACE-Guarulhos","image":{"@type":"ImageObject","inLanguage":"pt-BR","@id":"https:\/\/secure.gravatar.com\/avatar\/707f3fadd6918afeb64173ab22d8a8cb0676953098a4f31ff36dc2b4c699ef6a?s=96&d=mm&r=g","url":"https:\/\/secure.gravatar.com\/avatar\/707f3fadd6918afeb64173ab22d8a8cb0676953098a4f31ff36dc2b4c699ef6a?s=96&d=mm&r=g","contentUrl":"https:\/\/secure.gravatar.com\/avatar\/707f3fadd6918afeb64173ab22d8a8cb0676953098a4f31ff36dc2b4c699ef6a?s=96&d=mm&r=g","caption":"Assessoria de Imprensa ACE-Guarulhos"},"url":"https:\/\/www.aceguarulhos.com.br\/blog\/author\/assessoria-de-imprensa-ace-guarulhos\/"}]}},"wps_subtitle":"","amp_enabled":true,"_links":{"self":[{"href":"https:\/\/www.aceguarulhos.com.br\/blog\/wp-json\/wp\/v2\/posts\/35387","targetHints":{"allow":["GET"]}}],"collection":[{"href":"https:\/\/www.aceguarulhos.com.br\/blog\/wp-json\/wp\/v2\/posts"}],"about":[{"href":"https:\/\/www.aceguarulhos.com.br\/blog\/wp-json\/wp\/v2\/types\/post"}],"author":[{"embeddable":true,"href":"https:\/\/www.aceguarulhos.com.br\/blog\/wp-json\/wp\/v2\/users\/8"}],"replies":[{"embeddable":true,"href":"https:\/\/www.aceguarulhos.com.br\/blog\/wp-json\/wp\/v2\/comments?post=35387"}],"version-history":[{"count":0,"href":"https:\/\/www.aceguarulhos.com.br\/blog\/wp-json\/wp\/v2\/posts\/35387\/revisions"}],"wp:attachment":[{"href":"https:\/\/www.aceguarulhos.com.br\/blog\/wp-json\/wp\/v2\/media?parent=35387"}],"wp:term":[{"taxonomy":"category","embeddable":true,"href":"https:\/\/www.aceguarulhos.com.br\/blog\/wp-json\/wp\/v2\/categories?post=35387"},{"taxonomy":"post_tag","embeddable":true,"href":"https:\/\/www.aceguarulhos.com.br\/blog\/wp-json\/wp\/v2\/tags?post=35387"}],"curies":[{"name":"wp","href":"https:\/\/api.w.org\/{rel}","templated":true}]}}