{"id":35376,"date":"2009-08-21T12:52:13","date_gmt":"2009-08-21T12:52:13","guid":{"rendered":"http:\/\/www.aceguarulhos.com.br\/blog\/?p=35376"},"modified":"-0001-11-30T00:00:00","modified_gmt":"-0001-11-30T03:00:00","slug":"tj-sp-suspende-lei-das-sacolas-pl%c3%a1sticas","status":"publish","type":"post","link":"https:\/\/www.aceguarulhos.com.br\/blog\/tj-sp-suspende-lei-das-sacolas-pl%c3%a1sticas\/","title":{"rendered":"TJ-SP suspende Lei das sacolas pl\u00e1sticas"},"content":{"rendered":"<p>O Org\u00e3o Especial do Tribunal de Justi\u00e7a de S\u00e3o Paulo (TJ-SP) publicou na \u00faltima ter\u00e7a-feira, 18, despacho favor\u00e1vel a liminar de A\u00e7\u00e3o Direta de Inconstitucionalidade da Lei 6.841\/2009 que disp\u00f5e sobre a obrigatoriedade do uso de embalagens biodegrad\u00e1veis nos estabelecimentos comerciais em Guarulhos. A a\u00e7\u00e3o foi impetrada pelo Sindicato da Ind\u00fastria de Material Pl\u00e1stico do Estado de S\u00e3o Paulo (Sindiplast).<\/p>\n<p>De acordo com o despacho do TJ-SP a exig\u00eancia contida na Lei cuja constitucionalidade \u00e9 questionada trar\u00e1 dano de dif\u00edcil repara\u00e7\u00e3o aos componentes do Sindiplast. A liminar pede, ainda, informa\u00e7\u00f5es sobre a Lei ao prefeito Sebasti\u00e3o Almeida (PT) e o presidente da C\u00e2mara Municipal de Guarulhos, Alan Neto (PSC).<\/p>\n<p>De acordo com o diretor-superintendente do Instituto Nacional do Pl\u00e1stico (INP), Paulo Dacolina, entidade que vem dando apoio ao Sindiplast, o setor da ind\u00fastria de pl\u00e1stico entende que o munic\u00edpio n\u00e3o pode legislar sobre uma mat\u00e9ria de compet\u00eancia do Estado ou da Uni\u00e3o. Dacolina critica ainda a poss\u00edvel utiliza\u00e7\u00e3o de sacolas oxiobiodegrad\u00e1veis pelos estabelecimentos comerciais. \u201cA ind\u00fastria quer proteger o meio ambiente de um produto que n\u00e3o foi comprovado ser degrad\u00e1vel\u201d, completou.<\/p>\n<p>Dacolina disse, ainda, que o setor pl\u00e1stico defende como alternativa ambiental a conscientiza\u00e7\u00e3o da popula\u00e7\u00e3o sobre o consumo respons\u00e1vel. \u201cN\u00f3s temos um programa de redu\u00e7\u00e3o da utiliza\u00e7\u00e3o das sacolas pl\u00e1sticas. Oferecemos uma sacola que suporta at\u00e9 seis quilos de produtos e que j\u00e1 vem sendo utilizado pelo Supermercado P\u00e3o de A\u00e7\u00facar que, inclusive, j\u00e1 apresenta redu\u00e7\u00e3o no uso das sacolas por parte de seus consumidores.<\/p>\n<p>Na \u00faltima ter\u00e7a-feira, 18, o Secret\u00e1rio de Governo, Alencar Santana \u2013 autor da Lei \u2013 disse em reuni\u00e3o na Associa\u00e7\u00e3o Comercial e Empresarial de Guarulhos (ACE) que o departamento jur\u00eddico da Prefeitura j\u00e1 vem trabalhando para reverter a decis\u00e3o. Santana confirmou, tamb\u00e9m, que o decreto de regulamenta\u00e7\u00e3o da Lei j\u00e1 est\u00e1 pronto e ser\u00e1 mandado para an\u00e1lise das entidades de classe, entre elas a ACE-Guarulhos.<\/p>\n<p>No final de junho deste ano, ap\u00f3s debate sobre o tema, a Associa\u00e7\u00e3o Comercial enviou of\u00edcio \u00e0 Secretaria Municipal de Governo pedindo a suspens\u00e3o da obrigatoriedade por entender que a legisla\u00e7\u00e3o ainda levantava d\u00favidas junto aos empreendedores.<\/p>\n","protected":false},"excerpt":{"rendered":"O Org\u00e3o Especial do Tribunal de Justi\u00e7a de S\u00e3o Paulo (TJ-SP) publicou na \u00faltima ter\u00e7a-feira, 18, despacho favor\u00e1vel a liminar de A\u00e7\u00e3o Direta \n<a class=\"moretag\" href=\"https:\/\/www.aceguarulhos.com.br\/blog\/tj-sp-suspende-lei-das-sacolas-pl%c3%a1sticas\/\"> [...]<\/a>","protected":false},"author":8,"featured_media":0,"comment_status":"open","ping_status":"open","sticky":false,"template":"","format":"standard","meta":{"footnotes":""},"categories":[2],"tags":[],"class_list":["post-35376","post","type-post","status-publish","format-standard","hentry","category-noticias"],"yoast_head":"<!-- This site is optimized with the Yoast SEO plugin v28.1 - https:\/\/yoast.com\/product\/yoast-seo-wordpress\/ -->\n<title>TJ-SP suspende Lei das sacolas pl\u00e1sticas - ACE-Guarulhos<\/title>\n<meta name=\"robots\" content=\"index, follow, max-snippet:-1, max-image-preview:large, max-video-preview:-1\" \/>\n<link rel=\"canonical\" href=\"https:\/\/www.aceguarulhos.com.br\/blog\/tj-sp-suspende-lei-das-sacolas-pl\u00e1sticas\/\" \/>\n<meta property=\"og:locale\" content=\"pt_BR\" \/>\n<meta property=\"og:type\" content=\"article\" \/>\n<meta property=\"og:title\" content=\"TJ-SP suspende Lei das sacolas pl\u00e1sticas - ACE-Guarulhos\" \/>\n<meta property=\"og:description\" content=\"O Org\u00e3o Especial do Tribunal de Justi\u00e7a de S\u00e3o Paulo (TJ-SP) publicou na \u00faltima ter\u00e7a-feira, 18, despacho favor\u00e1vel a liminar de A\u00e7\u00e3o Direta\" \/>\n<meta property=\"og:url\" content=\"https:\/\/www.aceguarulhos.com.br\/blog\/tj-sp-suspende-lei-das-sacolas-pl\u00e1sticas\/\" \/>\n<meta property=\"og:site_name\" content=\"ACE-Guarulhos\" \/>\n<meta property=\"article:publisher\" content=\"https:\/\/www.facebook.com\/aceguarulhos\/\" \/>\n<meta property=\"article:published_time\" content=\"2009-08-21T12:52:13+00:00\" \/>\n<meta name=\"author\" content=\"Assessoria de Imprensa ACE-Guarulhos\" \/>\n<meta name=\"twitter:card\" content=\"summary_large_image\" \/>\n<meta name=\"twitter:label1\" content=\"Escrito por\" \/>\n\t<meta name=\"twitter:data1\" content=\"Assessoria de Imprensa ACE-Guarulhos\" \/>\n\t<meta name=\"twitter:label2\" content=\"Est. tempo de leitura\" \/>\n\t<meta name=\"twitter:data2\" content=\"2 minutos\" \/>\n<script type=\"application\/ld+json\" class=\"yoast-schema-graph\">{\"@context\":\"https:\\\/\\\/schema.org\",\"@graph\":[{\"@type\":\"Article\",\"@id\":\"https:\\\/\\\/www.aceguarulhos.com.br\\\/blog\\\/tj-sp-suspende-lei-das-sacolas-pl%c3%a1sticas\\\/#article\",\"isPartOf\":{\"@id\":\"https:\\\/\\\/www.aceguarulhos.com.br\\\/blog\\\/tj-sp-suspende-lei-das-sacolas-pl%c3%a1sticas\\\/\"},\"author\":{\"name\":\"Assessoria de Imprensa ACE-Guarulhos\",\"@id\":\"https:\\\/\\\/www.aceguarulhos.com.br\\\/blog\\\/#\\\/schema\\\/person\\\/6983b51bad37489989e4f09698c26237\"},\"headline\":\"TJ-SP suspende Lei das sacolas pl\u00e1sticas\",\"datePublished\":\"2009-08-21T12:52:13+00:00\",\"mainEntityOfPage\":{\"@id\":\"https:\\\/\\\/www.aceguarulhos.com.br\\\/blog\\\/tj-sp-suspende-lei-das-sacolas-pl%c3%a1sticas\\\/\"},\"wordCount\":406,\"commentCount\":0,\"publisher\":{\"@id\":\"https:\\\/\\\/www.aceguarulhos.com.br\\\/blog\\\/#organization\"},\"articleSection\":[\"Not\u00edcias\"],\"inLanguage\":\"pt-BR\"},{\"@type\":\"WebPage\",\"@id\":\"https:\\\/\\\/www.aceguarulhos.com.br\\\/blog\\\/tj-sp-suspende-lei-das-sacolas-pl%c3%a1sticas\\\/\",\"url\":\"https:\\\/\\\/www.aceguarulhos.com.br\\\/blog\\\/tj-sp-suspende-lei-das-sacolas-pl%c3%a1sticas\\\/\",\"name\":\"TJ-SP suspende Lei das sacolas pl\u00e1sticas - ACE-Guarulhos\",\"isPartOf\":{\"@id\":\"https:\\\/\\\/www.aceguarulhos.com.br\\\/blog\\\/#website\"},\"datePublished\":\"2009-08-21T12:52:13+00:00\",\"breadcrumb\":{\"@id\":\"https:\\\/\\\/www.aceguarulhos.com.br\\\/blog\\\/tj-sp-suspende-lei-das-sacolas-pl%c3%a1sticas\\\/#breadcrumb\"},\"inLanguage\":\"pt-BR\",\"potentialAction\":[{\"@type\":\"ReadAction\",\"target\":[\"https:\\\/\\\/www.aceguarulhos.com.br\\\/blog\\\/tj-sp-suspende-lei-das-sacolas-pl%c3%a1sticas\\\/\"]}]},{\"@type\":\"BreadcrumbList\",\"@id\":\"https:\\\/\\\/www.aceguarulhos.com.br\\\/blog\\\/tj-sp-suspende-lei-das-sacolas-pl%c3%a1sticas\\\/#breadcrumb\",\"itemListElement\":[{\"@type\":\"ListItem\",\"position\":1,\"name\":\"In\u00edcio\",\"item\":\"https:\\\/\\\/www.aceguarulhos.com.br\\\/blog\\\/\"},{\"@type\":\"ListItem\",\"position\":2,\"name\":\"TJ-SP suspende Lei das sacolas pl\u00e1sticas\"}]},{\"@type\":\"WebSite\",\"@id\":\"https:\\\/\\\/www.aceguarulhos.com.br\\\/blog\\\/#website\",\"url\":\"https:\\\/\\\/www.aceguarulhos.com.br\\\/blog\\\/\",\"name\":\"ACE-Guarulhos\",\"description\":\"A ACE-Guarulhos \u00e9 uma associa\u00e7\u00e3o que ap\u00f3ia os empres\u00e1rios guarulhenses atrav\u00e9s da representa\u00e7\u00e3o, da gera\u00e7\u00e3o de neg\u00f3cios e presta\u00e7\u00e3o de servi\u00e7os.\",\"publisher\":{\"@id\":\"https:\\\/\\\/www.aceguarulhos.com.br\\\/blog\\\/#organization\"},\"potentialAction\":[{\"@type\":\"SearchAction\",\"target\":{\"@type\":\"EntryPoint\",\"urlTemplate\":\"https:\\\/\\\/www.aceguarulhos.com.br\\\/blog\\\/?s={search_term_string}\"},\"query-input\":{\"@type\":\"PropertyValueSpecification\",\"valueRequired\":true,\"valueName\":\"search_term_string\"}}],\"inLanguage\":\"pt-BR\"},{\"@type\":\"Organization\",\"@id\":\"https:\\\/\\\/www.aceguarulhos.com.br\\\/blog\\\/#organization\",\"name\":\"ACE-Guarulhos\",\"url\":\"https:\\\/\\\/www.aceguarulhos.com.br\\\/blog\\\/\",\"logo\":{\"@type\":\"ImageObject\",\"inLanguage\":\"pt-BR\",\"@id\":\"https:\\\/\\\/www.aceguarulhos.com.br\\\/blog\\\/#\\\/schema\\\/logo\\\/image\\\/\",\"url\":\"https:\\\/\\\/www.aceguarulhos.com.br\\\/blog\\\/wp-content\\\/uploads\\\/2017\\\/12\\\/logo-aceguarulhos-2018.png\",\"contentUrl\":\"https:\\\/\\\/www.aceguarulhos.com.br\\\/blog\\\/wp-content\\\/uploads\\\/2017\\\/12\\\/logo-aceguarulhos-2018.png\",\"width\":419,\"height\":76,\"caption\":\"ACE-Guarulhos\"},\"image\":{\"@id\":\"https:\\\/\\\/www.aceguarulhos.com.br\\\/blog\\\/#\\\/schema\\\/logo\\\/image\\\/\"},\"sameAs\":[\"https:\\\/\\\/www.facebook.com\\\/aceguarulhos\\\/\",\"https:\\\/\\\/br.linkedin.com\\\/in\\\/ace-guarulhos-b9a97093\",\"https:\\\/\\\/www.youtube.com\\\/user\\\/aceguarulhos\"]},{\"@type\":\"Person\",\"@id\":\"https:\\\/\\\/www.aceguarulhos.com.br\\\/blog\\\/#\\\/schema\\\/person\\\/6983b51bad37489989e4f09698c26237\",\"name\":\"Assessoria de Imprensa ACE-Guarulhos\",\"image\":{\"@type\":\"ImageObject\",\"inLanguage\":\"pt-BR\",\"@id\":\"https:\\\/\\\/secure.gravatar.com\\\/avatar\\\/707f3fadd6918afeb64173ab22d8a8cb0676953098a4f31ff36dc2b4c699ef6a?s=96&d=mm&r=g\",\"url\":\"https:\\\/\\\/secure.gravatar.com\\\/avatar\\\/707f3fadd6918afeb64173ab22d8a8cb0676953098a4f31ff36dc2b4c699ef6a?s=96&d=mm&r=g\",\"contentUrl\":\"https:\\\/\\\/secure.gravatar.com\\\/avatar\\\/707f3fadd6918afeb64173ab22d8a8cb0676953098a4f31ff36dc2b4c699ef6a?s=96&d=mm&r=g\",\"caption\":\"Assessoria de Imprensa ACE-Guarulhos\"},\"url\":\"https:\\\/\\\/www.aceguarulhos.com.br\\\/blog\\\/author\\\/assessoria-de-imprensa-ace-guarulhos\\\/\"}]}<\/script>\n<!-- \/ Yoast SEO plugin. -->","yoast_head_json":{"title":"TJ-SP suspende Lei das sacolas pl\u00e1sticas - ACE-Guarulhos","robots":{"index":"index","follow":"follow","max-snippet":"max-snippet:-1","max-image-preview":"max-image-preview:large","max-video-preview":"max-video-preview:-1"},"canonical":"https:\/\/www.aceguarulhos.com.br\/blog\/tj-sp-suspende-lei-das-sacolas-pl\u00e1sticas\/","og_locale":"pt_BR","og_type":"article","og_title":"TJ-SP suspende Lei das sacolas pl\u00e1sticas - ACE-Guarulhos","og_description":"O Org\u00e3o Especial do Tribunal de Justi\u00e7a de S\u00e3o Paulo (TJ-SP) publicou na \u00faltima ter\u00e7a-feira, 18, despacho favor\u00e1vel a liminar de A\u00e7\u00e3o Direta","og_url":"https:\/\/www.aceguarulhos.com.br\/blog\/tj-sp-suspende-lei-das-sacolas-pl\u00e1sticas\/","og_site_name":"ACE-Guarulhos","article_publisher":"https:\/\/www.facebook.com\/aceguarulhos\/","article_published_time":"2009-08-21T12:52:13+00:00","author":"Assessoria de Imprensa ACE-Guarulhos","twitter_card":"summary_large_image","twitter_misc":{"Escrito por":"Assessoria de Imprensa ACE-Guarulhos","Est. tempo de leitura":"2 minutos"},"schema":{"@context":"https:\/\/schema.org","@graph":[{"@type":"Article","@id":"https:\/\/www.aceguarulhos.com.br\/blog\/tj-sp-suspende-lei-das-sacolas-pl%c3%a1sticas\/#article","isPartOf":{"@id":"https:\/\/www.aceguarulhos.com.br\/blog\/tj-sp-suspende-lei-das-sacolas-pl%c3%a1sticas\/"},"author":{"name":"Assessoria de Imprensa ACE-Guarulhos","@id":"https:\/\/www.aceguarulhos.com.br\/blog\/#\/schema\/person\/6983b51bad37489989e4f09698c26237"},"headline":"TJ-SP suspende Lei das sacolas pl\u00e1sticas","datePublished":"2009-08-21T12:52:13+00:00","mainEntityOfPage":{"@id":"https:\/\/www.aceguarulhos.com.br\/blog\/tj-sp-suspende-lei-das-sacolas-pl%c3%a1sticas\/"},"wordCount":406,"commentCount":0,"publisher":{"@id":"https:\/\/www.aceguarulhos.com.br\/blog\/#organization"},"articleSection":["Not\u00edcias"],"inLanguage":"pt-BR"},{"@type":"WebPage","@id":"https:\/\/www.aceguarulhos.com.br\/blog\/tj-sp-suspende-lei-das-sacolas-pl%c3%a1sticas\/","url":"https:\/\/www.aceguarulhos.com.br\/blog\/tj-sp-suspende-lei-das-sacolas-pl%c3%a1sticas\/","name":"TJ-SP suspende Lei das sacolas pl\u00e1sticas - ACE-Guarulhos","isPartOf":{"@id":"https:\/\/www.aceguarulhos.com.br\/blog\/#website"},"datePublished":"2009-08-21T12:52:13+00:00","breadcrumb":{"@id":"https:\/\/www.aceguarulhos.com.br\/blog\/tj-sp-suspende-lei-das-sacolas-pl%c3%a1sticas\/#breadcrumb"},"inLanguage":"pt-BR","potentialAction":[{"@type":"ReadAction","target":["https:\/\/www.aceguarulhos.com.br\/blog\/tj-sp-suspende-lei-das-sacolas-pl%c3%a1sticas\/"]}]},{"@type":"BreadcrumbList","@id":"https:\/\/www.aceguarulhos.com.br\/blog\/tj-sp-suspende-lei-das-sacolas-pl%c3%a1sticas\/#breadcrumb","itemListElement":[{"@type":"ListItem","position":1,"name":"In\u00edcio","item":"https:\/\/www.aceguarulhos.com.br\/blog\/"},{"@type":"ListItem","position":2,"name":"TJ-SP suspende Lei das sacolas pl\u00e1sticas"}]},{"@type":"WebSite","@id":"https:\/\/www.aceguarulhos.com.br\/blog\/#website","url":"https:\/\/www.aceguarulhos.com.br\/blog\/","name":"ACE-Guarulhos","description":"A ACE-Guarulhos \u00e9 uma associa\u00e7\u00e3o que ap\u00f3ia os empres\u00e1rios guarulhenses atrav\u00e9s da representa\u00e7\u00e3o, da gera\u00e7\u00e3o de neg\u00f3cios e presta\u00e7\u00e3o de servi\u00e7os.","publisher":{"@id":"https:\/\/www.aceguarulhos.com.br\/blog\/#organization"},"potentialAction":[{"@type":"SearchAction","target":{"@type":"EntryPoint","urlTemplate":"https:\/\/www.aceguarulhos.com.br\/blog\/?s={search_term_string}"},"query-input":{"@type":"PropertyValueSpecification","valueRequired":true,"valueName":"search_term_string"}}],"inLanguage":"pt-BR"},{"@type":"Organization","@id":"https:\/\/www.aceguarulhos.com.br\/blog\/#organization","name":"ACE-Guarulhos","url":"https:\/\/www.aceguarulhos.com.br\/blog\/","logo":{"@type":"ImageObject","inLanguage":"pt-BR","@id":"https:\/\/www.aceguarulhos.com.br\/blog\/#\/schema\/logo\/image\/","url":"https:\/\/www.aceguarulhos.com.br\/blog\/wp-content\/uploads\/2017\/12\/logo-aceguarulhos-2018.png","contentUrl":"https:\/\/www.aceguarulhos.com.br\/blog\/wp-content\/uploads\/2017\/12\/logo-aceguarulhos-2018.png","width":419,"height":76,"caption":"ACE-Guarulhos"},"image":{"@id":"https:\/\/www.aceguarulhos.com.br\/blog\/#\/schema\/logo\/image\/"},"sameAs":["https:\/\/www.facebook.com\/aceguarulhos\/","https:\/\/br.linkedin.com\/in\/ace-guarulhos-b9a97093","https:\/\/www.youtube.com\/user\/aceguarulhos"]},{"@type":"Person","@id":"https:\/\/www.aceguarulhos.com.br\/blog\/#\/schema\/person\/6983b51bad37489989e4f09698c26237","name":"Assessoria de Imprensa ACE-Guarulhos","image":{"@type":"ImageObject","inLanguage":"pt-BR","@id":"https:\/\/secure.gravatar.com\/avatar\/707f3fadd6918afeb64173ab22d8a8cb0676953098a4f31ff36dc2b4c699ef6a?s=96&d=mm&r=g","url":"https:\/\/secure.gravatar.com\/avatar\/707f3fadd6918afeb64173ab22d8a8cb0676953098a4f31ff36dc2b4c699ef6a?s=96&d=mm&r=g","contentUrl":"https:\/\/secure.gravatar.com\/avatar\/707f3fadd6918afeb64173ab22d8a8cb0676953098a4f31ff36dc2b4c699ef6a?s=96&d=mm&r=g","caption":"Assessoria de Imprensa ACE-Guarulhos"},"url":"https:\/\/www.aceguarulhos.com.br\/blog\/author\/assessoria-de-imprensa-ace-guarulhos\/"}]}},"wps_subtitle":"","amp_enabled":true,"_links":{"self":[{"href":"https:\/\/www.aceguarulhos.com.br\/blog\/wp-json\/wp\/v2\/posts\/35376","targetHints":{"allow":["GET"]}}],"collection":[{"href":"https:\/\/www.aceguarulhos.com.br\/blog\/wp-json\/wp\/v2\/posts"}],"about":[{"href":"https:\/\/www.aceguarulhos.com.br\/blog\/wp-json\/wp\/v2\/types\/post"}],"author":[{"embeddable":true,"href":"https:\/\/www.aceguarulhos.com.br\/blog\/wp-json\/wp\/v2\/users\/8"}],"replies":[{"embeddable":true,"href":"https:\/\/www.aceguarulhos.com.br\/blog\/wp-json\/wp\/v2\/comments?post=35376"}],"version-history":[{"count":0,"href":"https:\/\/www.aceguarulhos.com.br\/blog\/wp-json\/wp\/v2\/posts\/35376\/revisions"}],"wp:attachment":[{"href":"https:\/\/www.aceguarulhos.com.br\/blog\/wp-json\/wp\/v2\/media?parent=35376"}],"wp:term":[{"taxonomy":"category","embeddable":true,"href":"https:\/\/www.aceguarulhos.com.br\/blog\/wp-json\/wp\/v2\/categories?post=35376"},{"taxonomy":"post_tag","embeddable":true,"href":"https:\/\/www.aceguarulhos.com.br\/blog\/wp-json\/wp\/v2\/tags?post=35376"}],"curies":[{"name":"wp","href":"https:\/\/api.w.org\/{rel}","templated":true}]}}