{"id":35317,"date":"2009-08-11T10:30:18","date_gmt":"2009-08-11T10:30:18","guid":{"rendered":"http:\/\/www.aceguarulhos.com.br\/blog\/?p=35317"},"modified":"-0001-11-30T00:00:00","modified_gmt":"-0001-11-30T03:00:00","slug":"sai-vencedor-do-projeto-do-pr%c3%a9dio-que-abrigar%c3%a1-o-sesc-guarulhos","status":"publish","type":"post","link":"https:\/\/www.aceguarulhos.com.br\/blog\/sai-vencedor-do-projeto-do-pr%c3%a9dio-que-abrigar%c3%a1-o-sesc-guarulhos\/","title":{"rendered":"Sai vencedor do projeto do pr\u00e9dio que abrigar\u00e1 o Sesc Guarulhos"},"content":{"rendered":"<p>O projeto arquitet\u00f4nico do Sesc (Servi\u00e7o Social do Com\u00e9rcio) de Guarulhos j\u00e1 est\u00e1 definido. O vencedor do concurso foi o escrit\u00f3rio Dal Pian Arquitetos Associados, que projetou um edif\u00edcio formado por tr\u00eas andares direcionados para uma pra\u00e7a de conviv\u00eancia central e uma grande \u00e1rea verde, segundo consta no memorial descritivo. O Sesc ocupar\u00e1 uma \u00e1rea de 23 mil metros quadrados, com investimento previsto da ordem de R$ 25 a R$ 30 milh\u00f5es.<\/p>\n<p>Nas defini\u00e7\u00f5es do projeto, o Sesc Guarulhos ser\u00e1 estabelecido no sistema estrutural misto de concreto e a\u00e7o e contar\u00e1 com pilares perif\u00e9ricos para n\u00e3o atrapalhar zonas de ocupa\u00e7\u00e3o. O edif\u00edcio ser\u00e1 recoberto com pedra, vidro e metal, segundo previs\u00e3o dos arquitetos. Os materiais garantem maior durabilidade e resist\u00eancia estrutural da constru\u00e7\u00e3o.<\/p>\n<p>O pavimento t\u00e9rreo contar\u00e1 com uma central de atendimento, um gin\u00e1sio de esportes coberto, espa\u00e7os de internet e de recrea\u00e7\u00e3o infantil, uma cl\u00ednica odontol\u00f3gica, oficinas culturais, sanit\u00e1rios e vesti\u00e1rios de apoio. Haver\u00e1 tamb\u00e9m uma \u00e1rea para carga e descarga, setor operacional e estacionamento de ve\u00edculos. No andar seguinte, descrito como t\u00e9rreo superior, a topografia do terreno induzir\u00e1 a algumas defini\u00e7\u00f5es. O piso ter\u00e1 o complexo aqu\u00e1tico coberto e descoberto, al\u00e9m de campos esportivos externos e quadras do lado interno e a esta\u00e7\u00e3o ambiental e a biblioteca no externo. Tamb\u00e9m possuir\u00e1 cafeteria, restaurante e bar, al\u00e9m do teatro do lado da pra\u00e7a de conviv\u00eancia.<\/p>\n<p>O \u00faltimo piso abrigar\u00e1 as salas de gin\u00e1stica multifuncional e das demais atividades f\u00edsicas, juntamente com as \u00e1reas de uso flex\u00edvel. Por fim, o Centro de Forma\u00e7\u00e3o Musical completa o complexo de atividades do Sesc Guarulhos. A reportagem enviou questionamentos sobre o projeto arquitet\u00f4nico do Sesc Guarulhos, por\u00e9m a assessoria de imprensa do Sesc informou n\u00e3o ser poss\u00edvel responder at\u00e9 o fechamento desta edi\u00e7\u00e3o.<\/p>\n<p>A vinda do Sesc para o munic\u00edpio se arrasta desde 2002, por\u00e9m a parceria entre a dire\u00e7\u00e3o da institui\u00e7\u00e3o e a Prefeitura de Guarulhos foi concretizada em 2007, quando o Executivo assinou a doa\u00e7\u00e3o do espa\u00e7o onde atualmente se encontra o parque Vicente Leporace para a constru\u00e7\u00e3o do complexo. Para a concretiza\u00e7\u00e3o das obras, o Sesc se comprometeu a construir um novo campo para a comunidade da Vila F\u00e1tima em substitui\u00e7\u00e3o ao Oswaldo De Carlos, que fica localizado na \u00e1rea onde parte do Sesc se estabelecer\u00e1. Conforme reportagem publicada na edi\u00e7\u00e3o do dia 29 de abril deste ano do Guarulhos Hoje, o campo de terra batida ficar\u00e1 em uma \u00e1rea de 5.850 metros quadrados e ter\u00e1 arquibancadas com capacidade para at\u00e9 1.200 espectadores. O prazo limite acordado entre as partes \u00e9 janeiro de 2010.<\/p>\n<p>A Prefeitura ter\u00e1 a responsabilidade sobre o paisagismo do parque. Para isso, a administra\u00e7\u00e3o realizou a derrubada de \u00e1rvores na \u00e1rea, mas dever\u00e1 replant\u00e1-las ap\u00f3s o t\u00e9rmino das obras.<\/p>\n","protected":false},"excerpt":{"rendered":"O projeto arquitet\u00f4nico do Sesc (Servi\u00e7o Social do Com\u00e9rcio) de Guarulhos j\u00e1 est\u00e1 definido. O vencedor do concurso foi o escrit\u00f3rio Dal Pian \n<a class=\"moretag\" href=\"https:\/\/www.aceguarulhos.com.br\/blog\/sai-vencedor-do-projeto-do-pr%c3%a9dio-que-abrigar%c3%a1-o-sesc-guarulhos\/\"> [...]<\/a>","protected":false},"author":8,"featured_media":0,"comment_status":"open","ping_status":"open","sticky":false,"template":"","format":"standard","meta":{"footnotes":""},"categories":[2],"tags":[],"class_list":["post-35317","post","type-post","status-publish","format-standard","hentry","category-noticias"],"yoast_head":"<!-- This site is optimized with the Yoast SEO plugin v28.1 - https:\/\/yoast.com\/product\/yoast-seo-wordpress\/ -->\n<title>Sai vencedor do projeto do pr\u00e9dio que abrigar\u00e1 o Sesc Guarulhos - ACE-Guarulhos<\/title>\n<meta name=\"robots\" content=\"index, follow, max-snippet:-1, max-image-preview:large, max-video-preview:-1\" \/>\n<link rel=\"canonical\" href=\"https:\/\/www.aceguarulhos.com.br\/blog\/sai-vencedor-do-projeto-do-pr\u00e9dio-que-abrigar\u00e1-o-sesc-guarulhos\/\" \/>\n<meta property=\"og:locale\" content=\"pt_BR\" \/>\n<meta property=\"og:type\" content=\"article\" \/>\n<meta property=\"og:title\" content=\"Sai vencedor do projeto do pr\u00e9dio que abrigar\u00e1 o Sesc Guarulhos - ACE-Guarulhos\" \/>\n<meta property=\"og:description\" content=\"O projeto arquitet\u00f4nico do Sesc (Servi\u00e7o Social do Com\u00e9rcio) de Guarulhos j\u00e1 est\u00e1 definido. O vencedor do concurso foi o escrit\u00f3rio Dal Pian\" \/>\n<meta property=\"og:url\" content=\"https:\/\/www.aceguarulhos.com.br\/blog\/sai-vencedor-do-projeto-do-pr\u00e9dio-que-abrigar\u00e1-o-sesc-guarulhos\/\" \/>\n<meta property=\"og:site_name\" content=\"ACE-Guarulhos\" \/>\n<meta property=\"article:publisher\" content=\"https:\/\/www.facebook.com\/aceguarulhos\/\" \/>\n<meta property=\"article:published_time\" content=\"2009-08-11T10:30:18+00:00\" \/>\n<meta name=\"author\" content=\"Assessoria de Imprensa ACE-Guarulhos\" \/>\n<meta name=\"twitter:card\" content=\"summary_large_image\" \/>\n<meta name=\"twitter:label1\" content=\"Escrito por\" \/>\n\t<meta name=\"twitter:data1\" content=\"Assessoria de Imprensa ACE-Guarulhos\" \/>\n\t<meta name=\"twitter:label2\" content=\"Est. tempo de leitura\" \/>\n\t<meta name=\"twitter:data2\" content=\"3 minutos\" \/>\n<script type=\"application\/ld+json\" class=\"yoast-schema-graph\">{\"@context\":\"https:\\\/\\\/schema.org\",\"@graph\":[{\"@type\":\"Article\",\"@id\":\"https:\\\/\\\/www.aceguarulhos.com.br\\\/blog\\\/sai-vencedor-do-projeto-do-pr%c3%a9dio-que-abrigar%c3%a1-o-sesc-guarulhos\\\/#article\",\"isPartOf\":{\"@id\":\"https:\\\/\\\/www.aceguarulhos.com.br\\\/blog\\\/sai-vencedor-do-projeto-do-pr%c3%a9dio-que-abrigar%c3%a1-o-sesc-guarulhos\\\/\"},\"author\":{\"name\":\"Assessoria de Imprensa ACE-Guarulhos\",\"@id\":\"https:\\\/\\\/www.aceguarulhos.com.br\\\/blog\\\/#\\\/schema\\\/person\\\/6983b51bad37489989e4f09698c26237\"},\"headline\":\"Sai vencedor do projeto do pr\u00e9dio que abrigar\u00e1 o Sesc Guarulhos\",\"datePublished\":\"2009-08-11T10:30:18+00:00\",\"mainEntityOfPage\":{\"@id\":\"https:\\\/\\\/www.aceguarulhos.com.br\\\/blog\\\/sai-vencedor-do-projeto-do-pr%c3%a9dio-que-abrigar%c3%a1-o-sesc-guarulhos\\\/\"},\"wordCount\":516,\"commentCount\":0,\"publisher\":{\"@id\":\"https:\\\/\\\/www.aceguarulhos.com.br\\\/blog\\\/#organization\"},\"articleSection\":[\"Not\u00edcias\"],\"inLanguage\":\"pt-BR\"},{\"@type\":\"WebPage\",\"@id\":\"https:\\\/\\\/www.aceguarulhos.com.br\\\/blog\\\/sai-vencedor-do-projeto-do-pr%c3%a9dio-que-abrigar%c3%a1-o-sesc-guarulhos\\\/\",\"url\":\"https:\\\/\\\/www.aceguarulhos.com.br\\\/blog\\\/sai-vencedor-do-projeto-do-pr%c3%a9dio-que-abrigar%c3%a1-o-sesc-guarulhos\\\/\",\"name\":\"Sai vencedor do projeto do pr\u00e9dio que abrigar\u00e1 o Sesc Guarulhos - ACE-Guarulhos\",\"isPartOf\":{\"@id\":\"https:\\\/\\\/www.aceguarulhos.com.br\\\/blog\\\/#website\"},\"datePublished\":\"2009-08-11T10:30:18+00:00\",\"breadcrumb\":{\"@id\":\"https:\\\/\\\/www.aceguarulhos.com.br\\\/blog\\\/sai-vencedor-do-projeto-do-pr%c3%a9dio-que-abrigar%c3%a1-o-sesc-guarulhos\\\/#breadcrumb\"},\"inLanguage\":\"pt-BR\",\"potentialAction\":[{\"@type\":\"ReadAction\",\"target\":[\"https:\\\/\\\/www.aceguarulhos.com.br\\\/blog\\\/sai-vencedor-do-projeto-do-pr%c3%a9dio-que-abrigar%c3%a1-o-sesc-guarulhos\\\/\"]}]},{\"@type\":\"BreadcrumbList\",\"@id\":\"https:\\\/\\\/www.aceguarulhos.com.br\\\/blog\\\/sai-vencedor-do-projeto-do-pr%c3%a9dio-que-abrigar%c3%a1-o-sesc-guarulhos\\\/#breadcrumb\",\"itemListElement\":[{\"@type\":\"ListItem\",\"position\":1,\"name\":\"In\u00edcio\",\"item\":\"https:\\\/\\\/www.aceguarulhos.com.br\\\/blog\\\/\"},{\"@type\":\"ListItem\",\"position\":2,\"name\":\"Sai vencedor do projeto do pr\u00e9dio que abrigar\u00e1 o Sesc Guarulhos\"}]},{\"@type\":\"WebSite\",\"@id\":\"https:\\\/\\\/www.aceguarulhos.com.br\\\/blog\\\/#website\",\"url\":\"https:\\\/\\\/www.aceguarulhos.com.br\\\/blog\\\/\",\"name\":\"ACE-Guarulhos\",\"description\":\"A ACE-Guarulhos \u00e9 uma associa\u00e7\u00e3o que ap\u00f3ia os empres\u00e1rios guarulhenses atrav\u00e9s da representa\u00e7\u00e3o, da gera\u00e7\u00e3o de neg\u00f3cios e presta\u00e7\u00e3o de servi\u00e7os.\",\"publisher\":{\"@id\":\"https:\\\/\\\/www.aceguarulhos.com.br\\\/blog\\\/#organization\"},\"potentialAction\":[{\"@type\":\"SearchAction\",\"target\":{\"@type\":\"EntryPoint\",\"urlTemplate\":\"https:\\\/\\\/www.aceguarulhos.com.br\\\/blog\\\/?s={search_term_string}\"},\"query-input\":{\"@type\":\"PropertyValueSpecification\",\"valueRequired\":true,\"valueName\":\"search_term_string\"}}],\"inLanguage\":\"pt-BR\"},{\"@type\":\"Organization\",\"@id\":\"https:\\\/\\\/www.aceguarulhos.com.br\\\/blog\\\/#organization\",\"name\":\"ACE-Guarulhos\",\"url\":\"https:\\\/\\\/www.aceguarulhos.com.br\\\/blog\\\/\",\"logo\":{\"@type\":\"ImageObject\",\"inLanguage\":\"pt-BR\",\"@id\":\"https:\\\/\\\/www.aceguarulhos.com.br\\\/blog\\\/#\\\/schema\\\/logo\\\/image\\\/\",\"url\":\"https:\\\/\\\/www.aceguarulhos.com.br\\\/blog\\\/wp-content\\\/uploads\\\/2017\\\/12\\\/logo-aceguarulhos-2018.png\",\"contentUrl\":\"https:\\\/\\\/www.aceguarulhos.com.br\\\/blog\\\/wp-content\\\/uploads\\\/2017\\\/12\\\/logo-aceguarulhos-2018.png\",\"width\":419,\"height\":76,\"caption\":\"ACE-Guarulhos\"},\"image\":{\"@id\":\"https:\\\/\\\/www.aceguarulhos.com.br\\\/blog\\\/#\\\/schema\\\/logo\\\/image\\\/\"},\"sameAs\":[\"https:\\\/\\\/www.facebook.com\\\/aceguarulhos\\\/\",\"https:\\\/\\\/br.linkedin.com\\\/in\\\/ace-guarulhos-b9a97093\",\"https:\\\/\\\/www.youtube.com\\\/user\\\/aceguarulhos\"]},{\"@type\":\"Person\",\"@id\":\"https:\\\/\\\/www.aceguarulhos.com.br\\\/blog\\\/#\\\/schema\\\/person\\\/6983b51bad37489989e4f09698c26237\",\"name\":\"Assessoria de Imprensa ACE-Guarulhos\",\"image\":{\"@type\":\"ImageObject\",\"inLanguage\":\"pt-BR\",\"@id\":\"https:\\\/\\\/secure.gravatar.com\\\/avatar\\\/707f3fadd6918afeb64173ab22d8a8cb0676953098a4f31ff36dc2b4c699ef6a?s=96&d=mm&r=g\",\"url\":\"https:\\\/\\\/secure.gravatar.com\\\/avatar\\\/707f3fadd6918afeb64173ab22d8a8cb0676953098a4f31ff36dc2b4c699ef6a?s=96&d=mm&r=g\",\"contentUrl\":\"https:\\\/\\\/secure.gravatar.com\\\/avatar\\\/707f3fadd6918afeb64173ab22d8a8cb0676953098a4f31ff36dc2b4c699ef6a?s=96&d=mm&r=g\",\"caption\":\"Assessoria de Imprensa ACE-Guarulhos\"},\"url\":\"https:\\\/\\\/www.aceguarulhos.com.br\\\/blog\\\/author\\\/assessoria-de-imprensa-ace-guarulhos\\\/\"}]}<\/script>\n<!-- \/ Yoast SEO plugin. -->","yoast_head_json":{"title":"Sai vencedor do projeto do pr\u00e9dio que abrigar\u00e1 o Sesc Guarulhos - ACE-Guarulhos","robots":{"index":"index","follow":"follow","max-snippet":"max-snippet:-1","max-image-preview":"max-image-preview:large","max-video-preview":"max-video-preview:-1"},"canonical":"https:\/\/www.aceguarulhos.com.br\/blog\/sai-vencedor-do-projeto-do-pr\u00e9dio-que-abrigar\u00e1-o-sesc-guarulhos\/","og_locale":"pt_BR","og_type":"article","og_title":"Sai vencedor do projeto do pr\u00e9dio que abrigar\u00e1 o Sesc Guarulhos - ACE-Guarulhos","og_description":"O projeto arquitet\u00f4nico do Sesc (Servi\u00e7o Social do Com\u00e9rcio) de Guarulhos j\u00e1 est\u00e1 definido. O vencedor do concurso foi o escrit\u00f3rio Dal Pian","og_url":"https:\/\/www.aceguarulhos.com.br\/blog\/sai-vencedor-do-projeto-do-pr\u00e9dio-que-abrigar\u00e1-o-sesc-guarulhos\/","og_site_name":"ACE-Guarulhos","article_publisher":"https:\/\/www.facebook.com\/aceguarulhos\/","article_published_time":"2009-08-11T10:30:18+00:00","author":"Assessoria de Imprensa ACE-Guarulhos","twitter_card":"summary_large_image","twitter_misc":{"Escrito por":"Assessoria de Imprensa ACE-Guarulhos","Est. tempo de leitura":"3 minutos"},"schema":{"@context":"https:\/\/schema.org","@graph":[{"@type":"Article","@id":"https:\/\/www.aceguarulhos.com.br\/blog\/sai-vencedor-do-projeto-do-pr%c3%a9dio-que-abrigar%c3%a1-o-sesc-guarulhos\/#article","isPartOf":{"@id":"https:\/\/www.aceguarulhos.com.br\/blog\/sai-vencedor-do-projeto-do-pr%c3%a9dio-que-abrigar%c3%a1-o-sesc-guarulhos\/"},"author":{"name":"Assessoria de Imprensa ACE-Guarulhos","@id":"https:\/\/www.aceguarulhos.com.br\/blog\/#\/schema\/person\/6983b51bad37489989e4f09698c26237"},"headline":"Sai vencedor do projeto do pr\u00e9dio que abrigar\u00e1 o Sesc Guarulhos","datePublished":"2009-08-11T10:30:18+00:00","mainEntityOfPage":{"@id":"https:\/\/www.aceguarulhos.com.br\/blog\/sai-vencedor-do-projeto-do-pr%c3%a9dio-que-abrigar%c3%a1-o-sesc-guarulhos\/"},"wordCount":516,"commentCount":0,"publisher":{"@id":"https:\/\/www.aceguarulhos.com.br\/blog\/#organization"},"articleSection":["Not\u00edcias"],"inLanguage":"pt-BR"},{"@type":"WebPage","@id":"https:\/\/www.aceguarulhos.com.br\/blog\/sai-vencedor-do-projeto-do-pr%c3%a9dio-que-abrigar%c3%a1-o-sesc-guarulhos\/","url":"https:\/\/www.aceguarulhos.com.br\/blog\/sai-vencedor-do-projeto-do-pr%c3%a9dio-que-abrigar%c3%a1-o-sesc-guarulhos\/","name":"Sai vencedor do projeto do pr\u00e9dio que abrigar\u00e1 o Sesc Guarulhos - ACE-Guarulhos","isPartOf":{"@id":"https:\/\/www.aceguarulhos.com.br\/blog\/#website"},"datePublished":"2009-08-11T10:30:18+00:00","breadcrumb":{"@id":"https:\/\/www.aceguarulhos.com.br\/blog\/sai-vencedor-do-projeto-do-pr%c3%a9dio-que-abrigar%c3%a1-o-sesc-guarulhos\/#breadcrumb"},"inLanguage":"pt-BR","potentialAction":[{"@type":"ReadAction","target":["https:\/\/www.aceguarulhos.com.br\/blog\/sai-vencedor-do-projeto-do-pr%c3%a9dio-que-abrigar%c3%a1-o-sesc-guarulhos\/"]}]},{"@type":"BreadcrumbList","@id":"https:\/\/www.aceguarulhos.com.br\/blog\/sai-vencedor-do-projeto-do-pr%c3%a9dio-que-abrigar%c3%a1-o-sesc-guarulhos\/#breadcrumb","itemListElement":[{"@type":"ListItem","position":1,"name":"In\u00edcio","item":"https:\/\/www.aceguarulhos.com.br\/blog\/"},{"@type":"ListItem","position":2,"name":"Sai vencedor do projeto do pr\u00e9dio que abrigar\u00e1 o Sesc Guarulhos"}]},{"@type":"WebSite","@id":"https:\/\/www.aceguarulhos.com.br\/blog\/#website","url":"https:\/\/www.aceguarulhos.com.br\/blog\/","name":"ACE-Guarulhos","description":"A ACE-Guarulhos \u00e9 uma associa\u00e7\u00e3o que ap\u00f3ia os empres\u00e1rios guarulhenses atrav\u00e9s da representa\u00e7\u00e3o, da gera\u00e7\u00e3o de neg\u00f3cios e presta\u00e7\u00e3o de servi\u00e7os.","publisher":{"@id":"https:\/\/www.aceguarulhos.com.br\/blog\/#organization"},"potentialAction":[{"@type":"SearchAction","target":{"@type":"EntryPoint","urlTemplate":"https:\/\/www.aceguarulhos.com.br\/blog\/?s={search_term_string}"},"query-input":{"@type":"PropertyValueSpecification","valueRequired":true,"valueName":"search_term_string"}}],"inLanguage":"pt-BR"},{"@type":"Organization","@id":"https:\/\/www.aceguarulhos.com.br\/blog\/#organization","name":"ACE-Guarulhos","url":"https:\/\/www.aceguarulhos.com.br\/blog\/","logo":{"@type":"ImageObject","inLanguage":"pt-BR","@id":"https:\/\/www.aceguarulhos.com.br\/blog\/#\/schema\/logo\/image\/","url":"https:\/\/www.aceguarulhos.com.br\/blog\/wp-content\/uploads\/2017\/12\/logo-aceguarulhos-2018.png","contentUrl":"https:\/\/www.aceguarulhos.com.br\/blog\/wp-content\/uploads\/2017\/12\/logo-aceguarulhos-2018.png","width":419,"height":76,"caption":"ACE-Guarulhos"},"image":{"@id":"https:\/\/www.aceguarulhos.com.br\/blog\/#\/schema\/logo\/image\/"},"sameAs":["https:\/\/www.facebook.com\/aceguarulhos\/","https:\/\/br.linkedin.com\/in\/ace-guarulhos-b9a97093","https:\/\/www.youtube.com\/user\/aceguarulhos"]},{"@type":"Person","@id":"https:\/\/www.aceguarulhos.com.br\/blog\/#\/schema\/person\/6983b51bad37489989e4f09698c26237","name":"Assessoria de Imprensa ACE-Guarulhos","image":{"@type":"ImageObject","inLanguage":"pt-BR","@id":"https:\/\/secure.gravatar.com\/avatar\/707f3fadd6918afeb64173ab22d8a8cb0676953098a4f31ff36dc2b4c699ef6a?s=96&d=mm&r=g","url":"https:\/\/secure.gravatar.com\/avatar\/707f3fadd6918afeb64173ab22d8a8cb0676953098a4f31ff36dc2b4c699ef6a?s=96&d=mm&r=g","contentUrl":"https:\/\/secure.gravatar.com\/avatar\/707f3fadd6918afeb64173ab22d8a8cb0676953098a4f31ff36dc2b4c699ef6a?s=96&d=mm&r=g","caption":"Assessoria de Imprensa ACE-Guarulhos"},"url":"https:\/\/www.aceguarulhos.com.br\/blog\/author\/assessoria-de-imprensa-ace-guarulhos\/"}]}},"wps_subtitle":"","amp_enabled":true,"_links":{"self":[{"href":"https:\/\/www.aceguarulhos.com.br\/blog\/wp-json\/wp\/v2\/posts\/35317","targetHints":{"allow":["GET"]}}],"collection":[{"href":"https:\/\/www.aceguarulhos.com.br\/blog\/wp-json\/wp\/v2\/posts"}],"about":[{"href":"https:\/\/www.aceguarulhos.com.br\/blog\/wp-json\/wp\/v2\/types\/post"}],"author":[{"embeddable":true,"href":"https:\/\/www.aceguarulhos.com.br\/blog\/wp-json\/wp\/v2\/users\/8"}],"replies":[{"embeddable":true,"href":"https:\/\/www.aceguarulhos.com.br\/blog\/wp-json\/wp\/v2\/comments?post=35317"}],"version-history":[{"count":0,"href":"https:\/\/www.aceguarulhos.com.br\/blog\/wp-json\/wp\/v2\/posts\/35317\/revisions"}],"wp:attachment":[{"href":"https:\/\/www.aceguarulhos.com.br\/blog\/wp-json\/wp\/v2\/media?parent=35317"}],"wp:term":[{"taxonomy":"category","embeddable":true,"href":"https:\/\/www.aceguarulhos.com.br\/blog\/wp-json\/wp\/v2\/categories?post=35317"},{"taxonomy":"post_tag","embeddable":true,"href":"https:\/\/www.aceguarulhos.com.br\/blog\/wp-json\/wp\/v2\/tags?post=35317"}],"curies":[{"name":"wp","href":"https:\/\/api.w.org\/{rel}","templated":true}]}}