{"id":35316,"date":"2009-08-11T10:27:30","date_gmt":"2009-08-11T10:27:30","guid":{"rendered":"http:\/\/www.aceguarulhos.com.br\/blog\/?p=35316"},"modified":"-0001-11-30T00:00:00","modified_gmt":"-0001-11-30T03:00:00","slug":"amat-convida-vereadores-para-discutir-projeto-de-cons%c3%b3rcio","status":"publish","type":"post","link":"https:\/\/www.aceguarulhos.com.br\/blog\/amat-convida-vereadores-para-discutir-projeto-de-cons%c3%b3rcio\/","title":{"rendered":"Amat convida vereadores para discutir projeto de cons\u00f3rcio"},"content":{"rendered":"<p>Representantes das c\u00e2maras municipais de 11 cidades do Alto Tiet\u00ea participaram, nesta segunda-feira, 10, da 37\u00aa Reuni\u00e3o Ordin\u00e1ria da Associa\u00e7\u00e3o dos Munic\u00edpios do Alto Tiet\u00ea (Amat). Eles foram convidados pelos prefeitos da regi\u00e3o para conhecer o esbo\u00e7o do estatuto para a cria\u00e7\u00e3o do Cons\u00f3rcio Intermunicipal do Alto Tiet\u00ea. Guarulhos foi representada pelo vereador Alan Neto (PSC).<\/p>\n<p>\u201cA aprova\u00e7\u00e3o do cons\u00f3rcio depende da aprova\u00e7\u00e3o de lei espec\u00edfica em todas as c\u00e2maras municipais. A presen\u00e7a dos vereadores \u00e9 importante porque agiliza a discuss\u00e3o no Legislativo de um projeto coletivo, que beneficiar\u00e1 a todos\u201d, afirmou o prefeito de Guarulhos, e vice-presidente da Amat, Sebasti\u00e3o Almeida.<\/p>\n<p>Almeida ontem presidiu a reuni\u00e3o da Amat, em substitui\u00e7\u00e3o ao prefeito de Ferraz de Vasconcelos, e presidente da entidade, Jorge Abissamra, que n\u00e3o p\u00f4de comparecer ao encontro.<\/p>\n<p>A advogada Paula Ravanelli, assessora especial da Subchefia de Assuntos Federativos da Presid\u00eancia Rep\u00fablica, fez uma apresenta\u00e7\u00e3o com um detalhamento jur\u00eddico da forma\u00e7\u00e3o dos cons\u00f3rcios p\u00fablicos aos prefeitos e vereadores. \u201cO cons\u00f3rcio \u00e9 aprovado por lei e perdura para al\u00e9m do mandato do atual prefeito\u201d, destacou a representante do Governo Federal.<\/p>\n<p>Ela citou experi\u00eancias importantes que v\u00eam sendo realizadas pelo Brasil gra\u00e7as \u00e0 uni\u00e3o dos munic\u00edpios em torno de projetos de saneamento b\u00e1sico, sa\u00fade e infra-estrutura. \u201c\u00c9 importante que as a\u00e7\u00f5es desenvolvidos pelo cons\u00f3rcio sejam definidas desde o in\u00edcio de sua implanta\u00e7\u00e3o\u201d, afirmou a advogada.<\/p>\n<p>O prefeito Almeida lembrou que a minuta do estatuto do Cons\u00f3rcio do Alto Tiet\u00ea foi inspirada no Cons\u00f3rcio do ABC. Segundo ele, a expectativa \u00e9 que o documento seja conclu\u00eddo at\u00e9 outubro, com a concord\u00e2ncia dos departamentos jur\u00eddicos de todas as prefeituras da Amat. \u201c\u00c9 melhor dedicar um tempo maior ao documento agora para n\u00e3o ter de fazer altera\u00e7\u00f5es depois que o projeto de lei estiver nas c\u00e2maras municipais\u201d, afirmou o prefeito de Guarulhos.<\/p>\n<p>A pr\u00f3xima reuni\u00e3o da Amat ser\u00e1 realizada em 14 de setembro, em Sales\u00f3polis. Os 11 munic\u00edpios que comp\u00f5em a associa\u00e7\u00e3o s\u00e3o Guarulhos, Mogi das Cruzes, Suzano, Po\u00e1, Ferraz de Vasconcelos, Itaquecetuba, Sales\u00f3polis, Biritiba Mirim, Santa Isabel, Aruj\u00e1 e Guararema.<\/p>\n","protected":false},"excerpt":{"rendered":"Representantes das c\u00e2maras municipais de 11 cidades do Alto Tiet\u00ea participaram, nesta segunda-feira, 10, da 37\u00aa Reuni\u00e3o Ordin\u00e1ria da Associa\u00e7\u00e3o dos Munic\u00edpios do \n<a class=\"moretag\" href=\"https:\/\/www.aceguarulhos.com.br\/blog\/amat-convida-vereadores-para-discutir-projeto-de-cons%c3%b3rcio\/\"> [...]<\/a>","protected":false},"author":8,"featured_media":0,"comment_status":"open","ping_status":"open","sticky":false,"template":"","format":"standard","meta":{"footnotes":""},"categories":[2],"tags":[],"class_list":["post-35316","post","type-post","status-publish","format-standard","hentry","category-noticias"],"yoast_head":"<!-- This site is optimized with the Yoast SEO plugin v28.1 - https:\/\/yoast.com\/product\/yoast-seo-wordpress\/ -->\n<title>Amat convida vereadores para discutir projeto de cons\u00f3rcio - ACE-Guarulhos<\/title>\n<meta name=\"robots\" content=\"index, follow, max-snippet:-1, max-image-preview:large, max-video-preview:-1\" \/>\n<link rel=\"canonical\" href=\"https:\/\/www.aceguarulhos.com.br\/blog\/amat-convida-vereadores-para-discutir-projeto-de-cons\u00f3rcio\/\" \/>\n<meta property=\"og:locale\" content=\"pt_BR\" \/>\n<meta property=\"og:type\" content=\"article\" \/>\n<meta property=\"og:title\" content=\"Amat convida vereadores para discutir projeto de cons\u00f3rcio - ACE-Guarulhos\" \/>\n<meta property=\"og:description\" content=\"Representantes das c\u00e2maras municipais de 11 cidades do Alto Tiet\u00ea participaram, nesta segunda-feira, 10, da 37\u00aa Reuni\u00e3o Ordin\u00e1ria da Associa\u00e7\u00e3o dos Munic\u00edpios do\" \/>\n<meta property=\"og:url\" content=\"https:\/\/www.aceguarulhos.com.br\/blog\/amat-convida-vereadores-para-discutir-projeto-de-cons\u00f3rcio\/\" \/>\n<meta property=\"og:site_name\" content=\"ACE-Guarulhos\" \/>\n<meta property=\"article:publisher\" content=\"https:\/\/www.facebook.com\/aceguarulhos\/\" \/>\n<meta property=\"article:published_time\" content=\"2009-08-11T10:27:30+00:00\" \/>\n<meta name=\"author\" content=\"Assessoria de Imprensa ACE-Guarulhos\" \/>\n<meta name=\"twitter:card\" content=\"summary_large_image\" \/>\n<meta name=\"twitter:label1\" content=\"Escrito por\" \/>\n\t<meta name=\"twitter:data1\" content=\"Assessoria de Imprensa ACE-Guarulhos\" \/>\n\t<meta name=\"twitter:label2\" content=\"Est. tempo de leitura\" \/>\n\t<meta name=\"twitter:data2\" content=\"2 minutos\" \/>\n<script type=\"application\/ld+json\" class=\"yoast-schema-graph\">{\"@context\":\"https:\\\/\\\/schema.org\",\"@graph\":[{\"@type\":\"Article\",\"@id\":\"https:\\\/\\\/www.aceguarulhos.com.br\\\/blog\\\/amat-convida-vereadores-para-discutir-projeto-de-cons%c3%b3rcio\\\/#article\",\"isPartOf\":{\"@id\":\"https:\\\/\\\/www.aceguarulhos.com.br\\\/blog\\\/amat-convida-vereadores-para-discutir-projeto-de-cons%c3%b3rcio\\\/\"},\"author\":{\"name\":\"Assessoria de Imprensa ACE-Guarulhos\",\"@id\":\"https:\\\/\\\/www.aceguarulhos.com.br\\\/blog\\\/#\\\/schema\\\/person\\\/6983b51bad37489989e4f09698c26237\"},\"headline\":\"Amat convida vereadores para discutir projeto de cons\u00f3rcio\",\"datePublished\":\"2009-08-11T10:27:30+00:00\",\"mainEntityOfPage\":{\"@id\":\"https:\\\/\\\/www.aceguarulhos.com.br\\\/blog\\\/amat-convida-vereadores-para-discutir-projeto-de-cons%c3%b3rcio\\\/\"},\"wordCount\":392,\"commentCount\":0,\"publisher\":{\"@id\":\"https:\\\/\\\/www.aceguarulhos.com.br\\\/blog\\\/#organization\"},\"articleSection\":[\"Not\u00edcias\"],\"inLanguage\":\"pt-BR\"},{\"@type\":\"WebPage\",\"@id\":\"https:\\\/\\\/www.aceguarulhos.com.br\\\/blog\\\/amat-convida-vereadores-para-discutir-projeto-de-cons%c3%b3rcio\\\/\",\"url\":\"https:\\\/\\\/www.aceguarulhos.com.br\\\/blog\\\/amat-convida-vereadores-para-discutir-projeto-de-cons%c3%b3rcio\\\/\",\"name\":\"Amat convida vereadores para discutir projeto de cons\u00f3rcio - ACE-Guarulhos\",\"isPartOf\":{\"@id\":\"https:\\\/\\\/www.aceguarulhos.com.br\\\/blog\\\/#website\"},\"datePublished\":\"2009-08-11T10:27:30+00:00\",\"breadcrumb\":{\"@id\":\"https:\\\/\\\/www.aceguarulhos.com.br\\\/blog\\\/amat-convida-vereadores-para-discutir-projeto-de-cons%c3%b3rcio\\\/#breadcrumb\"},\"inLanguage\":\"pt-BR\",\"potentialAction\":[{\"@type\":\"ReadAction\",\"target\":[\"https:\\\/\\\/www.aceguarulhos.com.br\\\/blog\\\/amat-convida-vereadores-para-discutir-projeto-de-cons%c3%b3rcio\\\/\"]}]},{\"@type\":\"BreadcrumbList\",\"@id\":\"https:\\\/\\\/www.aceguarulhos.com.br\\\/blog\\\/amat-convida-vereadores-para-discutir-projeto-de-cons%c3%b3rcio\\\/#breadcrumb\",\"itemListElement\":[{\"@type\":\"ListItem\",\"position\":1,\"name\":\"In\u00edcio\",\"item\":\"https:\\\/\\\/www.aceguarulhos.com.br\\\/blog\\\/\"},{\"@type\":\"ListItem\",\"position\":2,\"name\":\"Amat convida vereadores para discutir projeto de cons\u00f3rcio\"}]},{\"@type\":\"WebSite\",\"@id\":\"https:\\\/\\\/www.aceguarulhos.com.br\\\/blog\\\/#website\",\"url\":\"https:\\\/\\\/www.aceguarulhos.com.br\\\/blog\\\/\",\"name\":\"ACE-Guarulhos\",\"description\":\"A ACE-Guarulhos \u00e9 uma associa\u00e7\u00e3o que ap\u00f3ia os empres\u00e1rios guarulhenses atrav\u00e9s da representa\u00e7\u00e3o, da gera\u00e7\u00e3o de neg\u00f3cios e presta\u00e7\u00e3o de servi\u00e7os.\",\"publisher\":{\"@id\":\"https:\\\/\\\/www.aceguarulhos.com.br\\\/blog\\\/#organization\"},\"potentialAction\":[{\"@type\":\"SearchAction\",\"target\":{\"@type\":\"EntryPoint\",\"urlTemplate\":\"https:\\\/\\\/www.aceguarulhos.com.br\\\/blog\\\/?s={search_term_string}\"},\"query-input\":{\"@type\":\"PropertyValueSpecification\",\"valueRequired\":true,\"valueName\":\"search_term_string\"}}],\"inLanguage\":\"pt-BR\"},{\"@type\":\"Organization\",\"@id\":\"https:\\\/\\\/www.aceguarulhos.com.br\\\/blog\\\/#organization\",\"name\":\"ACE-Guarulhos\",\"url\":\"https:\\\/\\\/www.aceguarulhos.com.br\\\/blog\\\/\",\"logo\":{\"@type\":\"ImageObject\",\"inLanguage\":\"pt-BR\",\"@id\":\"https:\\\/\\\/www.aceguarulhos.com.br\\\/blog\\\/#\\\/schema\\\/logo\\\/image\\\/\",\"url\":\"https:\\\/\\\/www.aceguarulhos.com.br\\\/blog\\\/wp-content\\\/uploads\\\/2017\\\/12\\\/logo-aceguarulhos-2018.png\",\"contentUrl\":\"https:\\\/\\\/www.aceguarulhos.com.br\\\/blog\\\/wp-content\\\/uploads\\\/2017\\\/12\\\/logo-aceguarulhos-2018.png\",\"width\":419,\"height\":76,\"caption\":\"ACE-Guarulhos\"},\"image\":{\"@id\":\"https:\\\/\\\/www.aceguarulhos.com.br\\\/blog\\\/#\\\/schema\\\/logo\\\/image\\\/\"},\"sameAs\":[\"https:\\\/\\\/www.facebook.com\\\/aceguarulhos\\\/\",\"https:\\\/\\\/br.linkedin.com\\\/in\\\/ace-guarulhos-b9a97093\",\"https:\\\/\\\/www.youtube.com\\\/user\\\/aceguarulhos\"]},{\"@type\":\"Person\",\"@id\":\"https:\\\/\\\/www.aceguarulhos.com.br\\\/blog\\\/#\\\/schema\\\/person\\\/6983b51bad37489989e4f09698c26237\",\"name\":\"Assessoria de Imprensa ACE-Guarulhos\",\"image\":{\"@type\":\"ImageObject\",\"inLanguage\":\"pt-BR\",\"@id\":\"https:\\\/\\\/secure.gravatar.com\\\/avatar\\\/707f3fadd6918afeb64173ab22d8a8cb0676953098a4f31ff36dc2b4c699ef6a?s=96&d=mm&r=g\",\"url\":\"https:\\\/\\\/secure.gravatar.com\\\/avatar\\\/707f3fadd6918afeb64173ab22d8a8cb0676953098a4f31ff36dc2b4c699ef6a?s=96&d=mm&r=g\",\"contentUrl\":\"https:\\\/\\\/secure.gravatar.com\\\/avatar\\\/707f3fadd6918afeb64173ab22d8a8cb0676953098a4f31ff36dc2b4c699ef6a?s=96&d=mm&r=g\",\"caption\":\"Assessoria de Imprensa ACE-Guarulhos\"},\"url\":\"https:\\\/\\\/www.aceguarulhos.com.br\\\/blog\\\/author\\\/assessoria-de-imprensa-ace-guarulhos\\\/\"}]}<\/script>\n<!-- \/ Yoast SEO plugin. -->","yoast_head_json":{"title":"Amat convida vereadores para discutir projeto de cons\u00f3rcio - ACE-Guarulhos","robots":{"index":"index","follow":"follow","max-snippet":"max-snippet:-1","max-image-preview":"max-image-preview:large","max-video-preview":"max-video-preview:-1"},"canonical":"https:\/\/www.aceguarulhos.com.br\/blog\/amat-convida-vereadores-para-discutir-projeto-de-cons\u00f3rcio\/","og_locale":"pt_BR","og_type":"article","og_title":"Amat convida vereadores para discutir projeto de cons\u00f3rcio - ACE-Guarulhos","og_description":"Representantes das c\u00e2maras municipais de 11 cidades do Alto Tiet\u00ea participaram, nesta segunda-feira, 10, da 37\u00aa Reuni\u00e3o Ordin\u00e1ria da Associa\u00e7\u00e3o dos Munic\u00edpios do","og_url":"https:\/\/www.aceguarulhos.com.br\/blog\/amat-convida-vereadores-para-discutir-projeto-de-cons\u00f3rcio\/","og_site_name":"ACE-Guarulhos","article_publisher":"https:\/\/www.facebook.com\/aceguarulhos\/","article_published_time":"2009-08-11T10:27:30+00:00","author":"Assessoria de Imprensa ACE-Guarulhos","twitter_card":"summary_large_image","twitter_misc":{"Escrito por":"Assessoria de Imprensa ACE-Guarulhos","Est. tempo de leitura":"2 minutos"},"schema":{"@context":"https:\/\/schema.org","@graph":[{"@type":"Article","@id":"https:\/\/www.aceguarulhos.com.br\/blog\/amat-convida-vereadores-para-discutir-projeto-de-cons%c3%b3rcio\/#article","isPartOf":{"@id":"https:\/\/www.aceguarulhos.com.br\/blog\/amat-convida-vereadores-para-discutir-projeto-de-cons%c3%b3rcio\/"},"author":{"name":"Assessoria de Imprensa ACE-Guarulhos","@id":"https:\/\/www.aceguarulhos.com.br\/blog\/#\/schema\/person\/6983b51bad37489989e4f09698c26237"},"headline":"Amat convida vereadores para discutir projeto de cons\u00f3rcio","datePublished":"2009-08-11T10:27:30+00:00","mainEntityOfPage":{"@id":"https:\/\/www.aceguarulhos.com.br\/blog\/amat-convida-vereadores-para-discutir-projeto-de-cons%c3%b3rcio\/"},"wordCount":392,"commentCount":0,"publisher":{"@id":"https:\/\/www.aceguarulhos.com.br\/blog\/#organization"},"articleSection":["Not\u00edcias"],"inLanguage":"pt-BR"},{"@type":"WebPage","@id":"https:\/\/www.aceguarulhos.com.br\/blog\/amat-convida-vereadores-para-discutir-projeto-de-cons%c3%b3rcio\/","url":"https:\/\/www.aceguarulhos.com.br\/blog\/amat-convida-vereadores-para-discutir-projeto-de-cons%c3%b3rcio\/","name":"Amat convida vereadores para discutir projeto de cons\u00f3rcio - ACE-Guarulhos","isPartOf":{"@id":"https:\/\/www.aceguarulhos.com.br\/blog\/#website"},"datePublished":"2009-08-11T10:27:30+00:00","breadcrumb":{"@id":"https:\/\/www.aceguarulhos.com.br\/blog\/amat-convida-vereadores-para-discutir-projeto-de-cons%c3%b3rcio\/#breadcrumb"},"inLanguage":"pt-BR","potentialAction":[{"@type":"ReadAction","target":["https:\/\/www.aceguarulhos.com.br\/blog\/amat-convida-vereadores-para-discutir-projeto-de-cons%c3%b3rcio\/"]}]},{"@type":"BreadcrumbList","@id":"https:\/\/www.aceguarulhos.com.br\/blog\/amat-convida-vereadores-para-discutir-projeto-de-cons%c3%b3rcio\/#breadcrumb","itemListElement":[{"@type":"ListItem","position":1,"name":"In\u00edcio","item":"https:\/\/www.aceguarulhos.com.br\/blog\/"},{"@type":"ListItem","position":2,"name":"Amat convida vereadores para discutir projeto de cons\u00f3rcio"}]},{"@type":"WebSite","@id":"https:\/\/www.aceguarulhos.com.br\/blog\/#website","url":"https:\/\/www.aceguarulhos.com.br\/blog\/","name":"ACE-Guarulhos","description":"A ACE-Guarulhos \u00e9 uma associa\u00e7\u00e3o que ap\u00f3ia os empres\u00e1rios guarulhenses atrav\u00e9s da representa\u00e7\u00e3o, da gera\u00e7\u00e3o de neg\u00f3cios e presta\u00e7\u00e3o de servi\u00e7os.","publisher":{"@id":"https:\/\/www.aceguarulhos.com.br\/blog\/#organization"},"potentialAction":[{"@type":"SearchAction","target":{"@type":"EntryPoint","urlTemplate":"https:\/\/www.aceguarulhos.com.br\/blog\/?s={search_term_string}"},"query-input":{"@type":"PropertyValueSpecification","valueRequired":true,"valueName":"search_term_string"}}],"inLanguage":"pt-BR"},{"@type":"Organization","@id":"https:\/\/www.aceguarulhos.com.br\/blog\/#organization","name":"ACE-Guarulhos","url":"https:\/\/www.aceguarulhos.com.br\/blog\/","logo":{"@type":"ImageObject","inLanguage":"pt-BR","@id":"https:\/\/www.aceguarulhos.com.br\/blog\/#\/schema\/logo\/image\/","url":"https:\/\/www.aceguarulhos.com.br\/blog\/wp-content\/uploads\/2017\/12\/logo-aceguarulhos-2018.png","contentUrl":"https:\/\/www.aceguarulhos.com.br\/blog\/wp-content\/uploads\/2017\/12\/logo-aceguarulhos-2018.png","width":419,"height":76,"caption":"ACE-Guarulhos"},"image":{"@id":"https:\/\/www.aceguarulhos.com.br\/blog\/#\/schema\/logo\/image\/"},"sameAs":["https:\/\/www.facebook.com\/aceguarulhos\/","https:\/\/br.linkedin.com\/in\/ace-guarulhos-b9a97093","https:\/\/www.youtube.com\/user\/aceguarulhos"]},{"@type":"Person","@id":"https:\/\/www.aceguarulhos.com.br\/blog\/#\/schema\/person\/6983b51bad37489989e4f09698c26237","name":"Assessoria de Imprensa ACE-Guarulhos","image":{"@type":"ImageObject","inLanguage":"pt-BR","@id":"https:\/\/secure.gravatar.com\/avatar\/707f3fadd6918afeb64173ab22d8a8cb0676953098a4f31ff36dc2b4c699ef6a?s=96&d=mm&r=g","url":"https:\/\/secure.gravatar.com\/avatar\/707f3fadd6918afeb64173ab22d8a8cb0676953098a4f31ff36dc2b4c699ef6a?s=96&d=mm&r=g","contentUrl":"https:\/\/secure.gravatar.com\/avatar\/707f3fadd6918afeb64173ab22d8a8cb0676953098a4f31ff36dc2b4c699ef6a?s=96&d=mm&r=g","caption":"Assessoria de Imprensa ACE-Guarulhos"},"url":"https:\/\/www.aceguarulhos.com.br\/blog\/author\/assessoria-de-imprensa-ace-guarulhos\/"}]}},"wps_subtitle":"","amp_enabled":true,"_links":{"self":[{"href":"https:\/\/www.aceguarulhos.com.br\/blog\/wp-json\/wp\/v2\/posts\/35316","targetHints":{"allow":["GET"]}}],"collection":[{"href":"https:\/\/www.aceguarulhos.com.br\/blog\/wp-json\/wp\/v2\/posts"}],"about":[{"href":"https:\/\/www.aceguarulhos.com.br\/blog\/wp-json\/wp\/v2\/types\/post"}],"author":[{"embeddable":true,"href":"https:\/\/www.aceguarulhos.com.br\/blog\/wp-json\/wp\/v2\/users\/8"}],"replies":[{"embeddable":true,"href":"https:\/\/www.aceguarulhos.com.br\/blog\/wp-json\/wp\/v2\/comments?post=35316"}],"version-history":[{"count":0,"href":"https:\/\/www.aceguarulhos.com.br\/blog\/wp-json\/wp\/v2\/posts\/35316\/revisions"}],"wp:attachment":[{"href":"https:\/\/www.aceguarulhos.com.br\/blog\/wp-json\/wp\/v2\/media?parent=35316"}],"wp:term":[{"taxonomy":"category","embeddable":true,"href":"https:\/\/www.aceguarulhos.com.br\/blog\/wp-json\/wp\/v2\/categories?post=35316"},{"taxonomy":"post_tag","embeddable":true,"href":"https:\/\/www.aceguarulhos.com.br\/blog\/wp-json\/wp\/v2\/tags?post=35316"}],"curies":[{"name":"wp","href":"https:\/\/api.w.org\/{rel}","templated":true}]}}