{"id":35294,"date":"2009-08-05T15:40:52","date_gmt":"2009-08-05T15:40:52","guid":{"rendered":"http:\/\/www.aceguarulhos.com.br\/blog\/?p=35294"},"modified":"-0001-11-30T00:00:00","modified_gmt":"-0001-11-30T03:00:00","slug":"ace-quer-redu%c3%a7%c3%a3o-da-tarifa-m%c3%adnima-de-%c3%a1gua-para-o-com%c3%a9rcio-opine","status":"publish","type":"post","link":"https:\/\/www.aceguarulhos.com.br\/blog\/ace-quer-redu%c3%a7%c3%a3o-da-tarifa-m%c3%adnima-de-%c3%a1gua-para-o-com%c3%a9rcio-opine\/","title":{"rendered":"ACE quer redu\u00e7\u00e3o da tarifa m\u00ednima de \u00e1gua para o com\u00e9rcio. Opine!"},"content":{"rendered":"<p>Ap\u00f3s diversas reclama\u00e7\u00f5es de associados \u00e0 Associa\u00e7\u00e3o Comercial e Empresarial de Guarulhos (ACE) quanto \u00e0 cobran\u00e7a da tarifa m\u00ednima de \u00e1gua aos estabelecimentos comerciais por parte do Servi\u00e7o Aut\u00f4nomo de \u00c1gua e Esgoto (SAAE), o presidente Wilson Louren\u00e7o se reuniu no final de julho, na sede da autarquia, com o superintendente do SAAE, Jo\u00e3o Roberto Rocha Moraes, e entregou um of\u00edcio solicitando a extin\u00e7\u00e3o da taxa.<\/p>\n<p><center><\/p>\n<p class=\"midia\" style=\"width: 420px;\"><img loading=\"lazy\" decoding=\"async\" src=\"\/blog\/wp-content\/uploads\/image.php?x=i&amp;i1=100&amp;i2=20090805162947\" title=\"Marketing\/ACE\" width=\"420\" height=\"518\"><br \/>Conta de associado que apresentou zero de consumo<\/p>\n<p><\/center><\/p>\n<p>Na ocasi\u00e3o, Louren\u00e7o mostrou ao superintendente do SAAE c\u00f3pias de contas de \u00e1gua em que o consumo de muitos empreendedores n\u00e3o chegava ao m\u00ednimo de 10m\u00b3 e mesmo assim pagam R$ 47,08 por m\u00eas. Apesar de entender que a cobran\u00e7a da tarifa m\u00ednima \u00e9 amparada por legisla\u00e7\u00e3o municipal, o presidente da ACE pediu um estudo do caso por parte da autarquia.<\/p>\n<p><center><\/p>\n<p class=\"midia\" style=\"width: 420px;\"><img loading=\"lazy\" decoding=\"async\" src=\"\/blog\/wp-content\/uploads\/image.php?x=i&amp;i1=100&amp;i2=20090805163028\" title=\"Imprensa\/ACE\" width=\"420\" height=\"509\"><br \/>Conta de associado que apresentou 1 m\u00b3 de consumo e mesmo assim foi faturado 10m\u00b3 (tarifa m\u00ednima)<\/p>\n<p><\/center><\/p>\n<p> Por conta da reivindica\u00e7\u00e3o, \u00e0 Associa\u00e7\u00e3o Comercial quer saber a sua opini\u00e3o sobre o assunto. Para isto, a entidade abre este espa\u00e7o para voc\u00ea se manifestar sobre o assunto, atrav\u00e9s do <b>formul\u00e1rio eletr\u00f4nico abaixo<\/b>, e ainda enviar para a Casa do Empreendedor \u2013 sede da entidade \u2013 uma c\u00f3pia de sua conta de \u00e1gua para o e-mail <a href=\"tarifaminima@aceguarulhos.com.br\">tarifaminima@aceguarulhos.com.br<\/a> ou para o fax <b>(11) 2137-9335<\/b>. Mais informa\u00e7\u00f5es pelo telefone: (11) 2137-9333.<\/p>\n","protected":false},"excerpt":{"rendered":"Ap\u00f3s diversas reclama\u00e7\u00f5es de associados \u00e0 Associa\u00e7\u00e3o Comercial e Empresarial de Guarulhos (ACE) quanto \u00e0 cobran\u00e7a da tarifa m\u00ednima de \u00e1gua aos estabelecimentos \n<a class=\"moretag\" href=\"https:\/\/www.aceguarulhos.com.br\/blog\/ace-quer-redu%c3%a7%c3%a3o-da-tarifa-m%c3%adnima-de-%c3%a1gua-para-o-com%c3%a9rcio-opine\/\"> [...]<\/a>","protected":false},"author":8,"featured_media":0,"comment_status":"open","ping_status":"open","sticky":false,"template":"","format":"standard","meta":{"footnotes":""},"categories":[2],"tags":[],"class_list":["post-35294","post","type-post","status-publish","format-standard","hentry","category-noticias"],"yoast_head":"<!-- This site is optimized with the Yoast SEO plugin v28.1 - https:\/\/yoast.com\/product\/yoast-seo-wordpress\/ -->\n<title>ACE quer redu\u00e7\u00e3o da tarifa m\u00ednima de \u00e1gua para o com\u00e9rcio. Opine! - ACE-Guarulhos<\/title>\n<meta name=\"robots\" content=\"index, follow, max-snippet:-1, max-image-preview:large, max-video-preview:-1\" \/>\n<link rel=\"canonical\" href=\"https:\/\/www.aceguarulhos.com.br\/blog\/ace-quer-redu\u00e7\u00e3o-da-tarifa-m\u00ednima-de-\u00e1gua-para-o-com\u00e9rcio-opine\/\" \/>\n<meta property=\"og:locale\" content=\"pt_BR\" \/>\n<meta property=\"og:type\" content=\"article\" \/>\n<meta property=\"og:title\" content=\"ACE quer redu\u00e7\u00e3o da tarifa m\u00ednima de \u00e1gua para o com\u00e9rcio. Opine! - ACE-Guarulhos\" \/>\n<meta property=\"og:description\" content=\"Ap\u00f3s diversas reclama\u00e7\u00f5es de associados \u00e0 Associa\u00e7\u00e3o Comercial e Empresarial de Guarulhos (ACE) quanto \u00e0 cobran\u00e7a da tarifa m\u00ednima de \u00e1gua aos estabelecimentos\" \/>\n<meta property=\"og:url\" content=\"https:\/\/www.aceguarulhos.com.br\/blog\/ace-quer-redu\u00e7\u00e3o-da-tarifa-m\u00ednima-de-\u00e1gua-para-o-com\u00e9rcio-opine\/\" \/>\n<meta property=\"og:site_name\" content=\"ACE-Guarulhos\" \/>\n<meta property=\"article:publisher\" content=\"https:\/\/www.facebook.com\/aceguarulhos\/\" \/>\n<meta property=\"article:published_time\" content=\"2009-08-05T15:40:52+00:00\" \/>\n<meta property=\"og:image\" content=\"https:\/\/www.aceguarulhos.com.br\/blog\/wp-content\/uploads\/image.php\" \/>\n<meta name=\"author\" content=\"Assessoria de Imprensa ACE-Guarulhos\" \/>\n<meta name=\"twitter:card\" content=\"summary_large_image\" \/>\n<meta name=\"twitter:label1\" content=\"Escrito por\" \/>\n\t<meta name=\"twitter:data1\" content=\"Assessoria de Imprensa ACE-Guarulhos\" \/>\n\t<meta name=\"twitter:label2\" content=\"Est. tempo de leitura\" \/>\n\t<meta name=\"twitter:data2\" content=\"1 minuto\" \/>\n<script type=\"application\/ld+json\" class=\"yoast-schema-graph\">{\"@context\":\"https:\\\/\\\/schema.org\",\"@graph\":[{\"@type\":\"Article\",\"@id\":\"https:\\\/\\\/www.aceguarulhos.com.br\\\/blog\\\/ace-quer-redu%c3%a7%c3%a3o-da-tarifa-m%c3%adnima-de-%c3%a1gua-para-o-com%c3%a9rcio-opine\\\/#article\",\"isPartOf\":{\"@id\":\"https:\\\/\\\/www.aceguarulhos.com.br\\\/blog\\\/ace-quer-redu%c3%a7%c3%a3o-da-tarifa-m%c3%adnima-de-%c3%a1gua-para-o-com%c3%a9rcio-opine\\\/\"},\"author\":{\"name\":\"Assessoria de Imprensa ACE-Guarulhos\",\"@id\":\"https:\\\/\\\/www.aceguarulhos.com.br\\\/blog\\\/#\\\/schema\\\/person\\\/6983b51bad37489989e4f09698c26237\"},\"headline\":\"ACE quer redu\u00e7\u00e3o da tarifa m\u00ednima de \u00e1gua para o com\u00e9rcio. Opine!\",\"datePublished\":\"2009-08-05T15:40:52+00:00\",\"mainEntityOfPage\":{\"@id\":\"https:\\\/\\\/www.aceguarulhos.com.br\\\/blog\\\/ace-quer-redu%c3%a7%c3%a3o-da-tarifa-m%c3%adnima-de-%c3%a1gua-para-o-com%c3%a9rcio-opine\\\/\"},\"wordCount\":260,\"commentCount\":0,\"publisher\":{\"@id\":\"https:\\\/\\\/www.aceguarulhos.com.br\\\/blog\\\/#organization\"},\"articleSection\":[\"Not\u00edcias\"],\"inLanguage\":\"pt-BR\"},{\"@type\":\"WebPage\",\"@id\":\"https:\\\/\\\/www.aceguarulhos.com.br\\\/blog\\\/ace-quer-redu%c3%a7%c3%a3o-da-tarifa-m%c3%adnima-de-%c3%a1gua-para-o-com%c3%a9rcio-opine\\\/\",\"url\":\"https:\\\/\\\/www.aceguarulhos.com.br\\\/blog\\\/ace-quer-redu%c3%a7%c3%a3o-da-tarifa-m%c3%adnima-de-%c3%a1gua-para-o-com%c3%a9rcio-opine\\\/\",\"name\":\"ACE quer redu\u00e7\u00e3o da tarifa m\u00ednima de \u00e1gua para o com\u00e9rcio. Opine! - ACE-Guarulhos\",\"isPartOf\":{\"@id\":\"https:\\\/\\\/www.aceguarulhos.com.br\\\/blog\\\/#website\"},\"datePublished\":\"2009-08-05T15:40:52+00:00\",\"breadcrumb\":{\"@id\":\"https:\\\/\\\/www.aceguarulhos.com.br\\\/blog\\\/ace-quer-redu%c3%a7%c3%a3o-da-tarifa-m%c3%adnima-de-%c3%a1gua-para-o-com%c3%a9rcio-opine\\\/#breadcrumb\"},\"inLanguage\":\"pt-BR\",\"potentialAction\":[{\"@type\":\"ReadAction\",\"target\":[\"https:\\\/\\\/www.aceguarulhos.com.br\\\/blog\\\/ace-quer-redu%c3%a7%c3%a3o-da-tarifa-m%c3%adnima-de-%c3%a1gua-para-o-com%c3%a9rcio-opine\\\/\"]}]},{\"@type\":\"BreadcrumbList\",\"@id\":\"https:\\\/\\\/www.aceguarulhos.com.br\\\/blog\\\/ace-quer-redu%c3%a7%c3%a3o-da-tarifa-m%c3%adnima-de-%c3%a1gua-para-o-com%c3%a9rcio-opine\\\/#breadcrumb\",\"itemListElement\":[{\"@type\":\"ListItem\",\"position\":1,\"name\":\"In\u00edcio\",\"item\":\"https:\\\/\\\/www.aceguarulhos.com.br\\\/blog\\\/\"},{\"@type\":\"ListItem\",\"position\":2,\"name\":\"ACE quer redu\u00e7\u00e3o da tarifa m\u00ednima de \u00e1gua para o com\u00e9rcio. Opine!\"}]},{\"@type\":\"WebSite\",\"@id\":\"https:\\\/\\\/www.aceguarulhos.com.br\\\/blog\\\/#website\",\"url\":\"https:\\\/\\\/www.aceguarulhos.com.br\\\/blog\\\/\",\"name\":\"ACE-Guarulhos\",\"description\":\"A ACE-Guarulhos \u00e9 uma associa\u00e7\u00e3o que ap\u00f3ia os empres\u00e1rios guarulhenses atrav\u00e9s da representa\u00e7\u00e3o, da gera\u00e7\u00e3o de neg\u00f3cios e presta\u00e7\u00e3o de servi\u00e7os.\",\"publisher\":{\"@id\":\"https:\\\/\\\/www.aceguarulhos.com.br\\\/blog\\\/#organization\"},\"potentialAction\":[{\"@type\":\"SearchAction\",\"target\":{\"@type\":\"EntryPoint\",\"urlTemplate\":\"https:\\\/\\\/www.aceguarulhos.com.br\\\/blog\\\/?s={search_term_string}\"},\"query-input\":{\"@type\":\"PropertyValueSpecification\",\"valueRequired\":true,\"valueName\":\"search_term_string\"}}],\"inLanguage\":\"pt-BR\"},{\"@type\":\"Organization\",\"@id\":\"https:\\\/\\\/www.aceguarulhos.com.br\\\/blog\\\/#organization\",\"name\":\"ACE-Guarulhos\",\"url\":\"https:\\\/\\\/www.aceguarulhos.com.br\\\/blog\\\/\",\"logo\":{\"@type\":\"ImageObject\",\"inLanguage\":\"pt-BR\",\"@id\":\"https:\\\/\\\/www.aceguarulhos.com.br\\\/blog\\\/#\\\/schema\\\/logo\\\/image\\\/\",\"url\":\"https:\\\/\\\/www.aceguarulhos.com.br\\\/blog\\\/wp-content\\\/uploads\\\/2017\\\/12\\\/logo-aceguarulhos-2018.png\",\"contentUrl\":\"https:\\\/\\\/www.aceguarulhos.com.br\\\/blog\\\/wp-content\\\/uploads\\\/2017\\\/12\\\/logo-aceguarulhos-2018.png\",\"width\":419,\"height\":76,\"caption\":\"ACE-Guarulhos\"},\"image\":{\"@id\":\"https:\\\/\\\/www.aceguarulhos.com.br\\\/blog\\\/#\\\/schema\\\/logo\\\/image\\\/\"},\"sameAs\":[\"https:\\\/\\\/www.facebook.com\\\/aceguarulhos\\\/\",\"https:\\\/\\\/br.linkedin.com\\\/in\\\/ace-guarulhos-b9a97093\",\"https:\\\/\\\/www.youtube.com\\\/user\\\/aceguarulhos\"]},{\"@type\":\"Person\",\"@id\":\"https:\\\/\\\/www.aceguarulhos.com.br\\\/blog\\\/#\\\/schema\\\/person\\\/6983b51bad37489989e4f09698c26237\",\"name\":\"Assessoria de Imprensa ACE-Guarulhos\",\"image\":{\"@type\":\"ImageObject\",\"inLanguage\":\"pt-BR\",\"@id\":\"https:\\\/\\\/secure.gravatar.com\\\/avatar\\\/707f3fadd6918afeb64173ab22d8a8cb0676953098a4f31ff36dc2b4c699ef6a?s=96&d=mm&r=g\",\"url\":\"https:\\\/\\\/secure.gravatar.com\\\/avatar\\\/707f3fadd6918afeb64173ab22d8a8cb0676953098a4f31ff36dc2b4c699ef6a?s=96&d=mm&r=g\",\"contentUrl\":\"https:\\\/\\\/secure.gravatar.com\\\/avatar\\\/707f3fadd6918afeb64173ab22d8a8cb0676953098a4f31ff36dc2b4c699ef6a?s=96&d=mm&r=g\",\"caption\":\"Assessoria de Imprensa ACE-Guarulhos\"},\"url\":\"https:\\\/\\\/www.aceguarulhos.com.br\\\/blog\\\/author\\\/assessoria-de-imprensa-ace-guarulhos\\\/\"}]}<\/script>\n<!-- \/ Yoast SEO plugin. -->","yoast_head_json":{"title":"ACE quer redu\u00e7\u00e3o da tarifa m\u00ednima de \u00e1gua para o com\u00e9rcio. Opine! - ACE-Guarulhos","robots":{"index":"index","follow":"follow","max-snippet":"max-snippet:-1","max-image-preview":"max-image-preview:large","max-video-preview":"max-video-preview:-1"},"canonical":"https:\/\/www.aceguarulhos.com.br\/blog\/ace-quer-redu\u00e7\u00e3o-da-tarifa-m\u00ednima-de-\u00e1gua-para-o-com\u00e9rcio-opine\/","og_locale":"pt_BR","og_type":"article","og_title":"ACE quer redu\u00e7\u00e3o da tarifa m\u00ednima de \u00e1gua para o com\u00e9rcio. Opine! - ACE-Guarulhos","og_description":"Ap\u00f3s diversas reclama\u00e7\u00f5es de associados \u00e0 Associa\u00e7\u00e3o Comercial e Empresarial de Guarulhos (ACE) quanto \u00e0 cobran\u00e7a da tarifa m\u00ednima de \u00e1gua aos estabelecimentos","og_url":"https:\/\/www.aceguarulhos.com.br\/blog\/ace-quer-redu\u00e7\u00e3o-da-tarifa-m\u00ednima-de-\u00e1gua-para-o-com\u00e9rcio-opine\/","og_site_name":"ACE-Guarulhos","article_publisher":"https:\/\/www.facebook.com\/aceguarulhos\/","article_published_time":"2009-08-05T15:40:52+00:00","og_image":[{"url":"https:\/\/www.aceguarulhos.com.br\/blog\/wp-content\/uploads\/image.php","type":"","width":"","height":""}],"author":"Assessoria de Imprensa ACE-Guarulhos","twitter_card":"summary_large_image","twitter_misc":{"Escrito por":"Assessoria de Imprensa ACE-Guarulhos","Est. tempo de leitura":"1 minuto"},"schema":{"@context":"https:\/\/schema.org","@graph":[{"@type":"Article","@id":"https:\/\/www.aceguarulhos.com.br\/blog\/ace-quer-redu%c3%a7%c3%a3o-da-tarifa-m%c3%adnima-de-%c3%a1gua-para-o-com%c3%a9rcio-opine\/#article","isPartOf":{"@id":"https:\/\/www.aceguarulhos.com.br\/blog\/ace-quer-redu%c3%a7%c3%a3o-da-tarifa-m%c3%adnima-de-%c3%a1gua-para-o-com%c3%a9rcio-opine\/"},"author":{"name":"Assessoria de Imprensa ACE-Guarulhos","@id":"https:\/\/www.aceguarulhos.com.br\/blog\/#\/schema\/person\/6983b51bad37489989e4f09698c26237"},"headline":"ACE quer redu\u00e7\u00e3o da tarifa m\u00ednima de \u00e1gua para o com\u00e9rcio. Opine!","datePublished":"2009-08-05T15:40:52+00:00","mainEntityOfPage":{"@id":"https:\/\/www.aceguarulhos.com.br\/blog\/ace-quer-redu%c3%a7%c3%a3o-da-tarifa-m%c3%adnima-de-%c3%a1gua-para-o-com%c3%a9rcio-opine\/"},"wordCount":260,"commentCount":0,"publisher":{"@id":"https:\/\/www.aceguarulhos.com.br\/blog\/#organization"},"articleSection":["Not\u00edcias"],"inLanguage":"pt-BR"},{"@type":"WebPage","@id":"https:\/\/www.aceguarulhos.com.br\/blog\/ace-quer-redu%c3%a7%c3%a3o-da-tarifa-m%c3%adnima-de-%c3%a1gua-para-o-com%c3%a9rcio-opine\/","url":"https:\/\/www.aceguarulhos.com.br\/blog\/ace-quer-redu%c3%a7%c3%a3o-da-tarifa-m%c3%adnima-de-%c3%a1gua-para-o-com%c3%a9rcio-opine\/","name":"ACE quer redu\u00e7\u00e3o da tarifa m\u00ednima de \u00e1gua para o com\u00e9rcio. Opine! - ACE-Guarulhos","isPartOf":{"@id":"https:\/\/www.aceguarulhos.com.br\/blog\/#website"},"datePublished":"2009-08-05T15:40:52+00:00","breadcrumb":{"@id":"https:\/\/www.aceguarulhos.com.br\/blog\/ace-quer-redu%c3%a7%c3%a3o-da-tarifa-m%c3%adnima-de-%c3%a1gua-para-o-com%c3%a9rcio-opine\/#breadcrumb"},"inLanguage":"pt-BR","potentialAction":[{"@type":"ReadAction","target":["https:\/\/www.aceguarulhos.com.br\/blog\/ace-quer-redu%c3%a7%c3%a3o-da-tarifa-m%c3%adnima-de-%c3%a1gua-para-o-com%c3%a9rcio-opine\/"]}]},{"@type":"BreadcrumbList","@id":"https:\/\/www.aceguarulhos.com.br\/blog\/ace-quer-redu%c3%a7%c3%a3o-da-tarifa-m%c3%adnima-de-%c3%a1gua-para-o-com%c3%a9rcio-opine\/#breadcrumb","itemListElement":[{"@type":"ListItem","position":1,"name":"In\u00edcio","item":"https:\/\/www.aceguarulhos.com.br\/blog\/"},{"@type":"ListItem","position":2,"name":"ACE quer redu\u00e7\u00e3o da tarifa m\u00ednima de \u00e1gua para o com\u00e9rcio. Opine!"}]},{"@type":"WebSite","@id":"https:\/\/www.aceguarulhos.com.br\/blog\/#website","url":"https:\/\/www.aceguarulhos.com.br\/blog\/","name":"ACE-Guarulhos","description":"A ACE-Guarulhos \u00e9 uma associa\u00e7\u00e3o que ap\u00f3ia os empres\u00e1rios guarulhenses atrav\u00e9s da representa\u00e7\u00e3o, da gera\u00e7\u00e3o de neg\u00f3cios e presta\u00e7\u00e3o de servi\u00e7os.","publisher":{"@id":"https:\/\/www.aceguarulhos.com.br\/blog\/#organization"},"potentialAction":[{"@type":"SearchAction","target":{"@type":"EntryPoint","urlTemplate":"https:\/\/www.aceguarulhos.com.br\/blog\/?s={search_term_string}"},"query-input":{"@type":"PropertyValueSpecification","valueRequired":true,"valueName":"search_term_string"}}],"inLanguage":"pt-BR"},{"@type":"Organization","@id":"https:\/\/www.aceguarulhos.com.br\/blog\/#organization","name":"ACE-Guarulhos","url":"https:\/\/www.aceguarulhos.com.br\/blog\/","logo":{"@type":"ImageObject","inLanguage":"pt-BR","@id":"https:\/\/www.aceguarulhos.com.br\/blog\/#\/schema\/logo\/image\/","url":"https:\/\/www.aceguarulhos.com.br\/blog\/wp-content\/uploads\/2017\/12\/logo-aceguarulhos-2018.png","contentUrl":"https:\/\/www.aceguarulhos.com.br\/blog\/wp-content\/uploads\/2017\/12\/logo-aceguarulhos-2018.png","width":419,"height":76,"caption":"ACE-Guarulhos"},"image":{"@id":"https:\/\/www.aceguarulhos.com.br\/blog\/#\/schema\/logo\/image\/"},"sameAs":["https:\/\/www.facebook.com\/aceguarulhos\/","https:\/\/br.linkedin.com\/in\/ace-guarulhos-b9a97093","https:\/\/www.youtube.com\/user\/aceguarulhos"]},{"@type":"Person","@id":"https:\/\/www.aceguarulhos.com.br\/blog\/#\/schema\/person\/6983b51bad37489989e4f09698c26237","name":"Assessoria de Imprensa ACE-Guarulhos","image":{"@type":"ImageObject","inLanguage":"pt-BR","@id":"https:\/\/secure.gravatar.com\/avatar\/707f3fadd6918afeb64173ab22d8a8cb0676953098a4f31ff36dc2b4c699ef6a?s=96&d=mm&r=g","url":"https:\/\/secure.gravatar.com\/avatar\/707f3fadd6918afeb64173ab22d8a8cb0676953098a4f31ff36dc2b4c699ef6a?s=96&d=mm&r=g","contentUrl":"https:\/\/secure.gravatar.com\/avatar\/707f3fadd6918afeb64173ab22d8a8cb0676953098a4f31ff36dc2b4c699ef6a?s=96&d=mm&r=g","caption":"Assessoria de Imprensa ACE-Guarulhos"},"url":"https:\/\/www.aceguarulhos.com.br\/blog\/author\/assessoria-de-imprensa-ace-guarulhos\/"}]}},"wps_subtitle":"","amp_enabled":true,"_links":{"self":[{"href":"https:\/\/www.aceguarulhos.com.br\/blog\/wp-json\/wp\/v2\/posts\/35294","targetHints":{"allow":["GET"]}}],"collection":[{"href":"https:\/\/www.aceguarulhos.com.br\/blog\/wp-json\/wp\/v2\/posts"}],"about":[{"href":"https:\/\/www.aceguarulhos.com.br\/blog\/wp-json\/wp\/v2\/types\/post"}],"author":[{"embeddable":true,"href":"https:\/\/www.aceguarulhos.com.br\/blog\/wp-json\/wp\/v2\/users\/8"}],"replies":[{"embeddable":true,"href":"https:\/\/www.aceguarulhos.com.br\/blog\/wp-json\/wp\/v2\/comments?post=35294"}],"version-history":[{"count":0,"href":"https:\/\/www.aceguarulhos.com.br\/blog\/wp-json\/wp\/v2\/posts\/35294\/revisions"}],"wp:attachment":[{"href":"https:\/\/www.aceguarulhos.com.br\/blog\/wp-json\/wp\/v2\/media?parent=35294"}],"wp:term":[{"taxonomy":"category","embeddable":true,"href":"https:\/\/www.aceguarulhos.com.br\/blog\/wp-json\/wp\/v2\/categories?post=35294"},{"taxonomy":"post_tag","embeddable":true,"href":"https:\/\/www.aceguarulhos.com.br\/blog\/wp-json\/wp\/v2\/tags?post=35294"}],"curies":[{"name":"wp","href":"https:\/\/api.w.org\/{rel}","templated":true}]}}