{"id":35285,"date":"2009-08-04T11:05:15","date_gmt":"2009-08-04T11:05:15","guid":{"rendered":"http:\/\/www.aceguarulhos.com.br\/blog\/?p=35285"},"modified":"-0001-11-30T00:00:00","modified_gmt":"-0001-11-30T03:00:00","slug":"governistas-criticam-a-poss%c3%advel-compra-de-pr%c3%a9dios-pela-c%c3%a2mara","status":"publish","type":"post","link":"https:\/\/www.aceguarulhos.com.br\/blog\/governistas-criticam-a-poss%c3%advel-compra-de-pr%c3%a9dios-pela-c%c3%a2mara\/","title":{"rendered":"Governistas criticam a poss\u00edvel compra de pr\u00e9dios pela C\u00e2mara"},"content":{"rendered":"<p>A ideia do presidente do Legislativo, Alan Neto (PSC), de comprar os atuais pr\u00e9dios da C\u00e2mara Municipal, que s\u00e3o alugados, ao inv\u00e9s de construir uma nova estrutura na Pra\u00e7a das Pedras, foi recha\u00e7ada pela base do Governo. Reportagem exclusiva do GH na \u00faltima semana revelou que Neto decidir\u00e1 sobre o que fazer sobre este assunto apenas no pr\u00f3ximo ano. O l\u00edder do Governo no Legislativo, Z\u00e9 Lu\u00eds (PT), criticou a falta de continuidade do atual presidente ao projeto do antecessor Paulo Carvalho. &#8220;O pr\u00e9dio possui problemas de espa\u00e7o. Os gabinetes n\u00e3o s\u00e3o iguais e alguns cabem no m\u00e1ximo quatro pessoas. Construir a sede vai demorar uns seis anos, mas ser\u00e1 melhor. Est\u00e1 faltando um pouco de ousadia e humildade aos presidentes da C\u00e2mara.&#8221;<\/p>\n<p>No ano passado, a C\u00e2mara aprovou a cess\u00e3o de uma \u00e1rea da Prefeitura na Pra\u00e7a das Pedras para a constru\u00e7\u00e3o da nova sede do Legislativo. Al\u00e9m disso, a Casa de Leis e o Executivo compraram um terreno no valor de R$ 1,6 milh\u00e3o para servir de estacionamento. De acordo com o l\u00edder da bancada petista na Casa de Leis, Auriel Brito, n\u00e3o \u00e9 vi\u00e1vel a compra das duas edifica\u00e7\u00f5es que s\u00e3o usadas atualmente. &#8220;N\u00e3o h\u00e1 ventila\u00e7\u00f5es nos pr\u00e9dios. \u00c9 preciso parar de pagar aluguel.&#8221;<\/p>\n<p>O l\u00edder da Oposi\u00e7\u00e3o no Legislativo, Geraldo Celestino (PSDB), acredita que \u00e9 preciso avaliar qual \u00e9 a melhor proposta. &#8220;Se o custo de compra do pr\u00e9dio for menor, ser\u00e1 uma vantagem para o munic\u00edpio.&#8221; Ele acredita que Neto precisa definir em breve qual a melhor medida. &#8220;N\u00f3s votamos nele para presidente da C\u00e2mara porque prometeu que o Legislativo teria sede pr\u00f3pria.&#8221; O tucano sugere que, se n\u00e3o for utilizado o terreno na Pra\u00e7a das Pedras para a Casa de Leis, a Prefeitura poderia construir um pr\u00e9dio para alguma Pasta. &#8220;Tem tantas secret\u00e1rias em im\u00f3veis alugados, que poderia se utilizar o local para evitar esse problema.&#8221;<\/p>\n<p>Repercuss\u00e3o &#8211; O secret\u00e1rio de Governo, Alencar Santana Braga, criticou a inten\u00e7\u00e3o de Neto de a C\u00e2mara adquirir os pr\u00e9dios atuais. &#8220;O Legislativo precisa de uma sede pr\u00f3pria. \u00c9 bom lembrar que foram utilizados recursos p\u00fablicos para conseguir os terrenos na Pra\u00e7a das Pedras.&#8221; O presidente da Associa\u00e7\u00e3o Comercial e Empresarial (ACE) de Guarulhos, Wilson Louren\u00e7o, acredita que o impasse deve ser resolvido. &#8220;Os poderes precisam funcionar em pr\u00e9dios pr\u00f3prios para n\u00e3o onerar os cofres p\u00fablicos.&#8221; O diretor titular do Ciesp, regional Guarulhos, Daniele Pestelli, entende que h\u00e1 vantagens em manter os im\u00f3veis atuais. &#8220;Os pr\u00e9dios est\u00e3o bem localizados e freq\u00fcentados. Me parece sensato tentar preservar essa vantagem.&#8221;<\/p>\n<p>O presidente da Ordem dos Advogados do Brasil, subse\u00e7\u00e3o Guarulhos, A\u00edrton Trevisan, d\u00favida que \u00e9 poss\u00edvel comprar os pr\u00e9dios na rua Jo\u00e3o Gon\u00e7alves. &#8220;O pre\u00e7o do metro quadrado no centro \u00e9 um absurdo. A constru\u00e7\u00e3o do pr\u00e9dio pode ser feita de acordo com as necessidades da C\u00e2mara.&#8221; J\u00e1 para o presidente da Associa\u00e7\u00e3o dos Empres\u00e1rios de Cumbica (Asec), Antonio Roberto Marchiori, falta planejamento no Legislativo. &#8220;A descontinuidade traz preju\u00edzos aos bens p\u00fablicos. Cada dirigente esquece o que foi planejado pelos anteriores. N\u00e3o sei quais as raz\u00f5es para comprar os pr\u00e9dios.&#8221;&nbsp; <\/p>\n","protected":false},"excerpt":{"rendered":"A ideia do presidente do Legislativo, Alan Neto (PSC), de comprar os atuais pr\u00e9dios da C\u00e2mara Municipal, que s\u00e3o alugados, ao inv\u00e9s de \n<a class=\"moretag\" href=\"https:\/\/www.aceguarulhos.com.br\/blog\/governistas-criticam-a-poss%c3%advel-compra-de-pr%c3%a9dios-pela-c%c3%a2mara\/\"> [...]<\/a>","protected":false},"author":8,"featured_media":0,"comment_status":"open","ping_status":"open","sticky":false,"template":"","format":"standard","meta":{"footnotes":""},"categories":[2],"tags":[],"class_list":["post-35285","post","type-post","status-publish","format-standard","hentry","category-noticias"],"yoast_head":"<!-- This site is optimized with the Yoast SEO plugin v28.1 - https:\/\/yoast.com\/product\/yoast-seo-wordpress\/ -->\n<title>Governistas criticam a poss\u00edvel compra de pr\u00e9dios pela C\u00e2mara - ACE-Guarulhos<\/title>\n<meta name=\"robots\" content=\"index, follow, max-snippet:-1, max-image-preview:large, max-video-preview:-1\" \/>\n<link rel=\"canonical\" href=\"https:\/\/www.aceguarulhos.com.br\/blog\/governistas-criticam-a-poss\u00edvel-compra-de-pr\u00e9dios-pela-c\u00e2mara\/\" \/>\n<meta property=\"og:locale\" content=\"pt_BR\" \/>\n<meta property=\"og:type\" content=\"article\" \/>\n<meta property=\"og:title\" content=\"Governistas criticam a poss\u00edvel compra de pr\u00e9dios pela C\u00e2mara - ACE-Guarulhos\" \/>\n<meta property=\"og:description\" content=\"A ideia do presidente do Legislativo, Alan Neto (PSC), de comprar os atuais pr\u00e9dios da C\u00e2mara Municipal, que s\u00e3o alugados, ao inv\u00e9s de\" \/>\n<meta property=\"og:url\" content=\"https:\/\/www.aceguarulhos.com.br\/blog\/governistas-criticam-a-poss\u00edvel-compra-de-pr\u00e9dios-pela-c\u00e2mara\/\" \/>\n<meta property=\"og:site_name\" content=\"ACE-Guarulhos\" \/>\n<meta property=\"article:publisher\" content=\"https:\/\/www.facebook.com\/aceguarulhos\/\" \/>\n<meta property=\"article:published_time\" content=\"2009-08-04T11:05:15+00:00\" \/>\n<meta name=\"author\" content=\"Assessoria de Imprensa ACE-Guarulhos\" \/>\n<meta name=\"twitter:card\" content=\"summary_large_image\" \/>\n<meta name=\"twitter:label1\" content=\"Escrito por\" \/>\n\t<meta name=\"twitter:data1\" content=\"Assessoria de Imprensa ACE-Guarulhos\" \/>\n\t<meta name=\"twitter:label2\" content=\"Est. tempo de leitura\" \/>\n\t<meta name=\"twitter:data2\" content=\"3 minutos\" \/>\n<script type=\"application\/ld+json\" class=\"yoast-schema-graph\">{\"@context\":\"https:\\\/\\\/schema.org\",\"@graph\":[{\"@type\":\"Article\",\"@id\":\"https:\\\/\\\/www.aceguarulhos.com.br\\\/blog\\\/governistas-criticam-a-poss%c3%advel-compra-de-pr%c3%a9dios-pela-c%c3%a2mara\\\/#article\",\"isPartOf\":{\"@id\":\"https:\\\/\\\/www.aceguarulhos.com.br\\\/blog\\\/governistas-criticam-a-poss%c3%advel-compra-de-pr%c3%a9dios-pela-c%c3%a2mara\\\/\"},\"author\":{\"name\":\"Assessoria de Imprensa ACE-Guarulhos\",\"@id\":\"https:\\\/\\\/www.aceguarulhos.com.br\\\/blog\\\/#\\\/schema\\\/person\\\/6983b51bad37489989e4f09698c26237\"},\"headline\":\"Governistas criticam a poss\u00edvel compra de pr\u00e9dios pela C\u00e2mara\",\"datePublished\":\"2009-08-04T11:05:15+00:00\",\"mainEntityOfPage\":{\"@id\":\"https:\\\/\\\/www.aceguarulhos.com.br\\\/blog\\\/governistas-criticam-a-poss%c3%advel-compra-de-pr%c3%a9dios-pela-c%c3%a2mara\\\/\"},\"wordCount\":592,\"commentCount\":0,\"publisher\":{\"@id\":\"https:\\\/\\\/www.aceguarulhos.com.br\\\/blog\\\/#organization\"},\"articleSection\":[\"Not\u00edcias\"],\"inLanguage\":\"pt-BR\"},{\"@type\":\"WebPage\",\"@id\":\"https:\\\/\\\/www.aceguarulhos.com.br\\\/blog\\\/governistas-criticam-a-poss%c3%advel-compra-de-pr%c3%a9dios-pela-c%c3%a2mara\\\/\",\"url\":\"https:\\\/\\\/www.aceguarulhos.com.br\\\/blog\\\/governistas-criticam-a-poss%c3%advel-compra-de-pr%c3%a9dios-pela-c%c3%a2mara\\\/\",\"name\":\"Governistas criticam a poss\u00edvel compra de pr\u00e9dios pela C\u00e2mara - ACE-Guarulhos\",\"isPartOf\":{\"@id\":\"https:\\\/\\\/www.aceguarulhos.com.br\\\/blog\\\/#website\"},\"datePublished\":\"2009-08-04T11:05:15+00:00\",\"breadcrumb\":{\"@id\":\"https:\\\/\\\/www.aceguarulhos.com.br\\\/blog\\\/governistas-criticam-a-poss%c3%advel-compra-de-pr%c3%a9dios-pela-c%c3%a2mara\\\/#breadcrumb\"},\"inLanguage\":\"pt-BR\",\"potentialAction\":[{\"@type\":\"ReadAction\",\"target\":[\"https:\\\/\\\/www.aceguarulhos.com.br\\\/blog\\\/governistas-criticam-a-poss%c3%advel-compra-de-pr%c3%a9dios-pela-c%c3%a2mara\\\/\"]}]},{\"@type\":\"BreadcrumbList\",\"@id\":\"https:\\\/\\\/www.aceguarulhos.com.br\\\/blog\\\/governistas-criticam-a-poss%c3%advel-compra-de-pr%c3%a9dios-pela-c%c3%a2mara\\\/#breadcrumb\",\"itemListElement\":[{\"@type\":\"ListItem\",\"position\":1,\"name\":\"In\u00edcio\",\"item\":\"https:\\\/\\\/www.aceguarulhos.com.br\\\/blog\\\/\"},{\"@type\":\"ListItem\",\"position\":2,\"name\":\"Governistas criticam a poss\u00edvel compra de pr\u00e9dios pela C\u00e2mara\"}]},{\"@type\":\"WebSite\",\"@id\":\"https:\\\/\\\/www.aceguarulhos.com.br\\\/blog\\\/#website\",\"url\":\"https:\\\/\\\/www.aceguarulhos.com.br\\\/blog\\\/\",\"name\":\"ACE-Guarulhos\",\"description\":\"A ACE-Guarulhos \u00e9 uma associa\u00e7\u00e3o que ap\u00f3ia os empres\u00e1rios guarulhenses atrav\u00e9s da representa\u00e7\u00e3o, da gera\u00e7\u00e3o de neg\u00f3cios e presta\u00e7\u00e3o de servi\u00e7os.\",\"publisher\":{\"@id\":\"https:\\\/\\\/www.aceguarulhos.com.br\\\/blog\\\/#organization\"},\"potentialAction\":[{\"@type\":\"SearchAction\",\"target\":{\"@type\":\"EntryPoint\",\"urlTemplate\":\"https:\\\/\\\/www.aceguarulhos.com.br\\\/blog\\\/?s={search_term_string}\"},\"query-input\":{\"@type\":\"PropertyValueSpecification\",\"valueRequired\":true,\"valueName\":\"search_term_string\"}}],\"inLanguage\":\"pt-BR\"},{\"@type\":\"Organization\",\"@id\":\"https:\\\/\\\/www.aceguarulhos.com.br\\\/blog\\\/#organization\",\"name\":\"ACE-Guarulhos\",\"url\":\"https:\\\/\\\/www.aceguarulhos.com.br\\\/blog\\\/\",\"logo\":{\"@type\":\"ImageObject\",\"inLanguage\":\"pt-BR\",\"@id\":\"https:\\\/\\\/www.aceguarulhos.com.br\\\/blog\\\/#\\\/schema\\\/logo\\\/image\\\/\",\"url\":\"https:\\\/\\\/www.aceguarulhos.com.br\\\/blog\\\/wp-content\\\/uploads\\\/2017\\\/12\\\/logo-aceguarulhos-2018.png\",\"contentUrl\":\"https:\\\/\\\/www.aceguarulhos.com.br\\\/blog\\\/wp-content\\\/uploads\\\/2017\\\/12\\\/logo-aceguarulhos-2018.png\",\"width\":419,\"height\":76,\"caption\":\"ACE-Guarulhos\"},\"image\":{\"@id\":\"https:\\\/\\\/www.aceguarulhos.com.br\\\/blog\\\/#\\\/schema\\\/logo\\\/image\\\/\"},\"sameAs\":[\"https:\\\/\\\/www.facebook.com\\\/aceguarulhos\\\/\",\"https:\\\/\\\/br.linkedin.com\\\/in\\\/ace-guarulhos-b9a97093\",\"https:\\\/\\\/www.youtube.com\\\/user\\\/aceguarulhos\"]},{\"@type\":\"Person\",\"@id\":\"https:\\\/\\\/www.aceguarulhos.com.br\\\/blog\\\/#\\\/schema\\\/person\\\/6983b51bad37489989e4f09698c26237\",\"name\":\"Assessoria de Imprensa ACE-Guarulhos\",\"image\":{\"@type\":\"ImageObject\",\"inLanguage\":\"pt-BR\",\"@id\":\"https:\\\/\\\/secure.gravatar.com\\\/avatar\\\/707f3fadd6918afeb64173ab22d8a8cb0676953098a4f31ff36dc2b4c699ef6a?s=96&d=mm&r=g\",\"url\":\"https:\\\/\\\/secure.gravatar.com\\\/avatar\\\/707f3fadd6918afeb64173ab22d8a8cb0676953098a4f31ff36dc2b4c699ef6a?s=96&d=mm&r=g\",\"contentUrl\":\"https:\\\/\\\/secure.gravatar.com\\\/avatar\\\/707f3fadd6918afeb64173ab22d8a8cb0676953098a4f31ff36dc2b4c699ef6a?s=96&d=mm&r=g\",\"caption\":\"Assessoria de Imprensa ACE-Guarulhos\"},\"url\":\"https:\\\/\\\/www.aceguarulhos.com.br\\\/blog\\\/author\\\/assessoria-de-imprensa-ace-guarulhos\\\/\"}]}<\/script>\n<!-- \/ Yoast SEO plugin. -->","yoast_head_json":{"title":"Governistas criticam a poss\u00edvel compra de pr\u00e9dios pela C\u00e2mara - ACE-Guarulhos","robots":{"index":"index","follow":"follow","max-snippet":"max-snippet:-1","max-image-preview":"max-image-preview:large","max-video-preview":"max-video-preview:-1"},"canonical":"https:\/\/www.aceguarulhos.com.br\/blog\/governistas-criticam-a-poss\u00edvel-compra-de-pr\u00e9dios-pela-c\u00e2mara\/","og_locale":"pt_BR","og_type":"article","og_title":"Governistas criticam a poss\u00edvel compra de pr\u00e9dios pela C\u00e2mara - ACE-Guarulhos","og_description":"A ideia do presidente do Legislativo, Alan Neto (PSC), de comprar os atuais pr\u00e9dios da C\u00e2mara Municipal, que s\u00e3o alugados, ao inv\u00e9s de","og_url":"https:\/\/www.aceguarulhos.com.br\/blog\/governistas-criticam-a-poss\u00edvel-compra-de-pr\u00e9dios-pela-c\u00e2mara\/","og_site_name":"ACE-Guarulhos","article_publisher":"https:\/\/www.facebook.com\/aceguarulhos\/","article_published_time":"2009-08-04T11:05:15+00:00","author":"Assessoria de Imprensa ACE-Guarulhos","twitter_card":"summary_large_image","twitter_misc":{"Escrito por":"Assessoria de Imprensa ACE-Guarulhos","Est. tempo de leitura":"3 minutos"},"schema":{"@context":"https:\/\/schema.org","@graph":[{"@type":"Article","@id":"https:\/\/www.aceguarulhos.com.br\/blog\/governistas-criticam-a-poss%c3%advel-compra-de-pr%c3%a9dios-pela-c%c3%a2mara\/#article","isPartOf":{"@id":"https:\/\/www.aceguarulhos.com.br\/blog\/governistas-criticam-a-poss%c3%advel-compra-de-pr%c3%a9dios-pela-c%c3%a2mara\/"},"author":{"name":"Assessoria de Imprensa ACE-Guarulhos","@id":"https:\/\/www.aceguarulhos.com.br\/blog\/#\/schema\/person\/6983b51bad37489989e4f09698c26237"},"headline":"Governistas criticam a poss\u00edvel compra de pr\u00e9dios pela C\u00e2mara","datePublished":"2009-08-04T11:05:15+00:00","mainEntityOfPage":{"@id":"https:\/\/www.aceguarulhos.com.br\/blog\/governistas-criticam-a-poss%c3%advel-compra-de-pr%c3%a9dios-pela-c%c3%a2mara\/"},"wordCount":592,"commentCount":0,"publisher":{"@id":"https:\/\/www.aceguarulhos.com.br\/blog\/#organization"},"articleSection":["Not\u00edcias"],"inLanguage":"pt-BR"},{"@type":"WebPage","@id":"https:\/\/www.aceguarulhos.com.br\/blog\/governistas-criticam-a-poss%c3%advel-compra-de-pr%c3%a9dios-pela-c%c3%a2mara\/","url":"https:\/\/www.aceguarulhos.com.br\/blog\/governistas-criticam-a-poss%c3%advel-compra-de-pr%c3%a9dios-pela-c%c3%a2mara\/","name":"Governistas criticam a poss\u00edvel compra de pr\u00e9dios pela C\u00e2mara - ACE-Guarulhos","isPartOf":{"@id":"https:\/\/www.aceguarulhos.com.br\/blog\/#website"},"datePublished":"2009-08-04T11:05:15+00:00","breadcrumb":{"@id":"https:\/\/www.aceguarulhos.com.br\/blog\/governistas-criticam-a-poss%c3%advel-compra-de-pr%c3%a9dios-pela-c%c3%a2mara\/#breadcrumb"},"inLanguage":"pt-BR","potentialAction":[{"@type":"ReadAction","target":["https:\/\/www.aceguarulhos.com.br\/blog\/governistas-criticam-a-poss%c3%advel-compra-de-pr%c3%a9dios-pela-c%c3%a2mara\/"]}]},{"@type":"BreadcrumbList","@id":"https:\/\/www.aceguarulhos.com.br\/blog\/governistas-criticam-a-poss%c3%advel-compra-de-pr%c3%a9dios-pela-c%c3%a2mara\/#breadcrumb","itemListElement":[{"@type":"ListItem","position":1,"name":"In\u00edcio","item":"https:\/\/www.aceguarulhos.com.br\/blog\/"},{"@type":"ListItem","position":2,"name":"Governistas criticam a poss\u00edvel compra de pr\u00e9dios pela C\u00e2mara"}]},{"@type":"WebSite","@id":"https:\/\/www.aceguarulhos.com.br\/blog\/#website","url":"https:\/\/www.aceguarulhos.com.br\/blog\/","name":"ACE-Guarulhos","description":"A ACE-Guarulhos \u00e9 uma associa\u00e7\u00e3o que ap\u00f3ia os empres\u00e1rios guarulhenses atrav\u00e9s da representa\u00e7\u00e3o, da gera\u00e7\u00e3o de neg\u00f3cios e presta\u00e7\u00e3o de servi\u00e7os.","publisher":{"@id":"https:\/\/www.aceguarulhos.com.br\/blog\/#organization"},"potentialAction":[{"@type":"SearchAction","target":{"@type":"EntryPoint","urlTemplate":"https:\/\/www.aceguarulhos.com.br\/blog\/?s={search_term_string}"},"query-input":{"@type":"PropertyValueSpecification","valueRequired":true,"valueName":"search_term_string"}}],"inLanguage":"pt-BR"},{"@type":"Organization","@id":"https:\/\/www.aceguarulhos.com.br\/blog\/#organization","name":"ACE-Guarulhos","url":"https:\/\/www.aceguarulhos.com.br\/blog\/","logo":{"@type":"ImageObject","inLanguage":"pt-BR","@id":"https:\/\/www.aceguarulhos.com.br\/blog\/#\/schema\/logo\/image\/","url":"https:\/\/www.aceguarulhos.com.br\/blog\/wp-content\/uploads\/2017\/12\/logo-aceguarulhos-2018.png","contentUrl":"https:\/\/www.aceguarulhos.com.br\/blog\/wp-content\/uploads\/2017\/12\/logo-aceguarulhos-2018.png","width":419,"height":76,"caption":"ACE-Guarulhos"},"image":{"@id":"https:\/\/www.aceguarulhos.com.br\/blog\/#\/schema\/logo\/image\/"},"sameAs":["https:\/\/www.facebook.com\/aceguarulhos\/","https:\/\/br.linkedin.com\/in\/ace-guarulhos-b9a97093","https:\/\/www.youtube.com\/user\/aceguarulhos"]},{"@type":"Person","@id":"https:\/\/www.aceguarulhos.com.br\/blog\/#\/schema\/person\/6983b51bad37489989e4f09698c26237","name":"Assessoria de Imprensa ACE-Guarulhos","image":{"@type":"ImageObject","inLanguage":"pt-BR","@id":"https:\/\/secure.gravatar.com\/avatar\/707f3fadd6918afeb64173ab22d8a8cb0676953098a4f31ff36dc2b4c699ef6a?s=96&d=mm&r=g","url":"https:\/\/secure.gravatar.com\/avatar\/707f3fadd6918afeb64173ab22d8a8cb0676953098a4f31ff36dc2b4c699ef6a?s=96&d=mm&r=g","contentUrl":"https:\/\/secure.gravatar.com\/avatar\/707f3fadd6918afeb64173ab22d8a8cb0676953098a4f31ff36dc2b4c699ef6a?s=96&d=mm&r=g","caption":"Assessoria de Imprensa ACE-Guarulhos"},"url":"https:\/\/www.aceguarulhos.com.br\/blog\/author\/assessoria-de-imprensa-ace-guarulhos\/"}]}},"wps_subtitle":"","amp_enabled":true,"_links":{"self":[{"href":"https:\/\/www.aceguarulhos.com.br\/blog\/wp-json\/wp\/v2\/posts\/35285","targetHints":{"allow":["GET"]}}],"collection":[{"href":"https:\/\/www.aceguarulhos.com.br\/blog\/wp-json\/wp\/v2\/posts"}],"about":[{"href":"https:\/\/www.aceguarulhos.com.br\/blog\/wp-json\/wp\/v2\/types\/post"}],"author":[{"embeddable":true,"href":"https:\/\/www.aceguarulhos.com.br\/blog\/wp-json\/wp\/v2\/users\/8"}],"replies":[{"embeddable":true,"href":"https:\/\/www.aceguarulhos.com.br\/blog\/wp-json\/wp\/v2\/comments?post=35285"}],"version-history":[{"count":0,"href":"https:\/\/www.aceguarulhos.com.br\/blog\/wp-json\/wp\/v2\/posts\/35285\/revisions"}],"wp:attachment":[{"href":"https:\/\/www.aceguarulhos.com.br\/blog\/wp-json\/wp\/v2\/media?parent=35285"}],"wp:term":[{"taxonomy":"category","embeddable":true,"href":"https:\/\/www.aceguarulhos.com.br\/blog\/wp-json\/wp\/v2\/categories?post=35285"},{"taxonomy":"post_tag","embeddable":true,"href":"https:\/\/www.aceguarulhos.com.br\/blog\/wp-json\/wp\/v2\/tags?post=35285"}],"curies":[{"name":"wp","href":"https:\/\/api.w.org\/{rel}","templated":true}]}}