{"id":35284,"date":"2009-08-04T11:03:58","date_gmt":"2009-08-04T11:03:58","guid":{"rendered":"http:\/\/www.aceguarulhos.com.br\/blog\/?p=35284"},"modified":"-0001-11-30T00:00:00","modified_gmt":"-0001-11-30T03:00:00","slug":"prefeitura-reenvia-%c3%a0-c%c3%a2mara-projeto-de-lei-do-bilhete-%c3%banico","status":"publish","type":"post","link":"https:\/\/www.aceguarulhos.com.br\/blog\/prefeitura-reenvia-%c3%a0-c%c3%a2mara-projeto-de-lei-do-bilhete-%c3%banico\/","title":{"rendered":"Prefeitura reenvia \u00e0 C\u00e2mara projeto de lei do Bilhete \u00danico"},"content":{"rendered":"<p>Em solenidade realizada na segunda-feira, 3, no Pa\u00e7o Municipal, o prefeito Sebasti\u00e3o Almeida assinou um novo projeto de lei que estabelece a implanta\u00e7\u00e3o do Bilhete \u00danico no munic\u00edpio e prev\u00ea a realiza\u00e7\u00e3o de licita\u00e7\u00e3o para a explora\u00e7\u00e3o de transporte p\u00fablico de passageiros. Na oportunidade, 18 vereadores presentes ao evento assinaram um requerimento de urg\u00eancia, para que o texto entre na pauta de vota\u00e7\u00e3o da C\u00e2mara Municipal o mais r\u00e1pido poss\u00edvel. O projeto foi protocolado no expediente do Legislativo no final da tarde.<\/p>\n<p>Em rela\u00e7\u00e3o ao projeto anterior, rejeitado no \u00faltimo dia 2 de julho, o novo apresenta tr\u00eas modifica\u00e7\u00f5es: separa os cap\u00edtulos que tratam da implanta\u00e7\u00e3o do Bilhete \u00danico e da licita\u00e7\u00e3o do sistema; estabelece que a gest\u00e3o financeira dos recursos ser\u00e1 realizada de forma conjunta pela Secretaria de Transportes e Tr\u00e2nsito e os operadores do servi\u00e7o; e assegura as gratuidades estabelecidas pela legisla\u00e7\u00e3o vigente.<\/p>\n<p>O secret\u00e1rio de Transportes e Tr\u00e2nsito, Jos\u00e9 Evaldo Gon\u00e7alo, fez um mea-culpa e disse que faltou de sua parte uma explica\u00e7\u00e3o melhor sobre oprojeto. Segundo ele, o texto anterior revogava v\u00e1rias leis existentes, entre elas as que tratavam das gratuidades. Entretanto, essas mesmas garantiasestavam asseguradas por leis federais ou org\u00e2nicas. \u201cOs debates e discuss\u00f5esocorridos ao longo do m\u00eas de julho possibilitaram uma melhor compreens\u00e3o doprojeto e, por sua vez, serviram para dirimir v\u00e1rias d\u00favidas\u201d, acredita.&nbsp;&nbsp;&nbsp; <\/p>\n<p>Uma das principais reivindica\u00e7\u00f5es da popula\u00e7\u00e3o \u2013 sendo a demanda mais votada nas plen\u00e1rias do Or\u00e7amento Participativo (OP) at\u00e9 agora \u2013, acria\u00e7\u00e3o da Lei do Bilhete \u00danico ser\u00e1, na opini\u00e3o do prefeito Sebasti\u00e3o Almeida, um fator de inclus\u00e3o social, pois aumentar\u00e1 o n\u00famero de pessoas que utilizar\u00e3o o transporte p\u00fablico. Para ele, o Bilhete \u00danico \u00e9 um projeto da cidade, que ir\u00e1 garantir mais qualidade e melhores condi\u00e7\u00f5es de atendimento \u00e0 popula\u00e7\u00e3o.<\/p>\n<p>\u201cAntes de tudo, eu gostaria de pedir aos vereadores o compromisso de aprova\u00e7\u00e3o desse projeto, que ir\u00e1 alterar positivamente a opera\u00e7\u00e3o do nosso transporte p\u00fablico\u201d, concluiu Almeida.<\/p>\n","protected":false},"excerpt":{"rendered":"Em solenidade realizada na segunda-feira, 3, no Pa\u00e7o Municipal, o prefeito Sebasti\u00e3o Almeida assinou um novo projeto de lei que estabelece a implanta\u00e7\u00e3o \n<a class=\"moretag\" href=\"https:\/\/www.aceguarulhos.com.br\/blog\/prefeitura-reenvia-%c3%a0-c%c3%a2mara-projeto-de-lei-do-bilhete-%c3%banico\/\"> [...]<\/a>","protected":false},"author":8,"featured_media":0,"comment_status":"open","ping_status":"open","sticky":false,"template":"","format":"standard","meta":{"footnotes":""},"categories":[2],"tags":[],"class_list":["post-35284","post","type-post","status-publish","format-standard","hentry","category-noticias"],"yoast_head":"<!-- This site is optimized with the Yoast SEO plugin v28.1 - https:\/\/yoast.com\/product\/yoast-seo-wordpress\/ -->\n<title>Prefeitura reenvia \u00e0 C\u00e2mara projeto de lei do Bilhete \u00danico - ACE-Guarulhos<\/title>\n<meta name=\"robots\" content=\"index, follow, max-snippet:-1, max-image-preview:large, max-video-preview:-1\" \/>\n<link rel=\"canonical\" href=\"https:\/\/www.aceguarulhos.com.br\/blog\/prefeitura-reenvia-\u00e0-c\u00e2mara-projeto-de-lei-do-bilhete-\u00fanico\/\" \/>\n<meta property=\"og:locale\" content=\"pt_BR\" \/>\n<meta property=\"og:type\" content=\"article\" \/>\n<meta property=\"og:title\" content=\"Prefeitura reenvia \u00e0 C\u00e2mara projeto de lei do Bilhete \u00danico - ACE-Guarulhos\" \/>\n<meta property=\"og:description\" content=\"Em solenidade realizada na segunda-feira, 3, no Pa\u00e7o Municipal, o prefeito Sebasti\u00e3o Almeida assinou um novo projeto de lei que estabelece a implanta\u00e7\u00e3o\" \/>\n<meta property=\"og:url\" content=\"https:\/\/www.aceguarulhos.com.br\/blog\/prefeitura-reenvia-\u00e0-c\u00e2mara-projeto-de-lei-do-bilhete-\u00fanico\/\" \/>\n<meta property=\"og:site_name\" content=\"ACE-Guarulhos\" \/>\n<meta property=\"article:publisher\" content=\"https:\/\/www.facebook.com\/aceguarulhos\/\" \/>\n<meta property=\"article:published_time\" content=\"2009-08-04T11:03:58+00:00\" \/>\n<meta name=\"author\" content=\"Assessoria de Imprensa ACE-Guarulhos\" \/>\n<meta name=\"twitter:card\" content=\"summary_large_image\" \/>\n<meta name=\"twitter:label1\" content=\"Escrito por\" \/>\n\t<meta name=\"twitter:data1\" content=\"Assessoria de Imprensa ACE-Guarulhos\" \/>\n\t<meta name=\"twitter:label2\" content=\"Est. tempo de leitura\" \/>\n\t<meta name=\"twitter:data2\" content=\"2 minutos\" \/>\n<script type=\"application\/ld+json\" class=\"yoast-schema-graph\">{\"@context\":\"https:\\\/\\\/schema.org\",\"@graph\":[{\"@type\":\"Article\",\"@id\":\"https:\\\/\\\/www.aceguarulhos.com.br\\\/blog\\\/prefeitura-reenvia-%c3%a0-c%c3%a2mara-projeto-de-lei-do-bilhete-%c3%banico\\\/#article\",\"isPartOf\":{\"@id\":\"https:\\\/\\\/www.aceguarulhos.com.br\\\/blog\\\/prefeitura-reenvia-%c3%a0-c%c3%a2mara-projeto-de-lei-do-bilhete-%c3%banico\\\/\"},\"author\":{\"name\":\"Assessoria de Imprensa ACE-Guarulhos\",\"@id\":\"https:\\\/\\\/www.aceguarulhos.com.br\\\/blog\\\/#\\\/schema\\\/person\\\/6983b51bad37489989e4f09698c26237\"},\"headline\":\"Prefeitura reenvia \u00e0 C\u00e2mara projeto de lei do Bilhete \u00danico\",\"datePublished\":\"2009-08-04T11:03:58+00:00\",\"mainEntityOfPage\":{\"@id\":\"https:\\\/\\\/www.aceguarulhos.com.br\\\/blog\\\/prefeitura-reenvia-%c3%a0-c%c3%a2mara-projeto-de-lei-do-bilhete-%c3%banico\\\/\"},\"wordCount\":375,\"commentCount\":0,\"publisher\":{\"@id\":\"https:\\\/\\\/www.aceguarulhos.com.br\\\/blog\\\/#organization\"},\"articleSection\":[\"Not\u00edcias\"],\"inLanguage\":\"pt-BR\"},{\"@type\":\"WebPage\",\"@id\":\"https:\\\/\\\/www.aceguarulhos.com.br\\\/blog\\\/prefeitura-reenvia-%c3%a0-c%c3%a2mara-projeto-de-lei-do-bilhete-%c3%banico\\\/\",\"url\":\"https:\\\/\\\/www.aceguarulhos.com.br\\\/blog\\\/prefeitura-reenvia-%c3%a0-c%c3%a2mara-projeto-de-lei-do-bilhete-%c3%banico\\\/\",\"name\":\"Prefeitura reenvia \u00e0 C\u00e2mara projeto de lei do Bilhete \u00danico - ACE-Guarulhos\",\"isPartOf\":{\"@id\":\"https:\\\/\\\/www.aceguarulhos.com.br\\\/blog\\\/#website\"},\"datePublished\":\"2009-08-04T11:03:58+00:00\",\"breadcrumb\":{\"@id\":\"https:\\\/\\\/www.aceguarulhos.com.br\\\/blog\\\/prefeitura-reenvia-%c3%a0-c%c3%a2mara-projeto-de-lei-do-bilhete-%c3%banico\\\/#breadcrumb\"},\"inLanguage\":\"pt-BR\",\"potentialAction\":[{\"@type\":\"ReadAction\",\"target\":[\"https:\\\/\\\/www.aceguarulhos.com.br\\\/blog\\\/prefeitura-reenvia-%c3%a0-c%c3%a2mara-projeto-de-lei-do-bilhete-%c3%banico\\\/\"]}]},{\"@type\":\"BreadcrumbList\",\"@id\":\"https:\\\/\\\/www.aceguarulhos.com.br\\\/blog\\\/prefeitura-reenvia-%c3%a0-c%c3%a2mara-projeto-de-lei-do-bilhete-%c3%banico\\\/#breadcrumb\",\"itemListElement\":[{\"@type\":\"ListItem\",\"position\":1,\"name\":\"In\u00edcio\",\"item\":\"https:\\\/\\\/www.aceguarulhos.com.br\\\/blog\\\/\"},{\"@type\":\"ListItem\",\"position\":2,\"name\":\"Prefeitura reenvia \u00e0 C\u00e2mara projeto de lei do Bilhete \u00danico\"}]},{\"@type\":\"WebSite\",\"@id\":\"https:\\\/\\\/www.aceguarulhos.com.br\\\/blog\\\/#website\",\"url\":\"https:\\\/\\\/www.aceguarulhos.com.br\\\/blog\\\/\",\"name\":\"ACE-Guarulhos\",\"description\":\"A ACE-Guarulhos \u00e9 uma associa\u00e7\u00e3o que ap\u00f3ia os empres\u00e1rios guarulhenses atrav\u00e9s da representa\u00e7\u00e3o, da gera\u00e7\u00e3o de neg\u00f3cios e presta\u00e7\u00e3o de servi\u00e7os.\",\"publisher\":{\"@id\":\"https:\\\/\\\/www.aceguarulhos.com.br\\\/blog\\\/#organization\"},\"potentialAction\":[{\"@type\":\"SearchAction\",\"target\":{\"@type\":\"EntryPoint\",\"urlTemplate\":\"https:\\\/\\\/www.aceguarulhos.com.br\\\/blog\\\/?s={search_term_string}\"},\"query-input\":{\"@type\":\"PropertyValueSpecification\",\"valueRequired\":true,\"valueName\":\"search_term_string\"}}],\"inLanguage\":\"pt-BR\"},{\"@type\":\"Organization\",\"@id\":\"https:\\\/\\\/www.aceguarulhos.com.br\\\/blog\\\/#organization\",\"name\":\"ACE-Guarulhos\",\"url\":\"https:\\\/\\\/www.aceguarulhos.com.br\\\/blog\\\/\",\"logo\":{\"@type\":\"ImageObject\",\"inLanguage\":\"pt-BR\",\"@id\":\"https:\\\/\\\/www.aceguarulhos.com.br\\\/blog\\\/#\\\/schema\\\/logo\\\/image\\\/\",\"url\":\"https:\\\/\\\/www.aceguarulhos.com.br\\\/blog\\\/wp-content\\\/uploads\\\/2017\\\/12\\\/logo-aceguarulhos-2018.png\",\"contentUrl\":\"https:\\\/\\\/www.aceguarulhos.com.br\\\/blog\\\/wp-content\\\/uploads\\\/2017\\\/12\\\/logo-aceguarulhos-2018.png\",\"width\":419,\"height\":76,\"caption\":\"ACE-Guarulhos\"},\"image\":{\"@id\":\"https:\\\/\\\/www.aceguarulhos.com.br\\\/blog\\\/#\\\/schema\\\/logo\\\/image\\\/\"},\"sameAs\":[\"https:\\\/\\\/www.facebook.com\\\/aceguarulhos\\\/\",\"https:\\\/\\\/br.linkedin.com\\\/in\\\/ace-guarulhos-b9a97093\",\"https:\\\/\\\/www.youtube.com\\\/user\\\/aceguarulhos\"]},{\"@type\":\"Person\",\"@id\":\"https:\\\/\\\/www.aceguarulhos.com.br\\\/blog\\\/#\\\/schema\\\/person\\\/6983b51bad37489989e4f09698c26237\",\"name\":\"Assessoria de Imprensa ACE-Guarulhos\",\"image\":{\"@type\":\"ImageObject\",\"inLanguage\":\"pt-BR\",\"@id\":\"https:\\\/\\\/secure.gravatar.com\\\/avatar\\\/707f3fadd6918afeb64173ab22d8a8cb0676953098a4f31ff36dc2b4c699ef6a?s=96&d=mm&r=g\",\"url\":\"https:\\\/\\\/secure.gravatar.com\\\/avatar\\\/707f3fadd6918afeb64173ab22d8a8cb0676953098a4f31ff36dc2b4c699ef6a?s=96&d=mm&r=g\",\"contentUrl\":\"https:\\\/\\\/secure.gravatar.com\\\/avatar\\\/707f3fadd6918afeb64173ab22d8a8cb0676953098a4f31ff36dc2b4c699ef6a?s=96&d=mm&r=g\",\"caption\":\"Assessoria de Imprensa ACE-Guarulhos\"},\"url\":\"https:\\\/\\\/www.aceguarulhos.com.br\\\/blog\\\/author\\\/assessoria-de-imprensa-ace-guarulhos\\\/\"}]}<\/script>\n<!-- \/ Yoast SEO plugin. -->","yoast_head_json":{"title":"Prefeitura reenvia \u00e0 C\u00e2mara projeto de lei do Bilhete \u00danico - ACE-Guarulhos","robots":{"index":"index","follow":"follow","max-snippet":"max-snippet:-1","max-image-preview":"max-image-preview:large","max-video-preview":"max-video-preview:-1"},"canonical":"https:\/\/www.aceguarulhos.com.br\/blog\/prefeitura-reenvia-\u00e0-c\u00e2mara-projeto-de-lei-do-bilhete-\u00fanico\/","og_locale":"pt_BR","og_type":"article","og_title":"Prefeitura reenvia \u00e0 C\u00e2mara projeto de lei do Bilhete \u00danico - ACE-Guarulhos","og_description":"Em solenidade realizada na segunda-feira, 3, no Pa\u00e7o Municipal, o prefeito Sebasti\u00e3o Almeida assinou um novo projeto de lei que estabelece a implanta\u00e7\u00e3o","og_url":"https:\/\/www.aceguarulhos.com.br\/blog\/prefeitura-reenvia-\u00e0-c\u00e2mara-projeto-de-lei-do-bilhete-\u00fanico\/","og_site_name":"ACE-Guarulhos","article_publisher":"https:\/\/www.facebook.com\/aceguarulhos\/","article_published_time":"2009-08-04T11:03:58+00:00","author":"Assessoria de Imprensa ACE-Guarulhos","twitter_card":"summary_large_image","twitter_misc":{"Escrito por":"Assessoria de Imprensa ACE-Guarulhos","Est. tempo de leitura":"2 minutos"},"schema":{"@context":"https:\/\/schema.org","@graph":[{"@type":"Article","@id":"https:\/\/www.aceguarulhos.com.br\/blog\/prefeitura-reenvia-%c3%a0-c%c3%a2mara-projeto-de-lei-do-bilhete-%c3%banico\/#article","isPartOf":{"@id":"https:\/\/www.aceguarulhos.com.br\/blog\/prefeitura-reenvia-%c3%a0-c%c3%a2mara-projeto-de-lei-do-bilhete-%c3%banico\/"},"author":{"name":"Assessoria de Imprensa ACE-Guarulhos","@id":"https:\/\/www.aceguarulhos.com.br\/blog\/#\/schema\/person\/6983b51bad37489989e4f09698c26237"},"headline":"Prefeitura reenvia \u00e0 C\u00e2mara projeto de lei do Bilhete \u00danico","datePublished":"2009-08-04T11:03:58+00:00","mainEntityOfPage":{"@id":"https:\/\/www.aceguarulhos.com.br\/blog\/prefeitura-reenvia-%c3%a0-c%c3%a2mara-projeto-de-lei-do-bilhete-%c3%banico\/"},"wordCount":375,"commentCount":0,"publisher":{"@id":"https:\/\/www.aceguarulhos.com.br\/blog\/#organization"},"articleSection":["Not\u00edcias"],"inLanguage":"pt-BR"},{"@type":"WebPage","@id":"https:\/\/www.aceguarulhos.com.br\/blog\/prefeitura-reenvia-%c3%a0-c%c3%a2mara-projeto-de-lei-do-bilhete-%c3%banico\/","url":"https:\/\/www.aceguarulhos.com.br\/blog\/prefeitura-reenvia-%c3%a0-c%c3%a2mara-projeto-de-lei-do-bilhete-%c3%banico\/","name":"Prefeitura reenvia \u00e0 C\u00e2mara projeto de lei do Bilhete \u00danico - ACE-Guarulhos","isPartOf":{"@id":"https:\/\/www.aceguarulhos.com.br\/blog\/#website"},"datePublished":"2009-08-04T11:03:58+00:00","breadcrumb":{"@id":"https:\/\/www.aceguarulhos.com.br\/blog\/prefeitura-reenvia-%c3%a0-c%c3%a2mara-projeto-de-lei-do-bilhete-%c3%banico\/#breadcrumb"},"inLanguage":"pt-BR","potentialAction":[{"@type":"ReadAction","target":["https:\/\/www.aceguarulhos.com.br\/blog\/prefeitura-reenvia-%c3%a0-c%c3%a2mara-projeto-de-lei-do-bilhete-%c3%banico\/"]}]},{"@type":"BreadcrumbList","@id":"https:\/\/www.aceguarulhos.com.br\/blog\/prefeitura-reenvia-%c3%a0-c%c3%a2mara-projeto-de-lei-do-bilhete-%c3%banico\/#breadcrumb","itemListElement":[{"@type":"ListItem","position":1,"name":"In\u00edcio","item":"https:\/\/www.aceguarulhos.com.br\/blog\/"},{"@type":"ListItem","position":2,"name":"Prefeitura reenvia \u00e0 C\u00e2mara projeto de lei do Bilhete \u00danico"}]},{"@type":"WebSite","@id":"https:\/\/www.aceguarulhos.com.br\/blog\/#website","url":"https:\/\/www.aceguarulhos.com.br\/blog\/","name":"ACE-Guarulhos","description":"A ACE-Guarulhos \u00e9 uma associa\u00e7\u00e3o que ap\u00f3ia os empres\u00e1rios guarulhenses atrav\u00e9s da representa\u00e7\u00e3o, da gera\u00e7\u00e3o de neg\u00f3cios e presta\u00e7\u00e3o de servi\u00e7os.","publisher":{"@id":"https:\/\/www.aceguarulhos.com.br\/blog\/#organization"},"potentialAction":[{"@type":"SearchAction","target":{"@type":"EntryPoint","urlTemplate":"https:\/\/www.aceguarulhos.com.br\/blog\/?s={search_term_string}"},"query-input":{"@type":"PropertyValueSpecification","valueRequired":true,"valueName":"search_term_string"}}],"inLanguage":"pt-BR"},{"@type":"Organization","@id":"https:\/\/www.aceguarulhos.com.br\/blog\/#organization","name":"ACE-Guarulhos","url":"https:\/\/www.aceguarulhos.com.br\/blog\/","logo":{"@type":"ImageObject","inLanguage":"pt-BR","@id":"https:\/\/www.aceguarulhos.com.br\/blog\/#\/schema\/logo\/image\/","url":"https:\/\/www.aceguarulhos.com.br\/blog\/wp-content\/uploads\/2017\/12\/logo-aceguarulhos-2018.png","contentUrl":"https:\/\/www.aceguarulhos.com.br\/blog\/wp-content\/uploads\/2017\/12\/logo-aceguarulhos-2018.png","width":419,"height":76,"caption":"ACE-Guarulhos"},"image":{"@id":"https:\/\/www.aceguarulhos.com.br\/blog\/#\/schema\/logo\/image\/"},"sameAs":["https:\/\/www.facebook.com\/aceguarulhos\/","https:\/\/br.linkedin.com\/in\/ace-guarulhos-b9a97093","https:\/\/www.youtube.com\/user\/aceguarulhos"]},{"@type":"Person","@id":"https:\/\/www.aceguarulhos.com.br\/blog\/#\/schema\/person\/6983b51bad37489989e4f09698c26237","name":"Assessoria de Imprensa ACE-Guarulhos","image":{"@type":"ImageObject","inLanguage":"pt-BR","@id":"https:\/\/secure.gravatar.com\/avatar\/707f3fadd6918afeb64173ab22d8a8cb0676953098a4f31ff36dc2b4c699ef6a?s=96&d=mm&r=g","url":"https:\/\/secure.gravatar.com\/avatar\/707f3fadd6918afeb64173ab22d8a8cb0676953098a4f31ff36dc2b4c699ef6a?s=96&d=mm&r=g","contentUrl":"https:\/\/secure.gravatar.com\/avatar\/707f3fadd6918afeb64173ab22d8a8cb0676953098a4f31ff36dc2b4c699ef6a?s=96&d=mm&r=g","caption":"Assessoria de Imprensa ACE-Guarulhos"},"url":"https:\/\/www.aceguarulhos.com.br\/blog\/author\/assessoria-de-imprensa-ace-guarulhos\/"}]}},"wps_subtitle":"","amp_enabled":true,"_links":{"self":[{"href":"https:\/\/www.aceguarulhos.com.br\/blog\/wp-json\/wp\/v2\/posts\/35284","targetHints":{"allow":["GET"]}}],"collection":[{"href":"https:\/\/www.aceguarulhos.com.br\/blog\/wp-json\/wp\/v2\/posts"}],"about":[{"href":"https:\/\/www.aceguarulhos.com.br\/blog\/wp-json\/wp\/v2\/types\/post"}],"author":[{"embeddable":true,"href":"https:\/\/www.aceguarulhos.com.br\/blog\/wp-json\/wp\/v2\/users\/8"}],"replies":[{"embeddable":true,"href":"https:\/\/www.aceguarulhos.com.br\/blog\/wp-json\/wp\/v2\/comments?post=35284"}],"version-history":[{"count":0,"href":"https:\/\/www.aceguarulhos.com.br\/blog\/wp-json\/wp\/v2\/posts\/35284\/revisions"}],"wp:attachment":[{"href":"https:\/\/www.aceguarulhos.com.br\/blog\/wp-json\/wp\/v2\/media?parent=35284"}],"wp:term":[{"taxonomy":"category","embeddable":true,"href":"https:\/\/www.aceguarulhos.com.br\/blog\/wp-json\/wp\/v2\/categories?post=35284"},{"taxonomy":"post_tag","embeddable":true,"href":"https:\/\/www.aceguarulhos.com.br\/blog\/wp-json\/wp\/v2\/tags?post=35284"}],"curies":[{"name":"wp","href":"https:\/\/api.w.org\/{rel}","templated":true}]}}