{"id":35225,"date":"2009-07-23T15:24:34","date_gmt":"2009-07-23T15:24:34","guid":{"rendered":"http:\/\/www.aceguarulhos.com.br\/blog\/?p=35225"},"modified":"-0001-11-30T00:00:00","modified_gmt":"-0001-11-30T03:00:00","slug":"evento-debate-a-comunica%c3%a7%c3%a3o-sem-fronteiras","status":"publish","type":"post","link":"https:\/\/www.aceguarulhos.com.br\/blog\/evento-debate-a-comunica%c3%a7%c3%a3o-sem-fronteiras\/","title":{"rendered":"Evento debate a comunica\u00e7\u00e3o sem fronteiras"},"content":{"rendered":"<p>Na pr\u00f3xima quarta-feira, dia 29, a partir das 18h30, acontece a 13\u00aa edi\u00e7\u00e3o do F\u00f3rum Empresarial de Guarulhos. Sob o tema \u201cSem Fronteiras: As inova\u00e7\u00f5es na Comunica\u00e7\u00e3o\u201d, o evento re\u00fane no Caesar Park Hotel grandes nomes do setor corporativo, CEOs e formadores de opini\u00e3o.<\/p>\n<p>Acompanhar tudo o que acontece nos mais distantes cantos do mundo; conversar com personalidades como o pr\u00eamio Nobel da ci\u00eancia ou o ganhador do Oscar desse ano, entre outros; seguir o dia a dia de esportistas, pol\u00edticos e famosos, entre tantas outras milh\u00f5es de possibilidades, foram abertas atrav\u00e9s das redes sociais e do mundo virtual. Mas como utilizar essas ferramentas em prol dos seus neg\u00f3cios? Com mais de 60 milh\u00f5es de usu\u00e1rios no Brasil, a Internet \u00e9 campo de oportunidades para o fortalecimento das marcas e um melhor relacionamento com diferentes p\u00fablicos. <\/p>\n<p>Discutem o assunto: Marcelo Epstejn, diretor geral do maior provedor brasileiro, o UOL; Gustavo Fortes, s\u00f3cio diretor da Ag\u00eancia Espalhe que usa a\u00e7\u00f5es inovadoras para chamar a aten\u00e7\u00e3o dos consumidores; Gil Gilganelli, professor do curso de Inova\u00e7\u00e3o Tecnologica da ESPM (Escola Superior de Propaganda e Marketing). O comando da mesa fica por conta do comunicador Rodrigo Barros.<\/p>\n<p>\u201cCom este evento, queremos trazer aos l\u00edderes da nossa cidade alguns modelos de como as corpora\u00e7\u00f5es podem aproveitar as inova\u00e7\u00f5es na comunica\u00e7\u00e3o para aumentar os resultados de suas empresas\u201d, diz Rodrigo Barros, idealizador do evento e presidente do Grupo Segredo do Sucesso.<\/p>\n<p>Ap\u00f3s o debate ir\u00e1 acontecer uma experi\u00eancia gastron\u00f4mica, onde os participantes do evento podem realizar networking.<\/p>\n<p><b><i>13\u00aa edi\u00e7\u00e3o do F\u00f3rum Empresarial de Guarulhos<br \/>Dia 29\/07, quarta-feira <br \/>Caesar Park Hotel (Rod. H\u00e9lio Smidt, setor 1)<br \/>Mais informa\u00e7\u00f5es: 11 3629-3434<\/i><\/b><\/p>\n","protected":false},"excerpt":{"rendered":"Na pr\u00f3xima quarta-feira, dia 29, a partir das 18h30, acontece a 13\u00aa edi\u00e7\u00e3o do F\u00f3rum Empresarial de Guarulhos. Sob o tema \u201cSem Fronteiras: \n<a class=\"moretag\" href=\"https:\/\/www.aceguarulhos.com.br\/blog\/evento-debate-a-comunica%c3%a7%c3%a3o-sem-fronteiras\/\"> [...]<\/a>","protected":false},"author":8,"featured_media":0,"comment_status":"open","ping_status":"open","sticky":false,"template":"","format":"standard","meta":{"footnotes":""},"categories":[2],"tags":[],"class_list":["post-35225","post","type-post","status-publish","format-standard","hentry","category-noticias"],"yoast_head":"<!-- This site is optimized with the Yoast SEO plugin v28.1 - https:\/\/yoast.com\/product\/yoast-seo-wordpress\/ -->\n<title>Evento debate a comunica\u00e7\u00e3o sem fronteiras  - ACE-Guarulhos<\/title>\n<meta name=\"robots\" content=\"index, follow, max-snippet:-1, max-image-preview:large, max-video-preview:-1\" \/>\n<link rel=\"canonical\" href=\"https:\/\/www.aceguarulhos.com.br\/blog\/evento-debate-a-comunica\u00e7\u00e3o-sem-fronteiras\/\" \/>\n<meta property=\"og:locale\" content=\"pt_BR\" \/>\n<meta property=\"og:type\" content=\"article\" \/>\n<meta property=\"og:title\" content=\"Evento debate a comunica\u00e7\u00e3o sem fronteiras  - ACE-Guarulhos\" \/>\n<meta property=\"og:description\" content=\"Na pr\u00f3xima quarta-feira, dia 29, a partir das 18h30, acontece a 13\u00aa edi\u00e7\u00e3o do F\u00f3rum Empresarial de Guarulhos. Sob o tema \u201cSem Fronteiras:\" \/>\n<meta property=\"og:url\" content=\"https:\/\/www.aceguarulhos.com.br\/blog\/evento-debate-a-comunica\u00e7\u00e3o-sem-fronteiras\/\" \/>\n<meta property=\"og:site_name\" content=\"ACE-Guarulhos\" \/>\n<meta property=\"article:publisher\" content=\"https:\/\/www.facebook.com\/aceguarulhos\/\" \/>\n<meta property=\"article:published_time\" content=\"2009-07-23T15:24:34+00:00\" \/>\n<meta name=\"author\" content=\"Assessoria de Imprensa ACE-Guarulhos\" \/>\n<meta name=\"twitter:card\" content=\"summary_large_image\" \/>\n<meta name=\"twitter:label1\" content=\"Escrito por\" \/>\n\t<meta name=\"twitter:data1\" content=\"Assessoria de Imprensa ACE-Guarulhos\" \/>\n\t<meta name=\"twitter:label2\" content=\"Est. tempo de leitura\" \/>\n\t<meta name=\"twitter:data2\" content=\"1 minuto\" \/>\n<script type=\"application\/ld+json\" class=\"yoast-schema-graph\">{\"@context\":\"https:\\\/\\\/schema.org\",\"@graph\":[{\"@type\":\"Article\",\"@id\":\"https:\\\/\\\/www.aceguarulhos.com.br\\\/blog\\\/evento-debate-a-comunica%c3%a7%c3%a3o-sem-fronteiras\\\/#article\",\"isPartOf\":{\"@id\":\"https:\\\/\\\/www.aceguarulhos.com.br\\\/blog\\\/evento-debate-a-comunica%c3%a7%c3%a3o-sem-fronteiras\\\/\"},\"author\":{\"name\":\"Assessoria de Imprensa ACE-Guarulhos\",\"@id\":\"https:\\\/\\\/www.aceguarulhos.com.br\\\/blog\\\/#\\\/schema\\\/person\\\/6983b51bad37489989e4f09698c26237\"},\"headline\":\"Evento debate a comunica\u00e7\u00e3o sem fronteiras\",\"datePublished\":\"2009-07-23T15:24:34+00:00\",\"mainEntityOfPage\":{\"@id\":\"https:\\\/\\\/www.aceguarulhos.com.br\\\/blog\\\/evento-debate-a-comunica%c3%a7%c3%a3o-sem-fronteiras\\\/\"},\"wordCount\":303,\"commentCount\":0,\"publisher\":{\"@id\":\"https:\\\/\\\/www.aceguarulhos.com.br\\\/blog\\\/#organization\"},\"articleSection\":[\"Not\u00edcias\"],\"inLanguage\":\"pt-BR\"},{\"@type\":\"WebPage\",\"@id\":\"https:\\\/\\\/www.aceguarulhos.com.br\\\/blog\\\/evento-debate-a-comunica%c3%a7%c3%a3o-sem-fronteiras\\\/\",\"url\":\"https:\\\/\\\/www.aceguarulhos.com.br\\\/blog\\\/evento-debate-a-comunica%c3%a7%c3%a3o-sem-fronteiras\\\/\",\"name\":\"Evento debate a comunica\u00e7\u00e3o sem fronteiras - ACE-Guarulhos\",\"isPartOf\":{\"@id\":\"https:\\\/\\\/www.aceguarulhos.com.br\\\/blog\\\/#website\"},\"datePublished\":\"2009-07-23T15:24:34+00:00\",\"breadcrumb\":{\"@id\":\"https:\\\/\\\/www.aceguarulhos.com.br\\\/blog\\\/evento-debate-a-comunica%c3%a7%c3%a3o-sem-fronteiras\\\/#breadcrumb\"},\"inLanguage\":\"pt-BR\",\"potentialAction\":[{\"@type\":\"ReadAction\",\"target\":[\"https:\\\/\\\/www.aceguarulhos.com.br\\\/blog\\\/evento-debate-a-comunica%c3%a7%c3%a3o-sem-fronteiras\\\/\"]}]},{\"@type\":\"BreadcrumbList\",\"@id\":\"https:\\\/\\\/www.aceguarulhos.com.br\\\/blog\\\/evento-debate-a-comunica%c3%a7%c3%a3o-sem-fronteiras\\\/#breadcrumb\",\"itemListElement\":[{\"@type\":\"ListItem\",\"position\":1,\"name\":\"In\u00edcio\",\"item\":\"https:\\\/\\\/www.aceguarulhos.com.br\\\/blog\\\/\"},{\"@type\":\"ListItem\",\"position\":2,\"name\":\"Evento debate a comunica\u00e7\u00e3o sem fronteiras\"}]},{\"@type\":\"WebSite\",\"@id\":\"https:\\\/\\\/www.aceguarulhos.com.br\\\/blog\\\/#website\",\"url\":\"https:\\\/\\\/www.aceguarulhos.com.br\\\/blog\\\/\",\"name\":\"ACE-Guarulhos\",\"description\":\"A ACE-Guarulhos \u00e9 uma associa\u00e7\u00e3o que ap\u00f3ia os empres\u00e1rios guarulhenses atrav\u00e9s da representa\u00e7\u00e3o, da gera\u00e7\u00e3o de neg\u00f3cios e presta\u00e7\u00e3o de servi\u00e7os.\",\"publisher\":{\"@id\":\"https:\\\/\\\/www.aceguarulhos.com.br\\\/blog\\\/#organization\"},\"potentialAction\":[{\"@type\":\"SearchAction\",\"target\":{\"@type\":\"EntryPoint\",\"urlTemplate\":\"https:\\\/\\\/www.aceguarulhos.com.br\\\/blog\\\/?s={search_term_string}\"},\"query-input\":{\"@type\":\"PropertyValueSpecification\",\"valueRequired\":true,\"valueName\":\"search_term_string\"}}],\"inLanguage\":\"pt-BR\"},{\"@type\":\"Organization\",\"@id\":\"https:\\\/\\\/www.aceguarulhos.com.br\\\/blog\\\/#organization\",\"name\":\"ACE-Guarulhos\",\"url\":\"https:\\\/\\\/www.aceguarulhos.com.br\\\/blog\\\/\",\"logo\":{\"@type\":\"ImageObject\",\"inLanguage\":\"pt-BR\",\"@id\":\"https:\\\/\\\/www.aceguarulhos.com.br\\\/blog\\\/#\\\/schema\\\/logo\\\/image\\\/\",\"url\":\"https:\\\/\\\/www.aceguarulhos.com.br\\\/blog\\\/wp-content\\\/uploads\\\/2017\\\/12\\\/logo-aceguarulhos-2018.png\",\"contentUrl\":\"https:\\\/\\\/www.aceguarulhos.com.br\\\/blog\\\/wp-content\\\/uploads\\\/2017\\\/12\\\/logo-aceguarulhos-2018.png\",\"width\":419,\"height\":76,\"caption\":\"ACE-Guarulhos\"},\"image\":{\"@id\":\"https:\\\/\\\/www.aceguarulhos.com.br\\\/blog\\\/#\\\/schema\\\/logo\\\/image\\\/\"},\"sameAs\":[\"https:\\\/\\\/www.facebook.com\\\/aceguarulhos\\\/\",\"https:\\\/\\\/br.linkedin.com\\\/in\\\/ace-guarulhos-b9a97093\",\"https:\\\/\\\/www.youtube.com\\\/user\\\/aceguarulhos\"]},{\"@type\":\"Person\",\"@id\":\"https:\\\/\\\/www.aceguarulhos.com.br\\\/blog\\\/#\\\/schema\\\/person\\\/6983b51bad37489989e4f09698c26237\",\"name\":\"Assessoria de Imprensa ACE-Guarulhos\",\"image\":{\"@type\":\"ImageObject\",\"inLanguage\":\"pt-BR\",\"@id\":\"https:\\\/\\\/secure.gravatar.com\\\/avatar\\\/707f3fadd6918afeb64173ab22d8a8cb0676953098a4f31ff36dc2b4c699ef6a?s=96&d=mm&r=g\",\"url\":\"https:\\\/\\\/secure.gravatar.com\\\/avatar\\\/707f3fadd6918afeb64173ab22d8a8cb0676953098a4f31ff36dc2b4c699ef6a?s=96&d=mm&r=g\",\"contentUrl\":\"https:\\\/\\\/secure.gravatar.com\\\/avatar\\\/707f3fadd6918afeb64173ab22d8a8cb0676953098a4f31ff36dc2b4c699ef6a?s=96&d=mm&r=g\",\"caption\":\"Assessoria de Imprensa ACE-Guarulhos\"},\"url\":\"https:\\\/\\\/www.aceguarulhos.com.br\\\/blog\\\/author\\\/assessoria-de-imprensa-ace-guarulhos\\\/\"}]}<\/script>\n<!-- \/ Yoast SEO plugin. -->","yoast_head_json":{"title":"Evento debate a comunica\u00e7\u00e3o sem fronteiras  - ACE-Guarulhos","robots":{"index":"index","follow":"follow","max-snippet":"max-snippet:-1","max-image-preview":"max-image-preview:large","max-video-preview":"max-video-preview:-1"},"canonical":"https:\/\/www.aceguarulhos.com.br\/blog\/evento-debate-a-comunica\u00e7\u00e3o-sem-fronteiras\/","og_locale":"pt_BR","og_type":"article","og_title":"Evento debate a comunica\u00e7\u00e3o sem fronteiras  - ACE-Guarulhos","og_description":"Na pr\u00f3xima quarta-feira, dia 29, a partir das 18h30, acontece a 13\u00aa edi\u00e7\u00e3o do F\u00f3rum Empresarial de Guarulhos. Sob o tema \u201cSem Fronteiras:","og_url":"https:\/\/www.aceguarulhos.com.br\/blog\/evento-debate-a-comunica\u00e7\u00e3o-sem-fronteiras\/","og_site_name":"ACE-Guarulhos","article_publisher":"https:\/\/www.facebook.com\/aceguarulhos\/","article_published_time":"2009-07-23T15:24:34+00:00","author":"Assessoria de Imprensa ACE-Guarulhos","twitter_card":"summary_large_image","twitter_misc":{"Escrito por":"Assessoria de Imprensa ACE-Guarulhos","Est. tempo de leitura":"1 minuto"},"schema":{"@context":"https:\/\/schema.org","@graph":[{"@type":"Article","@id":"https:\/\/www.aceguarulhos.com.br\/blog\/evento-debate-a-comunica%c3%a7%c3%a3o-sem-fronteiras\/#article","isPartOf":{"@id":"https:\/\/www.aceguarulhos.com.br\/blog\/evento-debate-a-comunica%c3%a7%c3%a3o-sem-fronteiras\/"},"author":{"name":"Assessoria de Imprensa ACE-Guarulhos","@id":"https:\/\/www.aceguarulhos.com.br\/blog\/#\/schema\/person\/6983b51bad37489989e4f09698c26237"},"headline":"Evento debate a comunica\u00e7\u00e3o sem fronteiras","datePublished":"2009-07-23T15:24:34+00:00","mainEntityOfPage":{"@id":"https:\/\/www.aceguarulhos.com.br\/blog\/evento-debate-a-comunica%c3%a7%c3%a3o-sem-fronteiras\/"},"wordCount":303,"commentCount":0,"publisher":{"@id":"https:\/\/www.aceguarulhos.com.br\/blog\/#organization"},"articleSection":["Not\u00edcias"],"inLanguage":"pt-BR"},{"@type":"WebPage","@id":"https:\/\/www.aceguarulhos.com.br\/blog\/evento-debate-a-comunica%c3%a7%c3%a3o-sem-fronteiras\/","url":"https:\/\/www.aceguarulhos.com.br\/blog\/evento-debate-a-comunica%c3%a7%c3%a3o-sem-fronteiras\/","name":"Evento debate a comunica\u00e7\u00e3o sem fronteiras - ACE-Guarulhos","isPartOf":{"@id":"https:\/\/www.aceguarulhos.com.br\/blog\/#website"},"datePublished":"2009-07-23T15:24:34+00:00","breadcrumb":{"@id":"https:\/\/www.aceguarulhos.com.br\/blog\/evento-debate-a-comunica%c3%a7%c3%a3o-sem-fronteiras\/#breadcrumb"},"inLanguage":"pt-BR","potentialAction":[{"@type":"ReadAction","target":["https:\/\/www.aceguarulhos.com.br\/blog\/evento-debate-a-comunica%c3%a7%c3%a3o-sem-fronteiras\/"]}]},{"@type":"BreadcrumbList","@id":"https:\/\/www.aceguarulhos.com.br\/blog\/evento-debate-a-comunica%c3%a7%c3%a3o-sem-fronteiras\/#breadcrumb","itemListElement":[{"@type":"ListItem","position":1,"name":"In\u00edcio","item":"https:\/\/www.aceguarulhos.com.br\/blog\/"},{"@type":"ListItem","position":2,"name":"Evento debate a comunica\u00e7\u00e3o sem fronteiras"}]},{"@type":"WebSite","@id":"https:\/\/www.aceguarulhos.com.br\/blog\/#website","url":"https:\/\/www.aceguarulhos.com.br\/blog\/","name":"ACE-Guarulhos","description":"A ACE-Guarulhos \u00e9 uma associa\u00e7\u00e3o que ap\u00f3ia os empres\u00e1rios guarulhenses atrav\u00e9s da representa\u00e7\u00e3o, da gera\u00e7\u00e3o de neg\u00f3cios e presta\u00e7\u00e3o de servi\u00e7os.","publisher":{"@id":"https:\/\/www.aceguarulhos.com.br\/blog\/#organization"},"potentialAction":[{"@type":"SearchAction","target":{"@type":"EntryPoint","urlTemplate":"https:\/\/www.aceguarulhos.com.br\/blog\/?s={search_term_string}"},"query-input":{"@type":"PropertyValueSpecification","valueRequired":true,"valueName":"search_term_string"}}],"inLanguage":"pt-BR"},{"@type":"Organization","@id":"https:\/\/www.aceguarulhos.com.br\/blog\/#organization","name":"ACE-Guarulhos","url":"https:\/\/www.aceguarulhos.com.br\/blog\/","logo":{"@type":"ImageObject","inLanguage":"pt-BR","@id":"https:\/\/www.aceguarulhos.com.br\/blog\/#\/schema\/logo\/image\/","url":"https:\/\/www.aceguarulhos.com.br\/blog\/wp-content\/uploads\/2017\/12\/logo-aceguarulhos-2018.png","contentUrl":"https:\/\/www.aceguarulhos.com.br\/blog\/wp-content\/uploads\/2017\/12\/logo-aceguarulhos-2018.png","width":419,"height":76,"caption":"ACE-Guarulhos"},"image":{"@id":"https:\/\/www.aceguarulhos.com.br\/blog\/#\/schema\/logo\/image\/"},"sameAs":["https:\/\/www.facebook.com\/aceguarulhos\/","https:\/\/br.linkedin.com\/in\/ace-guarulhos-b9a97093","https:\/\/www.youtube.com\/user\/aceguarulhos"]},{"@type":"Person","@id":"https:\/\/www.aceguarulhos.com.br\/blog\/#\/schema\/person\/6983b51bad37489989e4f09698c26237","name":"Assessoria de Imprensa ACE-Guarulhos","image":{"@type":"ImageObject","inLanguage":"pt-BR","@id":"https:\/\/secure.gravatar.com\/avatar\/707f3fadd6918afeb64173ab22d8a8cb0676953098a4f31ff36dc2b4c699ef6a?s=96&d=mm&r=g","url":"https:\/\/secure.gravatar.com\/avatar\/707f3fadd6918afeb64173ab22d8a8cb0676953098a4f31ff36dc2b4c699ef6a?s=96&d=mm&r=g","contentUrl":"https:\/\/secure.gravatar.com\/avatar\/707f3fadd6918afeb64173ab22d8a8cb0676953098a4f31ff36dc2b4c699ef6a?s=96&d=mm&r=g","caption":"Assessoria de Imprensa ACE-Guarulhos"},"url":"https:\/\/www.aceguarulhos.com.br\/blog\/author\/assessoria-de-imprensa-ace-guarulhos\/"}]}},"wps_subtitle":"","amp_enabled":true,"_links":{"self":[{"href":"https:\/\/www.aceguarulhos.com.br\/blog\/wp-json\/wp\/v2\/posts\/35225","targetHints":{"allow":["GET"]}}],"collection":[{"href":"https:\/\/www.aceguarulhos.com.br\/blog\/wp-json\/wp\/v2\/posts"}],"about":[{"href":"https:\/\/www.aceguarulhos.com.br\/blog\/wp-json\/wp\/v2\/types\/post"}],"author":[{"embeddable":true,"href":"https:\/\/www.aceguarulhos.com.br\/blog\/wp-json\/wp\/v2\/users\/8"}],"replies":[{"embeddable":true,"href":"https:\/\/www.aceguarulhos.com.br\/blog\/wp-json\/wp\/v2\/comments?post=35225"}],"version-history":[{"count":0,"href":"https:\/\/www.aceguarulhos.com.br\/blog\/wp-json\/wp\/v2\/posts\/35225\/revisions"}],"wp:attachment":[{"href":"https:\/\/www.aceguarulhos.com.br\/blog\/wp-json\/wp\/v2\/media?parent=35225"}],"wp:term":[{"taxonomy":"category","embeddable":true,"href":"https:\/\/www.aceguarulhos.com.br\/blog\/wp-json\/wp\/v2\/categories?post=35225"},{"taxonomy":"post_tag","embeddable":true,"href":"https:\/\/www.aceguarulhos.com.br\/blog\/wp-json\/wp\/v2\/tags?post=35225"}],"curies":[{"name":"wp","href":"https:\/\/api.w.org\/{rel}","templated":true}]}}