{"id":35190,"date":"2009-07-16T14:27:27","date_gmt":"2009-07-16T14:27:27","guid":{"rendered":"http:\/\/www.aceguarulhos.com.br\/blog\/?p=35190"},"modified":"-0001-11-30T00:00:00","modified_gmt":"-0001-11-30T03:00:00","slug":"pr%c3%a9dio-que-abrigava-a-c%c3%a2mara-ser%c3%a1-transformado-em-restaurante-escola","status":"publish","type":"post","link":"https:\/\/www.aceguarulhos.com.br\/blog\/pr%c3%a9dio-que-abrigava-a-c%c3%a2mara-ser%c3%a1-transformado-em-restaurante-escola\/","title":{"rendered":"Pr\u00e9dio que abrigava a C\u00e2mara ser\u00e1 transformado em restaurante escola"},"content":{"rendered":"<p>A pol\u00eamica envolvendo o antigo pr\u00e9dio localizado na pra\u00e7a Get\u00falio Vargas, no Centro, onde antes abrigava a C\u00e2mara dos Vereadores de Guarulhos chegou ao fim. Depois de muitas especula\u00e7\u00f5es, at\u00e9 mesmo a volta da Casa de Leis, o local ser\u00e1 transformado em restaurante escola, com custo estimado da ordem de R$ 632 mil.<\/p>\n<p>O projeto executivo para as obras no antigo pr\u00e9dio, de propriedade do munic\u00edpio, ainda est\u00e1 em fase de execu\u00e7\u00e3o pela Tecnyt Eletro Eletr\u00f4nica Ltda. O contrato, assinado entre a empresa e Prefeitura em 2008, sofreu recentemente aditamento na planilha or\u00e7ament\u00e1ria, conforme extrato da Secretaria de Obras, o que acabou atrasando o processo. De acordo com a assessoria de imprensa do munic\u00edpio, n\u00e3o se tratou de aditivo de valor, mas sim de requalifica\u00e7\u00e3o de servi\u00e7os em fun\u00e7\u00e3o do desenvolvimento do projeto executivo.<\/p>\n<p>Desde quando o plen\u00e1rio do Legislativo deixou o local, o pr\u00e9dio vinha sendo alvo de muita especula\u00e7\u00e3o, inclusive chegou a cogitar a instala\u00e7\u00e3o de algumas secretarias no local. No entanto, o espa\u00e7o ficar\u00e1 a cargo a cargos das secretarias de Desenvolvimento Urbano (SDU) e do Trabalho, respons\u00e1veis pela implanta\u00e7\u00e3o do restaurante escola. O in\u00edcio e a conclus\u00e3o das obras depender\u00e3o da contrata\u00e7\u00e3o da nova empresa e da obedi\u00eancia aos cronogramas de desembolso, segundo informou a Prefeitura.<\/p>\n<p>Restaurante Escola &#8211; Trata-se de parceria entre as Secretarias de Desenvolvimento Urbano (SDU) e do Trabalho, que prev\u00ea a requalifica\u00e7\u00e3o do espa\u00e7o p\u00fablico e um programa de qualifica\u00e7\u00e3o profissional que visa implantar um sistema de aprendizagem, gest\u00e3o e comercializa\u00e7\u00e3o dos produtos de forma que o restaurante se sustente com sua pr\u00f3pria arrecada\u00e7\u00e3o.<\/p>\n<p>O projeto teve como principal objetivo integrar o antigo pr\u00e9dio da C\u00e2mara \u00e0 pra\u00e7a, abrindo novos acessos e tornando o espa\u00e7o p\u00fablico um conjunto de pra\u00e7a e edif\u00edcio perme\u00e1veis um ao outro, requalificando, dessa maneira, o espa\u00e7o atrav\u00e9s de seu uso. De acordo com a assessoria de imprensa, outro diferencial do programa a ser implantado \u00e9 a inclus\u00e3o digital, que abre as portas ao p\u00fablico atrav\u00e9s da disponibiliza\u00e7\u00e3o de acervo digital.<\/p>\n<p>A estimativa de atendimento \u00e9 de 1500\/dia, sendo que o n\u00ba de alunos e profissionais envolvidos na produ\u00e7\u00e3o e gerenciamento pode variar entre 15 e 25 pessoas organizadas em turnos para otimizar a produ\u00e7\u00e3o\/distribui\u00e7\u00e3o de alimentos e ao mesmo tempo manter as aulas te\u00f3ricas necess\u00e1rias \u00e0 capacita\u00e7\u00e3o.<\/p>\n<p><b>C\u00e2mara Sede &#8211;<\/b> A constru\u00e7\u00e3o do pr\u00e9dio pr\u00f3prio da C\u00e2mara foi aprovada pelos vereadores, em novembro do ano passado, em terreno cedido pelo Executivo, na pra\u00e7a Gilberto Van Mill (pra\u00e7a da Pedra). Por\u00e9m, a constru\u00e7\u00e3o do Legislativo ainda \u00e9 uma grande inc\u00f3gnita, j\u00e1 que ainda n\u00e3o existe previs\u00e3o do in\u00edcio das obras.<\/p>\n<p>Na pra\u00e7a da Pedra ser\u00e1 constru\u00eddo um pr\u00e9dio de oito andares &#8211; e n\u00e3o mais seis, como previa o projeto original. O estacionamento ser\u00e1 constru\u00eddo em um terreno particular vizinho \u00e0 pra\u00e7a, que j\u00e1 teria sido adquirido pela C\u00e2mara por R$ 1,2 milh\u00e3o.<\/p>\n","protected":false},"excerpt":{"rendered":"A pol\u00eamica envolvendo o antigo pr\u00e9dio localizado na pra\u00e7a Get\u00falio Vargas, no Centro, onde antes abrigava a C\u00e2mara dos Vereadores de Guarulhos chegou \n<a class=\"moretag\" href=\"https:\/\/www.aceguarulhos.com.br\/blog\/pr%c3%a9dio-que-abrigava-a-c%c3%a2mara-ser%c3%a1-transformado-em-restaurante-escola\/\"> [...]<\/a>","protected":false},"author":8,"featured_media":0,"comment_status":"open","ping_status":"open","sticky":false,"template":"","format":"standard","meta":{"footnotes":""},"categories":[2],"tags":[],"class_list":["post-35190","post","type-post","status-publish","format-standard","hentry","category-noticias"],"yoast_head":"<!-- This site is optimized with the Yoast SEO plugin v28.1 - https:\/\/yoast.com\/product\/yoast-seo-wordpress\/ -->\n<title>Pr\u00e9dio que abrigava a C\u00e2mara ser\u00e1 transformado em restaurante escola - ACE-Guarulhos<\/title>\n<meta name=\"robots\" content=\"index, follow, max-snippet:-1, max-image-preview:large, max-video-preview:-1\" \/>\n<link rel=\"canonical\" href=\"https:\/\/www.aceguarulhos.com.br\/blog\/pr\u00e9dio-que-abrigava-a-c\u00e2mara-ser\u00e1-transformado-em-restaurante-escola\/\" \/>\n<meta property=\"og:locale\" content=\"pt_BR\" \/>\n<meta property=\"og:type\" content=\"article\" \/>\n<meta property=\"og:title\" content=\"Pr\u00e9dio que abrigava a C\u00e2mara ser\u00e1 transformado em restaurante escola - ACE-Guarulhos\" \/>\n<meta property=\"og:description\" content=\"A pol\u00eamica envolvendo o antigo pr\u00e9dio localizado na pra\u00e7a Get\u00falio Vargas, no Centro, onde antes abrigava a C\u00e2mara dos Vereadores de Guarulhos chegou\" \/>\n<meta property=\"og:url\" content=\"https:\/\/www.aceguarulhos.com.br\/blog\/pr\u00e9dio-que-abrigava-a-c\u00e2mara-ser\u00e1-transformado-em-restaurante-escola\/\" \/>\n<meta property=\"og:site_name\" content=\"ACE-Guarulhos\" \/>\n<meta property=\"article:publisher\" content=\"https:\/\/www.facebook.com\/aceguarulhos\/\" \/>\n<meta property=\"article:published_time\" content=\"2009-07-16T14:27:27+00:00\" \/>\n<meta name=\"author\" content=\"Assessoria de Imprensa ACE-Guarulhos\" \/>\n<meta name=\"twitter:card\" content=\"summary_large_image\" \/>\n<meta name=\"twitter:label1\" content=\"Escrito por\" \/>\n\t<meta name=\"twitter:data1\" content=\"Assessoria de Imprensa ACE-Guarulhos\" \/>\n\t<meta name=\"twitter:label2\" content=\"Est. tempo de leitura\" \/>\n\t<meta name=\"twitter:data2\" content=\"3 minutos\" \/>\n<script type=\"application\/ld+json\" class=\"yoast-schema-graph\">{\"@context\":\"https:\\\/\\\/schema.org\",\"@graph\":[{\"@type\":\"Article\",\"@id\":\"https:\\\/\\\/www.aceguarulhos.com.br\\\/blog\\\/pr%c3%a9dio-que-abrigava-a-c%c3%a2mara-ser%c3%a1-transformado-em-restaurante-escola\\\/#article\",\"isPartOf\":{\"@id\":\"https:\\\/\\\/www.aceguarulhos.com.br\\\/blog\\\/pr%c3%a9dio-que-abrigava-a-c%c3%a2mara-ser%c3%a1-transformado-em-restaurante-escola\\\/\"},\"author\":{\"name\":\"Assessoria de Imprensa ACE-Guarulhos\",\"@id\":\"https:\\\/\\\/www.aceguarulhos.com.br\\\/blog\\\/#\\\/schema\\\/person\\\/6983b51bad37489989e4f09698c26237\"},\"headline\":\"Pr\u00e9dio que abrigava a C\u00e2mara ser\u00e1 transformado em restaurante escola\",\"datePublished\":\"2009-07-16T14:27:27+00:00\",\"mainEntityOfPage\":{\"@id\":\"https:\\\/\\\/www.aceguarulhos.com.br\\\/blog\\\/pr%c3%a9dio-que-abrigava-a-c%c3%a2mara-ser%c3%a1-transformado-em-restaurante-escola\\\/\"},\"wordCount\":555,\"commentCount\":0,\"publisher\":{\"@id\":\"https:\\\/\\\/www.aceguarulhos.com.br\\\/blog\\\/#organization\"},\"articleSection\":[\"Not\u00edcias\"],\"inLanguage\":\"pt-BR\"},{\"@type\":\"WebPage\",\"@id\":\"https:\\\/\\\/www.aceguarulhos.com.br\\\/blog\\\/pr%c3%a9dio-que-abrigava-a-c%c3%a2mara-ser%c3%a1-transformado-em-restaurante-escola\\\/\",\"url\":\"https:\\\/\\\/www.aceguarulhos.com.br\\\/blog\\\/pr%c3%a9dio-que-abrigava-a-c%c3%a2mara-ser%c3%a1-transformado-em-restaurante-escola\\\/\",\"name\":\"Pr\u00e9dio que abrigava a C\u00e2mara ser\u00e1 transformado em restaurante escola - ACE-Guarulhos\",\"isPartOf\":{\"@id\":\"https:\\\/\\\/www.aceguarulhos.com.br\\\/blog\\\/#website\"},\"datePublished\":\"2009-07-16T14:27:27+00:00\",\"breadcrumb\":{\"@id\":\"https:\\\/\\\/www.aceguarulhos.com.br\\\/blog\\\/pr%c3%a9dio-que-abrigava-a-c%c3%a2mara-ser%c3%a1-transformado-em-restaurante-escola\\\/#breadcrumb\"},\"inLanguage\":\"pt-BR\",\"potentialAction\":[{\"@type\":\"ReadAction\",\"target\":[\"https:\\\/\\\/www.aceguarulhos.com.br\\\/blog\\\/pr%c3%a9dio-que-abrigava-a-c%c3%a2mara-ser%c3%a1-transformado-em-restaurante-escola\\\/\"]}]},{\"@type\":\"BreadcrumbList\",\"@id\":\"https:\\\/\\\/www.aceguarulhos.com.br\\\/blog\\\/pr%c3%a9dio-que-abrigava-a-c%c3%a2mara-ser%c3%a1-transformado-em-restaurante-escola\\\/#breadcrumb\",\"itemListElement\":[{\"@type\":\"ListItem\",\"position\":1,\"name\":\"In\u00edcio\",\"item\":\"https:\\\/\\\/www.aceguarulhos.com.br\\\/blog\\\/\"},{\"@type\":\"ListItem\",\"position\":2,\"name\":\"Pr\u00e9dio que abrigava a C\u00e2mara ser\u00e1 transformado em restaurante escola\"}]},{\"@type\":\"WebSite\",\"@id\":\"https:\\\/\\\/www.aceguarulhos.com.br\\\/blog\\\/#website\",\"url\":\"https:\\\/\\\/www.aceguarulhos.com.br\\\/blog\\\/\",\"name\":\"ACE-Guarulhos\",\"description\":\"A ACE-Guarulhos \u00e9 uma associa\u00e7\u00e3o que ap\u00f3ia os empres\u00e1rios guarulhenses atrav\u00e9s da representa\u00e7\u00e3o, da gera\u00e7\u00e3o de neg\u00f3cios e presta\u00e7\u00e3o de servi\u00e7os.\",\"publisher\":{\"@id\":\"https:\\\/\\\/www.aceguarulhos.com.br\\\/blog\\\/#organization\"},\"potentialAction\":[{\"@type\":\"SearchAction\",\"target\":{\"@type\":\"EntryPoint\",\"urlTemplate\":\"https:\\\/\\\/www.aceguarulhos.com.br\\\/blog\\\/?s={search_term_string}\"},\"query-input\":{\"@type\":\"PropertyValueSpecification\",\"valueRequired\":true,\"valueName\":\"search_term_string\"}}],\"inLanguage\":\"pt-BR\"},{\"@type\":\"Organization\",\"@id\":\"https:\\\/\\\/www.aceguarulhos.com.br\\\/blog\\\/#organization\",\"name\":\"ACE-Guarulhos\",\"url\":\"https:\\\/\\\/www.aceguarulhos.com.br\\\/blog\\\/\",\"logo\":{\"@type\":\"ImageObject\",\"inLanguage\":\"pt-BR\",\"@id\":\"https:\\\/\\\/www.aceguarulhos.com.br\\\/blog\\\/#\\\/schema\\\/logo\\\/image\\\/\",\"url\":\"https:\\\/\\\/www.aceguarulhos.com.br\\\/blog\\\/wp-content\\\/uploads\\\/2017\\\/12\\\/logo-aceguarulhos-2018.png\",\"contentUrl\":\"https:\\\/\\\/www.aceguarulhos.com.br\\\/blog\\\/wp-content\\\/uploads\\\/2017\\\/12\\\/logo-aceguarulhos-2018.png\",\"width\":419,\"height\":76,\"caption\":\"ACE-Guarulhos\"},\"image\":{\"@id\":\"https:\\\/\\\/www.aceguarulhos.com.br\\\/blog\\\/#\\\/schema\\\/logo\\\/image\\\/\"},\"sameAs\":[\"https:\\\/\\\/www.facebook.com\\\/aceguarulhos\\\/\",\"https:\\\/\\\/br.linkedin.com\\\/in\\\/ace-guarulhos-b9a97093\",\"https:\\\/\\\/www.youtube.com\\\/user\\\/aceguarulhos\"]},{\"@type\":\"Person\",\"@id\":\"https:\\\/\\\/www.aceguarulhos.com.br\\\/blog\\\/#\\\/schema\\\/person\\\/6983b51bad37489989e4f09698c26237\",\"name\":\"Assessoria de Imprensa ACE-Guarulhos\",\"image\":{\"@type\":\"ImageObject\",\"inLanguage\":\"pt-BR\",\"@id\":\"https:\\\/\\\/secure.gravatar.com\\\/avatar\\\/707f3fadd6918afeb64173ab22d8a8cb0676953098a4f31ff36dc2b4c699ef6a?s=96&d=mm&r=g\",\"url\":\"https:\\\/\\\/secure.gravatar.com\\\/avatar\\\/707f3fadd6918afeb64173ab22d8a8cb0676953098a4f31ff36dc2b4c699ef6a?s=96&d=mm&r=g\",\"contentUrl\":\"https:\\\/\\\/secure.gravatar.com\\\/avatar\\\/707f3fadd6918afeb64173ab22d8a8cb0676953098a4f31ff36dc2b4c699ef6a?s=96&d=mm&r=g\",\"caption\":\"Assessoria de Imprensa ACE-Guarulhos\"},\"url\":\"https:\\\/\\\/www.aceguarulhos.com.br\\\/blog\\\/author\\\/assessoria-de-imprensa-ace-guarulhos\\\/\"}]}<\/script>\n<!-- \/ Yoast SEO plugin. -->","yoast_head_json":{"title":"Pr\u00e9dio que abrigava a C\u00e2mara ser\u00e1 transformado em restaurante escola - ACE-Guarulhos","robots":{"index":"index","follow":"follow","max-snippet":"max-snippet:-1","max-image-preview":"max-image-preview:large","max-video-preview":"max-video-preview:-1"},"canonical":"https:\/\/www.aceguarulhos.com.br\/blog\/pr\u00e9dio-que-abrigava-a-c\u00e2mara-ser\u00e1-transformado-em-restaurante-escola\/","og_locale":"pt_BR","og_type":"article","og_title":"Pr\u00e9dio que abrigava a C\u00e2mara ser\u00e1 transformado em restaurante escola - ACE-Guarulhos","og_description":"A pol\u00eamica envolvendo o antigo pr\u00e9dio localizado na pra\u00e7a Get\u00falio Vargas, no Centro, onde antes abrigava a C\u00e2mara dos Vereadores de Guarulhos chegou","og_url":"https:\/\/www.aceguarulhos.com.br\/blog\/pr\u00e9dio-que-abrigava-a-c\u00e2mara-ser\u00e1-transformado-em-restaurante-escola\/","og_site_name":"ACE-Guarulhos","article_publisher":"https:\/\/www.facebook.com\/aceguarulhos\/","article_published_time":"2009-07-16T14:27:27+00:00","author":"Assessoria de Imprensa ACE-Guarulhos","twitter_card":"summary_large_image","twitter_misc":{"Escrito por":"Assessoria de Imprensa ACE-Guarulhos","Est. tempo de leitura":"3 minutos"},"schema":{"@context":"https:\/\/schema.org","@graph":[{"@type":"Article","@id":"https:\/\/www.aceguarulhos.com.br\/blog\/pr%c3%a9dio-que-abrigava-a-c%c3%a2mara-ser%c3%a1-transformado-em-restaurante-escola\/#article","isPartOf":{"@id":"https:\/\/www.aceguarulhos.com.br\/blog\/pr%c3%a9dio-que-abrigava-a-c%c3%a2mara-ser%c3%a1-transformado-em-restaurante-escola\/"},"author":{"name":"Assessoria de Imprensa ACE-Guarulhos","@id":"https:\/\/www.aceguarulhos.com.br\/blog\/#\/schema\/person\/6983b51bad37489989e4f09698c26237"},"headline":"Pr\u00e9dio que abrigava a C\u00e2mara ser\u00e1 transformado em restaurante escola","datePublished":"2009-07-16T14:27:27+00:00","mainEntityOfPage":{"@id":"https:\/\/www.aceguarulhos.com.br\/blog\/pr%c3%a9dio-que-abrigava-a-c%c3%a2mara-ser%c3%a1-transformado-em-restaurante-escola\/"},"wordCount":555,"commentCount":0,"publisher":{"@id":"https:\/\/www.aceguarulhos.com.br\/blog\/#organization"},"articleSection":["Not\u00edcias"],"inLanguage":"pt-BR"},{"@type":"WebPage","@id":"https:\/\/www.aceguarulhos.com.br\/blog\/pr%c3%a9dio-que-abrigava-a-c%c3%a2mara-ser%c3%a1-transformado-em-restaurante-escola\/","url":"https:\/\/www.aceguarulhos.com.br\/blog\/pr%c3%a9dio-que-abrigava-a-c%c3%a2mara-ser%c3%a1-transformado-em-restaurante-escola\/","name":"Pr\u00e9dio que abrigava a C\u00e2mara ser\u00e1 transformado em restaurante escola - ACE-Guarulhos","isPartOf":{"@id":"https:\/\/www.aceguarulhos.com.br\/blog\/#website"},"datePublished":"2009-07-16T14:27:27+00:00","breadcrumb":{"@id":"https:\/\/www.aceguarulhos.com.br\/blog\/pr%c3%a9dio-que-abrigava-a-c%c3%a2mara-ser%c3%a1-transformado-em-restaurante-escola\/#breadcrumb"},"inLanguage":"pt-BR","potentialAction":[{"@type":"ReadAction","target":["https:\/\/www.aceguarulhos.com.br\/blog\/pr%c3%a9dio-que-abrigava-a-c%c3%a2mara-ser%c3%a1-transformado-em-restaurante-escola\/"]}]},{"@type":"BreadcrumbList","@id":"https:\/\/www.aceguarulhos.com.br\/blog\/pr%c3%a9dio-que-abrigava-a-c%c3%a2mara-ser%c3%a1-transformado-em-restaurante-escola\/#breadcrumb","itemListElement":[{"@type":"ListItem","position":1,"name":"In\u00edcio","item":"https:\/\/www.aceguarulhos.com.br\/blog\/"},{"@type":"ListItem","position":2,"name":"Pr\u00e9dio que abrigava a C\u00e2mara ser\u00e1 transformado em restaurante escola"}]},{"@type":"WebSite","@id":"https:\/\/www.aceguarulhos.com.br\/blog\/#website","url":"https:\/\/www.aceguarulhos.com.br\/blog\/","name":"ACE-Guarulhos","description":"A ACE-Guarulhos \u00e9 uma associa\u00e7\u00e3o que ap\u00f3ia os empres\u00e1rios guarulhenses atrav\u00e9s da representa\u00e7\u00e3o, da gera\u00e7\u00e3o de neg\u00f3cios e presta\u00e7\u00e3o de servi\u00e7os.","publisher":{"@id":"https:\/\/www.aceguarulhos.com.br\/blog\/#organization"},"potentialAction":[{"@type":"SearchAction","target":{"@type":"EntryPoint","urlTemplate":"https:\/\/www.aceguarulhos.com.br\/blog\/?s={search_term_string}"},"query-input":{"@type":"PropertyValueSpecification","valueRequired":true,"valueName":"search_term_string"}}],"inLanguage":"pt-BR"},{"@type":"Organization","@id":"https:\/\/www.aceguarulhos.com.br\/blog\/#organization","name":"ACE-Guarulhos","url":"https:\/\/www.aceguarulhos.com.br\/blog\/","logo":{"@type":"ImageObject","inLanguage":"pt-BR","@id":"https:\/\/www.aceguarulhos.com.br\/blog\/#\/schema\/logo\/image\/","url":"https:\/\/www.aceguarulhos.com.br\/blog\/wp-content\/uploads\/2017\/12\/logo-aceguarulhos-2018.png","contentUrl":"https:\/\/www.aceguarulhos.com.br\/blog\/wp-content\/uploads\/2017\/12\/logo-aceguarulhos-2018.png","width":419,"height":76,"caption":"ACE-Guarulhos"},"image":{"@id":"https:\/\/www.aceguarulhos.com.br\/blog\/#\/schema\/logo\/image\/"},"sameAs":["https:\/\/www.facebook.com\/aceguarulhos\/","https:\/\/br.linkedin.com\/in\/ace-guarulhos-b9a97093","https:\/\/www.youtube.com\/user\/aceguarulhos"]},{"@type":"Person","@id":"https:\/\/www.aceguarulhos.com.br\/blog\/#\/schema\/person\/6983b51bad37489989e4f09698c26237","name":"Assessoria de Imprensa ACE-Guarulhos","image":{"@type":"ImageObject","inLanguage":"pt-BR","@id":"https:\/\/secure.gravatar.com\/avatar\/707f3fadd6918afeb64173ab22d8a8cb0676953098a4f31ff36dc2b4c699ef6a?s=96&d=mm&r=g","url":"https:\/\/secure.gravatar.com\/avatar\/707f3fadd6918afeb64173ab22d8a8cb0676953098a4f31ff36dc2b4c699ef6a?s=96&d=mm&r=g","contentUrl":"https:\/\/secure.gravatar.com\/avatar\/707f3fadd6918afeb64173ab22d8a8cb0676953098a4f31ff36dc2b4c699ef6a?s=96&d=mm&r=g","caption":"Assessoria de Imprensa ACE-Guarulhos"},"url":"https:\/\/www.aceguarulhos.com.br\/blog\/author\/assessoria-de-imprensa-ace-guarulhos\/"}]}},"wps_subtitle":"","amp_enabled":true,"_links":{"self":[{"href":"https:\/\/www.aceguarulhos.com.br\/blog\/wp-json\/wp\/v2\/posts\/35190","targetHints":{"allow":["GET"]}}],"collection":[{"href":"https:\/\/www.aceguarulhos.com.br\/blog\/wp-json\/wp\/v2\/posts"}],"about":[{"href":"https:\/\/www.aceguarulhos.com.br\/blog\/wp-json\/wp\/v2\/types\/post"}],"author":[{"embeddable":true,"href":"https:\/\/www.aceguarulhos.com.br\/blog\/wp-json\/wp\/v2\/users\/8"}],"replies":[{"embeddable":true,"href":"https:\/\/www.aceguarulhos.com.br\/blog\/wp-json\/wp\/v2\/comments?post=35190"}],"version-history":[{"count":0,"href":"https:\/\/www.aceguarulhos.com.br\/blog\/wp-json\/wp\/v2\/posts\/35190\/revisions"}],"wp:attachment":[{"href":"https:\/\/www.aceguarulhos.com.br\/blog\/wp-json\/wp\/v2\/media?parent=35190"}],"wp:term":[{"taxonomy":"category","embeddable":true,"href":"https:\/\/www.aceguarulhos.com.br\/blog\/wp-json\/wp\/v2\/categories?post=35190"},{"taxonomy":"post_tag","embeddable":true,"href":"https:\/\/www.aceguarulhos.com.br\/blog\/wp-json\/wp\/v2\/tags?post=35190"}],"curies":[{"name":"wp","href":"https:\/\/api.w.org\/{rel}","templated":true}]}}