{"id":35118,"date":"2009-06-29T10:56:14","date_gmt":"2009-06-29T10:56:14","guid":{"rendered":"http:\/\/www.aceguarulhos.com.br\/blog\/?p=35118"},"modified":"-0001-11-30T00:00:00","modified_gmt":"-0001-11-30T03:00:00","slug":"%c3%a1rea-monitorada-por-c%c3%a2meras-registra-queda-de-roubos","status":"publish","type":"post","link":"https:\/\/www.aceguarulhos.com.br\/blog\/%c3%a1rea-monitorada-por-c%c3%a2meras-registra-queda-de-roubos\/","title":{"rendered":"\u00c1rea monitorada por c\u00e2meras registra queda de roubos"},"content":{"rendered":"<p>No primeiro m\u00eas de funcionamento das c\u00e2meras eletr\u00f4nicas na regi\u00e3o central de Guarulhos, a Guarda Civil Municipal (GCM) registra queda dos \u00edndices criminais nas principais ruas da \u00e1rea monitorada. Segundo levantamento do Sistema de Informa\u00e7\u00e3o Criminal da Secretaria para Assuntos de Seguran\u00e7a P\u00fablica, na compara\u00e7\u00e3o entre 2008 e 2009 para o per\u00edodo de 1\u00ba de abril a 15 de junho, as ocorr\u00eancias de roubo ca\u00edram 42% na \u00e1rea monitorada pelas c\u00e2meras.<\/p>\n<p>Na rua Dom Pedro II, por exemplo, as ocorr\u00eancias de roubo ca\u00edram de 24 para 7 (-71%). Na Fel\u00edcio Marcondes a queda foi de cinco para uma (-80%). O balan\u00e7o mostra, ainda, uma queda do n\u00famero de furtos na Rua Dom Pedro II neste mesmo per\u00edodo, de 105 para 88 (-16%).<\/p>\n<p>Prestes a completar seu primeiro m\u00eas de funcionamento, o sistema de monitoramento detectou 36 ocorr\u00eancias, resultando, segundo a Secretaria para Assuntos de Seguran\u00e7a P\u00fablica, at\u00e9 o momento, em 23 pris\u00f5es em flagrante.<\/p>\n<p>A redu\u00e7\u00e3o da criminalidade na regi\u00e3o \u201cvigiada\u201d por c\u00e2meras eletr\u00f4nicas \u00e9 recebida com normalidade pelo secret\u00e1rio Jo\u00e3o D\u00e1rcio Ribamar Sacchi, da Secretaria para Assuntos de Seguran\u00e7a P\u00fablica. \u201cMesma rea\u00e7\u00e3o j\u00e1 foi observada em outros munic\u00edpios ap\u00f3s a implanta\u00e7\u00e3o deste tipo de equipamento. Nossa expectativa \u00e9 reduzir ainda mais esse n\u00famero e atingir nossa meta\u201d, lembra.<\/p>\n<p>O sistema de monitoramento eletr\u00f4nico do centro comercial de Guarulhos, entre as pra\u00e7as IV Centen\u00e1rio e Get\u00falio Vargas, estendendo-se at\u00e9 o Bosque Maia, foi entregue no dia 27 de maio pelo prefeito Sebasti\u00e3o Almeida.<\/p>\n<p>S\u00e3o 23 c\u00e2meras operadas por guardas municipais a partir da Central de Monitoramento instalada na sede da GCM. Ao constatarem situa\u00e7\u00f5es suspeitas os operadores acionam a Central de Despacho da pr\u00f3pria GCM que se encarrega de viabilizar prontamente o atendimento adequado \u00e0 ocorr\u00eancia.<\/p>\n<p>T\u00e9cnicos da Secretaria esperam a aprova\u00e7\u00e3o de um segundo projeto, j\u00e1 encaminhado ao Minist\u00e9rio da Justi\u00e7a (MJ), estipulando mais 300 c\u00e2meras para outras regi\u00f5es do munic\u00edpio. Em agosto o secret\u00e1rio Jo\u00e3o D\u00e1rcio viajar\u00e1 para Bras\u00edlia, onde participar\u00e1 de uma reuni\u00e3o com t\u00e9cnicos da Secretaria Nacional de Seguran\u00e7a P\u00fablica (Senasp), para tratar do assunto.<\/p>\n","protected":false},"excerpt":{"rendered":"No primeiro m\u00eas de funcionamento das c\u00e2meras eletr\u00f4nicas na regi\u00e3o central de Guarulhos, a Guarda Civil Municipal (GCM) registra queda dos \u00edndices criminais \n<a class=\"moretag\" href=\"https:\/\/www.aceguarulhos.com.br\/blog\/%c3%a1rea-monitorada-por-c%c3%a2meras-registra-queda-de-roubos\/\"> [...]<\/a>","protected":false},"author":8,"featured_media":0,"comment_status":"open","ping_status":"open","sticky":false,"template":"","format":"standard","meta":{"footnotes":""},"categories":[2],"tags":[],"class_list":["post-35118","post","type-post","status-publish","format-standard","hentry","category-noticias"],"yoast_head":"<!-- This site is optimized with the Yoast SEO plugin v28.1 - https:\/\/yoast.com\/product\/yoast-seo-wordpress\/ -->\n<title>\u00c1rea monitorada por c\u00e2meras registra queda de roubos - ACE-Guarulhos<\/title>\n<meta name=\"robots\" content=\"index, follow, max-snippet:-1, max-image-preview:large, max-video-preview:-1\" \/>\n<link rel=\"canonical\" href=\"https:\/\/www.aceguarulhos.com.br\/blog\/\u00e1rea-monitorada-por-c\u00e2meras-registra-queda-de-roubos\/\" \/>\n<meta property=\"og:locale\" content=\"pt_BR\" \/>\n<meta property=\"og:type\" content=\"article\" \/>\n<meta property=\"og:title\" content=\"\u00c1rea monitorada por c\u00e2meras registra queda de roubos - ACE-Guarulhos\" \/>\n<meta property=\"og:description\" content=\"No primeiro m\u00eas de funcionamento das c\u00e2meras eletr\u00f4nicas na regi\u00e3o central de Guarulhos, a Guarda Civil Municipal (GCM) registra queda dos \u00edndices criminais\" \/>\n<meta property=\"og:url\" content=\"https:\/\/www.aceguarulhos.com.br\/blog\/\u00e1rea-monitorada-por-c\u00e2meras-registra-queda-de-roubos\/\" \/>\n<meta property=\"og:site_name\" content=\"ACE-Guarulhos\" \/>\n<meta property=\"article:publisher\" content=\"https:\/\/www.facebook.com\/aceguarulhos\/\" \/>\n<meta property=\"article:published_time\" content=\"2009-06-29T10:56:14+00:00\" \/>\n<meta name=\"author\" content=\"Assessoria de Imprensa ACE-Guarulhos\" \/>\n<meta name=\"twitter:card\" content=\"summary_large_image\" \/>\n<meta name=\"twitter:label1\" content=\"Escrito por\" \/>\n\t<meta name=\"twitter:data1\" content=\"Assessoria de Imprensa ACE-Guarulhos\" \/>\n\t<meta name=\"twitter:label2\" content=\"Est. tempo de leitura\" \/>\n\t<meta name=\"twitter:data2\" content=\"2 minutos\" \/>\n<script type=\"application\/ld+json\" class=\"yoast-schema-graph\">{\"@context\":\"https:\\\/\\\/schema.org\",\"@graph\":[{\"@type\":\"Article\",\"@id\":\"https:\\\/\\\/www.aceguarulhos.com.br\\\/blog\\\/%c3%a1rea-monitorada-por-c%c3%a2meras-registra-queda-de-roubos\\\/#article\",\"isPartOf\":{\"@id\":\"https:\\\/\\\/www.aceguarulhos.com.br\\\/blog\\\/%c3%a1rea-monitorada-por-c%c3%a2meras-registra-queda-de-roubos\\\/\"},\"author\":{\"name\":\"Assessoria de Imprensa ACE-Guarulhos\",\"@id\":\"https:\\\/\\\/www.aceguarulhos.com.br\\\/blog\\\/#\\\/schema\\\/person\\\/6983b51bad37489989e4f09698c26237\"},\"headline\":\"\u00c1rea monitorada por c\u00e2meras registra queda de roubos\",\"datePublished\":\"2009-06-29T10:56:14+00:00\",\"mainEntityOfPage\":{\"@id\":\"https:\\\/\\\/www.aceguarulhos.com.br\\\/blog\\\/%c3%a1rea-monitorada-por-c%c3%a2meras-registra-queda-de-roubos\\\/\"},\"wordCount\":393,\"commentCount\":0,\"publisher\":{\"@id\":\"https:\\\/\\\/www.aceguarulhos.com.br\\\/blog\\\/#organization\"},\"articleSection\":[\"Not\u00edcias\"],\"inLanguage\":\"pt-BR\"},{\"@type\":\"WebPage\",\"@id\":\"https:\\\/\\\/www.aceguarulhos.com.br\\\/blog\\\/%c3%a1rea-monitorada-por-c%c3%a2meras-registra-queda-de-roubos\\\/\",\"url\":\"https:\\\/\\\/www.aceguarulhos.com.br\\\/blog\\\/%c3%a1rea-monitorada-por-c%c3%a2meras-registra-queda-de-roubos\\\/\",\"name\":\"\u00c1rea monitorada por c\u00e2meras registra queda de roubos - ACE-Guarulhos\",\"isPartOf\":{\"@id\":\"https:\\\/\\\/www.aceguarulhos.com.br\\\/blog\\\/#website\"},\"datePublished\":\"2009-06-29T10:56:14+00:00\",\"breadcrumb\":{\"@id\":\"https:\\\/\\\/www.aceguarulhos.com.br\\\/blog\\\/%c3%a1rea-monitorada-por-c%c3%a2meras-registra-queda-de-roubos\\\/#breadcrumb\"},\"inLanguage\":\"pt-BR\",\"potentialAction\":[{\"@type\":\"ReadAction\",\"target\":[\"https:\\\/\\\/www.aceguarulhos.com.br\\\/blog\\\/%c3%a1rea-monitorada-por-c%c3%a2meras-registra-queda-de-roubos\\\/\"]}]},{\"@type\":\"BreadcrumbList\",\"@id\":\"https:\\\/\\\/www.aceguarulhos.com.br\\\/blog\\\/%c3%a1rea-monitorada-por-c%c3%a2meras-registra-queda-de-roubos\\\/#breadcrumb\",\"itemListElement\":[{\"@type\":\"ListItem\",\"position\":1,\"name\":\"In\u00edcio\",\"item\":\"https:\\\/\\\/www.aceguarulhos.com.br\\\/blog\\\/\"},{\"@type\":\"ListItem\",\"position\":2,\"name\":\"\u00c1rea monitorada por c\u00e2meras registra queda de roubos\"}]},{\"@type\":\"WebSite\",\"@id\":\"https:\\\/\\\/www.aceguarulhos.com.br\\\/blog\\\/#website\",\"url\":\"https:\\\/\\\/www.aceguarulhos.com.br\\\/blog\\\/\",\"name\":\"ACE-Guarulhos\",\"description\":\"A ACE-Guarulhos \u00e9 uma associa\u00e7\u00e3o que ap\u00f3ia os empres\u00e1rios guarulhenses atrav\u00e9s da representa\u00e7\u00e3o, da gera\u00e7\u00e3o de neg\u00f3cios e presta\u00e7\u00e3o de servi\u00e7os.\",\"publisher\":{\"@id\":\"https:\\\/\\\/www.aceguarulhos.com.br\\\/blog\\\/#organization\"},\"potentialAction\":[{\"@type\":\"SearchAction\",\"target\":{\"@type\":\"EntryPoint\",\"urlTemplate\":\"https:\\\/\\\/www.aceguarulhos.com.br\\\/blog\\\/?s={search_term_string}\"},\"query-input\":{\"@type\":\"PropertyValueSpecification\",\"valueRequired\":true,\"valueName\":\"search_term_string\"}}],\"inLanguage\":\"pt-BR\"},{\"@type\":\"Organization\",\"@id\":\"https:\\\/\\\/www.aceguarulhos.com.br\\\/blog\\\/#organization\",\"name\":\"ACE-Guarulhos\",\"url\":\"https:\\\/\\\/www.aceguarulhos.com.br\\\/blog\\\/\",\"logo\":{\"@type\":\"ImageObject\",\"inLanguage\":\"pt-BR\",\"@id\":\"https:\\\/\\\/www.aceguarulhos.com.br\\\/blog\\\/#\\\/schema\\\/logo\\\/image\\\/\",\"url\":\"https:\\\/\\\/www.aceguarulhos.com.br\\\/blog\\\/wp-content\\\/uploads\\\/2017\\\/12\\\/logo-aceguarulhos-2018.png\",\"contentUrl\":\"https:\\\/\\\/www.aceguarulhos.com.br\\\/blog\\\/wp-content\\\/uploads\\\/2017\\\/12\\\/logo-aceguarulhos-2018.png\",\"width\":419,\"height\":76,\"caption\":\"ACE-Guarulhos\"},\"image\":{\"@id\":\"https:\\\/\\\/www.aceguarulhos.com.br\\\/blog\\\/#\\\/schema\\\/logo\\\/image\\\/\"},\"sameAs\":[\"https:\\\/\\\/www.facebook.com\\\/aceguarulhos\\\/\",\"https:\\\/\\\/br.linkedin.com\\\/in\\\/ace-guarulhos-b9a97093\",\"https:\\\/\\\/www.youtube.com\\\/user\\\/aceguarulhos\"]},{\"@type\":\"Person\",\"@id\":\"https:\\\/\\\/www.aceguarulhos.com.br\\\/blog\\\/#\\\/schema\\\/person\\\/6983b51bad37489989e4f09698c26237\",\"name\":\"Assessoria de Imprensa ACE-Guarulhos\",\"image\":{\"@type\":\"ImageObject\",\"inLanguage\":\"pt-BR\",\"@id\":\"https:\\\/\\\/secure.gravatar.com\\\/avatar\\\/707f3fadd6918afeb64173ab22d8a8cb0676953098a4f31ff36dc2b4c699ef6a?s=96&d=mm&r=g\",\"url\":\"https:\\\/\\\/secure.gravatar.com\\\/avatar\\\/707f3fadd6918afeb64173ab22d8a8cb0676953098a4f31ff36dc2b4c699ef6a?s=96&d=mm&r=g\",\"contentUrl\":\"https:\\\/\\\/secure.gravatar.com\\\/avatar\\\/707f3fadd6918afeb64173ab22d8a8cb0676953098a4f31ff36dc2b4c699ef6a?s=96&d=mm&r=g\",\"caption\":\"Assessoria de Imprensa ACE-Guarulhos\"},\"url\":\"https:\\\/\\\/www.aceguarulhos.com.br\\\/blog\\\/author\\\/assessoria-de-imprensa-ace-guarulhos\\\/\"}]}<\/script>\n<!-- \/ Yoast SEO plugin. -->","yoast_head_json":{"title":"\u00c1rea monitorada por c\u00e2meras registra queda de roubos - ACE-Guarulhos","robots":{"index":"index","follow":"follow","max-snippet":"max-snippet:-1","max-image-preview":"max-image-preview:large","max-video-preview":"max-video-preview:-1"},"canonical":"https:\/\/www.aceguarulhos.com.br\/blog\/\u00e1rea-monitorada-por-c\u00e2meras-registra-queda-de-roubos\/","og_locale":"pt_BR","og_type":"article","og_title":"\u00c1rea monitorada por c\u00e2meras registra queda de roubos - ACE-Guarulhos","og_description":"No primeiro m\u00eas de funcionamento das c\u00e2meras eletr\u00f4nicas na regi\u00e3o central de Guarulhos, a Guarda Civil Municipal (GCM) registra queda dos \u00edndices criminais","og_url":"https:\/\/www.aceguarulhos.com.br\/blog\/\u00e1rea-monitorada-por-c\u00e2meras-registra-queda-de-roubos\/","og_site_name":"ACE-Guarulhos","article_publisher":"https:\/\/www.facebook.com\/aceguarulhos\/","article_published_time":"2009-06-29T10:56:14+00:00","author":"Assessoria de Imprensa ACE-Guarulhos","twitter_card":"summary_large_image","twitter_misc":{"Escrito por":"Assessoria de Imprensa ACE-Guarulhos","Est. tempo de leitura":"2 minutos"},"schema":{"@context":"https:\/\/schema.org","@graph":[{"@type":"Article","@id":"https:\/\/www.aceguarulhos.com.br\/blog\/%c3%a1rea-monitorada-por-c%c3%a2meras-registra-queda-de-roubos\/#article","isPartOf":{"@id":"https:\/\/www.aceguarulhos.com.br\/blog\/%c3%a1rea-monitorada-por-c%c3%a2meras-registra-queda-de-roubos\/"},"author":{"name":"Assessoria de Imprensa ACE-Guarulhos","@id":"https:\/\/www.aceguarulhos.com.br\/blog\/#\/schema\/person\/6983b51bad37489989e4f09698c26237"},"headline":"\u00c1rea monitorada por c\u00e2meras registra queda de roubos","datePublished":"2009-06-29T10:56:14+00:00","mainEntityOfPage":{"@id":"https:\/\/www.aceguarulhos.com.br\/blog\/%c3%a1rea-monitorada-por-c%c3%a2meras-registra-queda-de-roubos\/"},"wordCount":393,"commentCount":0,"publisher":{"@id":"https:\/\/www.aceguarulhos.com.br\/blog\/#organization"},"articleSection":["Not\u00edcias"],"inLanguage":"pt-BR"},{"@type":"WebPage","@id":"https:\/\/www.aceguarulhos.com.br\/blog\/%c3%a1rea-monitorada-por-c%c3%a2meras-registra-queda-de-roubos\/","url":"https:\/\/www.aceguarulhos.com.br\/blog\/%c3%a1rea-monitorada-por-c%c3%a2meras-registra-queda-de-roubos\/","name":"\u00c1rea monitorada por c\u00e2meras registra queda de roubos - ACE-Guarulhos","isPartOf":{"@id":"https:\/\/www.aceguarulhos.com.br\/blog\/#website"},"datePublished":"2009-06-29T10:56:14+00:00","breadcrumb":{"@id":"https:\/\/www.aceguarulhos.com.br\/blog\/%c3%a1rea-monitorada-por-c%c3%a2meras-registra-queda-de-roubos\/#breadcrumb"},"inLanguage":"pt-BR","potentialAction":[{"@type":"ReadAction","target":["https:\/\/www.aceguarulhos.com.br\/blog\/%c3%a1rea-monitorada-por-c%c3%a2meras-registra-queda-de-roubos\/"]}]},{"@type":"BreadcrumbList","@id":"https:\/\/www.aceguarulhos.com.br\/blog\/%c3%a1rea-monitorada-por-c%c3%a2meras-registra-queda-de-roubos\/#breadcrumb","itemListElement":[{"@type":"ListItem","position":1,"name":"In\u00edcio","item":"https:\/\/www.aceguarulhos.com.br\/blog\/"},{"@type":"ListItem","position":2,"name":"\u00c1rea monitorada por c\u00e2meras registra queda de roubos"}]},{"@type":"WebSite","@id":"https:\/\/www.aceguarulhos.com.br\/blog\/#website","url":"https:\/\/www.aceguarulhos.com.br\/blog\/","name":"ACE-Guarulhos","description":"A ACE-Guarulhos \u00e9 uma associa\u00e7\u00e3o que ap\u00f3ia os empres\u00e1rios guarulhenses atrav\u00e9s da representa\u00e7\u00e3o, da gera\u00e7\u00e3o de neg\u00f3cios e presta\u00e7\u00e3o de servi\u00e7os.","publisher":{"@id":"https:\/\/www.aceguarulhos.com.br\/blog\/#organization"},"potentialAction":[{"@type":"SearchAction","target":{"@type":"EntryPoint","urlTemplate":"https:\/\/www.aceguarulhos.com.br\/blog\/?s={search_term_string}"},"query-input":{"@type":"PropertyValueSpecification","valueRequired":true,"valueName":"search_term_string"}}],"inLanguage":"pt-BR"},{"@type":"Organization","@id":"https:\/\/www.aceguarulhos.com.br\/blog\/#organization","name":"ACE-Guarulhos","url":"https:\/\/www.aceguarulhos.com.br\/blog\/","logo":{"@type":"ImageObject","inLanguage":"pt-BR","@id":"https:\/\/www.aceguarulhos.com.br\/blog\/#\/schema\/logo\/image\/","url":"https:\/\/www.aceguarulhos.com.br\/blog\/wp-content\/uploads\/2017\/12\/logo-aceguarulhos-2018.png","contentUrl":"https:\/\/www.aceguarulhos.com.br\/blog\/wp-content\/uploads\/2017\/12\/logo-aceguarulhos-2018.png","width":419,"height":76,"caption":"ACE-Guarulhos"},"image":{"@id":"https:\/\/www.aceguarulhos.com.br\/blog\/#\/schema\/logo\/image\/"},"sameAs":["https:\/\/www.facebook.com\/aceguarulhos\/","https:\/\/br.linkedin.com\/in\/ace-guarulhos-b9a97093","https:\/\/www.youtube.com\/user\/aceguarulhos"]},{"@type":"Person","@id":"https:\/\/www.aceguarulhos.com.br\/blog\/#\/schema\/person\/6983b51bad37489989e4f09698c26237","name":"Assessoria de Imprensa ACE-Guarulhos","image":{"@type":"ImageObject","inLanguage":"pt-BR","@id":"https:\/\/secure.gravatar.com\/avatar\/707f3fadd6918afeb64173ab22d8a8cb0676953098a4f31ff36dc2b4c699ef6a?s=96&d=mm&r=g","url":"https:\/\/secure.gravatar.com\/avatar\/707f3fadd6918afeb64173ab22d8a8cb0676953098a4f31ff36dc2b4c699ef6a?s=96&d=mm&r=g","contentUrl":"https:\/\/secure.gravatar.com\/avatar\/707f3fadd6918afeb64173ab22d8a8cb0676953098a4f31ff36dc2b4c699ef6a?s=96&d=mm&r=g","caption":"Assessoria de Imprensa ACE-Guarulhos"},"url":"https:\/\/www.aceguarulhos.com.br\/blog\/author\/assessoria-de-imprensa-ace-guarulhos\/"}]}},"wps_subtitle":"","amp_enabled":true,"_links":{"self":[{"href":"https:\/\/www.aceguarulhos.com.br\/blog\/wp-json\/wp\/v2\/posts\/35118","targetHints":{"allow":["GET"]}}],"collection":[{"href":"https:\/\/www.aceguarulhos.com.br\/blog\/wp-json\/wp\/v2\/posts"}],"about":[{"href":"https:\/\/www.aceguarulhos.com.br\/blog\/wp-json\/wp\/v2\/types\/post"}],"author":[{"embeddable":true,"href":"https:\/\/www.aceguarulhos.com.br\/blog\/wp-json\/wp\/v2\/users\/8"}],"replies":[{"embeddable":true,"href":"https:\/\/www.aceguarulhos.com.br\/blog\/wp-json\/wp\/v2\/comments?post=35118"}],"version-history":[{"count":0,"href":"https:\/\/www.aceguarulhos.com.br\/blog\/wp-json\/wp\/v2\/posts\/35118\/revisions"}],"wp:attachment":[{"href":"https:\/\/www.aceguarulhos.com.br\/blog\/wp-json\/wp\/v2\/media?parent=35118"}],"wp:term":[{"taxonomy":"category","embeddable":true,"href":"https:\/\/www.aceguarulhos.com.br\/blog\/wp-json\/wp\/v2\/categories?post=35118"},{"taxonomy":"post_tag","embeddable":true,"href":"https:\/\/www.aceguarulhos.com.br\/blog\/wp-json\/wp\/v2\/tags?post=35118"}],"curies":[{"name":"wp","href":"https:\/\/api.w.org\/{rel}","templated":true}]}}