{"id":35088,"date":"2009-06-23T18:01:01","date_gmt":"2009-06-23T18:01:01","guid":{"rendered":"http:\/\/www.aceguarulhos.com.br\/blog\/?p=35088"},"modified":"-0001-11-30T00:00:00","modified_gmt":"-0001-11-30T03:00:00","slug":"encontro-sobre-sacolas-pl%c3%a1sticas-mostra-diverg%c3%aancias","status":"publish","type":"post","link":"https:\/\/www.aceguarulhos.com.br\/blog\/encontro-sobre-sacolas-pl%c3%a1sticas-mostra-diverg%c3%aancias\/","title":{"rendered":"Encontro sobre sacolas pl\u00e1sticas mostra diverg\u00eancias"},"content":{"rendered":"<p>Em menos de um m\u00eas entra em vigor em Guarulhos a Lei 6.841\/2009, projeto de autoria do vereador Alencar Santana (PT) \u2013 atual secret\u00e1rio municipal de Governo &#8211; que disp\u00f5e sobre a obrigatoriedade do uso de embalagens biodegrad\u00e1veis nos estabelecimentos comerciais. A nova legisla\u00e7\u00e3o, que vem gerando d\u00favidas dos empreendedores antes mesmo de sua implementa\u00e7\u00e3o, foi debatida nesta ter\u00e7a-feira, 23, em evento realizado pela Associa\u00e7\u00e3o Comercial e Empresarial de Guarulhos (ACE). O encontro que serviu para esclarecer os principais pontos de diverg\u00eancias da obrigatoriedade evidenciou que especialistas do setor de pl\u00e1sticos e governo ainda n\u00e3o chegaram a um acordo.<\/p>\n<p><center><\/p>\n<p class=\"midia\" style=\"width: 420px;\"><img loading=\"lazy\" decoding=\"async\" src=\"\/blog\/wp-content\/uploads\/image.php?x=i&amp;i1=100&amp;i2=20090623170658\" title=\"Imprensa\/ACE\" width=\"420\" height=\"315\"><br \/>Especialistas e Prefeitura possuem opini\u00f5es diferentes<\/p>\n<p><\/center>Quem mostrou que n\u00e3o aprova a implementa\u00e7\u00e3o do projeto guarulhense foi o presidente do Instituto S\u00f3cioambinetal dos Pl\u00e1sticos \u2013 Plastivida, Francisco de Assis Esmeraldo, principalmente em rela\u00e7\u00e3o a embalagens biodegrad\u00e1veis que para ele n\u00e3o se degradam e ainda podem causar preju\u00edzos ao meio ambiente. \u201cA Plastivida \u00e9 a favor da diminui\u00e7\u00e3o das sacolas pl\u00e1sticas, mas somos totalmente contra as sacolas oxiobiodegrad\u00e1vel, pois n\u00e3o existe nenhum estudo que comprove que ela se degrade, tudo isto \u00e9 um engodo\u201d, disse.<\/p>\n<p>Ao ser questionado pelo vice-presidente de ind\u00fastria da ACE-Guarulhos, Carlos Dias, sobre a capacidade da ind\u00fastria em produzir as embalagens degrad\u00e1veis, o coordenador de neg\u00f3cios da BASF \u2013 multinacional alem\u00e3 especializada na produ\u00e7\u00e3o de pl\u00e1stico biodegrad\u00e1vel \u2013 Eliandro Felipe, garantiu que a empresa, atualmente, n\u00e3o tem capacidade de produzir o produto em escala para os estabelecimentos comerciais de Guarulhos.<\/p>\n<p><center><\/p>\n<p class=\"midia\" style=\"width: 420px;\"><img loading=\"lazy\" decoding=\"async\" src=\"\/blog\/wp-content\/uploads\/image.php?x=i&amp;i1=100&amp;i2=20090623170837\" title=\"Imprensa\/ACE\" width=\"420\" height=\"406\"><br \/>Francisco de Assis Esmeraldo, presidente da Plastivida, \u00e9 contra a sacola oxiobiodegrad\u00e1vel<\/p>\n<p><\/center><br \/>A presidente da Rede de Uni\u00e3o de Supermercados (Reunis), M\u00e1rcia Cazelli Peres, salientou que as sacolas degrad\u00e1veis s\u00e3o mais caras e por isso o consumidor poder\u00e1 ser afetado, al\u00e9m de denunciar a falsifica\u00e7\u00e3o de embalagens ditas degrad\u00e1veis. \u201cJ\u00e1 recebi em meu escrit\u00f3rio diversas sacolas que possu\u00edam o selo de biodegrad\u00e1vel e oxiobiodegrad\u00e1vel e nenhuma delas eram, desta forma continuaremos a cometer um crime ambiental\u201d, falou.<\/p>\n<p><b>Prefeitura \u2013 <\/b>Apesar do autor do projeto, Alencar Santana, n\u00e3o ter comparecido ao debate, a administra\u00e7\u00e3o municipal enviou a Associa\u00e7\u00e3o Comercial tr\u00eas importantes representantes: o secret\u00e1rio de Desenvolvimento Econ\u00f4mico, Ant\u00f4nio Carlos de Almeida; o secret\u00e1rio adjunto de Desenvolvimento Urbano, Adilson Valente; e o diretor de Rela\u00e7\u00f5es de Meio Ambiente, Marco Ant\u00f4nio Carlos.<\/p>\n<p>Segundo Ant\u00f4nio Carlos de Almeida, n\u00e3o interessa a administra\u00e7\u00e3o gerar aumento de custos para ningu\u00e9m, mas sim fomentar o desenvolvimento econ\u00f4mico e sustent\u00e1vel da cidade. Ele avisou que a data de implementa\u00e7\u00e3o da Lei pode ser revista. \u201cApesar do prazo para a Lei entrar em vigor seja o dia 8 de julho, o prazo para regulamenta\u00e7\u00e3o poder\u00e1 ser alterado, se for preciso\u201d, disse.<\/p>\n<p>J\u00e1 Adilson Valente ressaltou que o munic\u00edpio precisar\u00e1 se adequar a nova legisla\u00e7\u00e3o. \u201cA Prefeitura vai ter que se adequar, principalmente em rela\u00e7\u00e3o \u00e0 fiscaliza\u00e7\u00e3o, que dever\u00e1 ser previamente treinada\u201d, falou.<\/p>\n<p>Marco Ant\u00f4nio Carlos, que colaborou com Alencar Santana na elabora\u00e7\u00e3o do projeto, disse que a proposta guarulhense \u00e9 diferente ao projeto apresentado por Sebasti\u00e3o Almeida quando ainda era deputado estadual. \u201cNo entendimento da prefeitura se a embalagem oxiobiodegrad\u00e1vel n\u00e3o gerar danos ao meio ambiente, poder\u00e1 ser utilizada normalmente pelo com\u00e9rcio\u201d, disse.<\/p>\n","protected":false},"excerpt":{"rendered":"Em menos de um m\u00eas entra em vigor em Guarulhos a Lei 6.841\/2009, projeto de autoria do vereador Alencar Santana (PT) \u2013 atual \n<a class=\"moretag\" href=\"https:\/\/www.aceguarulhos.com.br\/blog\/encontro-sobre-sacolas-pl%c3%a1sticas-mostra-diverg%c3%aancias\/\"> [...]<\/a>","protected":false},"author":8,"featured_media":0,"comment_status":"open","ping_status":"open","sticky":false,"template":"","format":"standard","meta":{"footnotes":""},"categories":[2],"tags":[],"class_list":["post-35088","post","type-post","status-publish","format-standard","hentry","category-noticias"],"yoast_head":"<!-- This site is optimized with the Yoast SEO plugin v28.1 - https:\/\/yoast.com\/product\/yoast-seo-wordpress\/ -->\n<title>Encontro sobre sacolas pl\u00e1sticas mostra diverg\u00eancias - ACE-Guarulhos<\/title>\n<meta name=\"robots\" content=\"index, follow, max-snippet:-1, max-image-preview:large, max-video-preview:-1\" \/>\n<link rel=\"canonical\" href=\"https:\/\/www.aceguarulhos.com.br\/blog\/encontro-sobre-sacolas-pl\u00e1sticas-mostra-diverg\u00eancias\/\" \/>\n<meta property=\"og:locale\" content=\"pt_BR\" \/>\n<meta property=\"og:type\" content=\"article\" \/>\n<meta property=\"og:title\" content=\"Encontro sobre sacolas pl\u00e1sticas mostra diverg\u00eancias - ACE-Guarulhos\" \/>\n<meta property=\"og:description\" content=\"Em menos de um m\u00eas entra em vigor em Guarulhos a Lei 6.841\/2009, projeto de autoria do vereador Alencar Santana (PT) \u2013 atual\" \/>\n<meta property=\"og:url\" content=\"https:\/\/www.aceguarulhos.com.br\/blog\/encontro-sobre-sacolas-pl\u00e1sticas-mostra-diverg\u00eancias\/\" \/>\n<meta property=\"og:site_name\" content=\"ACE-Guarulhos\" \/>\n<meta property=\"article:publisher\" content=\"https:\/\/www.facebook.com\/aceguarulhos\/\" \/>\n<meta property=\"article:published_time\" content=\"2009-06-23T18:01:01+00:00\" \/>\n<meta property=\"og:image\" content=\"https:\/\/www.aceguarulhos.com.br\/blog\/wp-content\/uploads\/image.php\" \/>\n<meta name=\"author\" content=\"Assessoria de Imprensa ACE-Guarulhos\" \/>\n<meta name=\"twitter:card\" content=\"summary_large_image\" \/>\n<meta name=\"twitter:label1\" content=\"Escrito por\" \/>\n\t<meta name=\"twitter:data1\" content=\"Assessoria de Imprensa ACE-Guarulhos\" \/>\n\t<meta name=\"twitter:label2\" content=\"Est. tempo de leitura\" \/>\n\t<meta name=\"twitter:data2\" content=\"3 minutos\" \/>\n<script type=\"application\/ld+json\" class=\"yoast-schema-graph\">{\"@context\":\"https:\\\/\\\/schema.org\",\"@graph\":[{\"@type\":\"Article\",\"@id\":\"https:\\\/\\\/www.aceguarulhos.com.br\\\/blog\\\/encontro-sobre-sacolas-pl%c3%a1sticas-mostra-diverg%c3%aancias\\\/#article\",\"isPartOf\":{\"@id\":\"https:\\\/\\\/www.aceguarulhos.com.br\\\/blog\\\/encontro-sobre-sacolas-pl%c3%a1sticas-mostra-diverg%c3%aancias\\\/\"},\"author\":{\"name\":\"Assessoria de Imprensa ACE-Guarulhos\",\"@id\":\"https:\\\/\\\/www.aceguarulhos.com.br\\\/blog\\\/#\\\/schema\\\/person\\\/6983b51bad37489989e4f09698c26237\"},\"headline\":\"Encontro sobre sacolas pl\u00e1sticas mostra diverg\u00eancias\",\"datePublished\":\"2009-06-23T18:01:01+00:00\",\"mainEntityOfPage\":{\"@id\":\"https:\\\/\\\/www.aceguarulhos.com.br\\\/blog\\\/encontro-sobre-sacolas-pl%c3%a1sticas-mostra-diverg%c3%aancias\\\/\"},\"wordCount\":584,\"commentCount\":0,\"publisher\":{\"@id\":\"https:\\\/\\\/www.aceguarulhos.com.br\\\/blog\\\/#organization\"},\"articleSection\":[\"Not\u00edcias\"],\"inLanguage\":\"pt-BR\"},{\"@type\":\"WebPage\",\"@id\":\"https:\\\/\\\/www.aceguarulhos.com.br\\\/blog\\\/encontro-sobre-sacolas-pl%c3%a1sticas-mostra-diverg%c3%aancias\\\/\",\"url\":\"https:\\\/\\\/www.aceguarulhos.com.br\\\/blog\\\/encontro-sobre-sacolas-pl%c3%a1sticas-mostra-diverg%c3%aancias\\\/\",\"name\":\"Encontro sobre sacolas pl\u00e1sticas mostra diverg\u00eancias - ACE-Guarulhos\",\"isPartOf\":{\"@id\":\"https:\\\/\\\/www.aceguarulhos.com.br\\\/blog\\\/#website\"},\"datePublished\":\"2009-06-23T18:01:01+00:00\",\"breadcrumb\":{\"@id\":\"https:\\\/\\\/www.aceguarulhos.com.br\\\/blog\\\/encontro-sobre-sacolas-pl%c3%a1sticas-mostra-diverg%c3%aancias\\\/#breadcrumb\"},\"inLanguage\":\"pt-BR\",\"potentialAction\":[{\"@type\":\"ReadAction\",\"target\":[\"https:\\\/\\\/www.aceguarulhos.com.br\\\/blog\\\/encontro-sobre-sacolas-pl%c3%a1sticas-mostra-diverg%c3%aancias\\\/\"]}]},{\"@type\":\"BreadcrumbList\",\"@id\":\"https:\\\/\\\/www.aceguarulhos.com.br\\\/blog\\\/encontro-sobre-sacolas-pl%c3%a1sticas-mostra-diverg%c3%aancias\\\/#breadcrumb\",\"itemListElement\":[{\"@type\":\"ListItem\",\"position\":1,\"name\":\"In\u00edcio\",\"item\":\"https:\\\/\\\/www.aceguarulhos.com.br\\\/blog\\\/\"},{\"@type\":\"ListItem\",\"position\":2,\"name\":\"Encontro sobre sacolas pl\u00e1sticas mostra diverg\u00eancias\"}]},{\"@type\":\"WebSite\",\"@id\":\"https:\\\/\\\/www.aceguarulhos.com.br\\\/blog\\\/#website\",\"url\":\"https:\\\/\\\/www.aceguarulhos.com.br\\\/blog\\\/\",\"name\":\"ACE-Guarulhos\",\"description\":\"A ACE-Guarulhos \u00e9 uma associa\u00e7\u00e3o que ap\u00f3ia os empres\u00e1rios guarulhenses atrav\u00e9s da representa\u00e7\u00e3o, da gera\u00e7\u00e3o de neg\u00f3cios e presta\u00e7\u00e3o de servi\u00e7os.\",\"publisher\":{\"@id\":\"https:\\\/\\\/www.aceguarulhos.com.br\\\/blog\\\/#organization\"},\"potentialAction\":[{\"@type\":\"SearchAction\",\"target\":{\"@type\":\"EntryPoint\",\"urlTemplate\":\"https:\\\/\\\/www.aceguarulhos.com.br\\\/blog\\\/?s={search_term_string}\"},\"query-input\":{\"@type\":\"PropertyValueSpecification\",\"valueRequired\":true,\"valueName\":\"search_term_string\"}}],\"inLanguage\":\"pt-BR\"},{\"@type\":\"Organization\",\"@id\":\"https:\\\/\\\/www.aceguarulhos.com.br\\\/blog\\\/#organization\",\"name\":\"ACE-Guarulhos\",\"url\":\"https:\\\/\\\/www.aceguarulhos.com.br\\\/blog\\\/\",\"logo\":{\"@type\":\"ImageObject\",\"inLanguage\":\"pt-BR\",\"@id\":\"https:\\\/\\\/www.aceguarulhos.com.br\\\/blog\\\/#\\\/schema\\\/logo\\\/image\\\/\",\"url\":\"https:\\\/\\\/www.aceguarulhos.com.br\\\/blog\\\/wp-content\\\/uploads\\\/2017\\\/12\\\/logo-aceguarulhos-2018.png\",\"contentUrl\":\"https:\\\/\\\/www.aceguarulhos.com.br\\\/blog\\\/wp-content\\\/uploads\\\/2017\\\/12\\\/logo-aceguarulhos-2018.png\",\"width\":419,\"height\":76,\"caption\":\"ACE-Guarulhos\"},\"image\":{\"@id\":\"https:\\\/\\\/www.aceguarulhos.com.br\\\/blog\\\/#\\\/schema\\\/logo\\\/image\\\/\"},\"sameAs\":[\"https:\\\/\\\/www.facebook.com\\\/aceguarulhos\\\/\",\"https:\\\/\\\/br.linkedin.com\\\/in\\\/ace-guarulhos-b9a97093\",\"https:\\\/\\\/www.youtube.com\\\/user\\\/aceguarulhos\"]},{\"@type\":\"Person\",\"@id\":\"https:\\\/\\\/www.aceguarulhos.com.br\\\/blog\\\/#\\\/schema\\\/person\\\/6983b51bad37489989e4f09698c26237\",\"name\":\"Assessoria de Imprensa ACE-Guarulhos\",\"image\":{\"@type\":\"ImageObject\",\"inLanguage\":\"pt-BR\",\"@id\":\"https:\\\/\\\/secure.gravatar.com\\\/avatar\\\/707f3fadd6918afeb64173ab22d8a8cb0676953098a4f31ff36dc2b4c699ef6a?s=96&d=mm&r=g\",\"url\":\"https:\\\/\\\/secure.gravatar.com\\\/avatar\\\/707f3fadd6918afeb64173ab22d8a8cb0676953098a4f31ff36dc2b4c699ef6a?s=96&d=mm&r=g\",\"contentUrl\":\"https:\\\/\\\/secure.gravatar.com\\\/avatar\\\/707f3fadd6918afeb64173ab22d8a8cb0676953098a4f31ff36dc2b4c699ef6a?s=96&d=mm&r=g\",\"caption\":\"Assessoria de Imprensa ACE-Guarulhos\"},\"url\":\"https:\\\/\\\/www.aceguarulhos.com.br\\\/blog\\\/author\\\/assessoria-de-imprensa-ace-guarulhos\\\/\"}]}<\/script>\n<!-- \/ Yoast SEO plugin. -->","yoast_head_json":{"title":"Encontro sobre sacolas pl\u00e1sticas mostra diverg\u00eancias - ACE-Guarulhos","robots":{"index":"index","follow":"follow","max-snippet":"max-snippet:-1","max-image-preview":"max-image-preview:large","max-video-preview":"max-video-preview:-1"},"canonical":"https:\/\/www.aceguarulhos.com.br\/blog\/encontro-sobre-sacolas-pl\u00e1sticas-mostra-diverg\u00eancias\/","og_locale":"pt_BR","og_type":"article","og_title":"Encontro sobre sacolas pl\u00e1sticas mostra diverg\u00eancias - ACE-Guarulhos","og_description":"Em menos de um m\u00eas entra em vigor em Guarulhos a Lei 6.841\/2009, projeto de autoria do vereador Alencar Santana (PT) \u2013 atual","og_url":"https:\/\/www.aceguarulhos.com.br\/blog\/encontro-sobre-sacolas-pl\u00e1sticas-mostra-diverg\u00eancias\/","og_site_name":"ACE-Guarulhos","article_publisher":"https:\/\/www.facebook.com\/aceguarulhos\/","article_published_time":"2009-06-23T18:01:01+00:00","og_image":[{"url":"https:\/\/www.aceguarulhos.com.br\/blog\/wp-content\/uploads\/image.php","type":"","width":"","height":""}],"author":"Assessoria de Imprensa ACE-Guarulhos","twitter_card":"summary_large_image","twitter_misc":{"Escrito por":"Assessoria de Imprensa ACE-Guarulhos","Est. tempo de leitura":"3 minutos"},"schema":{"@context":"https:\/\/schema.org","@graph":[{"@type":"Article","@id":"https:\/\/www.aceguarulhos.com.br\/blog\/encontro-sobre-sacolas-pl%c3%a1sticas-mostra-diverg%c3%aancias\/#article","isPartOf":{"@id":"https:\/\/www.aceguarulhos.com.br\/blog\/encontro-sobre-sacolas-pl%c3%a1sticas-mostra-diverg%c3%aancias\/"},"author":{"name":"Assessoria de Imprensa ACE-Guarulhos","@id":"https:\/\/www.aceguarulhos.com.br\/blog\/#\/schema\/person\/6983b51bad37489989e4f09698c26237"},"headline":"Encontro sobre sacolas pl\u00e1sticas mostra diverg\u00eancias","datePublished":"2009-06-23T18:01:01+00:00","mainEntityOfPage":{"@id":"https:\/\/www.aceguarulhos.com.br\/blog\/encontro-sobre-sacolas-pl%c3%a1sticas-mostra-diverg%c3%aancias\/"},"wordCount":584,"commentCount":0,"publisher":{"@id":"https:\/\/www.aceguarulhos.com.br\/blog\/#organization"},"articleSection":["Not\u00edcias"],"inLanguage":"pt-BR"},{"@type":"WebPage","@id":"https:\/\/www.aceguarulhos.com.br\/blog\/encontro-sobre-sacolas-pl%c3%a1sticas-mostra-diverg%c3%aancias\/","url":"https:\/\/www.aceguarulhos.com.br\/blog\/encontro-sobre-sacolas-pl%c3%a1sticas-mostra-diverg%c3%aancias\/","name":"Encontro sobre sacolas pl\u00e1sticas mostra diverg\u00eancias - ACE-Guarulhos","isPartOf":{"@id":"https:\/\/www.aceguarulhos.com.br\/blog\/#website"},"datePublished":"2009-06-23T18:01:01+00:00","breadcrumb":{"@id":"https:\/\/www.aceguarulhos.com.br\/blog\/encontro-sobre-sacolas-pl%c3%a1sticas-mostra-diverg%c3%aancias\/#breadcrumb"},"inLanguage":"pt-BR","potentialAction":[{"@type":"ReadAction","target":["https:\/\/www.aceguarulhos.com.br\/blog\/encontro-sobre-sacolas-pl%c3%a1sticas-mostra-diverg%c3%aancias\/"]}]},{"@type":"BreadcrumbList","@id":"https:\/\/www.aceguarulhos.com.br\/blog\/encontro-sobre-sacolas-pl%c3%a1sticas-mostra-diverg%c3%aancias\/#breadcrumb","itemListElement":[{"@type":"ListItem","position":1,"name":"In\u00edcio","item":"https:\/\/www.aceguarulhos.com.br\/blog\/"},{"@type":"ListItem","position":2,"name":"Encontro sobre sacolas pl\u00e1sticas mostra diverg\u00eancias"}]},{"@type":"WebSite","@id":"https:\/\/www.aceguarulhos.com.br\/blog\/#website","url":"https:\/\/www.aceguarulhos.com.br\/blog\/","name":"ACE-Guarulhos","description":"A ACE-Guarulhos \u00e9 uma associa\u00e7\u00e3o que ap\u00f3ia os empres\u00e1rios guarulhenses atrav\u00e9s da representa\u00e7\u00e3o, da gera\u00e7\u00e3o de neg\u00f3cios e presta\u00e7\u00e3o de servi\u00e7os.","publisher":{"@id":"https:\/\/www.aceguarulhos.com.br\/blog\/#organization"},"potentialAction":[{"@type":"SearchAction","target":{"@type":"EntryPoint","urlTemplate":"https:\/\/www.aceguarulhos.com.br\/blog\/?s={search_term_string}"},"query-input":{"@type":"PropertyValueSpecification","valueRequired":true,"valueName":"search_term_string"}}],"inLanguage":"pt-BR"},{"@type":"Organization","@id":"https:\/\/www.aceguarulhos.com.br\/blog\/#organization","name":"ACE-Guarulhos","url":"https:\/\/www.aceguarulhos.com.br\/blog\/","logo":{"@type":"ImageObject","inLanguage":"pt-BR","@id":"https:\/\/www.aceguarulhos.com.br\/blog\/#\/schema\/logo\/image\/","url":"https:\/\/www.aceguarulhos.com.br\/blog\/wp-content\/uploads\/2017\/12\/logo-aceguarulhos-2018.png","contentUrl":"https:\/\/www.aceguarulhos.com.br\/blog\/wp-content\/uploads\/2017\/12\/logo-aceguarulhos-2018.png","width":419,"height":76,"caption":"ACE-Guarulhos"},"image":{"@id":"https:\/\/www.aceguarulhos.com.br\/blog\/#\/schema\/logo\/image\/"},"sameAs":["https:\/\/www.facebook.com\/aceguarulhos\/","https:\/\/br.linkedin.com\/in\/ace-guarulhos-b9a97093","https:\/\/www.youtube.com\/user\/aceguarulhos"]},{"@type":"Person","@id":"https:\/\/www.aceguarulhos.com.br\/blog\/#\/schema\/person\/6983b51bad37489989e4f09698c26237","name":"Assessoria de Imprensa ACE-Guarulhos","image":{"@type":"ImageObject","inLanguage":"pt-BR","@id":"https:\/\/secure.gravatar.com\/avatar\/707f3fadd6918afeb64173ab22d8a8cb0676953098a4f31ff36dc2b4c699ef6a?s=96&d=mm&r=g","url":"https:\/\/secure.gravatar.com\/avatar\/707f3fadd6918afeb64173ab22d8a8cb0676953098a4f31ff36dc2b4c699ef6a?s=96&d=mm&r=g","contentUrl":"https:\/\/secure.gravatar.com\/avatar\/707f3fadd6918afeb64173ab22d8a8cb0676953098a4f31ff36dc2b4c699ef6a?s=96&d=mm&r=g","caption":"Assessoria de Imprensa ACE-Guarulhos"},"url":"https:\/\/www.aceguarulhos.com.br\/blog\/author\/assessoria-de-imprensa-ace-guarulhos\/"}]}},"wps_subtitle":"","amp_enabled":true,"_links":{"self":[{"href":"https:\/\/www.aceguarulhos.com.br\/blog\/wp-json\/wp\/v2\/posts\/35088","targetHints":{"allow":["GET"]}}],"collection":[{"href":"https:\/\/www.aceguarulhos.com.br\/blog\/wp-json\/wp\/v2\/posts"}],"about":[{"href":"https:\/\/www.aceguarulhos.com.br\/blog\/wp-json\/wp\/v2\/types\/post"}],"author":[{"embeddable":true,"href":"https:\/\/www.aceguarulhos.com.br\/blog\/wp-json\/wp\/v2\/users\/8"}],"replies":[{"embeddable":true,"href":"https:\/\/www.aceguarulhos.com.br\/blog\/wp-json\/wp\/v2\/comments?post=35088"}],"version-history":[{"count":0,"href":"https:\/\/www.aceguarulhos.com.br\/blog\/wp-json\/wp\/v2\/posts\/35088\/revisions"}],"wp:attachment":[{"href":"https:\/\/www.aceguarulhos.com.br\/blog\/wp-json\/wp\/v2\/media?parent=35088"}],"wp:term":[{"taxonomy":"category","embeddable":true,"href":"https:\/\/www.aceguarulhos.com.br\/blog\/wp-json\/wp\/v2\/categories?post=35088"},{"taxonomy":"post_tag","embeddable":true,"href":"https:\/\/www.aceguarulhos.com.br\/blog\/wp-json\/wp\/v2\/tags?post=35088"}],"curies":[{"name":"wp","href":"https:\/\/api.w.org\/{rel}","templated":true}]}}