{"id":35017,"date":"2009-06-04T10:17:30","date_gmt":"2009-06-04T10:17:30","guid":{"rendered":"http:\/\/www.aceguarulhos.com.br\/blog\/?p=35017"},"modified":"-0001-11-30T00:00:00","modified_gmt":"-0001-11-30T03:00:00","slug":"ap%c3%b3s-pedido-da-ace-janete-piet%c3%a1-pede-a-anatel-que-apure-reclama%c3%a7%c3%b5es-contra-telef%c3%b4nica","status":"publish","type":"post","link":"https:\/\/www.aceguarulhos.com.br\/blog\/ap%c3%b3s-pedido-da-ace-janete-piet%c3%a1-pede-a-anatel-que-apure-reclama%c3%a7%c3%b5es-contra-telef%c3%b4nica\/","title":{"rendered":"Ap\u00f3s pedido da ACE, Janete Piet\u00e1 pede a ANATEL que apure reclama\u00e7\u00f5es contra Telef\u00f4nica"},"content":{"rendered":"<p>A deputada federal Janete Rocha Piet\u00e1 (PT) enviou of\u00edcio ao presidente da Ag\u00eancia Nacional de Telecomunica\u00e7\u00f5es (ANATEL), Ronaldo Mota Sardenberg, solicitando que o \u00f3rg\u00e3o apure as reclama\u00e7\u00f5es da Associa\u00e7\u00e3o Comercial e Empresarial de Guarulhos (ACE) quanto aos servi\u00e7os prestados pela&nbsp; empresa Telef\u00f4nica.<\/p>\n<p><center><\/p>\n<p class=\"midia\" style=\"width: 279px;\"><img loading=\"lazy\" decoding=\"async\" src=\"\/blog\/wp-content\/uploads\/image.php?x=i&amp;i1=100&amp;i2=20090604101709\" title=\"Divulga\u00e7\u00e3o\" width=\"279\" height=\"420\"><br \/>Janete Piet\u00e1, deputada federal pelo PT-SP<\/p>\n<p><\/center><br \/>No mesmo of\u00edcio, Janete Piet\u00e1 pede a Sardenberg que a ANATEL fa\u00e7a a\u00e7\u00f5es corretivas contra a concession\u00e1ria com a finalidade de assegurar o atendimento satisfat\u00f3rio da operadora.<\/p>\n<p>O envio do of\u00edcio a ANATEL foi motivado ap\u00f3s reuni\u00e3o entre o presidente da ACE, Wilson Louren\u00e7o, e a deputada federal no final de maio. Na ocasi\u00e3o Louren\u00e7o entregou a parlamentar mensagens recebidas de associados a entidade reclamando dos servi\u00e7os prestados pela Telef\u00f4nica.<\/p>\n<p>\u201cAt\u00e9 o momento n\u00e3o recebemos nenhum retorno por parte da Telef\u00f4nica. J\u00e1 agendamos diversas datas para nos reunir com representantes da operadora, mas o encontro nunca aconteceu. Esperamos que por interm\u00e9dio da deputada federal Janete Piet\u00e1 junto a ANATEL, a empresa possa, enfim, se manifestar por conta das reclama\u00e7\u00f5es que recebemos\u201d, disse o Wilson Louren\u00e7o.<\/p>\n","protected":false},"excerpt":{"rendered":"A deputada federal Janete Rocha Piet\u00e1 (PT) enviou of\u00edcio ao presidente da Ag\u00eancia Nacional de Telecomunica\u00e7\u00f5es (ANATEL), Ronaldo Mota Sardenberg, solicitando que o \n<a class=\"moretag\" href=\"https:\/\/www.aceguarulhos.com.br\/blog\/ap%c3%b3s-pedido-da-ace-janete-piet%c3%a1-pede-a-anatel-que-apure-reclama%c3%a7%c3%b5es-contra-telef%c3%b4nica\/\"> [...]<\/a>","protected":false},"author":8,"featured_media":0,"comment_status":"open","ping_status":"open","sticky":false,"template":"","format":"standard","meta":{"footnotes":""},"categories":[2],"tags":[],"class_list":["post-35017","post","type-post","status-publish","format-standard","hentry","category-noticias"],"yoast_head":"<!-- This site is optimized with the Yoast SEO plugin v28.1 - https:\/\/yoast.com\/product\/yoast-seo-wordpress\/ -->\n<title>Ap\u00f3s pedido da ACE, Janete Piet\u00e1 pede a ANATEL que apure reclama\u00e7\u00f5es contra Telef\u00f4nica - ACE-Guarulhos<\/title>\n<meta name=\"robots\" content=\"index, follow, max-snippet:-1, max-image-preview:large, max-video-preview:-1\" \/>\n<link rel=\"canonical\" href=\"https:\/\/www.aceguarulhos.com.br\/blog\/ap\u00f3s-pedido-da-ace-janete-piet\u00e1-pede-a-anatel-que-apure-reclama\u00e7\u00f5es-contra-telef\u00f4nica\/\" \/>\n<meta property=\"og:locale\" content=\"pt_BR\" \/>\n<meta property=\"og:type\" content=\"article\" \/>\n<meta property=\"og:title\" content=\"Ap\u00f3s pedido da ACE, Janete Piet\u00e1 pede a ANATEL que apure reclama\u00e7\u00f5es contra Telef\u00f4nica - ACE-Guarulhos\" \/>\n<meta property=\"og:description\" content=\"A deputada federal Janete Rocha Piet\u00e1 (PT) enviou of\u00edcio ao presidente da Ag\u00eancia Nacional de Telecomunica\u00e7\u00f5es (ANATEL), Ronaldo Mota Sardenberg, solicitando que o\" \/>\n<meta property=\"og:url\" content=\"https:\/\/www.aceguarulhos.com.br\/blog\/ap\u00f3s-pedido-da-ace-janete-piet\u00e1-pede-a-anatel-que-apure-reclama\u00e7\u00f5es-contra-telef\u00f4nica\/\" \/>\n<meta property=\"og:site_name\" content=\"ACE-Guarulhos\" \/>\n<meta property=\"article:publisher\" content=\"https:\/\/www.facebook.com\/aceguarulhos\/\" \/>\n<meta property=\"article:published_time\" content=\"2009-06-04T10:17:30+00:00\" \/>\n<meta property=\"og:image\" content=\"https:\/\/www.aceguarulhos.com.br\/blog\/wp-content\/uploads\/image.php\" \/>\n<meta name=\"author\" content=\"Assessoria de Imprensa ACE-Guarulhos\" \/>\n<meta name=\"twitter:card\" content=\"summary_large_image\" \/>\n<meta name=\"twitter:label1\" content=\"Escrito por\" \/>\n\t<meta name=\"twitter:data1\" content=\"Assessoria de Imprensa ACE-Guarulhos\" \/>\n\t<meta name=\"twitter:label2\" content=\"Est. tempo de leitura\" \/>\n\t<meta name=\"twitter:data2\" content=\"1 minuto\" \/>\n<script type=\"application\/ld+json\" class=\"yoast-schema-graph\">{\"@context\":\"https:\\\/\\\/schema.org\",\"@graph\":[{\"@type\":\"Article\",\"@id\":\"https:\\\/\\\/www.aceguarulhos.com.br\\\/blog\\\/ap%c3%b3s-pedido-da-ace-janete-piet%c3%a1-pede-a-anatel-que-apure-reclama%c3%a7%c3%b5es-contra-telef%c3%b4nica\\\/#article\",\"isPartOf\":{\"@id\":\"https:\\\/\\\/www.aceguarulhos.com.br\\\/blog\\\/ap%c3%b3s-pedido-da-ace-janete-piet%c3%a1-pede-a-anatel-que-apure-reclama%c3%a7%c3%b5es-contra-telef%c3%b4nica\\\/\"},\"author\":{\"name\":\"Assessoria de Imprensa ACE-Guarulhos\",\"@id\":\"https:\\\/\\\/www.aceguarulhos.com.br\\\/blog\\\/#\\\/schema\\\/person\\\/6983b51bad37489989e4f09698c26237\"},\"headline\":\"Ap\u00f3s pedido da ACE, Janete Piet\u00e1 pede a ANATEL que apure reclama\u00e7\u00f5es contra Telef\u00f4nica\",\"datePublished\":\"2009-06-04T10:17:30+00:00\",\"mainEntityOfPage\":{\"@id\":\"https:\\\/\\\/www.aceguarulhos.com.br\\\/blog\\\/ap%c3%b3s-pedido-da-ace-janete-piet%c3%a1-pede-a-anatel-que-apure-reclama%c3%a7%c3%b5es-contra-telef%c3%b4nica\\\/\"},\"wordCount\":217,\"commentCount\":0,\"publisher\":{\"@id\":\"https:\\\/\\\/www.aceguarulhos.com.br\\\/blog\\\/#organization\"},\"articleSection\":[\"Not\u00edcias\"],\"inLanguage\":\"pt-BR\"},{\"@type\":\"WebPage\",\"@id\":\"https:\\\/\\\/www.aceguarulhos.com.br\\\/blog\\\/ap%c3%b3s-pedido-da-ace-janete-piet%c3%a1-pede-a-anatel-que-apure-reclama%c3%a7%c3%b5es-contra-telef%c3%b4nica\\\/\",\"url\":\"https:\\\/\\\/www.aceguarulhos.com.br\\\/blog\\\/ap%c3%b3s-pedido-da-ace-janete-piet%c3%a1-pede-a-anatel-que-apure-reclama%c3%a7%c3%b5es-contra-telef%c3%b4nica\\\/\",\"name\":\"Ap\u00f3s pedido da ACE, Janete Piet\u00e1 pede a ANATEL que apure reclama\u00e7\u00f5es contra Telef\u00f4nica - ACE-Guarulhos\",\"isPartOf\":{\"@id\":\"https:\\\/\\\/www.aceguarulhos.com.br\\\/blog\\\/#website\"},\"datePublished\":\"2009-06-04T10:17:30+00:00\",\"breadcrumb\":{\"@id\":\"https:\\\/\\\/www.aceguarulhos.com.br\\\/blog\\\/ap%c3%b3s-pedido-da-ace-janete-piet%c3%a1-pede-a-anatel-que-apure-reclama%c3%a7%c3%b5es-contra-telef%c3%b4nica\\\/#breadcrumb\"},\"inLanguage\":\"pt-BR\",\"potentialAction\":[{\"@type\":\"ReadAction\",\"target\":[\"https:\\\/\\\/www.aceguarulhos.com.br\\\/blog\\\/ap%c3%b3s-pedido-da-ace-janete-piet%c3%a1-pede-a-anatel-que-apure-reclama%c3%a7%c3%b5es-contra-telef%c3%b4nica\\\/\"]}]},{\"@type\":\"BreadcrumbList\",\"@id\":\"https:\\\/\\\/www.aceguarulhos.com.br\\\/blog\\\/ap%c3%b3s-pedido-da-ace-janete-piet%c3%a1-pede-a-anatel-que-apure-reclama%c3%a7%c3%b5es-contra-telef%c3%b4nica\\\/#breadcrumb\",\"itemListElement\":[{\"@type\":\"ListItem\",\"position\":1,\"name\":\"In\u00edcio\",\"item\":\"https:\\\/\\\/www.aceguarulhos.com.br\\\/blog\\\/\"},{\"@type\":\"ListItem\",\"position\":2,\"name\":\"Ap\u00f3s pedido da ACE, Janete Piet\u00e1 pede a ANATEL que apure reclama\u00e7\u00f5es contra Telef\u00f4nica\"}]},{\"@type\":\"WebSite\",\"@id\":\"https:\\\/\\\/www.aceguarulhos.com.br\\\/blog\\\/#website\",\"url\":\"https:\\\/\\\/www.aceguarulhos.com.br\\\/blog\\\/\",\"name\":\"ACE-Guarulhos\",\"description\":\"A ACE-Guarulhos \u00e9 uma associa\u00e7\u00e3o que ap\u00f3ia os empres\u00e1rios guarulhenses atrav\u00e9s da representa\u00e7\u00e3o, da gera\u00e7\u00e3o de neg\u00f3cios e presta\u00e7\u00e3o de servi\u00e7os.\",\"publisher\":{\"@id\":\"https:\\\/\\\/www.aceguarulhos.com.br\\\/blog\\\/#organization\"},\"potentialAction\":[{\"@type\":\"SearchAction\",\"target\":{\"@type\":\"EntryPoint\",\"urlTemplate\":\"https:\\\/\\\/www.aceguarulhos.com.br\\\/blog\\\/?s={search_term_string}\"},\"query-input\":{\"@type\":\"PropertyValueSpecification\",\"valueRequired\":true,\"valueName\":\"search_term_string\"}}],\"inLanguage\":\"pt-BR\"},{\"@type\":\"Organization\",\"@id\":\"https:\\\/\\\/www.aceguarulhos.com.br\\\/blog\\\/#organization\",\"name\":\"ACE-Guarulhos\",\"url\":\"https:\\\/\\\/www.aceguarulhos.com.br\\\/blog\\\/\",\"logo\":{\"@type\":\"ImageObject\",\"inLanguage\":\"pt-BR\",\"@id\":\"https:\\\/\\\/www.aceguarulhos.com.br\\\/blog\\\/#\\\/schema\\\/logo\\\/image\\\/\",\"url\":\"https:\\\/\\\/www.aceguarulhos.com.br\\\/blog\\\/wp-content\\\/uploads\\\/2017\\\/12\\\/logo-aceguarulhos-2018.png\",\"contentUrl\":\"https:\\\/\\\/www.aceguarulhos.com.br\\\/blog\\\/wp-content\\\/uploads\\\/2017\\\/12\\\/logo-aceguarulhos-2018.png\",\"width\":419,\"height\":76,\"caption\":\"ACE-Guarulhos\"},\"image\":{\"@id\":\"https:\\\/\\\/www.aceguarulhos.com.br\\\/blog\\\/#\\\/schema\\\/logo\\\/image\\\/\"},\"sameAs\":[\"https:\\\/\\\/www.facebook.com\\\/aceguarulhos\\\/\",\"https:\\\/\\\/br.linkedin.com\\\/in\\\/ace-guarulhos-b9a97093\",\"https:\\\/\\\/www.youtube.com\\\/user\\\/aceguarulhos\"]},{\"@type\":\"Person\",\"@id\":\"https:\\\/\\\/www.aceguarulhos.com.br\\\/blog\\\/#\\\/schema\\\/person\\\/6983b51bad37489989e4f09698c26237\",\"name\":\"Assessoria de Imprensa ACE-Guarulhos\",\"image\":{\"@type\":\"ImageObject\",\"inLanguage\":\"pt-BR\",\"@id\":\"https:\\\/\\\/secure.gravatar.com\\\/avatar\\\/707f3fadd6918afeb64173ab22d8a8cb0676953098a4f31ff36dc2b4c699ef6a?s=96&d=mm&r=g\",\"url\":\"https:\\\/\\\/secure.gravatar.com\\\/avatar\\\/707f3fadd6918afeb64173ab22d8a8cb0676953098a4f31ff36dc2b4c699ef6a?s=96&d=mm&r=g\",\"contentUrl\":\"https:\\\/\\\/secure.gravatar.com\\\/avatar\\\/707f3fadd6918afeb64173ab22d8a8cb0676953098a4f31ff36dc2b4c699ef6a?s=96&d=mm&r=g\",\"caption\":\"Assessoria de Imprensa ACE-Guarulhos\"},\"url\":\"https:\\\/\\\/www.aceguarulhos.com.br\\\/blog\\\/author\\\/assessoria-de-imprensa-ace-guarulhos\\\/\"}]}<\/script>\n<!-- \/ Yoast SEO plugin. -->","yoast_head_json":{"title":"Ap\u00f3s pedido da ACE, Janete Piet\u00e1 pede a ANATEL que apure reclama\u00e7\u00f5es contra Telef\u00f4nica - ACE-Guarulhos","robots":{"index":"index","follow":"follow","max-snippet":"max-snippet:-1","max-image-preview":"max-image-preview:large","max-video-preview":"max-video-preview:-1"},"canonical":"https:\/\/www.aceguarulhos.com.br\/blog\/ap\u00f3s-pedido-da-ace-janete-piet\u00e1-pede-a-anatel-que-apure-reclama\u00e7\u00f5es-contra-telef\u00f4nica\/","og_locale":"pt_BR","og_type":"article","og_title":"Ap\u00f3s pedido da ACE, Janete Piet\u00e1 pede a ANATEL que apure reclama\u00e7\u00f5es contra Telef\u00f4nica - ACE-Guarulhos","og_description":"A deputada federal Janete Rocha Piet\u00e1 (PT) enviou of\u00edcio ao presidente da Ag\u00eancia Nacional de Telecomunica\u00e7\u00f5es (ANATEL), Ronaldo Mota Sardenberg, solicitando que o","og_url":"https:\/\/www.aceguarulhos.com.br\/blog\/ap\u00f3s-pedido-da-ace-janete-piet\u00e1-pede-a-anatel-que-apure-reclama\u00e7\u00f5es-contra-telef\u00f4nica\/","og_site_name":"ACE-Guarulhos","article_publisher":"https:\/\/www.facebook.com\/aceguarulhos\/","article_published_time":"2009-06-04T10:17:30+00:00","og_image":[{"url":"https:\/\/www.aceguarulhos.com.br\/blog\/wp-content\/uploads\/image.php","type":"","width":"","height":""}],"author":"Assessoria de Imprensa ACE-Guarulhos","twitter_card":"summary_large_image","twitter_misc":{"Escrito por":"Assessoria de Imprensa ACE-Guarulhos","Est. tempo de leitura":"1 minuto"},"schema":{"@context":"https:\/\/schema.org","@graph":[{"@type":"Article","@id":"https:\/\/www.aceguarulhos.com.br\/blog\/ap%c3%b3s-pedido-da-ace-janete-piet%c3%a1-pede-a-anatel-que-apure-reclama%c3%a7%c3%b5es-contra-telef%c3%b4nica\/#article","isPartOf":{"@id":"https:\/\/www.aceguarulhos.com.br\/blog\/ap%c3%b3s-pedido-da-ace-janete-piet%c3%a1-pede-a-anatel-que-apure-reclama%c3%a7%c3%b5es-contra-telef%c3%b4nica\/"},"author":{"name":"Assessoria de Imprensa ACE-Guarulhos","@id":"https:\/\/www.aceguarulhos.com.br\/blog\/#\/schema\/person\/6983b51bad37489989e4f09698c26237"},"headline":"Ap\u00f3s pedido da ACE, Janete Piet\u00e1 pede a ANATEL que apure reclama\u00e7\u00f5es contra Telef\u00f4nica","datePublished":"2009-06-04T10:17:30+00:00","mainEntityOfPage":{"@id":"https:\/\/www.aceguarulhos.com.br\/blog\/ap%c3%b3s-pedido-da-ace-janete-piet%c3%a1-pede-a-anatel-que-apure-reclama%c3%a7%c3%b5es-contra-telef%c3%b4nica\/"},"wordCount":217,"commentCount":0,"publisher":{"@id":"https:\/\/www.aceguarulhos.com.br\/blog\/#organization"},"articleSection":["Not\u00edcias"],"inLanguage":"pt-BR"},{"@type":"WebPage","@id":"https:\/\/www.aceguarulhos.com.br\/blog\/ap%c3%b3s-pedido-da-ace-janete-piet%c3%a1-pede-a-anatel-que-apure-reclama%c3%a7%c3%b5es-contra-telef%c3%b4nica\/","url":"https:\/\/www.aceguarulhos.com.br\/blog\/ap%c3%b3s-pedido-da-ace-janete-piet%c3%a1-pede-a-anatel-que-apure-reclama%c3%a7%c3%b5es-contra-telef%c3%b4nica\/","name":"Ap\u00f3s pedido da ACE, Janete Piet\u00e1 pede a ANATEL que apure reclama\u00e7\u00f5es contra Telef\u00f4nica - ACE-Guarulhos","isPartOf":{"@id":"https:\/\/www.aceguarulhos.com.br\/blog\/#website"},"datePublished":"2009-06-04T10:17:30+00:00","breadcrumb":{"@id":"https:\/\/www.aceguarulhos.com.br\/blog\/ap%c3%b3s-pedido-da-ace-janete-piet%c3%a1-pede-a-anatel-que-apure-reclama%c3%a7%c3%b5es-contra-telef%c3%b4nica\/#breadcrumb"},"inLanguage":"pt-BR","potentialAction":[{"@type":"ReadAction","target":["https:\/\/www.aceguarulhos.com.br\/blog\/ap%c3%b3s-pedido-da-ace-janete-piet%c3%a1-pede-a-anatel-que-apure-reclama%c3%a7%c3%b5es-contra-telef%c3%b4nica\/"]}]},{"@type":"BreadcrumbList","@id":"https:\/\/www.aceguarulhos.com.br\/blog\/ap%c3%b3s-pedido-da-ace-janete-piet%c3%a1-pede-a-anatel-que-apure-reclama%c3%a7%c3%b5es-contra-telef%c3%b4nica\/#breadcrumb","itemListElement":[{"@type":"ListItem","position":1,"name":"In\u00edcio","item":"https:\/\/www.aceguarulhos.com.br\/blog\/"},{"@type":"ListItem","position":2,"name":"Ap\u00f3s pedido da ACE, Janete Piet\u00e1 pede a ANATEL que apure reclama\u00e7\u00f5es contra Telef\u00f4nica"}]},{"@type":"WebSite","@id":"https:\/\/www.aceguarulhos.com.br\/blog\/#website","url":"https:\/\/www.aceguarulhos.com.br\/blog\/","name":"ACE-Guarulhos","description":"A ACE-Guarulhos \u00e9 uma associa\u00e7\u00e3o que ap\u00f3ia os empres\u00e1rios guarulhenses atrav\u00e9s da representa\u00e7\u00e3o, da gera\u00e7\u00e3o de neg\u00f3cios e presta\u00e7\u00e3o de servi\u00e7os.","publisher":{"@id":"https:\/\/www.aceguarulhos.com.br\/blog\/#organization"},"potentialAction":[{"@type":"SearchAction","target":{"@type":"EntryPoint","urlTemplate":"https:\/\/www.aceguarulhos.com.br\/blog\/?s={search_term_string}"},"query-input":{"@type":"PropertyValueSpecification","valueRequired":true,"valueName":"search_term_string"}}],"inLanguage":"pt-BR"},{"@type":"Organization","@id":"https:\/\/www.aceguarulhos.com.br\/blog\/#organization","name":"ACE-Guarulhos","url":"https:\/\/www.aceguarulhos.com.br\/blog\/","logo":{"@type":"ImageObject","inLanguage":"pt-BR","@id":"https:\/\/www.aceguarulhos.com.br\/blog\/#\/schema\/logo\/image\/","url":"https:\/\/www.aceguarulhos.com.br\/blog\/wp-content\/uploads\/2017\/12\/logo-aceguarulhos-2018.png","contentUrl":"https:\/\/www.aceguarulhos.com.br\/blog\/wp-content\/uploads\/2017\/12\/logo-aceguarulhos-2018.png","width":419,"height":76,"caption":"ACE-Guarulhos"},"image":{"@id":"https:\/\/www.aceguarulhos.com.br\/blog\/#\/schema\/logo\/image\/"},"sameAs":["https:\/\/www.facebook.com\/aceguarulhos\/","https:\/\/br.linkedin.com\/in\/ace-guarulhos-b9a97093","https:\/\/www.youtube.com\/user\/aceguarulhos"]},{"@type":"Person","@id":"https:\/\/www.aceguarulhos.com.br\/blog\/#\/schema\/person\/6983b51bad37489989e4f09698c26237","name":"Assessoria de Imprensa ACE-Guarulhos","image":{"@type":"ImageObject","inLanguage":"pt-BR","@id":"https:\/\/secure.gravatar.com\/avatar\/707f3fadd6918afeb64173ab22d8a8cb0676953098a4f31ff36dc2b4c699ef6a?s=96&d=mm&r=g","url":"https:\/\/secure.gravatar.com\/avatar\/707f3fadd6918afeb64173ab22d8a8cb0676953098a4f31ff36dc2b4c699ef6a?s=96&d=mm&r=g","contentUrl":"https:\/\/secure.gravatar.com\/avatar\/707f3fadd6918afeb64173ab22d8a8cb0676953098a4f31ff36dc2b4c699ef6a?s=96&d=mm&r=g","caption":"Assessoria de Imprensa ACE-Guarulhos"},"url":"https:\/\/www.aceguarulhos.com.br\/blog\/author\/assessoria-de-imprensa-ace-guarulhos\/"}]}},"wps_subtitle":"","amp_enabled":true,"_links":{"self":[{"href":"https:\/\/www.aceguarulhos.com.br\/blog\/wp-json\/wp\/v2\/posts\/35017","targetHints":{"allow":["GET"]}}],"collection":[{"href":"https:\/\/www.aceguarulhos.com.br\/blog\/wp-json\/wp\/v2\/posts"}],"about":[{"href":"https:\/\/www.aceguarulhos.com.br\/blog\/wp-json\/wp\/v2\/types\/post"}],"author":[{"embeddable":true,"href":"https:\/\/www.aceguarulhos.com.br\/blog\/wp-json\/wp\/v2\/users\/8"}],"replies":[{"embeddable":true,"href":"https:\/\/www.aceguarulhos.com.br\/blog\/wp-json\/wp\/v2\/comments?post=35017"}],"version-history":[{"count":0,"href":"https:\/\/www.aceguarulhos.com.br\/blog\/wp-json\/wp\/v2\/posts\/35017\/revisions"}],"wp:attachment":[{"href":"https:\/\/www.aceguarulhos.com.br\/blog\/wp-json\/wp\/v2\/media?parent=35017"}],"wp:term":[{"taxonomy":"category","embeddable":true,"href":"https:\/\/www.aceguarulhos.com.br\/blog\/wp-json\/wp\/v2\/categories?post=35017"},{"taxonomy":"post_tag","embeddable":true,"href":"https:\/\/www.aceguarulhos.com.br\/blog\/wp-json\/wp\/v2\/tags?post=35017"}],"curies":[{"name":"wp","href":"https:\/\/api.w.org\/{rel}","templated":true}]}}