{"id":35004,"date":"2009-06-03T09:58:18","date_gmt":"2009-06-03T09:58:18","guid":{"rendered":"http:\/\/www.aceguarulhos.com.br\/blog\/?p=35004"},"modified":"-0001-11-30T00:00:00","modified_gmt":"-0001-11-30T03:00:00","slug":"stt-anuncia-licita%c3%a7%c3%a3o-do-transporte-na-ace","status":"publish","type":"post","link":"https:\/\/www.aceguarulhos.com.br\/blog\/stt-anuncia-licita%c3%a7%c3%a3o-do-transporte-na-ace\/","title":{"rendered":"STT anuncia licita\u00e7\u00e3o do transporte na ACE"},"content":{"rendered":"<p>Priorizar o transporte p\u00fablico, pensar grande e assim evitar que sejam adotadas medidas que restrinjam a circula\u00e7\u00e3o de ve\u00edculos em determinadas \u00e1reas. Este foi o recado do secret\u00e1rio municipal de Transportes e Tr\u00e2nsito, Jos\u00e9 Evaldo Gon\u00e7alo, que participou, ontem, da reuni\u00e3o da diretoria executiva da Associa\u00e7\u00e3o Comercial e Empresarial de Guarulhos (ACE), com o prop\u00f3sito de mostrar os principais pontos do projeto de Lei que licitar\u00e1 o sistema de transporte em Guarulhos.<\/p>\n<p><center><\/p>\n<p class=\"midia\" style=\"width: 420px;\"><img loading=\"lazy\" decoding=\"async\" src=\"\/blog\/wp-content\/uploads\/image.php?x=i&amp;i1=100&amp;i2=20090603095609\" title=\"Imprensa\/ACE\" width=\"420\" height=\"303\"><br \/>O transporte p\u00fablico ter\u00e1 car\u00e1ter essencial e priorit\u00e1rio, disse Jos\u00e9 Evaldo<\/p>\n<p><\/center><\/p>\n<p>Segundo Gon\u00e7alo, o projeto, que j\u00e1 se encontra na C\u00e2mara Municipal, chega para definir como ser\u00e1 o relacionamento entre a Prefeitura e as empresas que explorar\u00e3o o sistema e, principalmente, para ajudar a criar na cidade um sistema vi\u00e1rio que integre as suas principais vias. Com a licita\u00e7\u00e3o do sistema, o governo espera implementar na cidade o Bilhete \u00danico, uma das propostas de campanha do prefeito Sebasti\u00e3o Almeida (PT).<\/p>\n<p>Com o Bilhete \u00danico, a administra\u00e7\u00e3o municipal espera ampliar a demanda, reduzir os custos de usu\u00e1rios e empregadores, racionalizar o sistema operacional e assim minimizar os riscos de fraudes. Se implementado, o sistema permitir\u00e1 que o usu\u00e1rio utilize o transporte p\u00fablico por um determinado tempo pagando apenas uma passagem.<\/p>\n<p>O detalhe importante ficou por conta da remunera\u00e7\u00e3o dos servi\u00e7os estrutural e alimentador do futuro sistema, que ser\u00e1 feita com base no n\u00famero de passageiros transportados. Sem dizer explicitamente que a prefeitura adotar\u00e1 o subs\u00eddio \u00e0s empresas \u2013 assim como acontece na Capital Paulista \u2013 Gon\u00e7alo falou que para gerenciar o sistema ser\u00e1 preciso criar uma esp\u00e9cie de \u201cbolsa compensa\u00e7\u00e3o\u201d.<\/p>\n<p>Para melhorar a infraestrutura do setor, a Prefeitura Municipal&nbsp; pretende colocar em pr\u00e1tica um plano de investimentos da ordem de R$ 600 milh\u00f5es. Estes recursos permitiriam a constru\u00e7\u00e3o de terminais, corredores de \u00f4nibus, coloca\u00e7\u00e3o de fibras \u00f3ticas, entre outros.<\/p>\n<p>Jos\u00e9 Evaldo anunciou, ainda, que a Prefeitura decidiu enviar \u00e0 C\u00e2mara Municipal um projeto em separado que criar\u00e1 uma empresa para o gerenciamento do transporte p\u00fablico com o nome de \u201cGuarutrans\u201d e que teria o secret\u00e1rio de Transportes e Tr\u00e2nsito como presidente.<\/p>\n<p>\u201cO servi\u00e7o de transporte coletivo ter\u00e1 car\u00e1ter essencial e priorit\u00e1rio em Guarulhos\u201d, disse Evaldo.<\/p>\n<p><center><\/p>\n<p class=\"midia\" style=\"width: 420px;\"><img loading=\"lazy\" decoding=\"async\" src=\"\/blog\/wp-content\/uploads\/image.php?x=i&amp;i1=100&amp;i2=20090603095805\" title=\"Imprensa\/ACE\" width=\"420\" height=\"315\"><br \/>Evaldo e Louren\u00e7o<\/p>\n<p><\/center><\/p>\n<p>Wilson Louren\u00e7o, presidente da ACE, parabenizou a iniciativa do secret\u00e1rio em debater os projetos com as entidades de classe. \u201c\u00c9 importante este relacionamento com as entidades de classe que podem contribuir e muito com a cria\u00e7\u00e3o de pol\u00edticas p\u00fablicas positivas para o setor\u201d, disse.<\/p>\n","protected":false},"excerpt":{"rendered":"Priorizar o transporte p\u00fablico, pensar grande e assim evitar que sejam adotadas medidas que restrinjam a circula\u00e7\u00e3o de ve\u00edculos em determinadas \u00e1reas. Este \n<a class=\"moretag\" href=\"https:\/\/www.aceguarulhos.com.br\/blog\/stt-anuncia-licita%c3%a7%c3%a3o-do-transporte-na-ace\/\"> [...]<\/a>","protected":false},"author":8,"featured_media":0,"comment_status":"open","ping_status":"open","sticky":false,"template":"","format":"standard","meta":{"footnotes":""},"categories":[2],"tags":[],"class_list":["post-35004","post","type-post","status-publish","format-standard","hentry","category-noticias"],"yoast_head":"<!-- This site is optimized with the Yoast SEO plugin v28.1 - https:\/\/yoast.com\/product\/yoast-seo-wordpress\/ -->\n<title>STT anuncia licita\u00e7\u00e3o do transporte na ACE - ACE-Guarulhos<\/title>\n<meta name=\"robots\" content=\"index, follow, max-snippet:-1, max-image-preview:large, max-video-preview:-1\" \/>\n<link rel=\"canonical\" href=\"https:\/\/www.aceguarulhos.com.br\/blog\/stt-anuncia-licita\u00e7\u00e3o-do-transporte-na-ace\/\" \/>\n<meta property=\"og:locale\" content=\"pt_BR\" \/>\n<meta property=\"og:type\" content=\"article\" \/>\n<meta property=\"og:title\" content=\"STT anuncia licita\u00e7\u00e3o do transporte na ACE - ACE-Guarulhos\" \/>\n<meta property=\"og:description\" content=\"Priorizar o transporte p\u00fablico, pensar grande e assim evitar que sejam adotadas medidas que restrinjam a circula\u00e7\u00e3o de ve\u00edculos em determinadas \u00e1reas. Este\" \/>\n<meta property=\"og:url\" content=\"https:\/\/www.aceguarulhos.com.br\/blog\/stt-anuncia-licita\u00e7\u00e3o-do-transporte-na-ace\/\" \/>\n<meta property=\"og:site_name\" content=\"ACE-Guarulhos\" \/>\n<meta property=\"article:publisher\" content=\"https:\/\/www.facebook.com\/aceguarulhos\/\" \/>\n<meta property=\"article:published_time\" content=\"2009-06-03T09:58:18+00:00\" \/>\n<meta property=\"og:image\" content=\"https:\/\/www.aceguarulhos.com.br\/blog\/wp-content\/uploads\/image.php\" \/>\n<meta name=\"author\" content=\"Assessoria de Imprensa ACE-Guarulhos\" \/>\n<meta name=\"twitter:card\" content=\"summary_large_image\" \/>\n<meta name=\"twitter:label1\" content=\"Escrito por\" \/>\n\t<meta name=\"twitter:data1\" content=\"Assessoria de Imprensa ACE-Guarulhos\" \/>\n\t<meta name=\"twitter:label2\" content=\"Est. tempo de leitura\" \/>\n\t<meta name=\"twitter:data2\" content=\"2 minutos\" \/>\n<script type=\"application\/ld+json\" class=\"yoast-schema-graph\">{\"@context\":\"https:\\\/\\\/schema.org\",\"@graph\":[{\"@type\":\"Article\",\"@id\":\"https:\\\/\\\/www.aceguarulhos.com.br\\\/blog\\\/stt-anuncia-licita%c3%a7%c3%a3o-do-transporte-na-ace\\\/#article\",\"isPartOf\":{\"@id\":\"https:\\\/\\\/www.aceguarulhos.com.br\\\/blog\\\/stt-anuncia-licita%c3%a7%c3%a3o-do-transporte-na-ace\\\/\"},\"author\":{\"name\":\"Assessoria de Imprensa ACE-Guarulhos\",\"@id\":\"https:\\\/\\\/www.aceguarulhos.com.br\\\/blog\\\/#\\\/schema\\\/person\\\/6983b51bad37489989e4f09698c26237\"},\"headline\":\"STT anuncia licita\u00e7\u00e3o do transporte na ACE\",\"datePublished\":\"2009-06-03T09:58:18+00:00\",\"mainEntityOfPage\":{\"@id\":\"https:\\\/\\\/www.aceguarulhos.com.br\\\/blog\\\/stt-anuncia-licita%c3%a7%c3%a3o-do-transporte-na-ace\\\/\"},\"wordCount\":453,\"commentCount\":0,\"publisher\":{\"@id\":\"https:\\\/\\\/www.aceguarulhos.com.br\\\/blog\\\/#organization\"},\"articleSection\":[\"Not\u00edcias\"],\"inLanguage\":\"pt-BR\"},{\"@type\":\"WebPage\",\"@id\":\"https:\\\/\\\/www.aceguarulhos.com.br\\\/blog\\\/stt-anuncia-licita%c3%a7%c3%a3o-do-transporte-na-ace\\\/\",\"url\":\"https:\\\/\\\/www.aceguarulhos.com.br\\\/blog\\\/stt-anuncia-licita%c3%a7%c3%a3o-do-transporte-na-ace\\\/\",\"name\":\"STT anuncia licita\u00e7\u00e3o do transporte na ACE - ACE-Guarulhos\",\"isPartOf\":{\"@id\":\"https:\\\/\\\/www.aceguarulhos.com.br\\\/blog\\\/#website\"},\"datePublished\":\"2009-06-03T09:58:18+00:00\",\"breadcrumb\":{\"@id\":\"https:\\\/\\\/www.aceguarulhos.com.br\\\/blog\\\/stt-anuncia-licita%c3%a7%c3%a3o-do-transporte-na-ace\\\/#breadcrumb\"},\"inLanguage\":\"pt-BR\",\"potentialAction\":[{\"@type\":\"ReadAction\",\"target\":[\"https:\\\/\\\/www.aceguarulhos.com.br\\\/blog\\\/stt-anuncia-licita%c3%a7%c3%a3o-do-transporte-na-ace\\\/\"]}]},{\"@type\":\"BreadcrumbList\",\"@id\":\"https:\\\/\\\/www.aceguarulhos.com.br\\\/blog\\\/stt-anuncia-licita%c3%a7%c3%a3o-do-transporte-na-ace\\\/#breadcrumb\",\"itemListElement\":[{\"@type\":\"ListItem\",\"position\":1,\"name\":\"In\u00edcio\",\"item\":\"https:\\\/\\\/www.aceguarulhos.com.br\\\/blog\\\/\"},{\"@type\":\"ListItem\",\"position\":2,\"name\":\"STT anuncia licita\u00e7\u00e3o do transporte na ACE\"}]},{\"@type\":\"WebSite\",\"@id\":\"https:\\\/\\\/www.aceguarulhos.com.br\\\/blog\\\/#website\",\"url\":\"https:\\\/\\\/www.aceguarulhos.com.br\\\/blog\\\/\",\"name\":\"ACE-Guarulhos\",\"description\":\"A ACE-Guarulhos \u00e9 uma associa\u00e7\u00e3o que ap\u00f3ia os empres\u00e1rios guarulhenses atrav\u00e9s da representa\u00e7\u00e3o, da gera\u00e7\u00e3o de neg\u00f3cios e presta\u00e7\u00e3o de servi\u00e7os.\",\"publisher\":{\"@id\":\"https:\\\/\\\/www.aceguarulhos.com.br\\\/blog\\\/#organization\"},\"potentialAction\":[{\"@type\":\"SearchAction\",\"target\":{\"@type\":\"EntryPoint\",\"urlTemplate\":\"https:\\\/\\\/www.aceguarulhos.com.br\\\/blog\\\/?s={search_term_string}\"},\"query-input\":{\"@type\":\"PropertyValueSpecification\",\"valueRequired\":true,\"valueName\":\"search_term_string\"}}],\"inLanguage\":\"pt-BR\"},{\"@type\":\"Organization\",\"@id\":\"https:\\\/\\\/www.aceguarulhos.com.br\\\/blog\\\/#organization\",\"name\":\"ACE-Guarulhos\",\"url\":\"https:\\\/\\\/www.aceguarulhos.com.br\\\/blog\\\/\",\"logo\":{\"@type\":\"ImageObject\",\"inLanguage\":\"pt-BR\",\"@id\":\"https:\\\/\\\/www.aceguarulhos.com.br\\\/blog\\\/#\\\/schema\\\/logo\\\/image\\\/\",\"url\":\"https:\\\/\\\/www.aceguarulhos.com.br\\\/blog\\\/wp-content\\\/uploads\\\/2017\\\/12\\\/logo-aceguarulhos-2018.png\",\"contentUrl\":\"https:\\\/\\\/www.aceguarulhos.com.br\\\/blog\\\/wp-content\\\/uploads\\\/2017\\\/12\\\/logo-aceguarulhos-2018.png\",\"width\":419,\"height\":76,\"caption\":\"ACE-Guarulhos\"},\"image\":{\"@id\":\"https:\\\/\\\/www.aceguarulhos.com.br\\\/blog\\\/#\\\/schema\\\/logo\\\/image\\\/\"},\"sameAs\":[\"https:\\\/\\\/www.facebook.com\\\/aceguarulhos\\\/\",\"https:\\\/\\\/br.linkedin.com\\\/in\\\/ace-guarulhos-b9a97093\",\"https:\\\/\\\/www.youtube.com\\\/user\\\/aceguarulhos\"]},{\"@type\":\"Person\",\"@id\":\"https:\\\/\\\/www.aceguarulhos.com.br\\\/blog\\\/#\\\/schema\\\/person\\\/6983b51bad37489989e4f09698c26237\",\"name\":\"Assessoria de Imprensa ACE-Guarulhos\",\"image\":{\"@type\":\"ImageObject\",\"inLanguage\":\"pt-BR\",\"@id\":\"https:\\\/\\\/secure.gravatar.com\\\/avatar\\\/707f3fadd6918afeb64173ab22d8a8cb0676953098a4f31ff36dc2b4c699ef6a?s=96&d=mm&r=g\",\"url\":\"https:\\\/\\\/secure.gravatar.com\\\/avatar\\\/707f3fadd6918afeb64173ab22d8a8cb0676953098a4f31ff36dc2b4c699ef6a?s=96&d=mm&r=g\",\"contentUrl\":\"https:\\\/\\\/secure.gravatar.com\\\/avatar\\\/707f3fadd6918afeb64173ab22d8a8cb0676953098a4f31ff36dc2b4c699ef6a?s=96&d=mm&r=g\",\"caption\":\"Assessoria de Imprensa ACE-Guarulhos\"},\"url\":\"https:\\\/\\\/www.aceguarulhos.com.br\\\/blog\\\/author\\\/assessoria-de-imprensa-ace-guarulhos\\\/\"}]}<\/script>\n<!-- \/ Yoast SEO plugin. -->","yoast_head_json":{"title":"STT anuncia licita\u00e7\u00e3o do transporte na ACE - ACE-Guarulhos","robots":{"index":"index","follow":"follow","max-snippet":"max-snippet:-1","max-image-preview":"max-image-preview:large","max-video-preview":"max-video-preview:-1"},"canonical":"https:\/\/www.aceguarulhos.com.br\/blog\/stt-anuncia-licita\u00e7\u00e3o-do-transporte-na-ace\/","og_locale":"pt_BR","og_type":"article","og_title":"STT anuncia licita\u00e7\u00e3o do transporte na ACE - ACE-Guarulhos","og_description":"Priorizar o transporte p\u00fablico, pensar grande e assim evitar que sejam adotadas medidas que restrinjam a circula\u00e7\u00e3o de ve\u00edculos em determinadas \u00e1reas. Este","og_url":"https:\/\/www.aceguarulhos.com.br\/blog\/stt-anuncia-licita\u00e7\u00e3o-do-transporte-na-ace\/","og_site_name":"ACE-Guarulhos","article_publisher":"https:\/\/www.facebook.com\/aceguarulhos\/","article_published_time":"2009-06-03T09:58:18+00:00","og_image":[{"url":"https:\/\/www.aceguarulhos.com.br\/blog\/wp-content\/uploads\/image.php","type":"","width":"","height":""}],"author":"Assessoria de Imprensa ACE-Guarulhos","twitter_card":"summary_large_image","twitter_misc":{"Escrito por":"Assessoria de Imprensa ACE-Guarulhos","Est. tempo de leitura":"2 minutos"},"schema":{"@context":"https:\/\/schema.org","@graph":[{"@type":"Article","@id":"https:\/\/www.aceguarulhos.com.br\/blog\/stt-anuncia-licita%c3%a7%c3%a3o-do-transporte-na-ace\/#article","isPartOf":{"@id":"https:\/\/www.aceguarulhos.com.br\/blog\/stt-anuncia-licita%c3%a7%c3%a3o-do-transporte-na-ace\/"},"author":{"name":"Assessoria de Imprensa ACE-Guarulhos","@id":"https:\/\/www.aceguarulhos.com.br\/blog\/#\/schema\/person\/6983b51bad37489989e4f09698c26237"},"headline":"STT anuncia licita\u00e7\u00e3o do transporte na ACE","datePublished":"2009-06-03T09:58:18+00:00","mainEntityOfPage":{"@id":"https:\/\/www.aceguarulhos.com.br\/blog\/stt-anuncia-licita%c3%a7%c3%a3o-do-transporte-na-ace\/"},"wordCount":453,"commentCount":0,"publisher":{"@id":"https:\/\/www.aceguarulhos.com.br\/blog\/#organization"},"articleSection":["Not\u00edcias"],"inLanguage":"pt-BR"},{"@type":"WebPage","@id":"https:\/\/www.aceguarulhos.com.br\/blog\/stt-anuncia-licita%c3%a7%c3%a3o-do-transporte-na-ace\/","url":"https:\/\/www.aceguarulhos.com.br\/blog\/stt-anuncia-licita%c3%a7%c3%a3o-do-transporte-na-ace\/","name":"STT anuncia licita\u00e7\u00e3o do transporte na ACE - ACE-Guarulhos","isPartOf":{"@id":"https:\/\/www.aceguarulhos.com.br\/blog\/#website"},"datePublished":"2009-06-03T09:58:18+00:00","breadcrumb":{"@id":"https:\/\/www.aceguarulhos.com.br\/blog\/stt-anuncia-licita%c3%a7%c3%a3o-do-transporte-na-ace\/#breadcrumb"},"inLanguage":"pt-BR","potentialAction":[{"@type":"ReadAction","target":["https:\/\/www.aceguarulhos.com.br\/blog\/stt-anuncia-licita%c3%a7%c3%a3o-do-transporte-na-ace\/"]}]},{"@type":"BreadcrumbList","@id":"https:\/\/www.aceguarulhos.com.br\/blog\/stt-anuncia-licita%c3%a7%c3%a3o-do-transporte-na-ace\/#breadcrumb","itemListElement":[{"@type":"ListItem","position":1,"name":"In\u00edcio","item":"https:\/\/www.aceguarulhos.com.br\/blog\/"},{"@type":"ListItem","position":2,"name":"STT anuncia licita\u00e7\u00e3o do transporte na ACE"}]},{"@type":"WebSite","@id":"https:\/\/www.aceguarulhos.com.br\/blog\/#website","url":"https:\/\/www.aceguarulhos.com.br\/blog\/","name":"ACE-Guarulhos","description":"A ACE-Guarulhos \u00e9 uma associa\u00e7\u00e3o que ap\u00f3ia os empres\u00e1rios guarulhenses atrav\u00e9s da representa\u00e7\u00e3o, da gera\u00e7\u00e3o de neg\u00f3cios e presta\u00e7\u00e3o de servi\u00e7os.","publisher":{"@id":"https:\/\/www.aceguarulhos.com.br\/blog\/#organization"},"potentialAction":[{"@type":"SearchAction","target":{"@type":"EntryPoint","urlTemplate":"https:\/\/www.aceguarulhos.com.br\/blog\/?s={search_term_string}"},"query-input":{"@type":"PropertyValueSpecification","valueRequired":true,"valueName":"search_term_string"}}],"inLanguage":"pt-BR"},{"@type":"Organization","@id":"https:\/\/www.aceguarulhos.com.br\/blog\/#organization","name":"ACE-Guarulhos","url":"https:\/\/www.aceguarulhos.com.br\/blog\/","logo":{"@type":"ImageObject","inLanguage":"pt-BR","@id":"https:\/\/www.aceguarulhos.com.br\/blog\/#\/schema\/logo\/image\/","url":"https:\/\/www.aceguarulhos.com.br\/blog\/wp-content\/uploads\/2017\/12\/logo-aceguarulhos-2018.png","contentUrl":"https:\/\/www.aceguarulhos.com.br\/blog\/wp-content\/uploads\/2017\/12\/logo-aceguarulhos-2018.png","width":419,"height":76,"caption":"ACE-Guarulhos"},"image":{"@id":"https:\/\/www.aceguarulhos.com.br\/blog\/#\/schema\/logo\/image\/"},"sameAs":["https:\/\/www.facebook.com\/aceguarulhos\/","https:\/\/br.linkedin.com\/in\/ace-guarulhos-b9a97093","https:\/\/www.youtube.com\/user\/aceguarulhos"]},{"@type":"Person","@id":"https:\/\/www.aceguarulhos.com.br\/blog\/#\/schema\/person\/6983b51bad37489989e4f09698c26237","name":"Assessoria de Imprensa ACE-Guarulhos","image":{"@type":"ImageObject","inLanguage":"pt-BR","@id":"https:\/\/secure.gravatar.com\/avatar\/707f3fadd6918afeb64173ab22d8a8cb0676953098a4f31ff36dc2b4c699ef6a?s=96&d=mm&r=g","url":"https:\/\/secure.gravatar.com\/avatar\/707f3fadd6918afeb64173ab22d8a8cb0676953098a4f31ff36dc2b4c699ef6a?s=96&d=mm&r=g","contentUrl":"https:\/\/secure.gravatar.com\/avatar\/707f3fadd6918afeb64173ab22d8a8cb0676953098a4f31ff36dc2b4c699ef6a?s=96&d=mm&r=g","caption":"Assessoria de Imprensa ACE-Guarulhos"},"url":"https:\/\/www.aceguarulhos.com.br\/blog\/author\/assessoria-de-imprensa-ace-guarulhos\/"}]}},"wps_subtitle":"","amp_enabled":true,"_links":{"self":[{"href":"https:\/\/www.aceguarulhos.com.br\/blog\/wp-json\/wp\/v2\/posts\/35004","targetHints":{"allow":["GET"]}}],"collection":[{"href":"https:\/\/www.aceguarulhos.com.br\/blog\/wp-json\/wp\/v2\/posts"}],"about":[{"href":"https:\/\/www.aceguarulhos.com.br\/blog\/wp-json\/wp\/v2\/types\/post"}],"author":[{"embeddable":true,"href":"https:\/\/www.aceguarulhos.com.br\/blog\/wp-json\/wp\/v2\/users\/8"}],"replies":[{"embeddable":true,"href":"https:\/\/www.aceguarulhos.com.br\/blog\/wp-json\/wp\/v2\/comments?post=35004"}],"version-history":[{"count":0,"href":"https:\/\/www.aceguarulhos.com.br\/blog\/wp-json\/wp\/v2\/posts\/35004\/revisions"}],"wp:attachment":[{"href":"https:\/\/www.aceguarulhos.com.br\/blog\/wp-json\/wp\/v2\/media?parent=35004"}],"wp:term":[{"taxonomy":"category","embeddable":true,"href":"https:\/\/www.aceguarulhos.com.br\/blog\/wp-json\/wp\/v2\/categories?post=35004"},{"taxonomy":"post_tag","embeddable":true,"href":"https:\/\/www.aceguarulhos.com.br\/blog\/wp-json\/wp\/v2\/tags?post=35004"}],"curies":[{"name":"wp","href":"https:\/\/api.w.org\/{rel}","templated":true}]}}