{"id":34977,"date":"2009-05-27T13:56:48","date_gmt":"2009-05-27T13:56:48","guid":{"rendered":"http:\/\/www.aceguarulhos.com.br\/blog\/?p=34977"},"modified":"-0001-11-30T00:00:00","modified_gmt":"-0001-11-30T03:00:00","slug":"cmeg-debate-o-mercado-do-trabalho","status":"publish","type":"post","link":"https:\/\/www.aceguarulhos.com.br\/blog\/cmeg-debate-o-mercado-do-trabalho\/","title":{"rendered":"CMEG debate o mercado do trabalho"},"content":{"rendered":"<p>O desafio do mercado de trabalho diante dos reflexos provocados pela crise econ\u00f4mica mundial deu o tom ao 1\u00aa Encontro da Comiss\u00e3o Municipal de Emprego de Guarulhos, realizado na segunda-feira, 25, no audit\u00f3rio do Pa\u00e7o Municipal. O encontro contou com a presen\u00e7a de autoridades municipais, sindicalistas e representantes de entidades de classe, entre eles o presidente da ACE-Guarulhos, Wilson Louren\u00e7o.<\/p>\n<p><center><\/p>\n<p class=\"midia\" style=\"width: 420px;\"><img loading=\"lazy\" decoding=\"async\" src=\"\/blog\/wp-content\/uploads\/image.php?x=i&amp;i1=100&amp;i2=20090527135459\" title=\"Imprensa\/ACE\" width=\"420\" height=\"315\"><br \/>Autoridades municipais e representantes de entidades de classe participaram do encontro<\/p>\n<p><\/center><\/p>\n<p>A abertura do evento contou com a palestra da secret\u00e1ria municipal de Rela\u00e7\u00f5es do Trabalho e Emprego, Maria Helena Gon\u00e7alves, que falou sobre a evolu\u00e7\u00e3o e a situa\u00e7\u00e3o do trabalho e emprego em Guarulhos. Cal\u00e7ada de n\u00fameros do Cadastro Geral de Empregados e Desempregados (CAGED), Gon\u00e7alves mostrou que entre os anos de 2003 a 2008 a cidade apresentou saldo positivo na abertura de vagas no mercado de trabalho. No entanto, em 2009, j\u00e1 sob o efeito da crise financeira a cidade registrou menos quatro mil postos de trabalho, mas ela ressaltou que no 1\u00ba quadrimestre deste ano o n\u00famero de admiss\u00f5es melhorou.<\/p>\n<p>\u201cO mais importante \u00e9 que possamos sair daqui armados com o maior n\u00famero de informa\u00e7\u00f5es para debatermos a atual situa\u00e7\u00e3o\u201d, disse a secret\u00e1ria.<\/p>\n<p>Por sua vez, o presidente da ACE, Wilson Louren\u00e7o, ressaltou que a entidade vem fazendo sua parte para o fomento da economia local. \u201cEstamos lutando cada vez mais por vagas de emprego na cidade. Por meio de campanhas como o \u201cCompre em Guarulhos\u201d queremos fomentar o com\u00e9rcio local, j\u00e1 que como disse o economista-chefe da ACSP, Marcel Solimeo, muitos consumidores guarulhenses ainda preferem comprar na Capital\u201d, falou.<\/p>\n<p>O presidente do CMEG, Luciano Felintro, disse que o encontro pretende proporcionar a reflex\u00e3o no munic\u00edpio. \u201cPrecisamos ficar de olho no que vem acontecendo no mundo e em Guarulhos. Queremos contribuir para que sejam propostas pol\u00edticas p\u00fablicas que nos fa\u00e7am vencer este atual momento\u201d, disse.<\/p>\n<p><b>Homenagem \u2013 <\/b>Al\u00e9m das palestras, o encontro do CMEG aproveitou para fazer uma homenagem ao diretor administrativo da ACE, Vilson Caldas, que recebeu uma placa por participar ativamente do conselho desde sua funda\u00e7\u00e3o, h\u00e1 exatos 12 anos. \u201cTudo o que fiz e fa\u00e7o pelo conselho \u00e9 gratificante, principalmente com rela\u00e7\u00e3o aos projetos que capacitam trabalhadores e que tamb\u00e9m ajudam muitas pessoas se recolocarem no mercado profissional\u201d, disse.<\/p>\n<p><center><\/p>\n<p class=\"midia\" style=\"width: 420px;\"><img loading=\"lazy\" decoding=\"async\" src=\"\/blog\/wp-content\/uploads\/image.php?x=i&amp;i1=100&amp;i2=20090527135559\" title=\"Imprensa\/ACE\" width=\"420\" height=\"381\"><br \/>Vilson Caldas, diretor administrativo da ACE, foi homenageado pela sua atua\u00e7\u00e3o na Comiss\u00e3o de Emprego<\/p>\n<p><\/center><\/p>\n<p>O encontro contou ainda com as palestras do diretor-titular do Ciesp-Guarulhos, Daniele Pestelli; do coordenador do sistema de pesquisa de empresa e desemprego do Dieese, S\u00e9rgio Eduardo Arbuo Mendon\u00e7a; e do presidente do Instituto de Pesquisa Econ\u00f4mica Aplicada (Ipea), Professor M\u00e1rcio Pochmann.<\/p>\n","protected":false},"excerpt":{"rendered":"O desafio do mercado de trabalho diante dos reflexos provocados pela crise econ\u00f4mica mundial deu o tom ao 1\u00aa Encontro da Comiss\u00e3o Municipal \n<a class=\"moretag\" href=\"https:\/\/www.aceguarulhos.com.br\/blog\/cmeg-debate-o-mercado-do-trabalho\/\"> [...]<\/a>","protected":false},"author":8,"featured_media":0,"comment_status":"open","ping_status":"open","sticky":false,"template":"","format":"standard","meta":{"footnotes":""},"categories":[2],"tags":[],"class_list":["post-34977","post","type-post","status-publish","format-standard","hentry","category-noticias"],"yoast_head":"<!-- This site is optimized with the Yoast SEO plugin v28.1 - https:\/\/yoast.com\/product\/yoast-seo-wordpress\/ -->\n<title>CMEG debate o mercado do trabalho  - ACE-Guarulhos<\/title>\n<meta name=\"robots\" content=\"index, follow, max-snippet:-1, max-image-preview:large, max-video-preview:-1\" \/>\n<link rel=\"canonical\" href=\"https:\/\/www.aceguarulhos.com.br\/blog\/cmeg-debate-o-mercado-do-trabalho\/\" \/>\n<meta property=\"og:locale\" content=\"pt_BR\" \/>\n<meta property=\"og:type\" content=\"article\" \/>\n<meta property=\"og:title\" content=\"CMEG debate o mercado do trabalho  - ACE-Guarulhos\" \/>\n<meta property=\"og:description\" content=\"O desafio do mercado de trabalho diante dos reflexos provocados pela crise econ\u00f4mica mundial deu o tom ao 1\u00aa Encontro da Comiss\u00e3o Municipal\" \/>\n<meta property=\"og:url\" content=\"https:\/\/www.aceguarulhos.com.br\/blog\/cmeg-debate-o-mercado-do-trabalho\/\" \/>\n<meta property=\"og:site_name\" content=\"ACE-Guarulhos\" \/>\n<meta property=\"article:publisher\" content=\"https:\/\/www.facebook.com\/aceguarulhos\/\" \/>\n<meta property=\"article:published_time\" content=\"2009-05-27T13:56:48+00:00\" \/>\n<meta property=\"og:image\" content=\"https:\/\/www.aceguarulhos.com.br\/blog\/wp-content\/uploads\/image.php\" \/>\n<meta name=\"author\" content=\"Assessoria de Imprensa ACE-Guarulhos\" \/>\n<meta name=\"twitter:card\" content=\"summary_large_image\" \/>\n<meta name=\"twitter:label1\" content=\"Escrito por\" \/>\n\t<meta name=\"twitter:data1\" content=\"Assessoria de Imprensa ACE-Guarulhos\" \/>\n\t<meta name=\"twitter:label2\" content=\"Est. tempo de leitura\" \/>\n\t<meta name=\"twitter:data2\" content=\"2 minutos\" \/>\n<script type=\"application\/ld+json\" class=\"yoast-schema-graph\">{\"@context\":\"https:\\\/\\\/schema.org\",\"@graph\":[{\"@type\":\"Article\",\"@id\":\"https:\\\/\\\/www.aceguarulhos.com.br\\\/blog\\\/cmeg-debate-o-mercado-do-trabalho\\\/#article\",\"isPartOf\":{\"@id\":\"https:\\\/\\\/www.aceguarulhos.com.br\\\/blog\\\/cmeg-debate-o-mercado-do-trabalho\\\/\"},\"author\":{\"name\":\"Assessoria de Imprensa ACE-Guarulhos\",\"@id\":\"https:\\\/\\\/www.aceguarulhos.com.br\\\/blog\\\/#\\\/schema\\\/person\\\/6983b51bad37489989e4f09698c26237\"},\"headline\":\"CMEG debate o mercado do trabalho\",\"datePublished\":\"2009-05-27T13:56:48+00:00\",\"mainEntityOfPage\":{\"@id\":\"https:\\\/\\\/www.aceguarulhos.com.br\\\/blog\\\/cmeg-debate-o-mercado-do-trabalho\\\/\"},\"wordCount\":466,\"commentCount\":0,\"publisher\":{\"@id\":\"https:\\\/\\\/www.aceguarulhos.com.br\\\/blog\\\/#organization\"},\"articleSection\":[\"Not\u00edcias\"],\"inLanguage\":\"pt-BR\"},{\"@type\":\"WebPage\",\"@id\":\"https:\\\/\\\/www.aceguarulhos.com.br\\\/blog\\\/cmeg-debate-o-mercado-do-trabalho\\\/\",\"url\":\"https:\\\/\\\/www.aceguarulhos.com.br\\\/blog\\\/cmeg-debate-o-mercado-do-trabalho\\\/\",\"name\":\"CMEG debate o mercado do trabalho - ACE-Guarulhos\",\"isPartOf\":{\"@id\":\"https:\\\/\\\/www.aceguarulhos.com.br\\\/blog\\\/#website\"},\"datePublished\":\"2009-05-27T13:56:48+00:00\",\"breadcrumb\":{\"@id\":\"https:\\\/\\\/www.aceguarulhos.com.br\\\/blog\\\/cmeg-debate-o-mercado-do-trabalho\\\/#breadcrumb\"},\"inLanguage\":\"pt-BR\",\"potentialAction\":[{\"@type\":\"ReadAction\",\"target\":[\"https:\\\/\\\/www.aceguarulhos.com.br\\\/blog\\\/cmeg-debate-o-mercado-do-trabalho\\\/\"]}]},{\"@type\":\"BreadcrumbList\",\"@id\":\"https:\\\/\\\/www.aceguarulhos.com.br\\\/blog\\\/cmeg-debate-o-mercado-do-trabalho\\\/#breadcrumb\",\"itemListElement\":[{\"@type\":\"ListItem\",\"position\":1,\"name\":\"In\u00edcio\",\"item\":\"https:\\\/\\\/www.aceguarulhos.com.br\\\/blog\\\/\"},{\"@type\":\"ListItem\",\"position\":2,\"name\":\"CMEG debate o mercado do trabalho\"}]},{\"@type\":\"WebSite\",\"@id\":\"https:\\\/\\\/www.aceguarulhos.com.br\\\/blog\\\/#website\",\"url\":\"https:\\\/\\\/www.aceguarulhos.com.br\\\/blog\\\/\",\"name\":\"ACE-Guarulhos\",\"description\":\"A ACE-Guarulhos \u00e9 uma associa\u00e7\u00e3o que ap\u00f3ia os empres\u00e1rios guarulhenses atrav\u00e9s da representa\u00e7\u00e3o, da gera\u00e7\u00e3o de neg\u00f3cios e presta\u00e7\u00e3o de servi\u00e7os.\",\"publisher\":{\"@id\":\"https:\\\/\\\/www.aceguarulhos.com.br\\\/blog\\\/#organization\"},\"potentialAction\":[{\"@type\":\"SearchAction\",\"target\":{\"@type\":\"EntryPoint\",\"urlTemplate\":\"https:\\\/\\\/www.aceguarulhos.com.br\\\/blog\\\/?s={search_term_string}\"},\"query-input\":{\"@type\":\"PropertyValueSpecification\",\"valueRequired\":true,\"valueName\":\"search_term_string\"}}],\"inLanguage\":\"pt-BR\"},{\"@type\":\"Organization\",\"@id\":\"https:\\\/\\\/www.aceguarulhos.com.br\\\/blog\\\/#organization\",\"name\":\"ACE-Guarulhos\",\"url\":\"https:\\\/\\\/www.aceguarulhos.com.br\\\/blog\\\/\",\"logo\":{\"@type\":\"ImageObject\",\"inLanguage\":\"pt-BR\",\"@id\":\"https:\\\/\\\/www.aceguarulhos.com.br\\\/blog\\\/#\\\/schema\\\/logo\\\/image\\\/\",\"url\":\"https:\\\/\\\/www.aceguarulhos.com.br\\\/blog\\\/wp-content\\\/uploads\\\/2017\\\/12\\\/logo-aceguarulhos-2018.png\",\"contentUrl\":\"https:\\\/\\\/www.aceguarulhos.com.br\\\/blog\\\/wp-content\\\/uploads\\\/2017\\\/12\\\/logo-aceguarulhos-2018.png\",\"width\":419,\"height\":76,\"caption\":\"ACE-Guarulhos\"},\"image\":{\"@id\":\"https:\\\/\\\/www.aceguarulhos.com.br\\\/blog\\\/#\\\/schema\\\/logo\\\/image\\\/\"},\"sameAs\":[\"https:\\\/\\\/www.facebook.com\\\/aceguarulhos\\\/\",\"https:\\\/\\\/br.linkedin.com\\\/in\\\/ace-guarulhos-b9a97093\",\"https:\\\/\\\/www.youtube.com\\\/user\\\/aceguarulhos\"]},{\"@type\":\"Person\",\"@id\":\"https:\\\/\\\/www.aceguarulhos.com.br\\\/blog\\\/#\\\/schema\\\/person\\\/6983b51bad37489989e4f09698c26237\",\"name\":\"Assessoria de Imprensa ACE-Guarulhos\",\"image\":{\"@type\":\"ImageObject\",\"inLanguage\":\"pt-BR\",\"@id\":\"https:\\\/\\\/secure.gravatar.com\\\/avatar\\\/707f3fadd6918afeb64173ab22d8a8cb0676953098a4f31ff36dc2b4c699ef6a?s=96&d=mm&r=g\",\"url\":\"https:\\\/\\\/secure.gravatar.com\\\/avatar\\\/707f3fadd6918afeb64173ab22d8a8cb0676953098a4f31ff36dc2b4c699ef6a?s=96&d=mm&r=g\",\"contentUrl\":\"https:\\\/\\\/secure.gravatar.com\\\/avatar\\\/707f3fadd6918afeb64173ab22d8a8cb0676953098a4f31ff36dc2b4c699ef6a?s=96&d=mm&r=g\",\"caption\":\"Assessoria de Imprensa ACE-Guarulhos\"},\"url\":\"https:\\\/\\\/www.aceguarulhos.com.br\\\/blog\\\/author\\\/assessoria-de-imprensa-ace-guarulhos\\\/\"}]}<\/script>\n<!-- \/ Yoast SEO plugin. -->","yoast_head_json":{"title":"CMEG debate o mercado do trabalho  - ACE-Guarulhos","robots":{"index":"index","follow":"follow","max-snippet":"max-snippet:-1","max-image-preview":"max-image-preview:large","max-video-preview":"max-video-preview:-1"},"canonical":"https:\/\/www.aceguarulhos.com.br\/blog\/cmeg-debate-o-mercado-do-trabalho\/","og_locale":"pt_BR","og_type":"article","og_title":"CMEG debate o mercado do trabalho  - ACE-Guarulhos","og_description":"O desafio do mercado de trabalho diante dos reflexos provocados pela crise econ\u00f4mica mundial deu o tom ao 1\u00aa Encontro da Comiss\u00e3o Municipal","og_url":"https:\/\/www.aceguarulhos.com.br\/blog\/cmeg-debate-o-mercado-do-trabalho\/","og_site_name":"ACE-Guarulhos","article_publisher":"https:\/\/www.facebook.com\/aceguarulhos\/","article_published_time":"2009-05-27T13:56:48+00:00","og_image":[{"url":"https:\/\/www.aceguarulhos.com.br\/blog\/wp-content\/uploads\/image.php","type":"","width":"","height":""}],"author":"Assessoria de Imprensa ACE-Guarulhos","twitter_card":"summary_large_image","twitter_misc":{"Escrito por":"Assessoria de Imprensa ACE-Guarulhos","Est. tempo de leitura":"2 minutos"},"schema":{"@context":"https:\/\/schema.org","@graph":[{"@type":"Article","@id":"https:\/\/www.aceguarulhos.com.br\/blog\/cmeg-debate-o-mercado-do-trabalho\/#article","isPartOf":{"@id":"https:\/\/www.aceguarulhos.com.br\/blog\/cmeg-debate-o-mercado-do-trabalho\/"},"author":{"name":"Assessoria de Imprensa ACE-Guarulhos","@id":"https:\/\/www.aceguarulhos.com.br\/blog\/#\/schema\/person\/6983b51bad37489989e4f09698c26237"},"headline":"CMEG debate o mercado do trabalho","datePublished":"2009-05-27T13:56:48+00:00","mainEntityOfPage":{"@id":"https:\/\/www.aceguarulhos.com.br\/blog\/cmeg-debate-o-mercado-do-trabalho\/"},"wordCount":466,"commentCount":0,"publisher":{"@id":"https:\/\/www.aceguarulhos.com.br\/blog\/#organization"},"articleSection":["Not\u00edcias"],"inLanguage":"pt-BR"},{"@type":"WebPage","@id":"https:\/\/www.aceguarulhos.com.br\/blog\/cmeg-debate-o-mercado-do-trabalho\/","url":"https:\/\/www.aceguarulhos.com.br\/blog\/cmeg-debate-o-mercado-do-trabalho\/","name":"CMEG debate o mercado do trabalho - ACE-Guarulhos","isPartOf":{"@id":"https:\/\/www.aceguarulhos.com.br\/blog\/#website"},"datePublished":"2009-05-27T13:56:48+00:00","breadcrumb":{"@id":"https:\/\/www.aceguarulhos.com.br\/blog\/cmeg-debate-o-mercado-do-trabalho\/#breadcrumb"},"inLanguage":"pt-BR","potentialAction":[{"@type":"ReadAction","target":["https:\/\/www.aceguarulhos.com.br\/blog\/cmeg-debate-o-mercado-do-trabalho\/"]}]},{"@type":"BreadcrumbList","@id":"https:\/\/www.aceguarulhos.com.br\/blog\/cmeg-debate-o-mercado-do-trabalho\/#breadcrumb","itemListElement":[{"@type":"ListItem","position":1,"name":"In\u00edcio","item":"https:\/\/www.aceguarulhos.com.br\/blog\/"},{"@type":"ListItem","position":2,"name":"CMEG debate o mercado do trabalho"}]},{"@type":"WebSite","@id":"https:\/\/www.aceguarulhos.com.br\/blog\/#website","url":"https:\/\/www.aceguarulhos.com.br\/blog\/","name":"ACE-Guarulhos","description":"A ACE-Guarulhos \u00e9 uma associa\u00e7\u00e3o que ap\u00f3ia os empres\u00e1rios guarulhenses atrav\u00e9s da representa\u00e7\u00e3o, da gera\u00e7\u00e3o de neg\u00f3cios e presta\u00e7\u00e3o de servi\u00e7os.","publisher":{"@id":"https:\/\/www.aceguarulhos.com.br\/blog\/#organization"},"potentialAction":[{"@type":"SearchAction","target":{"@type":"EntryPoint","urlTemplate":"https:\/\/www.aceguarulhos.com.br\/blog\/?s={search_term_string}"},"query-input":{"@type":"PropertyValueSpecification","valueRequired":true,"valueName":"search_term_string"}}],"inLanguage":"pt-BR"},{"@type":"Organization","@id":"https:\/\/www.aceguarulhos.com.br\/blog\/#organization","name":"ACE-Guarulhos","url":"https:\/\/www.aceguarulhos.com.br\/blog\/","logo":{"@type":"ImageObject","inLanguage":"pt-BR","@id":"https:\/\/www.aceguarulhos.com.br\/blog\/#\/schema\/logo\/image\/","url":"https:\/\/www.aceguarulhos.com.br\/blog\/wp-content\/uploads\/2017\/12\/logo-aceguarulhos-2018.png","contentUrl":"https:\/\/www.aceguarulhos.com.br\/blog\/wp-content\/uploads\/2017\/12\/logo-aceguarulhos-2018.png","width":419,"height":76,"caption":"ACE-Guarulhos"},"image":{"@id":"https:\/\/www.aceguarulhos.com.br\/blog\/#\/schema\/logo\/image\/"},"sameAs":["https:\/\/www.facebook.com\/aceguarulhos\/","https:\/\/br.linkedin.com\/in\/ace-guarulhos-b9a97093","https:\/\/www.youtube.com\/user\/aceguarulhos"]},{"@type":"Person","@id":"https:\/\/www.aceguarulhos.com.br\/blog\/#\/schema\/person\/6983b51bad37489989e4f09698c26237","name":"Assessoria de Imprensa ACE-Guarulhos","image":{"@type":"ImageObject","inLanguage":"pt-BR","@id":"https:\/\/secure.gravatar.com\/avatar\/707f3fadd6918afeb64173ab22d8a8cb0676953098a4f31ff36dc2b4c699ef6a?s=96&d=mm&r=g","url":"https:\/\/secure.gravatar.com\/avatar\/707f3fadd6918afeb64173ab22d8a8cb0676953098a4f31ff36dc2b4c699ef6a?s=96&d=mm&r=g","contentUrl":"https:\/\/secure.gravatar.com\/avatar\/707f3fadd6918afeb64173ab22d8a8cb0676953098a4f31ff36dc2b4c699ef6a?s=96&d=mm&r=g","caption":"Assessoria de Imprensa ACE-Guarulhos"},"url":"https:\/\/www.aceguarulhos.com.br\/blog\/author\/assessoria-de-imprensa-ace-guarulhos\/"}]}},"wps_subtitle":"","amp_enabled":true,"_links":{"self":[{"href":"https:\/\/www.aceguarulhos.com.br\/blog\/wp-json\/wp\/v2\/posts\/34977","targetHints":{"allow":["GET"]}}],"collection":[{"href":"https:\/\/www.aceguarulhos.com.br\/blog\/wp-json\/wp\/v2\/posts"}],"about":[{"href":"https:\/\/www.aceguarulhos.com.br\/blog\/wp-json\/wp\/v2\/types\/post"}],"author":[{"embeddable":true,"href":"https:\/\/www.aceguarulhos.com.br\/blog\/wp-json\/wp\/v2\/users\/8"}],"replies":[{"embeddable":true,"href":"https:\/\/www.aceguarulhos.com.br\/blog\/wp-json\/wp\/v2\/comments?post=34977"}],"version-history":[{"count":0,"href":"https:\/\/www.aceguarulhos.com.br\/blog\/wp-json\/wp\/v2\/posts\/34977\/revisions"}],"wp:attachment":[{"href":"https:\/\/www.aceguarulhos.com.br\/blog\/wp-json\/wp\/v2\/media?parent=34977"}],"wp:term":[{"taxonomy":"category","embeddable":true,"href":"https:\/\/www.aceguarulhos.com.br\/blog\/wp-json\/wp\/v2\/categories?post=34977"},{"taxonomy":"post_tag","embeddable":true,"href":"https:\/\/www.aceguarulhos.com.br\/blog\/wp-json\/wp\/v2\/tags?post=34977"}],"curies":[{"name":"wp","href":"https:\/\/api.w.org\/{rel}","templated":true}]}}