{"id":34974,"date":"2009-05-26T10:49:25","date_gmt":"2009-05-26T10:49:25","guid":{"rendered":"http:\/\/www.aceguarulhos.com.br\/blog\/?p=34974"},"modified":"-0001-11-30T00:00:00","modified_gmt":"-0001-11-30T03:00:00","slug":"c%c3%a2meras-de-monitoramento-j%c3%a1-captaram-ocorr%c3%aancias-no-centro","status":"publish","type":"post","link":"https:\/\/www.aceguarulhos.com.br\/blog\/c%c3%a2meras-de-monitoramento-j%c3%a1-captaram-ocorr%c3%aancias-no-centro\/","title":{"rendered":"C\u00e2meras de monitoramento j\u00e1 captaram ocorr\u00eancias no Centro"},"content":{"rendered":"<p>A seguran\u00e7a em diversas ruas da regi\u00e3o central e no Bosque Maia ganhar\u00e1 um refor\u00e7o a partir de quarta-feira, 27, com a entrega de 23 c\u00e2meras de monitoramento eletr\u00f4nico. O trabalho ser\u00e1 coordenado por 20 guardas municipais (divididos em cinco grupos de quatro operadores), que ficar\u00e3o instalados em um centro operacional na sede da Secretaria para Assuntos de Seguran\u00e7a P\u00fablica, na rua Sete de Setembro.<\/p>\n<p><center><\/p>\n<p class=\"midia\" style=\"width: 480px;\"><img loading=\"lazy\" decoding=\"async\" src=\"\/blog\/wp-content\/uploads\/image.php?x=i&amp;i1=100&amp;i2=20090526104913\" title=\"Imprensa\/PMG\" width=\"480\" height=\"320\"><br \/>Central de monitoramento fica na sede da GCM na regi\u00e3o central<\/p>\n<p><\/center><\/p>\n<p>Os equipamentos est\u00e3o instalados no trecho entre as pra\u00e7as IV Centen\u00e1rio e Get\u00falio Vargas estendendo-se at\u00e9 a avenida Paulo Faccini e o Bosque Maia (veja rela\u00e7\u00e3o de locais nesta p\u00e1gina). Dados da Secretaria para Assuntos de Seguran\u00e7a P\u00fablica apontam que a regi\u00e3o central \u00e9 respons\u00e1vel pela circula\u00e7\u00e3o de 250 mil pessoas por dia, enquanto que o Bosque Maia recebe mais de 3 mil frequentadores diariamente.<\/p>\n<p>Al\u00e9m de agilizar o atendimento de ocorr\u00eancias e ajudar na identifica\u00e7\u00e3o de v\u00edtimas e suspeitos de delitos, a expectativa da Prefeitura \u00e9 de que o monitoramento eletr\u00f4nico reduza em aproximadamente 30% o n\u00famero de casos de viol\u00eancia na regi\u00e3o. A parte operacional tamb\u00e9m contar\u00e1 com apoio das pol\u00edcias Civil e Militar.<\/p>\n<p>Or\u00e7ado em R$ 870 mil, com 20% de contrapartida do munic\u00edpio, o sistema foi aprovado pela Secretaria Nacional de Seguran\u00e7a P\u00fablica (Senasp), do Minist\u00e9rio da Justi\u00e7a (MJ).<\/p>\n<p><b>Testes &#8211;<\/b> Embora a entrega oficial das c\u00e2meras eletr\u00f4nicas esteja marcada para esta quarta-feira, o sistema j\u00e1 vem sendo testado h\u00e1 cerca de dois meses. Nesse per\u00edodo, foram detectadas 17 ocorr\u00eancias, que resultaram em 22 pris\u00f5es.<\/p>\n<p>Em abril, uma turma foi flagrada pichando uma parede da Igreja Matriz, na pra\u00e7a Tereza Cristina, resultando na deten\u00e7\u00e3o de dois jovens por danos ao patrim\u00f4nio. Em outra ocorr\u00eancia, guardas municipais detiveram tr\u00eas menores que comercializavam e consumiam drogas na rua D. Pedro II.<\/p>\n<p>As c\u00e2meras instaladas s\u00e3o dotadas de zoom \u00f3ptico de 35X, com extens\u00e3o para mais 12X, o que garante perfeita capta\u00e7\u00e3o de imagem para al\u00e9m de um quil\u00f4metro.<\/p>\n","protected":false},"excerpt":{"rendered":"A seguran\u00e7a em diversas ruas da regi\u00e3o central e no Bosque Maia ganhar\u00e1 um refor\u00e7o a partir de quarta-feira, 27, com a entrega \n<a class=\"moretag\" href=\"https:\/\/www.aceguarulhos.com.br\/blog\/c%c3%a2meras-de-monitoramento-j%c3%a1-captaram-ocorr%c3%aancias-no-centro\/\"> [...]<\/a>","protected":false},"author":8,"featured_media":0,"comment_status":"open","ping_status":"open","sticky":false,"template":"","format":"standard","meta":{"footnotes":""},"categories":[2],"tags":[],"class_list":["post-34974","post","type-post","status-publish","format-standard","hentry","category-noticias"],"yoast_head":"<!-- This site is optimized with the Yoast SEO plugin v28.1 - https:\/\/yoast.com\/product\/yoast-seo-wordpress\/ -->\n<title>C\u00e2meras de monitoramento j\u00e1 captaram ocorr\u00eancias no Centro - ACE-Guarulhos<\/title>\n<meta name=\"robots\" content=\"index, follow, max-snippet:-1, max-image-preview:large, max-video-preview:-1\" \/>\n<link rel=\"canonical\" href=\"https:\/\/www.aceguarulhos.com.br\/blog\/c\u00e2meras-de-monitoramento-j\u00e1-captaram-ocorr\u00eancias-no-centro\/\" \/>\n<meta property=\"og:locale\" content=\"pt_BR\" \/>\n<meta property=\"og:type\" content=\"article\" \/>\n<meta property=\"og:title\" content=\"C\u00e2meras de monitoramento j\u00e1 captaram ocorr\u00eancias no Centro - ACE-Guarulhos\" \/>\n<meta property=\"og:description\" content=\"A seguran\u00e7a em diversas ruas da regi\u00e3o central e no Bosque Maia ganhar\u00e1 um refor\u00e7o a partir de quarta-feira, 27, com a entrega\" \/>\n<meta property=\"og:url\" content=\"https:\/\/www.aceguarulhos.com.br\/blog\/c\u00e2meras-de-monitoramento-j\u00e1-captaram-ocorr\u00eancias-no-centro\/\" \/>\n<meta property=\"og:site_name\" content=\"ACE-Guarulhos\" \/>\n<meta property=\"article:publisher\" content=\"https:\/\/www.facebook.com\/aceguarulhos\/\" \/>\n<meta property=\"article:published_time\" content=\"2009-05-26T10:49:25+00:00\" \/>\n<meta property=\"og:image\" content=\"https:\/\/www.aceguarulhos.com.br\/blog\/wp-content\/uploads\/image.php\" \/>\n<meta name=\"author\" content=\"Assessoria de Imprensa ACE-Guarulhos\" \/>\n<meta name=\"twitter:card\" content=\"summary_large_image\" \/>\n<meta name=\"twitter:label1\" content=\"Escrito por\" \/>\n\t<meta name=\"twitter:data1\" content=\"Assessoria de Imprensa ACE-Guarulhos\" \/>\n\t<meta name=\"twitter:label2\" content=\"Est. tempo de leitura\" \/>\n\t<meta name=\"twitter:data2\" content=\"2 minutos\" \/>\n<script type=\"application\/ld+json\" class=\"yoast-schema-graph\">{\"@context\":\"https:\\\/\\\/schema.org\",\"@graph\":[{\"@type\":\"Article\",\"@id\":\"https:\\\/\\\/www.aceguarulhos.com.br\\\/blog\\\/c%c3%a2meras-de-monitoramento-j%c3%a1-captaram-ocorr%c3%aancias-no-centro\\\/#article\",\"isPartOf\":{\"@id\":\"https:\\\/\\\/www.aceguarulhos.com.br\\\/blog\\\/c%c3%a2meras-de-monitoramento-j%c3%a1-captaram-ocorr%c3%aancias-no-centro\\\/\"},\"author\":{\"name\":\"Assessoria de Imprensa ACE-Guarulhos\",\"@id\":\"https:\\\/\\\/www.aceguarulhos.com.br\\\/blog\\\/#\\\/schema\\\/person\\\/6983b51bad37489989e4f09698c26237\"},\"headline\":\"C\u00e2meras de monitoramento j\u00e1 captaram ocorr\u00eancias no Centro\",\"datePublished\":\"2009-05-26T10:49:25+00:00\",\"mainEntityOfPage\":{\"@id\":\"https:\\\/\\\/www.aceguarulhos.com.br\\\/blog\\\/c%c3%a2meras-de-monitoramento-j%c3%a1-captaram-ocorr%c3%aancias-no-centro\\\/\"},\"wordCount\":376,\"commentCount\":0,\"publisher\":{\"@id\":\"https:\\\/\\\/www.aceguarulhos.com.br\\\/blog\\\/#organization\"},\"articleSection\":[\"Not\u00edcias\"],\"inLanguage\":\"pt-BR\"},{\"@type\":\"WebPage\",\"@id\":\"https:\\\/\\\/www.aceguarulhos.com.br\\\/blog\\\/c%c3%a2meras-de-monitoramento-j%c3%a1-captaram-ocorr%c3%aancias-no-centro\\\/\",\"url\":\"https:\\\/\\\/www.aceguarulhos.com.br\\\/blog\\\/c%c3%a2meras-de-monitoramento-j%c3%a1-captaram-ocorr%c3%aancias-no-centro\\\/\",\"name\":\"C\u00e2meras de monitoramento j\u00e1 captaram ocorr\u00eancias no Centro - ACE-Guarulhos\",\"isPartOf\":{\"@id\":\"https:\\\/\\\/www.aceguarulhos.com.br\\\/blog\\\/#website\"},\"datePublished\":\"2009-05-26T10:49:25+00:00\",\"breadcrumb\":{\"@id\":\"https:\\\/\\\/www.aceguarulhos.com.br\\\/blog\\\/c%c3%a2meras-de-monitoramento-j%c3%a1-captaram-ocorr%c3%aancias-no-centro\\\/#breadcrumb\"},\"inLanguage\":\"pt-BR\",\"potentialAction\":[{\"@type\":\"ReadAction\",\"target\":[\"https:\\\/\\\/www.aceguarulhos.com.br\\\/blog\\\/c%c3%a2meras-de-monitoramento-j%c3%a1-captaram-ocorr%c3%aancias-no-centro\\\/\"]}]},{\"@type\":\"BreadcrumbList\",\"@id\":\"https:\\\/\\\/www.aceguarulhos.com.br\\\/blog\\\/c%c3%a2meras-de-monitoramento-j%c3%a1-captaram-ocorr%c3%aancias-no-centro\\\/#breadcrumb\",\"itemListElement\":[{\"@type\":\"ListItem\",\"position\":1,\"name\":\"In\u00edcio\",\"item\":\"https:\\\/\\\/www.aceguarulhos.com.br\\\/blog\\\/\"},{\"@type\":\"ListItem\",\"position\":2,\"name\":\"C\u00e2meras de monitoramento j\u00e1 captaram ocorr\u00eancias no Centro\"}]},{\"@type\":\"WebSite\",\"@id\":\"https:\\\/\\\/www.aceguarulhos.com.br\\\/blog\\\/#website\",\"url\":\"https:\\\/\\\/www.aceguarulhos.com.br\\\/blog\\\/\",\"name\":\"ACE-Guarulhos\",\"description\":\"A ACE-Guarulhos \u00e9 uma associa\u00e7\u00e3o que ap\u00f3ia os empres\u00e1rios guarulhenses atrav\u00e9s da representa\u00e7\u00e3o, da gera\u00e7\u00e3o de neg\u00f3cios e presta\u00e7\u00e3o de servi\u00e7os.\",\"publisher\":{\"@id\":\"https:\\\/\\\/www.aceguarulhos.com.br\\\/blog\\\/#organization\"},\"potentialAction\":[{\"@type\":\"SearchAction\",\"target\":{\"@type\":\"EntryPoint\",\"urlTemplate\":\"https:\\\/\\\/www.aceguarulhos.com.br\\\/blog\\\/?s={search_term_string}\"},\"query-input\":{\"@type\":\"PropertyValueSpecification\",\"valueRequired\":true,\"valueName\":\"search_term_string\"}}],\"inLanguage\":\"pt-BR\"},{\"@type\":\"Organization\",\"@id\":\"https:\\\/\\\/www.aceguarulhos.com.br\\\/blog\\\/#organization\",\"name\":\"ACE-Guarulhos\",\"url\":\"https:\\\/\\\/www.aceguarulhos.com.br\\\/blog\\\/\",\"logo\":{\"@type\":\"ImageObject\",\"inLanguage\":\"pt-BR\",\"@id\":\"https:\\\/\\\/www.aceguarulhos.com.br\\\/blog\\\/#\\\/schema\\\/logo\\\/image\\\/\",\"url\":\"https:\\\/\\\/www.aceguarulhos.com.br\\\/blog\\\/wp-content\\\/uploads\\\/2017\\\/12\\\/logo-aceguarulhos-2018.png\",\"contentUrl\":\"https:\\\/\\\/www.aceguarulhos.com.br\\\/blog\\\/wp-content\\\/uploads\\\/2017\\\/12\\\/logo-aceguarulhos-2018.png\",\"width\":419,\"height\":76,\"caption\":\"ACE-Guarulhos\"},\"image\":{\"@id\":\"https:\\\/\\\/www.aceguarulhos.com.br\\\/blog\\\/#\\\/schema\\\/logo\\\/image\\\/\"},\"sameAs\":[\"https:\\\/\\\/www.facebook.com\\\/aceguarulhos\\\/\",\"https:\\\/\\\/br.linkedin.com\\\/in\\\/ace-guarulhos-b9a97093\",\"https:\\\/\\\/www.youtube.com\\\/user\\\/aceguarulhos\"]},{\"@type\":\"Person\",\"@id\":\"https:\\\/\\\/www.aceguarulhos.com.br\\\/blog\\\/#\\\/schema\\\/person\\\/6983b51bad37489989e4f09698c26237\",\"name\":\"Assessoria de Imprensa ACE-Guarulhos\",\"image\":{\"@type\":\"ImageObject\",\"inLanguage\":\"pt-BR\",\"@id\":\"https:\\\/\\\/secure.gravatar.com\\\/avatar\\\/707f3fadd6918afeb64173ab22d8a8cb0676953098a4f31ff36dc2b4c699ef6a?s=96&d=mm&r=g\",\"url\":\"https:\\\/\\\/secure.gravatar.com\\\/avatar\\\/707f3fadd6918afeb64173ab22d8a8cb0676953098a4f31ff36dc2b4c699ef6a?s=96&d=mm&r=g\",\"contentUrl\":\"https:\\\/\\\/secure.gravatar.com\\\/avatar\\\/707f3fadd6918afeb64173ab22d8a8cb0676953098a4f31ff36dc2b4c699ef6a?s=96&d=mm&r=g\",\"caption\":\"Assessoria de Imprensa ACE-Guarulhos\"},\"url\":\"https:\\\/\\\/www.aceguarulhos.com.br\\\/blog\\\/author\\\/assessoria-de-imprensa-ace-guarulhos\\\/\"}]}<\/script>\n<!-- \/ Yoast SEO plugin. -->","yoast_head_json":{"title":"C\u00e2meras de monitoramento j\u00e1 captaram ocorr\u00eancias no Centro - ACE-Guarulhos","robots":{"index":"index","follow":"follow","max-snippet":"max-snippet:-1","max-image-preview":"max-image-preview:large","max-video-preview":"max-video-preview:-1"},"canonical":"https:\/\/www.aceguarulhos.com.br\/blog\/c\u00e2meras-de-monitoramento-j\u00e1-captaram-ocorr\u00eancias-no-centro\/","og_locale":"pt_BR","og_type":"article","og_title":"C\u00e2meras de monitoramento j\u00e1 captaram ocorr\u00eancias no Centro - ACE-Guarulhos","og_description":"A seguran\u00e7a em diversas ruas da regi\u00e3o central e no Bosque Maia ganhar\u00e1 um refor\u00e7o a partir de quarta-feira, 27, com a entrega","og_url":"https:\/\/www.aceguarulhos.com.br\/blog\/c\u00e2meras-de-monitoramento-j\u00e1-captaram-ocorr\u00eancias-no-centro\/","og_site_name":"ACE-Guarulhos","article_publisher":"https:\/\/www.facebook.com\/aceguarulhos\/","article_published_time":"2009-05-26T10:49:25+00:00","og_image":[{"url":"https:\/\/www.aceguarulhos.com.br\/blog\/wp-content\/uploads\/image.php","type":"","width":"","height":""}],"author":"Assessoria de Imprensa ACE-Guarulhos","twitter_card":"summary_large_image","twitter_misc":{"Escrito por":"Assessoria de Imprensa ACE-Guarulhos","Est. tempo de leitura":"2 minutos"},"schema":{"@context":"https:\/\/schema.org","@graph":[{"@type":"Article","@id":"https:\/\/www.aceguarulhos.com.br\/blog\/c%c3%a2meras-de-monitoramento-j%c3%a1-captaram-ocorr%c3%aancias-no-centro\/#article","isPartOf":{"@id":"https:\/\/www.aceguarulhos.com.br\/blog\/c%c3%a2meras-de-monitoramento-j%c3%a1-captaram-ocorr%c3%aancias-no-centro\/"},"author":{"name":"Assessoria de Imprensa ACE-Guarulhos","@id":"https:\/\/www.aceguarulhos.com.br\/blog\/#\/schema\/person\/6983b51bad37489989e4f09698c26237"},"headline":"C\u00e2meras de monitoramento j\u00e1 captaram ocorr\u00eancias no Centro","datePublished":"2009-05-26T10:49:25+00:00","mainEntityOfPage":{"@id":"https:\/\/www.aceguarulhos.com.br\/blog\/c%c3%a2meras-de-monitoramento-j%c3%a1-captaram-ocorr%c3%aancias-no-centro\/"},"wordCount":376,"commentCount":0,"publisher":{"@id":"https:\/\/www.aceguarulhos.com.br\/blog\/#organization"},"articleSection":["Not\u00edcias"],"inLanguage":"pt-BR"},{"@type":"WebPage","@id":"https:\/\/www.aceguarulhos.com.br\/blog\/c%c3%a2meras-de-monitoramento-j%c3%a1-captaram-ocorr%c3%aancias-no-centro\/","url":"https:\/\/www.aceguarulhos.com.br\/blog\/c%c3%a2meras-de-monitoramento-j%c3%a1-captaram-ocorr%c3%aancias-no-centro\/","name":"C\u00e2meras de monitoramento j\u00e1 captaram ocorr\u00eancias no Centro - ACE-Guarulhos","isPartOf":{"@id":"https:\/\/www.aceguarulhos.com.br\/blog\/#website"},"datePublished":"2009-05-26T10:49:25+00:00","breadcrumb":{"@id":"https:\/\/www.aceguarulhos.com.br\/blog\/c%c3%a2meras-de-monitoramento-j%c3%a1-captaram-ocorr%c3%aancias-no-centro\/#breadcrumb"},"inLanguage":"pt-BR","potentialAction":[{"@type":"ReadAction","target":["https:\/\/www.aceguarulhos.com.br\/blog\/c%c3%a2meras-de-monitoramento-j%c3%a1-captaram-ocorr%c3%aancias-no-centro\/"]}]},{"@type":"BreadcrumbList","@id":"https:\/\/www.aceguarulhos.com.br\/blog\/c%c3%a2meras-de-monitoramento-j%c3%a1-captaram-ocorr%c3%aancias-no-centro\/#breadcrumb","itemListElement":[{"@type":"ListItem","position":1,"name":"In\u00edcio","item":"https:\/\/www.aceguarulhos.com.br\/blog\/"},{"@type":"ListItem","position":2,"name":"C\u00e2meras de monitoramento j\u00e1 captaram ocorr\u00eancias no Centro"}]},{"@type":"WebSite","@id":"https:\/\/www.aceguarulhos.com.br\/blog\/#website","url":"https:\/\/www.aceguarulhos.com.br\/blog\/","name":"ACE-Guarulhos","description":"A ACE-Guarulhos \u00e9 uma associa\u00e7\u00e3o que ap\u00f3ia os empres\u00e1rios guarulhenses atrav\u00e9s da representa\u00e7\u00e3o, da gera\u00e7\u00e3o de neg\u00f3cios e presta\u00e7\u00e3o de servi\u00e7os.","publisher":{"@id":"https:\/\/www.aceguarulhos.com.br\/blog\/#organization"},"potentialAction":[{"@type":"SearchAction","target":{"@type":"EntryPoint","urlTemplate":"https:\/\/www.aceguarulhos.com.br\/blog\/?s={search_term_string}"},"query-input":{"@type":"PropertyValueSpecification","valueRequired":true,"valueName":"search_term_string"}}],"inLanguage":"pt-BR"},{"@type":"Organization","@id":"https:\/\/www.aceguarulhos.com.br\/blog\/#organization","name":"ACE-Guarulhos","url":"https:\/\/www.aceguarulhos.com.br\/blog\/","logo":{"@type":"ImageObject","inLanguage":"pt-BR","@id":"https:\/\/www.aceguarulhos.com.br\/blog\/#\/schema\/logo\/image\/","url":"https:\/\/www.aceguarulhos.com.br\/blog\/wp-content\/uploads\/2017\/12\/logo-aceguarulhos-2018.png","contentUrl":"https:\/\/www.aceguarulhos.com.br\/blog\/wp-content\/uploads\/2017\/12\/logo-aceguarulhos-2018.png","width":419,"height":76,"caption":"ACE-Guarulhos"},"image":{"@id":"https:\/\/www.aceguarulhos.com.br\/blog\/#\/schema\/logo\/image\/"},"sameAs":["https:\/\/www.facebook.com\/aceguarulhos\/","https:\/\/br.linkedin.com\/in\/ace-guarulhos-b9a97093","https:\/\/www.youtube.com\/user\/aceguarulhos"]},{"@type":"Person","@id":"https:\/\/www.aceguarulhos.com.br\/blog\/#\/schema\/person\/6983b51bad37489989e4f09698c26237","name":"Assessoria de Imprensa ACE-Guarulhos","image":{"@type":"ImageObject","inLanguage":"pt-BR","@id":"https:\/\/secure.gravatar.com\/avatar\/707f3fadd6918afeb64173ab22d8a8cb0676953098a4f31ff36dc2b4c699ef6a?s=96&d=mm&r=g","url":"https:\/\/secure.gravatar.com\/avatar\/707f3fadd6918afeb64173ab22d8a8cb0676953098a4f31ff36dc2b4c699ef6a?s=96&d=mm&r=g","contentUrl":"https:\/\/secure.gravatar.com\/avatar\/707f3fadd6918afeb64173ab22d8a8cb0676953098a4f31ff36dc2b4c699ef6a?s=96&d=mm&r=g","caption":"Assessoria de Imprensa ACE-Guarulhos"},"url":"https:\/\/www.aceguarulhos.com.br\/blog\/author\/assessoria-de-imprensa-ace-guarulhos\/"}]}},"wps_subtitle":"","amp_enabled":true,"_links":{"self":[{"href":"https:\/\/www.aceguarulhos.com.br\/blog\/wp-json\/wp\/v2\/posts\/34974","targetHints":{"allow":["GET"]}}],"collection":[{"href":"https:\/\/www.aceguarulhos.com.br\/blog\/wp-json\/wp\/v2\/posts"}],"about":[{"href":"https:\/\/www.aceguarulhos.com.br\/blog\/wp-json\/wp\/v2\/types\/post"}],"author":[{"embeddable":true,"href":"https:\/\/www.aceguarulhos.com.br\/blog\/wp-json\/wp\/v2\/users\/8"}],"replies":[{"embeddable":true,"href":"https:\/\/www.aceguarulhos.com.br\/blog\/wp-json\/wp\/v2\/comments?post=34974"}],"version-history":[{"count":0,"href":"https:\/\/www.aceguarulhos.com.br\/blog\/wp-json\/wp\/v2\/posts\/34974\/revisions"}],"wp:attachment":[{"href":"https:\/\/www.aceguarulhos.com.br\/blog\/wp-json\/wp\/v2\/media?parent=34974"}],"wp:term":[{"taxonomy":"category","embeddable":true,"href":"https:\/\/www.aceguarulhos.com.br\/blog\/wp-json\/wp\/v2\/categories?post=34974"},{"taxonomy":"post_tag","embeddable":true,"href":"https:\/\/www.aceguarulhos.com.br\/blog\/wp-json\/wp\/v2\/tags?post=34974"}],"curies":[{"name":"wp","href":"https:\/\/api.w.org\/{rel}","templated":true}]}}