{"id":34884,"date":"2009-05-11T10:28:14","date_gmt":"2009-05-11T10:28:14","guid":{"rendered":"http:\/\/www.aceguarulhos.com.br\/blog\/?p=34884"},"modified":"-0001-11-30T00:00:00","modified_gmt":"-0001-11-30T03:00:00","slug":"m%c3%a3es-s%c3%a3o-homenageadas-em-festa-da-ace","status":"publish","type":"post","link":"https:\/\/www.aceguarulhos.com.br\/blog\/m%c3%a3es-s%c3%a3o-homenageadas-em-festa-da-ace\/","title":{"rendered":"M\u00e3es s\u00e3o homenageadas em festa da ACE"},"content":{"rendered":"<p>Uma festa cheia de emo\u00e7\u00e3o. Assim pode ser definida a homenagem que a Associa\u00e7\u00e3o Comercial e Empresarial de Guarulhos (ACE) realizou na sexta-feira, 8, na Casa do Empreendedor. Foi um evento repleto de surpresas que contou com palestras e uma apresenta\u00e7\u00e3o especial dos alunos do Cantinho da Alegria que arrancou l\u00e1grima das mam\u00e3es.<\/p>\n<p><center><\/p>\n<p class=\"midia\" style=\"width: 420px;\"><img loading=\"lazy\" decoding=\"async\" src=\"\/blog\/wp-content\/uploads\/image.php?x=i&amp;i1=100&amp;i2=20090511102613\" title=\"Imprensa\/ACE\" width=\"420\" height=\"286\"><br \/>M\u00e3es lotaram o audit\u00f3rio da ACE<\/p>\n<p><\/center><\/p>\n<p>A empres\u00e1ria Vilma Ramos da Costa adorou a homenagem, principalmente porque este ser\u00e1 o primeiro Dia das M\u00e3es longe do filho, que foi estudar no Canad\u00e1. \u201cSempre participo das atividades promovidas pela ACE, mas desta vez o evento foi diferente e muito emocionante\u201d, disse.<\/p>\n<p>Entre todas as mulheres presentes, cinco foram escolhidas para participarem da brincadeira do \u201cantes e depois\u201d. Profissionais da Avon, Mary Kay, Natura, O Botic\u00e1rio e Racco promoveram uma transforma\u00e7\u00e3o no visual das sorteadas. Umas das premiadas foi Maria Luzinete dos Santos, que al\u00e9m de achar que ficou mais bonita, aprendeu que cuidar da beleza no dia a dia n\u00e3o \u00e9 t\u00e3o complicado. \u201cN\u00e3o sabia me maquiar e ap\u00f3s as explica\u00e7\u00f5es das maquiadoras pude entender que n\u00e3o \u00e9 t\u00e3o dif\u00edcil como imaginava\u201d, contou.<\/p>\n<p><center><\/p>\n<p class=\"midia\" style=\"width: 420px;\"><img loading=\"lazy\" decoding=\"async\" src=\"\/blog\/wp-content\/uploads\/image.php?x=i&amp;i1=100&amp;i2=20090511102708\" title=\"Imprensa\/ACE\" width=\"420\" height=\"383\"><br \/>Maurici Dias Gomes e Decio Pomp\u00eao Junior prestigiaram o evento<\/p>\n<p><\/center><\/p>\n<p>A pedagoga Ana Paula Rangel, que ministrou a palestra \u201cM\u00e3e, esposa e profissional de sucesso\u201d, mostrou as mulheres presentes a import\u00e2ncia do papel de m\u00e3e dentro da fam\u00edlia, principalmente porque ficam com a responsabilidade de conduzir a educa\u00e7\u00e3o dos filhos.<\/p>\n<p>As mulheres aprovaram, tamb\u00e9m, a palestra \u201cO poder da maquiagem\u201d, ministrada por Priscila Antunes. A profissional deu preciosas dicas de beleza, principalmente para aquelas que sofrem com a correria do dia a dia.<\/p>\n<p>Mas, com certeza, o momento mais emocionante foi quando os alunos do Col\u00e9gio Cantinho da Alegria cantaram a m\u00fasica \u201cAos olhos do Pai\u201d, da cantora gospel Ana Paula Valad\u00e3o.<\/p>\n<p><center><\/p>\n<p class=\"midia\" style=\"width: 420px;\"><img loading=\"lazy\" decoding=\"async\" src=\"\/blog\/wp-content\/uploads\/image.php?x=i&amp;i1=100&amp;i2=20090511102747\" title=\"Imprensa\/ACE\" width=\"420\" height=\"294\"><br \/>Alunos do Cantinho da Alegria que cantaram na festa<\/p>\n<p><\/center><\/p>\n<p>Os brindes do evento foram cedidos pelas empresas Farm\u00e1cia Guarucentrom Vital Odonto, Papikus Confec\u00e7\u00f5es e S&amp;R Flores &#8211; Casa das Flores Secas. A festa em homenagem ao Dia das M\u00e3es contou com apoio da Padaria Braseiro, Paris Buffet e do Lopes Supermercado.<\/p>\n","protected":false},"excerpt":{"rendered":"Uma festa cheia de emo\u00e7\u00e3o. Assim pode ser definida a homenagem que a Associa\u00e7\u00e3o Comercial e Empresarial de Guarulhos (ACE) realizou na sexta-feira, \n<a class=\"moretag\" href=\"https:\/\/www.aceguarulhos.com.br\/blog\/m%c3%a3es-s%c3%a3o-homenageadas-em-festa-da-ace\/\"> [...]<\/a>","protected":false},"author":8,"featured_media":0,"comment_status":"open","ping_status":"open","sticky":false,"template":"","format":"standard","meta":{"footnotes":""},"categories":[2],"tags":[],"class_list":["post-34884","post","type-post","status-publish","format-standard","hentry","category-noticias"],"yoast_head":"<!-- This site is optimized with the Yoast SEO plugin v28.1 - https:\/\/yoast.com\/product\/yoast-seo-wordpress\/ -->\n<title>M\u00e3es s\u00e3o homenageadas em festa da ACE - ACE-Guarulhos<\/title>\n<meta name=\"robots\" content=\"index, follow, max-snippet:-1, max-image-preview:large, max-video-preview:-1\" \/>\n<link rel=\"canonical\" href=\"https:\/\/www.aceguarulhos.com.br\/blog\/m\u00e3es-s\u00e3o-homenageadas-em-festa-da-ace\/\" \/>\n<meta property=\"og:locale\" content=\"pt_BR\" \/>\n<meta property=\"og:type\" content=\"article\" \/>\n<meta property=\"og:title\" content=\"M\u00e3es s\u00e3o homenageadas em festa da ACE - ACE-Guarulhos\" \/>\n<meta property=\"og:description\" content=\"Uma festa cheia de emo\u00e7\u00e3o. Assim pode ser definida a homenagem que a Associa\u00e7\u00e3o Comercial e Empresarial de Guarulhos (ACE) realizou na sexta-feira,\" \/>\n<meta property=\"og:url\" content=\"https:\/\/www.aceguarulhos.com.br\/blog\/m\u00e3es-s\u00e3o-homenageadas-em-festa-da-ace\/\" \/>\n<meta property=\"og:site_name\" content=\"ACE-Guarulhos\" \/>\n<meta property=\"article:publisher\" content=\"https:\/\/www.facebook.com\/aceguarulhos\/\" \/>\n<meta property=\"article:published_time\" content=\"2009-05-11T10:28:14+00:00\" \/>\n<meta property=\"og:image\" content=\"https:\/\/www.aceguarulhos.com.br\/blog\/wp-content\/uploads\/image.php\" \/>\n<meta name=\"author\" content=\"Assessoria de Imprensa ACE-Guarulhos\" \/>\n<meta name=\"twitter:card\" content=\"summary_large_image\" \/>\n<meta name=\"twitter:label1\" content=\"Escrito por\" \/>\n\t<meta name=\"twitter:data1\" content=\"Assessoria de Imprensa ACE-Guarulhos\" \/>\n\t<meta name=\"twitter:label2\" content=\"Est. tempo de leitura\" \/>\n\t<meta name=\"twitter:data2\" content=\"2 minutos\" \/>\n<script type=\"application\/ld+json\" class=\"yoast-schema-graph\">{\"@context\":\"https:\\\/\\\/schema.org\",\"@graph\":[{\"@type\":\"Article\",\"@id\":\"https:\\\/\\\/www.aceguarulhos.com.br\\\/blog\\\/m%c3%a3es-s%c3%a3o-homenageadas-em-festa-da-ace\\\/#article\",\"isPartOf\":{\"@id\":\"https:\\\/\\\/www.aceguarulhos.com.br\\\/blog\\\/m%c3%a3es-s%c3%a3o-homenageadas-em-festa-da-ace\\\/\"},\"author\":{\"name\":\"Assessoria de Imprensa ACE-Guarulhos\",\"@id\":\"https:\\\/\\\/www.aceguarulhos.com.br\\\/blog\\\/#\\\/schema\\\/person\\\/6983b51bad37489989e4f09698c26237\"},\"headline\":\"M\u00e3es s\u00e3o homenageadas em festa da ACE\",\"datePublished\":\"2009-05-11T10:28:14+00:00\",\"mainEntityOfPage\":{\"@id\":\"https:\\\/\\\/www.aceguarulhos.com.br\\\/blog\\\/m%c3%a3es-s%c3%a3o-homenageadas-em-festa-da-ace\\\/\"},\"wordCount\":389,\"commentCount\":0,\"publisher\":{\"@id\":\"https:\\\/\\\/www.aceguarulhos.com.br\\\/blog\\\/#organization\"},\"articleSection\":[\"Not\u00edcias\"],\"inLanguage\":\"pt-BR\"},{\"@type\":\"WebPage\",\"@id\":\"https:\\\/\\\/www.aceguarulhos.com.br\\\/blog\\\/m%c3%a3es-s%c3%a3o-homenageadas-em-festa-da-ace\\\/\",\"url\":\"https:\\\/\\\/www.aceguarulhos.com.br\\\/blog\\\/m%c3%a3es-s%c3%a3o-homenageadas-em-festa-da-ace\\\/\",\"name\":\"M\u00e3es s\u00e3o homenageadas em festa da ACE - ACE-Guarulhos\",\"isPartOf\":{\"@id\":\"https:\\\/\\\/www.aceguarulhos.com.br\\\/blog\\\/#website\"},\"datePublished\":\"2009-05-11T10:28:14+00:00\",\"breadcrumb\":{\"@id\":\"https:\\\/\\\/www.aceguarulhos.com.br\\\/blog\\\/m%c3%a3es-s%c3%a3o-homenageadas-em-festa-da-ace\\\/#breadcrumb\"},\"inLanguage\":\"pt-BR\",\"potentialAction\":[{\"@type\":\"ReadAction\",\"target\":[\"https:\\\/\\\/www.aceguarulhos.com.br\\\/blog\\\/m%c3%a3es-s%c3%a3o-homenageadas-em-festa-da-ace\\\/\"]}]},{\"@type\":\"BreadcrumbList\",\"@id\":\"https:\\\/\\\/www.aceguarulhos.com.br\\\/blog\\\/m%c3%a3es-s%c3%a3o-homenageadas-em-festa-da-ace\\\/#breadcrumb\",\"itemListElement\":[{\"@type\":\"ListItem\",\"position\":1,\"name\":\"In\u00edcio\",\"item\":\"https:\\\/\\\/www.aceguarulhos.com.br\\\/blog\\\/\"},{\"@type\":\"ListItem\",\"position\":2,\"name\":\"M\u00e3es s\u00e3o homenageadas em festa da ACE\"}]},{\"@type\":\"WebSite\",\"@id\":\"https:\\\/\\\/www.aceguarulhos.com.br\\\/blog\\\/#website\",\"url\":\"https:\\\/\\\/www.aceguarulhos.com.br\\\/blog\\\/\",\"name\":\"ACE-Guarulhos\",\"description\":\"A ACE-Guarulhos \u00e9 uma associa\u00e7\u00e3o que ap\u00f3ia os empres\u00e1rios guarulhenses atrav\u00e9s da representa\u00e7\u00e3o, da gera\u00e7\u00e3o de neg\u00f3cios e presta\u00e7\u00e3o de servi\u00e7os.\",\"publisher\":{\"@id\":\"https:\\\/\\\/www.aceguarulhos.com.br\\\/blog\\\/#organization\"},\"potentialAction\":[{\"@type\":\"SearchAction\",\"target\":{\"@type\":\"EntryPoint\",\"urlTemplate\":\"https:\\\/\\\/www.aceguarulhos.com.br\\\/blog\\\/?s={search_term_string}\"},\"query-input\":{\"@type\":\"PropertyValueSpecification\",\"valueRequired\":true,\"valueName\":\"search_term_string\"}}],\"inLanguage\":\"pt-BR\"},{\"@type\":\"Organization\",\"@id\":\"https:\\\/\\\/www.aceguarulhos.com.br\\\/blog\\\/#organization\",\"name\":\"ACE-Guarulhos\",\"url\":\"https:\\\/\\\/www.aceguarulhos.com.br\\\/blog\\\/\",\"logo\":{\"@type\":\"ImageObject\",\"inLanguage\":\"pt-BR\",\"@id\":\"https:\\\/\\\/www.aceguarulhos.com.br\\\/blog\\\/#\\\/schema\\\/logo\\\/image\\\/\",\"url\":\"https:\\\/\\\/www.aceguarulhos.com.br\\\/blog\\\/wp-content\\\/uploads\\\/2017\\\/12\\\/logo-aceguarulhos-2018.png\",\"contentUrl\":\"https:\\\/\\\/www.aceguarulhos.com.br\\\/blog\\\/wp-content\\\/uploads\\\/2017\\\/12\\\/logo-aceguarulhos-2018.png\",\"width\":419,\"height\":76,\"caption\":\"ACE-Guarulhos\"},\"image\":{\"@id\":\"https:\\\/\\\/www.aceguarulhos.com.br\\\/blog\\\/#\\\/schema\\\/logo\\\/image\\\/\"},\"sameAs\":[\"https:\\\/\\\/www.facebook.com\\\/aceguarulhos\\\/\",\"https:\\\/\\\/br.linkedin.com\\\/in\\\/ace-guarulhos-b9a97093\",\"https:\\\/\\\/www.youtube.com\\\/user\\\/aceguarulhos\"]},{\"@type\":\"Person\",\"@id\":\"https:\\\/\\\/www.aceguarulhos.com.br\\\/blog\\\/#\\\/schema\\\/person\\\/6983b51bad37489989e4f09698c26237\",\"name\":\"Assessoria de Imprensa ACE-Guarulhos\",\"image\":{\"@type\":\"ImageObject\",\"inLanguage\":\"pt-BR\",\"@id\":\"https:\\\/\\\/secure.gravatar.com\\\/avatar\\\/707f3fadd6918afeb64173ab22d8a8cb0676953098a4f31ff36dc2b4c699ef6a?s=96&d=mm&r=g\",\"url\":\"https:\\\/\\\/secure.gravatar.com\\\/avatar\\\/707f3fadd6918afeb64173ab22d8a8cb0676953098a4f31ff36dc2b4c699ef6a?s=96&d=mm&r=g\",\"contentUrl\":\"https:\\\/\\\/secure.gravatar.com\\\/avatar\\\/707f3fadd6918afeb64173ab22d8a8cb0676953098a4f31ff36dc2b4c699ef6a?s=96&d=mm&r=g\",\"caption\":\"Assessoria de Imprensa ACE-Guarulhos\"},\"url\":\"https:\\\/\\\/www.aceguarulhos.com.br\\\/blog\\\/author\\\/assessoria-de-imprensa-ace-guarulhos\\\/\"}]}<\/script>\n<!-- \/ Yoast SEO plugin. -->","yoast_head_json":{"title":"M\u00e3es s\u00e3o homenageadas em festa da ACE - ACE-Guarulhos","robots":{"index":"index","follow":"follow","max-snippet":"max-snippet:-1","max-image-preview":"max-image-preview:large","max-video-preview":"max-video-preview:-1"},"canonical":"https:\/\/www.aceguarulhos.com.br\/blog\/m\u00e3es-s\u00e3o-homenageadas-em-festa-da-ace\/","og_locale":"pt_BR","og_type":"article","og_title":"M\u00e3es s\u00e3o homenageadas em festa da ACE - ACE-Guarulhos","og_description":"Uma festa cheia de emo\u00e7\u00e3o. Assim pode ser definida a homenagem que a Associa\u00e7\u00e3o Comercial e Empresarial de Guarulhos (ACE) realizou na sexta-feira,","og_url":"https:\/\/www.aceguarulhos.com.br\/blog\/m\u00e3es-s\u00e3o-homenageadas-em-festa-da-ace\/","og_site_name":"ACE-Guarulhos","article_publisher":"https:\/\/www.facebook.com\/aceguarulhos\/","article_published_time":"2009-05-11T10:28:14+00:00","og_image":[{"url":"https:\/\/www.aceguarulhos.com.br\/blog\/wp-content\/uploads\/image.php","type":"","width":"","height":""}],"author":"Assessoria de Imprensa ACE-Guarulhos","twitter_card":"summary_large_image","twitter_misc":{"Escrito por":"Assessoria de Imprensa ACE-Guarulhos","Est. tempo de leitura":"2 minutos"},"schema":{"@context":"https:\/\/schema.org","@graph":[{"@type":"Article","@id":"https:\/\/www.aceguarulhos.com.br\/blog\/m%c3%a3es-s%c3%a3o-homenageadas-em-festa-da-ace\/#article","isPartOf":{"@id":"https:\/\/www.aceguarulhos.com.br\/blog\/m%c3%a3es-s%c3%a3o-homenageadas-em-festa-da-ace\/"},"author":{"name":"Assessoria de Imprensa ACE-Guarulhos","@id":"https:\/\/www.aceguarulhos.com.br\/blog\/#\/schema\/person\/6983b51bad37489989e4f09698c26237"},"headline":"M\u00e3es s\u00e3o homenageadas em festa da ACE","datePublished":"2009-05-11T10:28:14+00:00","mainEntityOfPage":{"@id":"https:\/\/www.aceguarulhos.com.br\/blog\/m%c3%a3es-s%c3%a3o-homenageadas-em-festa-da-ace\/"},"wordCount":389,"commentCount":0,"publisher":{"@id":"https:\/\/www.aceguarulhos.com.br\/blog\/#organization"},"articleSection":["Not\u00edcias"],"inLanguage":"pt-BR"},{"@type":"WebPage","@id":"https:\/\/www.aceguarulhos.com.br\/blog\/m%c3%a3es-s%c3%a3o-homenageadas-em-festa-da-ace\/","url":"https:\/\/www.aceguarulhos.com.br\/blog\/m%c3%a3es-s%c3%a3o-homenageadas-em-festa-da-ace\/","name":"M\u00e3es s\u00e3o homenageadas em festa da ACE - ACE-Guarulhos","isPartOf":{"@id":"https:\/\/www.aceguarulhos.com.br\/blog\/#website"},"datePublished":"2009-05-11T10:28:14+00:00","breadcrumb":{"@id":"https:\/\/www.aceguarulhos.com.br\/blog\/m%c3%a3es-s%c3%a3o-homenageadas-em-festa-da-ace\/#breadcrumb"},"inLanguage":"pt-BR","potentialAction":[{"@type":"ReadAction","target":["https:\/\/www.aceguarulhos.com.br\/blog\/m%c3%a3es-s%c3%a3o-homenageadas-em-festa-da-ace\/"]}]},{"@type":"BreadcrumbList","@id":"https:\/\/www.aceguarulhos.com.br\/blog\/m%c3%a3es-s%c3%a3o-homenageadas-em-festa-da-ace\/#breadcrumb","itemListElement":[{"@type":"ListItem","position":1,"name":"In\u00edcio","item":"https:\/\/www.aceguarulhos.com.br\/blog\/"},{"@type":"ListItem","position":2,"name":"M\u00e3es s\u00e3o homenageadas em festa da ACE"}]},{"@type":"WebSite","@id":"https:\/\/www.aceguarulhos.com.br\/blog\/#website","url":"https:\/\/www.aceguarulhos.com.br\/blog\/","name":"ACE-Guarulhos","description":"A ACE-Guarulhos \u00e9 uma associa\u00e7\u00e3o que ap\u00f3ia os empres\u00e1rios guarulhenses atrav\u00e9s da representa\u00e7\u00e3o, da gera\u00e7\u00e3o de neg\u00f3cios e presta\u00e7\u00e3o de servi\u00e7os.","publisher":{"@id":"https:\/\/www.aceguarulhos.com.br\/blog\/#organization"},"potentialAction":[{"@type":"SearchAction","target":{"@type":"EntryPoint","urlTemplate":"https:\/\/www.aceguarulhos.com.br\/blog\/?s={search_term_string}"},"query-input":{"@type":"PropertyValueSpecification","valueRequired":true,"valueName":"search_term_string"}}],"inLanguage":"pt-BR"},{"@type":"Organization","@id":"https:\/\/www.aceguarulhos.com.br\/blog\/#organization","name":"ACE-Guarulhos","url":"https:\/\/www.aceguarulhos.com.br\/blog\/","logo":{"@type":"ImageObject","inLanguage":"pt-BR","@id":"https:\/\/www.aceguarulhos.com.br\/blog\/#\/schema\/logo\/image\/","url":"https:\/\/www.aceguarulhos.com.br\/blog\/wp-content\/uploads\/2017\/12\/logo-aceguarulhos-2018.png","contentUrl":"https:\/\/www.aceguarulhos.com.br\/blog\/wp-content\/uploads\/2017\/12\/logo-aceguarulhos-2018.png","width":419,"height":76,"caption":"ACE-Guarulhos"},"image":{"@id":"https:\/\/www.aceguarulhos.com.br\/blog\/#\/schema\/logo\/image\/"},"sameAs":["https:\/\/www.facebook.com\/aceguarulhos\/","https:\/\/br.linkedin.com\/in\/ace-guarulhos-b9a97093","https:\/\/www.youtube.com\/user\/aceguarulhos"]},{"@type":"Person","@id":"https:\/\/www.aceguarulhos.com.br\/blog\/#\/schema\/person\/6983b51bad37489989e4f09698c26237","name":"Assessoria de Imprensa ACE-Guarulhos","image":{"@type":"ImageObject","inLanguage":"pt-BR","@id":"https:\/\/secure.gravatar.com\/avatar\/707f3fadd6918afeb64173ab22d8a8cb0676953098a4f31ff36dc2b4c699ef6a?s=96&d=mm&r=g","url":"https:\/\/secure.gravatar.com\/avatar\/707f3fadd6918afeb64173ab22d8a8cb0676953098a4f31ff36dc2b4c699ef6a?s=96&d=mm&r=g","contentUrl":"https:\/\/secure.gravatar.com\/avatar\/707f3fadd6918afeb64173ab22d8a8cb0676953098a4f31ff36dc2b4c699ef6a?s=96&d=mm&r=g","caption":"Assessoria de Imprensa ACE-Guarulhos"},"url":"https:\/\/www.aceguarulhos.com.br\/blog\/author\/assessoria-de-imprensa-ace-guarulhos\/"}]}},"wps_subtitle":"","amp_enabled":true,"_links":{"self":[{"href":"https:\/\/www.aceguarulhos.com.br\/blog\/wp-json\/wp\/v2\/posts\/34884","targetHints":{"allow":["GET"]}}],"collection":[{"href":"https:\/\/www.aceguarulhos.com.br\/blog\/wp-json\/wp\/v2\/posts"}],"about":[{"href":"https:\/\/www.aceguarulhos.com.br\/blog\/wp-json\/wp\/v2\/types\/post"}],"author":[{"embeddable":true,"href":"https:\/\/www.aceguarulhos.com.br\/blog\/wp-json\/wp\/v2\/users\/8"}],"replies":[{"embeddable":true,"href":"https:\/\/www.aceguarulhos.com.br\/blog\/wp-json\/wp\/v2\/comments?post=34884"}],"version-history":[{"count":0,"href":"https:\/\/www.aceguarulhos.com.br\/blog\/wp-json\/wp\/v2\/posts\/34884\/revisions"}],"wp:attachment":[{"href":"https:\/\/www.aceguarulhos.com.br\/blog\/wp-json\/wp\/v2\/media?parent=34884"}],"wp:term":[{"taxonomy":"category","embeddable":true,"href":"https:\/\/www.aceguarulhos.com.br\/blog\/wp-json\/wp\/v2\/categories?post=34884"},{"taxonomy":"post_tag","embeddable":true,"href":"https:\/\/www.aceguarulhos.com.br\/blog\/wp-json\/wp\/v2\/tags?post=34884"}],"curies":[{"name":"wp","href":"https:\/\/api.w.org\/{rel}","templated":true}]}}