{"id":34865,"date":"2009-05-05T16:13:24","date_gmt":"2009-05-05T16:13:24","guid":{"rendered":"http:\/\/www.aceguarulhos.com.br\/blog\/?p=34865"},"modified":"-0001-11-30T00:00:00","modified_gmt":"-0001-11-30T03:00:00","slug":"governo-de-sp-lan%c3%a7a-programa-para-forma%c3%a7%c3%a3o-de-professores","status":"publish","type":"post","link":"https:\/\/www.aceguarulhos.com.br\/blog\/governo-de-sp-lan%c3%a7a-programa-para-forma%c3%a7%c3%a3o-de-professores\/","title":{"rendered":"Governo de SP lan\u00e7a programa para forma\u00e7\u00e3o de professores"},"content":{"rendered":"<p>O governador Jos\u00e9 Serra e o secret\u00e1rio de Educa\u00e7\u00e3o, Paulo Renato Souza, anunciaram nesta ter\u00e7a-feira, 5, o Programa + Qualidade na Escola, com medidas para melhorar a qualidade da educa\u00e7\u00e3o no Estado. Em uma iniciativa pioneira no Brasil, ser\u00e1 criada a Escola de Forma\u00e7\u00e3o de Professores do Estado de S\u00e3o Paulo, obrigat\u00f3ria para os novos professores da rede p\u00fablica. Ser\u00e3o 360 horas de forma\u00e7\u00e3o durante quatro meses com atividades em classe e pr\u00e1ticas escolares. &#8220;Estamos enfrentando com muito vigor um problema fundamental da educa\u00e7\u00e3o, que \u00e9 melhorar a prepara\u00e7\u00e3o do professor para o aprendizado dos alunos&#8221;, diz o secret\u00e1rio Paulo Renato.<\/p>\n<p>Um projeto de lei enviado \u00e0 Assembleia Legislativa vai estabelecer que o ingresso de professores, diretores e supervisores na rede p\u00fablica estadual exija, al\u00e9m do concurso p\u00fablico, a aprova\u00e7\u00e3o no curso de forma\u00e7\u00e3o. Durante o per\u00edodo, os candidatos a professor receber\u00e3o 75% do sal\u00e1rio inicial da categoria. A Escola de Forma\u00e7\u00e3o de Professores do Estado de S\u00e3o Paulo ocupar\u00e1 o Edif\u00edcio Andr\u00e9 Franco Montoro, na Rua Jo\u00e3o Ramalho, e vai utilizar tamb\u00e9m a estrutura da Rede do Saber de ensino \u00e0 dist\u00e2ncia, combinada com atividades presenciais e pr\u00e1ticas de sala de aula. Ser\u00e3o feitas parcerias com universidades p\u00fablicas e aproveitadas as experi\u00eancias de ONGs que atuam no apoio \u00e0 educa\u00e7\u00e3o p\u00fablica.<\/p>\n<p>Concurso e abertura de vagas<\/p>\n<p>O governo estadual tamb\u00e9m vai contratar 10 mil novos professores e enviar \u00e0 Assembl\u00e9ia Legislativa projeto para criar 50 mil novas vagas na educa\u00e7\u00e3o p\u00fablica. Os novos contratados ter\u00e3o que passar pela Escola de Forma\u00e7\u00e3o de Professores do Estado de S\u00e3o Paulo para exercerem suas atividades junto aos alunos. &#8220;\u00c9 um esfor\u00e7o significativo do Estado para valorizar o professor e melhorar a qualidade da educa\u00e7\u00e3o p\u00fablica&#8221;, anuncia o secret\u00e1rio Paulo Renato. Com as medidas, o governo refor\u00e7a a estabilidade do corpo docente com professores efetivos e abre espa\u00e7o para acelerar a redu\u00e7\u00e3o do n\u00famero de professores tempor\u00e1rios.<\/p>\n<p><b>Novas jornadas &#8211;<\/b> Tamb\u00e9m ser\u00e3o criadas duas novas cargas hor\u00e1rias para todos os profissionais da rede: 40 horas e 12 horas semanais &#8211; al\u00e9m das j\u00e1 existentes, de 24 e 30 horas semanais.<\/p>\n<p>A jornada de 40 horas semanais \u00e9 uma antiga reivindica\u00e7\u00e3o do magist\u00e9rio de S\u00e3o Paulo e assegura a estabilidade na escola dos professores das primeiras s\u00e9ries e das disciplinas com ampla carga hor\u00e1ria, como Matem\u00e1tica e L\u00edngua Portuguesa. J\u00e1 a jornada de 12 horas \u00e9 importante para facilitar o processo de atribui\u00e7\u00e3o de aulas nas disciplinas com menor carga hor\u00e1ria. A dificuldade de compor jornada nessas disciplinas \u00e9 uma das principais causas do n\u00famero elevado de professores tempor\u00e1rios.<\/p>\n<p><b>Prova dos tempor\u00e1rios &#8211; <\/b>O Programa + Qualidade na Escola traz tamb\u00e9m inova\u00e7\u00f5es na quest\u00e3o dos professores tempor\u00e1rios. Ser\u00e1 institucionalizado o exame obrigat\u00f3rio como requisito para que os professores atuem nas salas de aula. A atribui\u00e7\u00e3o de aulas dos professores tempor\u00e1rios vai levar em conta os resultados da prova anual, al\u00e9m dos requisitos de tempo de servi\u00e7o e titula\u00e7\u00e3o.<\/p>\n<p>Os reprovados no exame dos tempor\u00e1rios n\u00e3o dar\u00e3o aulas. Somente ser\u00e3o admitidos para ministrar aulas os professores que forem aprovados na prova anual. Aos professores que n\u00e3o forem aprovados no exame e tiverem a garantia de estabilidade prevista na Lei 1010 (Lei da SPPrev), ser\u00e1 assegurada a jornada m\u00ednima de 12 horas semanais, exercida em fun\u00e7\u00f5es auxiliares do processo de ensino (como atividades em salas de leitura, infocentros e em programas de parceria com a comunidade). Esses professores dever\u00e3o obrigatoriamente prestar o exame nos anos seguintes at\u00e9 conseguirem a aprova\u00e7\u00e3o, ou continuar\u00e3o em atividades auxiliares ao ensino nas escolas.<\/p>\n<p>Atuam hoje na rede p\u00fablica estadual 210 mil professores, sendo 130 mil efetivos e 80 mil tempor\u00e1rios. S\u00e3o 5.300 escolas onde estudam cinco milh\u00f5es de estudantes. As medidas do Programa + Qualidade na Escola seguem outras a\u00e7\u00f5es adotadas pelo governo para melhorar a qualidade da educa\u00e7\u00e3o, como a pol\u00edtica de bonifica\u00e7\u00e3o e avalia\u00e7\u00e3o do desempenho, o programa Ler e Escrever, a defini\u00e7\u00e3o de curr\u00edculos e diversas formas de recupera\u00e7\u00e3o do aprendizado. &#8220;\u00c9 um trabalho consistente e corajoso que vai melhorar a qualidade da nossa educa\u00e7\u00e3o&#8221;, declara o secret\u00e1rio Paulo Renato.<\/p>\n","protected":false},"excerpt":{"rendered":"O governador Jos\u00e9 Serra e o secret\u00e1rio de Educa\u00e7\u00e3o, Paulo Renato Souza, anunciaram nesta ter\u00e7a-feira, 5, o Programa + Qualidade na Escola, com \n<a class=\"moretag\" href=\"https:\/\/www.aceguarulhos.com.br\/blog\/governo-de-sp-lan%c3%a7a-programa-para-forma%c3%a7%c3%a3o-de-professores\/\"> [...]<\/a>","protected":false},"author":8,"featured_media":0,"comment_status":"open","ping_status":"open","sticky":false,"template":"","format":"standard","meta":{"footnotes":""},"categories":[2],"tags":[],"class_list":["post-34865","post","type-post","status-publish","format-standard","hentry","category-noticias"],"yoast_head":"<!-- This site is optimized with the Yoast SEO plugin v28.1 - https:\/\/yoast.com\/product\/yoast-seo-wordpress\/ -->\n<title>Governo de SP lan\u00e7a programa para forma\u00e7\u00e3o de professores - ACE-Guarulhos<\/title>\n<meta name=\"robots\" content=\"index, follow, max-snippet:-1, max-image-preview:large, max-video-preview:-1\" \/>\n<link rel=\"canonical\" href=\"https:\/\/www.aceguarulhos.com.br\/blog\/governo-de-sp-lan\u00e7a-programa-para-forma\u00e7\u00e3o-de-professores\/\" \/>\n<meta property=\"og:locale\" content=\"pt_BR\" \/>\n<meta property=\"og:type\" content=\"article\" \/>\n<meta property=\"og:title\" content=\"Governo de SP lan\u00e7a programa para forma\u00e7\u00e3o de professores - ACE-Guarulhos\" \/>\n<meta property=\"og:description\" content=\"O governador Jos\u00e9 Serra e o secret\u00e1rio de Educa\u00e7\u00e3o, Paulo Renato Souza, anunciaram nesta ter\u00e7a-feira, 5, o Programa + Qualidade na Escola, com\" \/>\n<meta property=\"og:url\" content=\"https:\/\/www.aceguarulhos.com.br\/blog\/governo-de-sp-lan\u00e7a-programa-para-forma\u00e7\u00e3o-de-professores\/\" \/>\n<meta property=\"og:site_name\" content=\"ACE-Guarulhos\" \/>\n<meta property=\"article:publisher\" content=\"https:\/\/www.facebook.com\/aceguarulhos\/\" \/>\n<meta property=\"article:published_time\" content=\"2009-05-05T16:13:24+00:00\" \/>\n<meta name=\"author\" content=\"Assessoria de Imprensa ACE-Guarulhos\" \/>\n<meta name=\"twitter:card\" content=\"summary_large_image\" \/>\n<meta name=\"twitter:label1\" content=\"Escrito por\" \/>\n\t<meta name=\"twitter:data1\" content=\"Assessoria de Imprensa ACE-Guarulhos\" \/>\n\t<meta name=\"twitter:label2\" content=\"Est. tempo de leitura\" \/>\n\t<meta name=\"twitter:data2\" content=\"4 minutos\" \/>\n<script type=\"application\/ld+json\" class=\"yoast-schema-graph\">{\"@context\":\"https:\\\/\\\/schema.org\",\"@graph\":[{\"@type\":\"Article\",\"@id\":\"https:\\\/\\\/www.aceguarulhos.com.br\\\/blog\\\/governo-de-sp-lan%c3%a7a-programa-para-forma%c3%a7%c3%a3o-de-professores\\\/#article\",\"isPartOf\":{\"@id\":\"https:\\\/\\\/www.aceguarulhos.com.br\\\/blog\\\/governo-de-sp-lan%c3%a7a-programa-para-forma%c3%a7%c3%a3o-de-professores\\\/\"},\"author\":{\"name\":\"Assessoria de Imprensa ACE-Guarulhos\",\"@id\":\"https:\\\/\\\/www.aceguarulhos.com.br\\\/blog\\\/#\\\/schema\\\/person\\\/6983b51bad37489989e4f09698c26237\"},\"headline\":\"Governo de SP lan\u00e7a programa para forma\u00e7\u00e3o de professores\",\"datePublished\":\"2009-05-05T16:13:24+00:00\",\"mainEntityOfPage\":{\"@id\":\"https:\\\/\\\/www.aceguarulhos.com.br\\\/blog\\\/governo-de-sp-lan%c3%a7a-programa-para-forma%c3%a7%c3%a3o-de-professores\\\/\"},\"wordCount\":754,\"commentCount\":0,\"publisher\":{\"@id\":\"https:\\\/\\\/www.aceguarulhos.com.br\\\/blog\\\/#organization\"},\"articleSection\":[\"Not\u00edcias\"],\"inLanguage\":\"pt-BR\"},{\"@type\":\"WebPage\",\"@id\":\"https:\\\/\\\/www.aceguarulhos.com.br\\\/blog\\\/governo-de-sp-lan%c3%a7a-programa-para-forma%c3%a7%c3%a3o-de-professores\\\/\",\"url\":\"https:\\\/\\\/www.aceguarulhos.com.br\\\/blog\\\/governo-de-sp-lan%c3%a7a-programa-para-forma%c3%a7%c3%a3o-de-professores\\\/\",\"name\":\"Governo de SP lan\u00e7a programa para forma\u00e7\u00e3o de professores - ACE-Guarulhos\",\"isPartOf\":{\"@id\":\"https:\\\/\\\/www.aceguarulhos.com.br\\\/blog\\\/#website\"},\"datePublished\":\"2009-05-05T16:13:24+00:00\",\"breadcrumb\":{\"@id\":\"https:\\\/\\\/www.aceguarulhos.com.br\\\/blog\\\/governo-de-sp-lan%c3%a7a-programa-para-forma%c3%a7%c3%a3o-de-professores\\\/#breadcrumb\"},\"inLanguage\":\"pt-BR\",\"potentialAction\":[{\"@type\":\"ReadAction\",\"target\":[\"https:\\\/\\\/www.aceguarulhos.com.br\\\/blog\\\/governo-de-sp-lan%c3%a7a-programa-para-forma%c3%a7%c3%a3o-de-professores\\\/\"]}]},{\"@type\":\"BreadcrumbList\",\"@id\":\"https:\\\/\\\/www.aceguarulhos.com.br\\\/blog\\\/governo-de-sp-lan%c3%a7a-programa-para-forma%c3%a7%c3%a3o-de-professores\\\/#breadcrumb\",\"itemListElement\":[{\"@type\":\"ListItem\",\"position\":1,\"name\":\"In\u00edcio\",\"item\":\"https:\\\/\\\/www.aceguarulhos.com.br\\\/blog\\\/\"},{\"@type\":\"ListItem\",\"position\":2,\"name\":\"Governo de SP lan\u00e7a programa para forma\u00e7\u00e3o de professores\"}]},{\"@type\":\"WebSite\",\"@id\":\"https:\\\/\\\/www.aceguarulhos.com.br\\\/blog\\\/#website\",\"url\":\"https:\\\/\\\/www.aceguarulhos.com.br\\\/blog\\\/\",\"name\":\"ACE-Guarulhos\",\"description\":\"A ACE-Guarulhos \u00e9 uma associa\u00e7\u00e3o que ap\u00f3ia os empres\u00e1rios guarulhenses atrav\u00e9s da representa\u00e7\u00e3o, da gera\u00e7\u00e3o de neg\u00f3cios e presta\u00e7\u00e3o de servi\u00e7os.\",\"publisher\":{\"@id\":\"https:\\\/\\\/www.aceguarulhos.com.br\\\/blog\\\/#organization\"},\"potentialAction\":[{\"@type\":\"SearchAction\",\"target\":{\"@type\":\"EntryPoint\",\"urlTemplate\":\"https:\\\/\\\/www.aceguarulhos.com.br\\\/blog\\\/?s={search_term_string}\"},\"query-input\":{\"@type\":\"PropertyValueSpecification\",\"valueRequired\":true,\"valueName\":\"search_term_string\"}}],\"inLanguage\":\"pt-BR\"},{\"@type\":\"Organization\",\"@id\":\"https:\\\/\\\/www.aceguarulhos.com.br\\\/blog\\\/#organization\",\"name\":\"ACE-Guarulhos\",\"url\":\"https:\\\/\\\/www.aceguarulhos.com.br\\\/blog\\\/\",\"logo\":{\"@type\":\"ImageObject\",\"inLanguage\":\"pt-BR\",\"@id\":\"https:\\\/\\\/www.aceguarulhos.com.br\\\/blog\\\/#\\\/schema\\\/logo\\\/image\\\/\",\"url\":\"https:\\\/\\\/www.aceguarulhos.com.br\\\/blog\\\/wp-content\\\/uploads\\\/2017\\\/12\\\/logo-aceguarulhos-2018.png\",\"contentUrl\":\"https:\\\/\\\/www.aceguarulhos.com.br\\\/blog\\\/wp-content\\\/uploads\\\/2017\\\/12\\\/logo-aceguarulhos-2018.png\",\"width\":419,\"height\":76,\"caption\":\"ACE-Guarulhos\"},\"image\":{\"@id\":\"https:\\\/\\\/www.aceguarulhos.com.br\\\/blog\\\/#\\\/schema\\\/logo\\\/image\\\/\"},\"sameAs\":[\"https:\\\/\\\/www.facebook.com\\\/aceguarulhos\\\/\",\"https:\\\/\\\/br.linkedin.com\\\/in\\\/ace-guarulhos-b9a97093\",\"https:\\\/\\\/www.youtube.com\\\/user\\\/aceguarulhos\"]},{\"@type\":\"Person\",\"@id\":\"https:\\\/\\\/www.aceguarulhos.com.br\\\/blog\\\/#\\\/schema\\\/person\\\/6983b51bad37489989e4f09698c26237\",\"name\":\"Assessoria de Imprensa ACE-Guarulhos\",\"image\":{\"@type\":\"ImageObject\",\"inLanguage\":\"pt-BR\",\"@id\":\"https:\\\/\\\/secure.gravatar.com\\\/avatar\\\/707f3fadd6918afeb64173ab22d8a8cb0676953098a4f31ff36dc2b4c699ef6a?s=96&d=mm&r=g\",\"url\":\"https:\\\/\\\/secure.gravatar.com\\\/avatar\\\/707f3fadd6918afeb64173ab22d8a8cb0676953098a4f31ff36dc2b4c699ef6a?s=96&d=mm&r=g\",\"contentUrl\":\"https:\\\/\\\/secure.gravatar.com\\\/avatar\\\/707f3fadd6918afeb64173ab22d8a8cb0676953098a4f31ff36dc2b4c699ef6a?s=96&d=mm&r=g\",\"caption\":\"Assessoria de Imprensa ACE-Guarulhos\"},\"url\":\"https:\\\/\\\/www.aceguarulhos.com.br\\\/blog\\\/author\\\/assessoria-de-imprensa-ace-guarulhos\\\/\"}]}<\/script>\n<!-- \/ Yoast SEO plugin. -->","yoast_head_json":{"title":"Governo de SP lan\u00e7a programa para forma\u00e7\u00e3o de professores - ACE-Guarulhos","robots":{"index":"index","follow":"follow","max-snippet":"max-snippet:-1","max-image-preview":"max-image-preview:large","max-video-preview":"max-video-preview:-1"},"canonical":"https:\/\/www.aceguarulhos.com.br\/blog\/governo-de-sp-lan\u00e7a-programa-para-forma\u00e7\u00e3o-de-professores\/","og_locale":"pt_BR","og_type":"article","og_title":"Governo de SP lan\u00e7a programa para forma\u00e7\u00e3o de professores - ACE-Guarulhos","og_description":"O governador Jos\u00e9 Serra e o secret\u00e1rio de Educa\u00e7\u00e3o, Paulo Renato Souza, anunciaram nesta ter\u00e7a-feira, 5, o Programa + Qualidade na Escola, com","og_url":"https:\/\/www.aceguarulhos.com.br\/blog\/governo-de-sp-lan\u00e7a-programa-para-forma\u00e7\u00e3o-de-professores\/","og_site_name":"ACE-Guarulhos","article_publisher":"https:\/\/www.facebook.com\/aceguarulhos\/","article_published_time":"2009-05-05T16:13:24+00:00","author":"Assessoria de Imprensa ACE-Guarulhos","twitter_card":"summary_large_image","twitter_misc":{"Escrito por":"Assessoria de Imprensa ACE-Guarulhos","Est. tempo de leitura":"4 minutos"},"schema":{"@context":"https:\/\/schema.org","@graph":[{"@type":"Article","@id":"https:\/\/www.aceguarulhos.com.br\/blog\/governo-de-sp-lan%c3%a7a-programa-para-forma%c3%a7%c3%a3o-de-professores\/#article","isPartOf":{"@id":"https:\/\/www.aceguarulhos.com.br\/blog\/governo-de-sp-lan%c3%a7a-programa-para-forma%c3%a7%c3%a3o-de-professores\/"},"author":{"name":"Assessoria de Imprensa ACE-Guarulhos","@id":"https:\/\/www.aceguarulhos.com.br\/blog\/#\/schema\/person\/6983b51bad37489989e4f09698c26237"},"headline":"Governo de SP lan\u00e7a programa para forma\u00e7\u00e3o de professores","datePublished":"2009-05-05T16:13:24+00:00","mainEntityOfPage":{"@id":"https:\/\/www.aceguarulhos.com.br\/blog\/governo-de-sp-lan%c3%a7a-programa-para-forma%c3%a7%c3%a3o-de-professores\/"},"wordCount":754,"commentCount":0,"publisher":{"@id":"https:\/\/www.aceguarulhos.com.br\/blog\/#organization"},"articleSection":["Not\u00edcias"],"inLanguage":"pt-BR"},{"@type":"WebPage","@id":"https:\/\/www.aceguarulhos.com.br\/blog\/governo-de-sp-lan%c3%a7a-programa-para-forma%c3%a7%c3%a3o-de-professores\/","url":"https:\/\/www.aceguarulhos.com.br\/blog\/governo-de-sp-lan%c3%a7a-programa-para-forma%c3%a7%c3%a3o-de-professores\/","name":"Governo de SP lan\u00e7a programa para forma\u00e7\u00e3o de professores - ACE-Guarulhos","isPartOf":{"@id":"https:\/\/www.aceguarulhos.com.br\/blog\/#website"},"datePublished":"2009-05-05T16:13:24+00:00","breadcrumb":{"@id":"https:\/\/www.aceguarulhos.com.br\/blog\/governo-de-sp-lan%c3%a7a-programa-para-forma%c3%a7%c3%a3o-de-professores\/#breadcrumb"},"inLanguage":"pt-BR","potentialAction":[{"@type":"ReadAction","target":["https:\/\/www.aceguarulhos.com.br\/blog\/governo-de-sp-lan%c3%a7a-programa-para-forma%c3%a7%c3%a3o-de-professores\/"]}]},{"@type":"BreadcrumbList","@id":"https:\/\/www.aceguarulhos.com.br\/blog\/governo-de-sp-lan%c3%a7a-programa-para-forma%c3%a7%c3%a3o-de-professores\/#breadcrumb","itemListElement":[{"@type":"ListItem","position":1,"name":"In\u00edcio","item":"https:\/\/www.aceguarulhos.com.br\/blog\/"},{"@type":"ListItem","position":2,"name":"Governo de SP lan\u00e7a programa para forma\u00e7\u00e3o de professores"}]},{"@type":"WebSite","@id":"https:\/\/www.aceguarulhos.com.br\/blog\/#website","url":"https:\/\/www.aceguarulhos.com.br\/blog\/","name":"ACE-Guarulhos","description":"A ACE-Guarulhos \u00e9 uma associa\u00e7\u00e3o que ap\u00f3ia os empres\u00e1rios guarulhenses atrav\u00e9s da representa\u00e7\u00e3o, da gera\u00e7\u00e3o de neg\u00f3cios e presta\u00e7\u00e3o de servi\u00e7os.","publisher":{"@id":"https:\/\/www.aceguarulhos.com.br\/blog\/#organization"},"potentialAction":[{"@type":"SearchAction","target":{"@type":"EntryPoint","urlTemplate":"https:\/\/www.aceguarulhos.com.br\/blog\/?s={search_term_string}"},"query-input":{"@type":"PropertyValueSpecification","valueRequired":true,"valueName":"search_term_string"}}],"inLanguage":"pt-BR"},{"@type":"Organization","@id":"https:\/\/www.aceguarulhos.com.br\/blog\/#organization","name":"ACE-Guarulhos","url":"https:\/\/www.aceguarulhos.com.br\/blog\/","logo":{"@type":"ImageObject","inLanguage":"pt-BR","@id":"https:\/\/www.aceguarulhos.com.br\/blog\/#\/schema\/logo\/image\/","url":"https:\/\/www.aceguarulhos.com.br\/blog\/wp-content\/uploads\/2017\/12\/logo-aceguarulhos-2018.png","contentUrl":"https:\/\/www.aceguarulhos.com.br\/blog\/wp-content\/uploads\/2017\/12\/logo-aceguarulhos-2018.png","width":419,"height":76,"caption":"ACE-Guarulhos"},"image":{"@id":"https:\/\/www.aceguarulhos.com.br\/blog\/#\/schema\/logo\/image\/"},"sameAs":["https:\/\/www.facebook.com\/aceguarulhos\/","https:\/\/br.linkedin.com\/in\/ace-guarulhos-b9a97093","https:\/\/www.youtube.com\/user\/aceguarulhos"]},{"@type":"Person","@id":"https:\/\/www.aceguarulhos.com.br\/blog\/#\/schema\/person\/6983b51bad37489989e4f09698c26237","name":"Assessoria de Imprensa ACE-Guarulhos","image":{"@type":"ImageObject","inLanguage":"pt-BR","@id":"https:\/\/secure.gravatar.com\/avatar\/707f3fadd6918afeb64173ab22d8a8cb0676953098a4f31ff36dc2b4c699ef6a?s=96&d=mm&r=g","url":"https:\/\/secure.gravatar.com\/avatar\/707f3fadd6918afeb64173ab22d8a8cb0676953098a4f31ff36dc2b4c699ef6a?s=96&d=mm&r=g","contentUrl":"https:\/\/secure.gravatar.com\/avatar\/707f3fadd6918afeb64173ab22d8a8cb0676953098a4f31ff36dc2b4c699ef6a?s=96&d=mm&r=g","caption":"Assessoria de Imprensa ACE-Guarulhos"},"url":"https:\/\/www.aceguarulhos.com.br\/blog\/author\/assessoria-de-imprensa-ace-guarulhos\/"}]}},"wps_subtitle":"","amp_enabled":true,"_links":{"self":[{"href":"https:\/\/www.aceguarulhos.com.br\/blog\/wp-json\/wp\/v2\/posts\/34865","targetHints":{"allow":["GET"]}}],"collection":[{"href":"https:\/\/www.aceguarulhos.com.br\/blog\/wp-json\/wp\/v2\/posts"}],"about":[{"href":"https:\/\/www.aceguarulhos.com.br\/blog\/wp-json\/wp\/v2\/types\/post"}],"author":[{"embeddable":true,"href":"https:\/\/www.aceguarulhos.com.br\/blog\/wp-json\/wp\/v2\/users\/8"}],"replies":[{"embeddable":true,"href":"https:\/\/www.aceguarulhos.com.br\/blog\/wp-json\/wp\/v2\/comments?post=34865"}],"version-history":[{"count":0,"href":"https:\/\/www.aceguarulhos.com.br\/blog\/wp-json\/wp\/v2\/posts\/34865\/revisions"}],"wp:attachment":[{"href":"https:\/\/www.aceguarulhos.com.br\/blog\/wp-json\/wp\/v2\/media?parent=34865"}],"wp:term":[{"taxonomy":"category","embeddable":true,"href":"https:\/\/www.aceguarulhos.com.br\/blog\/wp-json\/wp\/v2\/categories?post=34865"},{"taxonomy":"post_tag","embeddable":true,"href":"https:\/\/www.aceguarulhos.com.br\/blog\/wp-json\/wp\/v2\/tags?post=34865"}],"curies":[{"name":"wp","href":"https:\/\/api.w.org\/{rel}","templated":true}]}}