{"id":34825,"date":"2009-04-23T12:43:12","date_gmt":"2009-04-23T12:43:12","guid":{"rendered":"http:\/\/www.aceguarulhos.com.br\/blog\/?p=34825"},"modified":"-0001-11-30T00:00:00","modified_gmt":"-0001-11-30T03:00:00","slug":"sequ%c3%aancia-de-feriados-atrapalha-setor-produtivo","status":"publish","type":"post","link":"https:\/\/www.aceguarulhos.com.br\/blog\/sequ%c3%aancia-de-feriados-atrapalha-setor-produtivo\/","title":{"rendered":"Sequ\u00eancia de feriados atrapalha setor produtivo"},"content":{"rendered":"<p>Economia de Guarulhos contabiliza preju\u00edzos com feriados consecutivos P\u00e1scoa, Tiradentes e Dia do Trabalho. Tr\u00eas feriados quase seguidos s\u00e3o determinantes na hora de calcular os lucros e os preju\u00edzos que o com\u00e9rcio guarulhense tem com esses dias considerados &#8220;n\u00e3o \u00fateis&#8221;.<\/p>\n<p>Na opini\u00e3o de Wilson Louren\u00e7o, presidente da Associa\u00e7\u00e3o Comercial e Empresarial (ACE) de Guarulhos, feriados possuem pr\u00f3s e contras. O pior motivo contra \u00e9 o pagamento de horas extras para os trabalhadores das lojas que resolvem abrir as portas nestes dias. &#8220;Muitas vezes as lojas acabam funcionando no feriado, o que gera um ac\u00famulo de pagamento para essas empresas&#8221;.<\/p>\n<p>Louren\u00e7o tamb\u00e9m afirma que o com\u00e9rcio nos dias dos feriados n\u00e3o \u00e9 intenso, j\u00e1 que muitas viajam. &#8220;Os feriados levam as pessoas para fora da cidade e elas acabam n\u00e3o consumindo aqui, o que causa queda no com\u00e9rcio da cidade&#8221;, comentou.<\/p>\n<p>Para Ant\u00f4nio Roberto Marchiori, presidente da Associa\u00e7\u00e3o dos Empres\u00e1rios de Cumbica (Asec), os feriados interferem muito na economia da cidade, porque atrapalha principalmente a produ\u00e7\u00e3o das ind\u00fastrias. &#8220;As empresas t\u00eam prazos para cumprir, e por isso se a produ\u00e7\u00e3o n\u00e3o estiver em dia, elas n\u00e3o podem parar no feriado&#8221;. O maior problema, na opini\u00e3o de Marchiori, tamb\u00e9m \u00e9 o pagamento dos encargos trabalhistas. &#8220;O custo operacional \u00e9 muito maior nos dias de feriado. Ent\u00e3o se tem expediente neste dia, o custo da produ\u00e7\u00e3o tamb\u00e9m se eleva.&#8221;<\/p>\n<p>O presidente da Asec tamb\u00e9m ressaltou que a maioria dos empres\u00e1rios est\u00e1 assumindo o custo operacional maior nos dias do feriado porque o pa\u00eds vem de uma crise que desestabilizou o setor industrial. &#8220;Agora que as empresas est\u00e3o come\u00e7ando novamente a receber pedidos. Ent\u00e3o, elas assumem at\u00e9 os encargos trabalhistas para darem conta da produ\u00e7\u00e3o, j\u00e1 que se n\u00e3o houver entrega no pedido na data, a empresa tem problemas muito maiores&#8221;.<br \/><b><br \/>Pontos positivos &#8211;<\/b> Quando o feriado cai em ter\u00e7as ou quintas-feiras, como este \u00faltimo de Tiradentes, a emenda das segundas ou sextas s\u00e3o ben\u00e9ficas para o com\u00e9rcio guarulhense. &#8220;Apesar de muitas pessoas viajarem, esse dia, que \u00e9 considerado \u00fatil, \u00e9 aproveitado por aqueles que n\u00e3o trabalham. Ent\u00e3o eles v\u00e3o fazer manuten\u00e7\u00e3o no carro, v\u00e3o pegar empr\u00e9stimo nos bancos, v\u00e3o por suas compras em dia. Ent\u00e3o o com\u00e9rcio fica tamb\u00e9m aquecido nessas emendas de feriado&#8221;, observou Louren\u00e7o.<\/p>\n<p>As ind\u00fastrias, no entanto, n\u00e3o costumam emendar os feriados, j\u00e1 que um dia \u00fatil \u00e9 precioso na produ\u00e7\u00e3o industrial. &#8220;Se as empresas resolvem emendar o feriado \u00e9 pior para elas, pois causa mais lentid\u00e3o na produ\u00e7\u00e3o. Ent\u00e3o \u00e9 raro haver emenda no nosso setor&#8221;, afirma.<\/p>\n<p>O presidente da ACE-Guarulhos ressaltou que os feriados de abril e este de maio n\u00e3o prejudicaram o com\u00e9rcio na cidade por conta da aproxima\u00e7\u00e3o do dia das m\u00e3es, comemorado no segundo domingo de maio, dia 10. &#8220;O dia das m\u00e3es costuma ter um movimento bem intenso, e j\u00e1 pudemos sentir isso em Guarulhos. Ent\u00e3o em abril n\u00f3s n\u00e3o tivemos problemas com esses feriados. Sentir\u00edamos mais, talvez, se fosse em outros m\u00eas, que n\u00e3o fosse pr\u00f3ximo de datas comemorativas&#8221;.<\/p>\n","protected":false},"excerpt":{"rendered":"Economia de Guarulhos contabiliza preju\u00edzos com feriados consecutivos P\u00e1scoa, Tiradentes e Dia do Trabalho. Tr\u00eas feriados quase seguidos s\u00e3o determinantes na hora de \n<a class=\"moretag\" href=\"https:\/\/www.aceguarulhos.com.br\/blog\/sequ%c3%aancia-de-feriados-atrapalha-setor-produtivo\/\"> [...]<\/a>","protected":false},"author":8,"featured_media":0,"comment_status":"open","ping_status":"open","sticky":false,"template":"","format":"standard","meta":{"footnotes":""},"categories":[2],"tags":[],"class_list":["post-34825","post","type-post","status-publish","format-standard","hentry","category-noticias"],"yoast_head":"<!-- This site is optimized with the Yoast SEO plugin v28.1 - https:\/\/yoast.com\/product\/yoast-seo-wordpress\/ -->\n<title>Sequ\u00eancia de feriados atrapalha setor produtivo - ACE-Guarulhos<\/title>\n<meta name=\"robots\" content=\"index, follow, max-snippet:-1, max-image-preview:large, max-video-preview:-1\" \/>\n<link rel=\"canonical\" href=\"https:\/\/www.aceguarulhos.com.br\/blog\/sequ\u00eancia-de-feriados-atrapalha-setor-produtivo\/\" \/>\n<meta property=\"og:locale\" content=\"pt_BR\" \/>\n<meta property=\"og:type\" content=\"article\" \/>\n<meta property=\"og:title\" content=\"Sequ\u00eancia de feriados atrapalha setor produtivo - ACE-Guarulhos\" \/>\n<meta property=\"og:description\" content=\"Economia de Guarulhos contabiliza preju\u00edzos com feriados consecutivos P\u00e1scoa, Tiradentes e Dia do Trabalho. Tr\u00eas feriados quase seguidos s\u00e3o determinantes na hora de\" \/>\n<meta property=\"og:url\" content=\"https:\/\/www.aceguarulhos.com.br\/blog\/sequ\u00eancia-de-feriados-atrapalha-setor-produtivo\/\" \/>\n<meta property=\"og:site_name\" content=\"ACE-Guarulhos\" \/>\n<meta property=\"article:publisher\" content=\"https:\/\/www.facebook.com\/aceguarulhos\/\" \/>\n<meta property=\"article:published_time\" content=\"2009-04-23T12:43:12+00:00\" \/>\n<meta name=\"author\" content=\"Assessoria de Imprensa ACE-Guarulhos\" \/>\n<meta name=\"twitter:card\" content=\"summary_large_image\" \/>\n<meta name=\"twitter:label1\" content=\"Escrito por\" \/>\n\t<meta name=\"twitter:data1\" content=\"Assessoria de Imprensa ACE-Guarulhos\" \/>\n\t<meta name=\"twitter:label2\" content=\"Est. tempo de leitura\" \/>\n\t<meta name=\"twitter:data2\" content=\"3 minutos\" \/>\n<script type=\"application\/ld+json\" class=\"yoast-schema-graph\">{\"@context\":\"https:\\\/\\\/schema.org\",\"@graph\":[{\"@type\":\"Article\",\"@id\":\"https:\\\/\\\/www.aceguarulhos.com.br\\\/blog\\\/sequ%c3%aancia-de-feriados-atrapalha-setor-produtivo\\\/#article\",\"isPartOf\":{\"@id\":\"https:\\\/\\\/www.aceguarulhos.com.br\\\/blog\\\/sequ%c3%aancia-de-feriados-atrapalha-setor-produtivo\\\/\"},\"author\":{\"name\":\"Assessoria de Imprensa ACE-Guarulhos\",\"@id\":\"https:\\\/\\\/www.aceguarulhos.com.br\\\/blog\\\/#\\\/schema\\\/person\\\/6983b51bad37489989e4f09698c26237\"},\"headline\":\"Sequ\u00eancia de feriados atrapalha setor produtivo\",\"datePublished\":\"2009-04-23T12:43:12+00:00\",\"mainEntityOfPage\":{\"@id\":\"https:\\\/\\\/www.aceguarulhos.com.br\\\/blog\\\/sequ%c3%aancia-de-feriados-atrapalha-setor-produtivo\\\/\"},\"wordCount\":566,\"commentCount\":0,\"publisher\":{\"@id\":\"https:\\\/\\\/www.aceguarulhos.com.br\\\/blog\\\/#organization\"},\"articleSection\":[\"Not\u00edcias\"],\"inLanguage\":\"pt-BR\"},{\"@type\":\"WebPage\",\"@id\":\"https:\\\/\\\/www.aceguarulhos.com.br\\\/blog\\\/sequ%c3%aancia-de-feriados-atrapalha-setor-produtivo\\\/\",\"url\":\"https:\\\/\\\/www.aceguarulhos.com.br\\\/blog\\\/sequ%c3%aancia-de-feriados-atrapalha-setor-produtivo\\\/\",\"name\":\"Sequ\u00eancia de feriados atrapalha setor produtivo - ACE-Guarulhos\",\"isPartOf\":{\"@id\":\"https:\\\/\\\/www.aceguarulhos.com.br\\\/blog\\\/#website\"},\"datePublished\":\"2009-04-23T12:43:12+00:00\",\"breadcrumb\":{\"@id\":\"https:\\\/\\\/www.aceguarulhos.com.br\\\/blog\\\/sequ%c3%aancia-de-feriados-atrapalha-setor-produtivo\\\/#breadcrumb\"},\"inLanguage\":\"pt-BR\",\"potentialAction\":[{\"@type\":\"ReadAction\",\"target\":[\"https:\\\/\\\/www.aceguarulhos.com.br\\\/blog\\\/sequ%c3%aancia-de-feriados-atrapalha-setor-produtivo\\\/\"]}]},{\"@type\":\"BreadcrumbList\",\"@id\":\"https:\\\/\\\/www.aceguarulhos.com.br\\\/blog\\\/sequ%c3%aancia-de-feriados-atrapalha-setor-produtivo\\\/#breadcrumb\",\"itemListElement\":[{\"@type\":\"ListItem\",\"position\":1,\"name\":\"In\u00edcio\",\"item\":\"https:\\\/\\\/www.aceguarulhos.com.br\\\/blog\\\/\"},{\"@type\":\"ListItem\",\"position\":2,\"name\":\"Sequ\u00eancia de feriados atrapalha setor produtivo\"}]},{\"@type\":\"WebSite\",\"@id\":\"https:\\\/\\\/www.aceguarulhos.com.br\\\/blog\\\/#website\",\"url\":\"https:\\\/\\\/www.aceguarulhos.com.br\\\/blog\\\/\",\"name\":\"ACE-Guarulhos\",\"description\":\"A ACE-Guarulhos \u00e9 uma associa\u00e7\u00e3o que ap\u00f3ia os empres\u00e1rios guarulhenses atrav\u00e9s da representa\u00e7\u00e3o, da gera\u00e7\u00e3o de neg\u00f3cios e presta\u00e7\u00e3o de servi\u00e7os.\",\"publisher\":{\"@id\":\"https:\\\/\\\/www.aceguarulhos.com.br\\\/blog\\\/#organization\"},\"potentialAction\":[{\"@type\":\"SearchAction\",\"target\":{\"@type\":\"EntryPoint\",\"urlTemplate\":\"https:\\\/\\\/www.aceguarulhos.com.br\\\/blog\\\/?s={search_term_string}\"},\"query-input\":{\"@type\":\"PropertyValueSpecification\",\"valueRequired\":true,\"valueName\":\"search_term_string\"}}],\"inLanguage\":\"pt-BR\"},{\"@type\":\"Organization\",\"@id\":\"https:\\\/\\\/www.aceguarulhos.com.br\\\/blog\\\/#organization\",\"name\":\"ACE-Guarulhos\",\"url\":\"https:\\\/\\\/www.aceguarulhos.com.br\\\/blog\\\/\",\"logo\":{\"@type\":\"ImageObject\",\"inLanguage\":\"pt-BR\",\"@id\":\"https:\\\/\\\/www.aceguarulhos.com.br\\\/blog\\\/#\\\/schema\\\/logo\\\/image\\\/\",\"url\":\"https:\\\/\\\/www.aceguarulhos.com.br\\\/blog\\\/wp-content\\\/uploads\\\/2017\\\/12\\\/logo-aceguarulhos-2018.png\",\"contentUrl\":\"https:\\\/\\\/www.aceguarulhos.com.br\\\/blog\\\/wp-content\\\/uploads\\\/2017\\\/12\\\/logo-aceguarulhos-2018.png\",\"width\":419,\"height\":76,\"caption\":\"ACE-Guarulhos\"},\"image\":{\"@id\":\"https:\\\/\\\/www.aceguarulhos.com.br\\\/blog\\\/#\\\/schema\\\/logo\\\/image\\\/\"},\"sameAs\":[\"https:\\\/\\\/www.facebook.com\\\/aceguarulhos\\\/\",\"https:\\\/\\\/br.linkedin.com\\\/in\\\/ace-guarulhos-b9a97093\",\"https:\\\/\\\/www.youtube.com\\\/user\\\/aceguarulhos\"]},{\"@type\":\"Person\",\"@id\":\"https:\\\/\\\/www.aceguarulhos.com.br\\\/blog\\\/#\\\/schema\\\/person\\\/6983b51bad37489989e4f09698c26237\",\"name\":\"Assessoria de Imprensa ACE-Guarulhos\",\"image\":{\"@type\":\"ImageObject\",\"inLanguage\":\"pt-BR\",\"@id\":\"https:\\\/\\\/secure.gravatar.com\\\/avatar\\\/707f3fadd6918afeb64173ab22d8a8cb0676953098a4f31ff36dc2b4c699ef6a?s=96&d=mm&r=g\",\"url\":\"https:\\\/\\\/secure.gravatar.com\\\/avatar\\\/707f3fadd6918afeb64173ab22d8a8cb0676953098a4f31ff36dc2b4c699ef6a?s=96&d=mm&r=g\",\"contentUrl\":\"https:\\\/\\\/secure.gravatar.com\\\/avatar\\\/707f3fadd6918afeb64173ab22d8a8cb0676953098a4f31ff36dc2b4c699ef6a?s=96&d=mm&r=g\",\"caption\":\"Assessoria de Imprensa ACE-Guarulhos\"},\"url\":\"https:\\\/\\\/www.aceguarulhos.com.br\\\/blog\\\/author\\\/assessoria-de-imprensa-ace-guarulhos\\\/\"}]}<\/script>\n<!-- \/ Yoast SEO plugin. -->","yoast_head_json":{"title":"Sequ\u00eancia de feriados atrapalha setor produtivo - ACE-Guarulhos","robots":{"index":"index","follow":"follow","max-snippet":"max-snippet:-1","max-image-preview":"max-image-preview:large","max-video-preview":"max-video-preview:-1"},"canonical":"https:\/\/www.aceguarulhos.com.br\/blog\/sequ\u00eancia-de-feriados-atrapalha-setor-produtivo\/","og_locale":"pt_BR","og_type":"article","og_title":"Sequ\u00eancia de feriados atrapalha setor produtivo - ACE-Guarulhos","og_description":"Economia de Guarulhos contabiliza preju\u00edzos com feriados consecutivos P\u00e1scoa, Tiradentes e Dia do Trabalho. Tr\u00eas feriados quase seguidos s\u00e3o determinantes na hora de","og_url":"https:\/\/www.aceguarulhos.com.br\/blog\/sequ\u00eancia-de-feriados-atrapalha-setor-produtivo\/","og_site_name":"ACE-Guarulhos","article_publisher":"https:\/\/www.facebook.com\/aceguarulhos\/","article_published_time":"2009-04-23T12:43:12+00:00","author":"Assessoria de Imprensa ACE-Guarulhos","twitter_card":"summary_large_image","twitter_misc":{"Escrito por":"Assessoria de Imprensa ACE-Guarulhos","Est. tempo de leitura":"3 minutos"},"schema":{"@context":"https:\/\/schema.org","@graph":[{"@type":"Article","@id":"https:\/\/www.aceguarulhos.com.br\/blog\/sequ%c3%aancia-de-feriados-atrapalha-setor-produtivo\/#article","isPartOf":{"@id":"https:\/\/www.aceguarulhos.com.br\/blog\/sequ%c3%aancia-de-feriados-atrapalha-setor-produtivo\/"},"author":{"name":"Assessoria de Imprensa ACE-Guarulhos","@id":"https:\/\/www.aceguarulhos.com.br\/blog\/#\/schema\/person\/6983b51bad37489989e4f09698c26237"},"headline":"Sequ\u00eancia de feriados atrapalha setor produtivo","datePublished":"2009-04-23T12:43:12+00:00","mainEntityOfPage":{"@id":"https:\/\/www.aceguarulhos.com.br\/blog\/sequ%c3%aancia-de-feriados-atrapalha-setor-produtivo\/"},"wordCount":566,"commentCount":0,"publisher":{"@id":"https:\/\/www.aceguarulhos.com.br\/blog\/#organization"},"articleSection":["Not\u00edcias"],"inLanguage":"pt-BR"},{"@type":"WebPage","@id":"https:\/\/www.aceguarulhos.com.br\/blog\/sequ%c3%aancia-de-feriados-atrapalha-setor-produtivo\/","url":"https:\/\/www.aceguarulhos.com.br\/blog\/sequ%c3%aancia-de-feriados-atrapalha-setor-produtivo\/","name":"Sequ\u00eancia de feriados atrapalha setor produtivo - ACE-Guarulhos","isPartOf":{"@id":"https:\/\/www.aceguarulhos.com.br\/blog\/#website"},"datePublished":"2009-04-23T12:43:12+00:00","breadcrumb":{"@id":"https:\/\/www.aceguarulhos.com.br\/blog\/sequ%c3%aancia-de-feriados-atrapalha-setor-produtivo\/#breadcrumb"},"inLanguage":"pt-BR","potentialAction":[{"@type":"ReadAction","target":["https:\/\/www.aceguarulhos.com.br\/blog\/sequ%c3%aancia-de-feriados-atrapalha-setor-produtivo\/"]}]},{"@type":"BreadcrumbList","@id":"https:\/\/www.aceguarulhos.com.br\/blog\/sequ%c3%aancia-de-feriados-atrapalha-setor-produtivo\/#breadcrumb","itemListElement":[{"@type":"ListItem","position":1,"name":"In\u00edcio","item":"https:\/\/www.aceguarulhos.com.br\/blog\/"},{"@type":"ListItem","position":2,"name":"Sequ\u00eancia de feriados atrapalha setor produtivo"}]},{"@type":"WebSite","@id":"https:\/\/www.aceguarulhos.com.br\/blog\/#website","url":"https:\/\/www.aceguarulhos.com.br\/blog\/","name":"ACE-Guarulhos","description":"A ACE-Guarulhos \u00e9 uma associa\u00e7\u00e3o que ap\u00f3ia os empres\u00e1rios guarulhenses atrav\u00e9s da representa\u00e7\u00e3o, da gera\u00e7\u00e3o de neg\u00f3cios e presta\u00e7\u00e3o de servi\u00e7os.","publisher":{"@id":"https:\/\/www.aceguarulhos.com.br\/blog\/#organization"},"potentialAction":[{"@type":"SearchAction","target":{"@type":"EntryPoint","urlTemplate":"https:\/\/www.aceguarulhos.com.br\/blog\/?s={search_term_string}"},"query-input":{"@type":"PropertyValueSpecification","valueRequired":true,"valueName":"search_term_string"}}],"inLanguage":"pt-BR"},{"@type":"Organization","@id":"https:\/\/www.aceguarulhos.com.br\/blog\/#organization","name":"ACE-Guarulhos","url":"https:\/\/www.aceguarulhos.com.br\/blog\/","logo":{"@type":"ImageObject","inLanguage":"pt-BR","@id":"https:\/\/www.aceguarulhos.com.br\/blog\/#\/schema\/logo\/image\/","url":"https:\/\/www.aceguarulhos.com.br\/blog\/wp-content\/uploads\/2017\/12\/logo-aceguarulhos-2018.png","contentUrl":"https:\/\/www.aceguarulhos.com.br\/blog\/wp-content\/uploads\/2017\/12\/logo-aceguarulhos-2018.png","width":419,"height":76,"caption":"ACE-Guarulhos"},"image":{"@id":"https:\/\/www.aceguarulhos.com.br\/blog\/#\/schema\/logo\/image\/"},"sameAs":["https:\/\/www.facebook.com\/aceguarulhos\/","https:\/\/br.linkedin.com\/in\/ace-guarulhos-b9a97093","https:\/\/www.youtube.com\/user\/aceguarulhos"]},{"@type":"Person","@id":"https:\/\/www.aceguarulhos.com.br\/blog\/#\/schema\/person\/6983b51bad37489989e4f09698c26237","name":"Assessoria de Imprensa ACE-Guarulhos","image":{"@type":"ImageObject","inLanguage":"pt-BR","@id":"https:\/\/secure.gravatar.com\/avatar\/707f3fadd6918afeb64173ab22d8a8cb0676953098a4f31ff36dc2b4c699ef6a?s=96&d=mm&r=g","url":"https:\/\/secure.gravatar.com\/avatar\/707f3fadd6918afeb64173ab22d8a8cb0676953098a4f31ff36dc2b4c699ef6a?s=96&d=mm&r=g","contentUrl":"https:\/\/secure.gravatar.com\/avatar\/707f3fadd6918afeb64173ab22d8a8cb0676953098a4f31ff36dc2b4c699ef6a?s=96&d=mm&r=g","caption":"Assessoria de Imprensa ACE-Guarulhos"},"url":"https:\/\/www.aceguarulhos.com.br\/blog\/author\/assessoria-de-imprensa-ace-guarulhos\/"}]}},"wps_subtitle":"","amp_enabled":true,"_links":{"self":[{"href":"https:\/\/www.aceguarulhos.com.br\/blog\/wp-json\/wp\/v2\/posts\/34825","targetHints":{"allow":["GET"]}}],"collection":[{"href":"https:\/\/www.aceguarulhos.com.br\/blog\/wp-json\/wp\/v2\/posts"}],"about":[{"href":"https:\/\/www.aceguarulhos.com.br\/blog\/wp-json\/wp\/v2\/types\/post"}],"author":[{"embeddable":true,"href":"https:\/\/www.aceguarulhos.com.br\/blog\/wp-json\/wp\/v2\/users\/8"}],"replies":[{"embeddable":true,"href":"https:\/\/www.aceguarulhos.com.br\/blog\/wp-json\/wp\/v2\/comments?post=34825"}],"version-history":[{"count":0,"href":"https:\/\/www.aceguarulhos.com.br\/blog\/wp-json\/wp\/v2\/posts\/34825\/revisions"}],"wp:attachment":[{"href":"https:\/\/www.aceguarulhos.com.br\/blog\/wp-json\/wp\/v2\/media?parent=34825"}],"wp:term":[{"taxonomy":"category","embeddable":true,"href":"https:\/\/www.aceguarulhos.com.br\/blog\/wp-json\/wp\/v2\/categories?post=34825"},{"taxonomy":"post_tag","embeddable":true,"href":"https:\/\/www.aceguarulhos.com.br\/blog\/wp-json\/wp\/v2\/tags?post=34825"}],"curies":[{"name":"wp","href":"https:\/\/api.w.org\/{rel}","templated":true}]}}