{"id":34793,"date":"2009-04-15T10:40:29","date_gmt":"2009-04-15T10:40:29","guid":{"rendered":"http:\/\/www.aceguarulhos.com.br\/blog\/?p=34793"},"modified":"-0001-11-30T00:00:00","modified_gmt":"-0001-11-30T03:00:00","slug":"comerciantes-aprovam-revitaliza%c3%a7%c3%a3o-de-fachadas","status":"publish","type":"post","link":"https:\/\/www.aceguarulhos.com.br\/blog\/comerciantes-aprovam-revitaliza%c3%a7%c3%a3o-de-fachadas\/","title":{"rendered":"Comerciantes aprovam revitaliza\u00e7\u00e3o de fachadas"},"content":{"rendered":"<p>Comerciantes que compareceram nesta ter\u00e7a-feira, 14, na Universidade Guarulhos (UnG) \u00e0 reuni\u00e3o de apresenta\u00e7\u00e3o do projeto de padroniza\u00e7\u00e3o das fachadas da Rua Dom Pedro II aprovaram a\u00e7\u00e3o encabe\u00e7ada pela Associa\u00e7\u00e3o Comercial e Empresarial de Guarulhos (ACE). No entanto, os empreendedores ressaltaram a necessidade de se criar uma legisla\u00e7\u00e3o espec\u00edfica no munic\u00edpio que obrigue o com\u00e9rcio a adequarem seus estabelecimentos.<\/p>\n<p><center><\/p>\n<p class=\"midia\" style=\"width: 420px;\"><img loading=\"lazy\" decoding=\"async\" src=\"\/blog\/wp-content\/uploads\/image.php?x=i&amp;i1=100&amp;i2=20090415103924\" title=\"Imprensa\/ACE\" width=\"420\" height=\"417\"><br \/>Professor Cl\u00e1udio Fugita, um dos coordenadores do projeto<\/p>\n<p><\/center><\/p>\n<p>A quest\u00e3o foi levantada pelo empres\u00e1rio Luis Roberto Mesquita que parabenizou a iniciativa da ACE. Para ele somente uma Lei municipal conseguiria a ades\u00e3o de todos os comerciantes, assim como aconteceu em S\u00e3o Paulo. \u201c\u00c9 de suma import\u00e2ncia continuar discutindo a revitaliza\u00e7\u00e3o do centro. Precisamos pensar em outro passo a ser dado e sem d\u00favida a padroniza\u00e7\u00e3o das fachadas \u00e9 um passo importante\u201d, disse.<\/p>\n<p>A dentista Fabiana Marcondes, que aluga uma sala comercial na regi\u00e3o central, concorda que a padroniza\u00e7\u00e3o \u00e9 o melhor caminho para o centro comercial, mas ela salientou que a discuss\u00e3o deve ser feita, tamb\u00e9m, com os prestadores de servi\u00e7os. \u201cCom certeza tem que regular as fachadas, pois o que existe hoje est\u00e1 horr\u00edvel. Mas \u00e9 importante, tamb\u00e9m, que se discuta a padroniza\u00e7\u00e3o da publicidade das salas comerciais\u201d, falou.<\/p>\n<p>O chanceler da UnG e empres\u00e1rio, Ant\u00f4nio Veronezi, ressaltou que ao arrumar a Rua Dom Pedro II, outras melhorias&nbsp; acontecer\u00e3o por conseq\u00fc\u00eancia. \u201cA obriga\u00e7\u00e3o nossa \u00e9 manter o consumidor na cidade de Guarulhos. Precisamos pensar primeiro no coletivo e depois no individual\u201d, ressaltou.<\/p>\n<p>Decio Pomp\u00eao Junior, secret\u00e1rio adjunto de Desenvolvimento Econ\u00f4mico, salientou novamente que sua miss\u00e3o na administra\u00e7\u00e3o municipal \u00e9 o de fomentar o com\u00e9rcio e os prestadores de servi\u00e7o, por isso ele pediu motiva\u00e7\u00e3o dos empreendedores para implementa\u00e7\u00e3o do projeto. \u201cTemos que fazer deste momento uma onda positiva para que a padroniza\u00e7\u00e3o se torne uma realidade\u201d, completou.<\/p>\n<p>J\u00e1 Wilson Louren\u00e7o, presidente da Associa\u00e7\u00e3o Comercial, afirmou que o debate em torno da padroniza\u00e7\u00e3o apenas come\u00e7ou. \u201cDepois dos investimentos que a prefeitura fez com a revitaliza\u00e7\u00e3o, chegou \u00e0 hora dos comerciantes investirem em suas fachadas\u201d, contou.<\/p>\n<p><center><\/p>\n<p class=\"midia\" style=\"width: 420px;\"><img loading=\"lazy\" decoding=\"async\" src=\"\/blog\/wp-content\/uploads\/image.php?x=i&amp;i1=100&amp;i2=20090415104019\" title=\"Imprensa\/ACE\" width=\"420\" height=\"415\"><br \/>Veronezi e Louren\u00e7o na reuni\u00e3o com os comerciantes<\/p>\n<p><\/center><\/p>\n<p><b>Projeto &#8211;<\/b> Com o projeto de revitaliza\u00e7\u00e3o das fachadas, a ACE-Guarulhos antecipa o debate em torno da proposta de Lei que tramita na C\u00e2mara Municipal e que prop\u00f5e medidas semelhantes ao programa Cidade Limpa implementado na Capital.<\/p>\n<p>Elaborado pelos estudantes de arquitetura da universidade, Rog\u00e9rio Trajano e Vertoni Rabelo, sob supervis\u00e3o dos professores Wendie Requena e Cl\u00e1udio Fugita, o projeto, que possui o conceito de um \u201cStreet Shopping\u201d, prev\u00ea uma a\u00e7\u00e3o de padroniza\u00e7\u00e3o democr\u00e1tica.<\/p>\n<p>Na apresenta\u00e7\u00e3o feita aos comerciantes, os professores mostraram fotos da regi\u00e3o central de S\u00e3o Paulo, que para eles possui caracter\u00edsticas semelhantes ao cal\u00e7ad\u00e3o da Rua Dom Pedro II e que passou por uma verdadeira transforma\u00e7\u00e3o ap\u00f3s o Cidade Limpa. Mas, para os professores, diferentemente de Guarulhos, os pr\u00e9dios da Capital possuem valores arquitet\u00f4nicos o que acabou facilitando a introdu\u00e7\u00e3o da nova regra. <\/p>\n<p>E por conta desta regra, o escrit\u00f3rio de arquitetura da UnG elaborou seis layouts diferentes de fachadas, sendo que dois deles utilizam o Allucobond\u00ae &#8211; uma placa composta de alum\u00ednio e pl\u00e1stico \u2013 como mat\u00e9ria prima.<\/p>\n<p>Informa\u00e7\u00f5es sobre o projeto pela Central de Relacionamento: (11) 2137-9333.<\/p>\n","protected":false},"excerpt":{"rendered":"Comerciantes que compareceram nesta ter\u00e7a-feira, 14, na Universidade Guarulhos (UnG) \u00e0 reuni\u00e3o de apresenta\u00e7\u00e3o do projeto de padroniza\u00e7\u00e3o das fachadas da Rua Dom \n<a class=\"moretag\" href=\"https:\/\/www.aceguarulhos.com.br\/blog\/comerciantes-aprovam-revitaliza%c3%a7%c3%a3o-de-fachadas\/\"> [...]<\/a>","protected":false},"author":8,"featured_media":0,"comment_status":"open","ping_status":"open","sticky":false,"template":"","format":"standard","meta":{"footnotes":""},"categories":[2],"tags":[],"class_list":["post-34793","post","type-post","status-publish","format-standard","hentry","category-noticias"],"yoast_head":"<!-- This site is optimized with the Yoast SEO plugin v28.1 - https:\/\/yoast.com\/product\/yoast-seo-wordpress\/ -->\n<title>Comerciantes aprovam revitaliza\u00e7\u00e3o de fachadas - ACE-Guarulhos<\/title>\n<meta name=\"robots\" content=\"index, follow, max-snippet:-1, max-image-preview:large, max-video-preview:-1\" \/>\n<link rel=\"canonical\" href=\"https:\/\/www.aceguarulhos.com.br\/blog\/comerciantes-aprovam-revitaliza\u00e7\u00e3o-de-fachadas\/\" \/>\n<meta property=\"og:locale\" content=\"pt_BR\" \/>\n<meta property=\"og:type\" content=\"article\" \/>\n<meta property=\"og:title\" content=\"Comerciantes aprovam revitaliza\u00e7\u00e3o de fachadas - ACE-Guarulhos\" \/>\n<meta property=\"og:description\" content=\"Comerciantes que compareceram nesta ter\u00e7a-feira, 14, na Universidade Guarulhos (UnG) \u00e0 reuni\u00e3o de apresenta\u00e7\u00e3o do projeto de padroniza\u00e7\u00e3o das fachadas da Rua Dom\" \/>\n<meta property=\"og:url\" content=\"https:\/\/www.aceguarulhos.com.br\/blog\/comerciantes-aprovam-revitaliza\u00e7\u00e3o-de-fachadas\/\" \/>\n<meta property=\"og:site_name\" content=\"ACE-Guarulhos\" \/>\n<meta property=\"article:publisher\" content=\"https:\/\/www.facebook.com\/aceguarulhos\/\" \/>\n<meta property=\"article:published_time\" content=\"2009-04-15T10:40:29+00:00\" \/>\n<meta property=\"og:image\" content=\"https:\/\/www.aceguarulhos.com.br\/blog\/wp-content\/uploads\/image.php\" \/>\n<meta name=\"author\" content=\"Assessoria de Imprensa ACE-Guarulhos\" \/>\n<meta name=\"twitter:card\" content=\"summary_large_image\" \/>\n<meta name=\"twitter:label1\" content=\"Escrito por\" \/>\n\t<meta name=\"twitter:data1\" content=\"Assessoria de Imprensa ACE-Guarulhos\" \/>\n\t<meta name=\"twitter:label2\" content=\"Est. tempo de leitura\" \/>\n\t<meta name=\"twitter:data2\" content=\"3 minutos\" \/>\n<script type=\"application\/ld+json\" class=\"yoast-schema-graph\">{\"@context\":\"https:\\\/\\\/schema.org\",\"@graph\":[{\"@type\":\"Article\",\"@id\":\"https:\\\/\\\/www.aceguarulhos.com.br\\\/blog\\\/comerciantes-aprovam-revitaliza%c3%a7%c3%a3o-de-fachadas\\\/#article\",\"isPartOf\":{\"@id\":\"https:\\\/\\\/www.aceguarulhos.com.br\\\/blog\\\/comerciantes-aprovam-revitaliza%c3%a7%c3%a3o-de-fachadas\\\/\"},\"author\":{\"name\":\"Assessoria de Imprensa ACE-Guarulhos\",\"@id\":\"https:\\\/\\\/www.aceguarulhos.com.br\\\/blog\\\/#\\\/schema\\\/person\\\/6983b51bad37489989e4f09698c26237\"},\"headline\":\"Comerciantes aprovam revitaliza\u00e7\u00e3o de fachadas\",\"datePublished\":\"2009-04-15T10:40:29+00:00\",\"mainEntityOfPage\":{\"@id\":\"https:\\\/\\\/www.aceguarulhos.com.br\\\/blog\\\/comerciantes-aprovam-revitaliza%c3%a7%c3%a3o-de-fachadas\\\/\"},\"wordCount\":595,\"commentCount\":0,\"publisher\":{\"@id\":\"https:\\\/\\\/www.aceguarulhos.com.br\\\/blog\\\/#organization\"},\"articleSection\":[\"Not\u00edcias\"],\"inLanguage\":\"pt-BR\"},{\"@type\":\"WebPage\",\"@id\":\"https:\\\/\\\/www.aceguarulhos.com.br\\\/blog\\\/comerciantes-aprovam-revitaliza%c3%a7%c3%a3o-de-fachadas\\\/\",\"url\":\"https:\\\/\\\/www.aceguarulhos.com.br\\\/blog\\\/comerciantes-aprovam-revitaliza%c3%a7%c3%a3o-de-fachadas\\\/\",\"name\":\"Comerciantes aprovam revitaliza\u00e7\u00e3o de fachadas - ACE-Guarulhos\",\"isPartOf\":{\"@id\":\"https:\\\/\\\/www.aceguarulhos.com.br\\\/blog\\\/#website\"},\"datePublished\":\"2009-04-15T10:40:29+00:00\",\"breadcrumb\":{\"@id\":\"https:\\\/\\\/www.aceguarulhos.com.br\\\/blog\\\/comerciantes-aprovam-revitaliza%c3%a7%c3%a3o-de-fachadas\\\/#breadcrumb\"},\"inLanguage\":\"pt-BR\",\"potentialAction\":[{\"@type\":\"ReadAction\",\"target\":[\"https:\\\/\\\/www.aceguarulhos.com.br\\\/blog\\\/comerciantes-aprovam-revitaliza%c3%a7%c3%a3o-de-fachadas\\\/\"]}]},{\"@type\":\"BreadcrumbList\",\"@id\":\"https:\\\/\\\/www.aceguarulhos.com.br\\\/blog\\\/comerciantes-aprovam-revitaliza%c3%a7%c3%a3o-de-fachadas\\\/#breadcrumb\",\"itemListElement\":[{\"@type\":\"ListItem\",\"position\":1,\"name\":\"In\u00edcio\",\"item\":\"https:\\\/\\\/www.aceguarulhos.com.br\\\/blog\\\/\"},{\"@type\":\"ListItem\",\"position\":2,\"name\":\"Comerciantes aprovam revitaliza\u00e7\u00e3o de fachadas\"}]},{\"@type\":\"WebSite\",\"@id\":\"https:\\\/\\\/www.aceguarulhos.com.br\\\/blog\\\/#website\",\"url\":\"https:\\\/\\\/www.aceguarulhos.com.br\\\/blog\\\/\",\"name\":\"ACE-Guarulhos\",\"description\":\"A ACE-Guarulhos \u00e9 uma associa\u00e7\u00e3o que ap\u00f3ia os empres\u00e1rios guarulhenses atrav\u00e9s da representa\u00e7\u00e3o, da gera\u00e7\u00e3o de neg\u00f3cios e presta\u00e7\u00e3o de servi\u00e7os.\",\"publisher\":{\"@id\":\"https:\\\/\\\/www.aceguarulhos.com.br\\\/blog\\\/#organization\"},\"potentialAction\":[{\"@type\":\"SearchAction\",\"target\":{\"@type\":\"EntryPoint\",\"urlTemplate\":\"https:\\\/\\\/www.aceguarulhos.com.br\\\/blog\\\/?s={search_term_string}\"},\"query-input\":{\"@type\":\"PropertyValueSpecification\",\"valueRequired\":true,\"valueName\":\"search_term_string\"}}],\"inLanguage\":\"pt-BR\"},{\"@type\":\"Organization\",\"@id\":\"https:\\\/\\\/www.aceguarulhos.com.br\\\/blog\\\/#organization\",\"name\":\"ACE-Guarulhos\",\"url\":\"https:\\\/\\\/www.aceguarulhos.com.br\\\/blog\\\/\",\"logo\":{\"@type\":\"ImageObject\",\"inLanguage\":\"pt-BR\",\"@id\":\"https:\\\/\\\/www.aceguarulhos.com.br\\\/blog\\\/#\\\/schema\\\/logo\\\/image\\\/\",\"url\":\"https:\\\/\\\/www.aceguarulhos.com.br\\\/blog\\\/wp-content\\\/uploads\\\/2017\\\/12\\\/logo-aceguarulhos-2018.png\",\"contentUrl\":\"https:\\\/\\\/www.aceguarulhos.com.br\\\/blog\\\/wp-content\\\/uploads\\\/2017\\\/12\\\/logo-aceguarulhos-2018.png\",\"width\":419,\"height\":76,\"caption\":\"ACE-Guarulhos\"},\"image\":{\"@id\":\"https:\\\/\\\/www.aceguarulhos.com.br\\\/blog\\\/#\\\/schema\\\/logo\\\/image\\\/\"},\"sameAs\":[\"https:\\\/\\\/www.facebook.com\\\/aceguarulhos\\\/\",\"https:\\\/\\\/br.linkedin.com\\\/in\\\/ace-guarulhos-b9a97093\",\"https:\\\/\\\/www.youtube.com\\\/user\\\/aceguarulhos\"]},{\"@type\":\"Person\",\"@id\":\"https:\\\/\\\/www.aceguarulhos.com.br\\\/blog\\\/#\\\/schema\\\/person\\\/6983b51bad37489989e4f09698c26237\",\"name\":\"Assessoria de Imprensa ACE-Guarulhos\",\"image\":{\"@type\":\"ImageObject\",\"inLanguage\":\"pt-BR\",\"@id\":\"https:\\\/\\\/secure.gravatar.com\\\/avatar\\\/707f3fadd6918afeb64173ab22d8a8cb0676953098a4f31ff36dc2b4c699ef6a?s=96&d=mm&r=g\",\"url\":\"https:\\\/\\\/secure.gravatar.com\\\/avatar\\\/707f3fadd6918afeb64173ab22d8a8cb0676953098a4f31ff36dc2b4c699ef6a?s=96&d=mm&r=g\",\"contentUrl\":\"https:\\\/\\\/secure.gravatar.com\\\/avatar\\\/707f3fadd6918afeb64173ab22d8a8cb0676953098a4f31ff36dc2b4c699ef6a?s=96&d=mm&r=g\",\"caption\":\"Assessoria de Imprensa ACE-Guarulhos\"},\"url\":\"https:\\\/\\\/www.aceguarulhos.com.br\\\/blog\\\/author\\\/assessoria-de-imprensa-ace-guarulhos\\\/\"}]}<\/script>\n<!-- \/ Yoast SEO plugin. -->","yoast_head_json":{"title":"Comerciantes aprovam revitaliza\u00e7\u00e3o de fachadas - ACE-Guarulhos","robots":{"index":"index","follow":"follow","max-snippet":"max-snippet:-1","max-image-preview":"max-image-preview:large","max-video-preview":"max-video-preview:-1"},"canonical":"https:\/\/www.aceguarulhos.com.br\/blog\/comerciantes-aprovam-revitaliza\u00e7\u00e3o-de-fachadas\/","og_locale":"pt_BR","og_type":"article","og_title":"Comerciantes aprovam revitaliza\u00e7\u00e3o de fachadas - ACE-Guarulhos","og_description":"Comerciantes que compareceram nesta ter\u00e7a-feira, 14, na Universidade Guarulhos (UnG) \u00e0 reuni\u00e3o de apresenta\u00e7\u00e3o do projeto de padroniza\u00e7\u00e3o das fachadas da Rua Dom","og_url":"https:\/\/www.aceguarulhos.com.br\/blog\/comerciantes-aprovam-revitaliza\u00e7\u00e3o-de-fachadas\/","og_site_name":"ACE-Guarulhos","article_publisher":"https:\/\/www.facebook.com\/aceguarulhos\/","article_published_time":"2009-04-15T10:40:29+00:00","og_image":[{"url":"https:\/\/www.aceguarulhos.com.br\/blog\/wp-content\/uploads\/image.php","type":"","width":"","height":""}],"author":"Assessoria de Imprensa ACE-Guarulhos","twitter_card":"summary_large_image","twitter_misc":{"Escrito por":"Assessoria de Imprensa ACE-Guarulhos","Est. tempo de leitura":"3 minutos"},"schema":{"@context":"https:\/\/schema.org","@graph":[{"@type":"Article","@id":"https:\/\/www.aceguarulhos.com.br\/blog\/comerciantes-aprovam-revitaliza%c3%a7%c3%a3o-de-fachadas\/#article","isPartOf":{"@id":"https:\/\/www.aceguarulhos.com.br\/blog\/comerciantes-aprovam-revitaliza%c3%a7%c3%a3o-de-fachadas\/"},"author":{"name":"Assessoria de Imprensa ACE-Guarulhos","@id":"https:\/\/www.aceguarulhos.com.br\/blog\/#\/schema\/person\/6983b51bad37489989e4f09698c26237"},"headline":"Comerciantes aprovam revitaliza\u00e7\u00e3o de fachadas","datePublished":"2009-04-15T10:40:29+00:00","mainEntityOfPage":{"@id":"https:\/\/www.aceguarulhos.com.br\/blog\/comerciantes-aprovam-revitaliza%c3%a7%c3%a3o-de-fachadas\/"},"wordCount":595,"commentCount":0,"publisher":{"@id":"https:\/\/www.aceguarulhos.com.br\/blog\/#organization"},"articleSection":["Not\u00edcias"],"inLanguage":"pt-BR"},{"@type":"WebPage","@id":"https:\/\/www.aceguarulhos.com.br\/blog\/comerciantes-aprovam-revitaliza%c3%a7%c3%a3o-de-fachadas\/","url":"https:\/\/www.aceguarulhos.com.br\/blog\/comerciantes-aprovam-revitaliza%c3%a7%c3%a3o-de-fachadas\/","name":"Comerciantes aprovam revitaliza\u00e7\u00e3o de fachadas - ACE-Guarulhos","isPartOf":{"@id":"https:\/\/www.aceguarulhos.com.br\/blog\/#website"},"datePublished":"2009-04-15T10:40:29+00:00","breadcrumb":{"@id":"https:\/\/www.aceguarulhos.com.br\/blog\/comerciantes-aprovam-revitaliza%c3%a7%c3%a3o-de-fachadas\/#breadcrumb"},"inLanguage":"pt-BR","potentialAction":[{"@type":"ReadAction","target":["https:\/\/www.aceguarulhos.com.br\/blog\/comerciantes-aprovam-revitaliza%c3%a7%c3%a3o-de-fachadas\/"]}]},{"@type":"BreadcrumbList","@id":"https:\/\/www.aceguarulhos.com.br\/blog\/comerciantes-aprovam-revitaliza%c3%a7%c3%a3o-de-fachadas\/#breadcrumb","itemListElement":[{"@type":"ListItem","position":1,"name":"In\u00edcio","item":"https:\/\/www.aceguarulhos.com.br\/blog\/"},{"@type":"ListItem","position":2,"name":"Comerciantes aprovam revitaliza\u00e7\u00e3o de fachadas"}]},{"@type":"WebSite","@id":"https:\/\/www.aceguarulhos.com.br\/blog\/#website","url":"https:\/\/www.aceguarulhos.com.br\/blog\/","name":"ACE-Guarulhos","description":"A ACE-Guarulhos \u00e9 uma associa\u00e7\u00e3o que ap\u00f3ia os empres\u00e1rios guarulhenses atrav\u00e9s da representa\u00e7\u00e3o, da gera\u00e7\u00e3o de neg\u00f3cios e presta\u00e7\u00e3o de servi\u00e7os.","publisher":{"@id":"https:\/\/www.aceguarulhos.com.br\/blog\/#organization"},"potentialAction":[{"@type":"SearchAction","target":{"@type":"EntryPoint","urlTemplate":"https:\/\/www.aceguarulhos.com.br\/blog\/?s={search_term_string}"},"query-input":{"@type":"PropertyValueSpecification","valueRequired":true,"valueName":"search_term_string"}}],"inLanguage":"pt-BR"},{"@type":"Organization","@id":"https:\/\/www.aceguarulhos.com.br\/blog\/#organization","name":"ACE-Guarulhos","url":"https:\/\/www.aceguarulhos.com.br\/blog\/","logo":{"@type":"ImageObject","inLanguage":"pt-BR","@id":"https:\/\/www.aceguarulhos.com.br\/blog\/#\/schema\/logo\/image\/","url":"https:\/\/www.aceguarulhos.com.br\/blog\/wp-content\/uploads\/2017\/12\/logo-aceguarulhos-2018.png","contentUrl":"https:\/\/www.aceguarulhos.com.br\/blog\/wp-content\/uploads\/2017\/12\/logo-aceguarulhos-2018.png","width":419,"height":76,"caption":"ACE-Guarulhos"},"image":{"@id":"https:\/\/www.aceguarulhos.com.br\/blog\/#\/schema\/logo\/image\/"},"sameAs":["https:\/\/www.facebook.com\/aceguarulhos\/","https:\/\/br.linkedin.com\/in\/ace-guarulhos-b9a97093","https:\/\/www.youtube.com\/user\/aceguarulhos"]},{"@type":"Person","@id":"https:\/\/www.aceguarulhos.com.br\/blog\/#\/schema\/person\/6983b51bad37489989e4f09698c26237","name":"Assessoria de Imprensa ACE-Guarulhos","image":{"@type":"ImageObject","inLanguage":"pt-BR","@id":"https:\/\/secure.gravatar.com\/avatar\/707f3fadd6918afeb64173ab22d8a8cb0676953098a4f31ff36dc2b4c699ef6a?s=96&d=mm&r=g","url":"https:\/\/secure.gravatar.com\/avatar\/707f3fadd6918afeb64173ab22d8a8cb0676953098a4f31ff36dc2b4c699ef6a?s=96&d=mm&r=g","contentUrl":"https:\/\/secure.gravatar.com\/avatar\/707f3fadd6918afeb64173ab22d8a8cb0676953098a4f31ff36dc2b4c699ef6a?s=96&d=mm&r=g","caption":"Assessoria de Imprensa ACE-Guarulhos"},"url":"https:\/\/www.aceguarulhos.com.br\/blog\/author\/assessoria-de-imprensa-ace-guarulhos\/"}]}},"wps_subtitle":"","amp_enabled":true,"_links":{"self":[{"href":"https:\/\/www.aceguarulhos.com.br\/blog\/wp-json\/wp\/v2\/posts\/34793","targetHints":{"allow":["GET"]}}],"collection":[{"href":"https:\/\/www.aceguarulhos.com.br\/blog\/wp-json\/wp\/v2\/posts"}],"about":[{"href":"https:\/\/www.aceguarulhos.com.br\/blog\/wp-json\/wp\/v2\/types\/post"}],"author":[{"embeddable":true,"href":"https:\/\/www.aceguarulhos.com.br\/blog\/wp-json\/wp\/v2\/users\/8"}],"replies":[{"embeddable":true,"href":"https:\/\/www.aceguarulhos.com.br\/blog\/wp-json\/wp\/v2\/comments?post=34793"}],"version-history":[{"count":0,"href":"https:\/\/www.aceguarulhos.com.br\/blog\/wp-json\/wp\/v2\/posts\/34793\/revisions"}],"wp:attachment":[{"href":"https:\/\/www.aceguarulhos.com.br\/blog\/wp-json\/wp\/v2\/media?parent=34793"}],"wp:term":[{"taxonomy":"category","embeddable":true,"href":"https:\/\/www.aceguarulhos.com.br\/blog\/wp-json\/wp\/v2\/categories?post=34793"},{"taxonomy":"post_tag","embeddable":true,"href":"https:\/\/www.aceguarulhos.com.br\/blog\/wp-json\/wp\/v2\/tags?post=34793"}],"curies":[{"name":"wp","href":"https:\/\/api.w.org\/{rel}","templated":true}]}}