{"id":34773,"date":"2009-04-08T11:40:19","date_gmt":"2009-04-08T11:40:19","guid":{"rendered":"http:\/\/www.aceguarulhos.com.br\/blog\/?p=34773"},"modified":"-0001-11-30T00:00:00","modified_gmt":"-0001-11-30T03:00:00","slug":"comiss%c3%b5es-realizam-audi%c3%aancia-p%c3%bablica-da-sa%c3%bade","status":"publish","type":"post","link":"https:\/\/www.aceguarulhos.com.br\/blog\/comiss%c3%b5es-realizam-audi%c3%aancia-p%c3%bablica-da-sa%c3%bade\/","title":{"rendered":"Comiss\u00f5es realizam audi\u00eancia p\u00fablica da Sa\u00fade"},"content":{"rendered":"<p>Com a galeria e o plen\u00e1rio lotados de representantes da classe m\u00e9dica e de populares, as comiss\u00f5es de Higiene e Sa\u00fade e de Administra\u00e7\u00e3o e Funcionalismo P\u00fablico, receberam, na noite de segunda-feira, 6, o secret\u00e1rio municipal de Sa\u00fade, Carlos Dermam, para debater o tema proposto: \u201cda Sa\u00fade que temos \u00e0 Sa\u00fade que queremos\u201d.<\/p>\n<p>\u201cMesmo se todos os m\u00e9dicos que moram em Guarulhos trabalhassem para a prefeitura, n\u00e3o seria o suficiente para atender as atuais necessidades. Precisamos oferecer algumas vantagens para atrair, n\u00e3o s\u00f3 m\u00e9dicos de cidades vizinhas, mas outros profissionais da \u00e1rea de Sa\u00fade como enfermeiros e atendentes\u201d, disse o secret\u00e1rio ao resumir a atual situa\u00e7\u00e3o de sua pasta.<\/p>\n<p>Ele enumera os problemas enfrentados, mas garante que construir\u00e1 mais oito Unidades B\u00e1sicas de Sa\u00fade (UBS). As primeiras devem ser instaladas no Jardim Dinamarca, Nova Bonsucesso e Ponte Alta. Segundo Dermam, nessas UBS ser\u00e3o realizados os primeiros atendimentos como pr\u00e9-natais, acompanhamentos dos acamados, aferi\u00e7\u00e3o de press\u00e3o arterial, entre outros pequenos procedimentos m\u00e9dicos, o que, segundo ele, aliviar\u00e1 os hospitais. <\/p>\n<p>Al\u00e9m das UBSs, um centro de especialidades est\u00e1 nos planos da Secretaria da Sa\u00fade. \u201cO ideal seria ter pelos menos mais cinco, mas n\u00e3o \u00e9 poss\u00edvel neste momento e estamos trabalhando um plano vi\u00e1vel\u201d, admite.<\/p>\n<p>O secret\u00e1rio tamb\u00e9m pretende reformar as UBSs j\u00e1 existentes e ampliar e reformar o HMU (Hospital Municipal de Urg\u00eancias), aumentando de 70 para 100 leitos. Essa reforma, segundo o secret\u00e1rio, promover\u00e1 a melhora da \u00e1rea de psiquiatria \u201cque hoje \u00e9 muito ruim\u201d, avalia.<\/p>\n<p>Este setor da sa\u00fade, diz o secret\u00e1rio, deve receber aten\u00e7\u00e3o especial. \u201cOs n\u00facleos e hospitais psiqui\u00e1tricos que existiam foram fechados, mas n\u00e3o foram criados outros\u201d, pondera, ao assinalar que no planejamento da SMS est\u00e1 prevista a readequa\u00e7\u00e3o de urg\u00eancias psiqui\u00e1tricas tamb\u00e9m do HMC (Hospital Municipal da Crian\u00e7a) e instala\u00e7\u00e3o de novos CAPs (Centro de Aten\u00e7\u00e3o Psicossocial).<\/p>\n<p>O PSF (Programa Sa\u00fade da Fam\u00edlia) deve ser ampliado, afirma o secret\u00e1rio. \u201cHoje o PSF atende 30% e vamos passar para 50%\u201d, garante. <\/p>\n<p><b>Outras medidas \u2013 <\/b>A constru\u00e7\u00e3o de UPAs (unidades de pronto atendimento) no Jardim Paulista e na regi\u00e3o da Cidade Soberana, constru\u00e7\u00e3o um hospital na regi\u00e3o do Jardim S\u00e3o Jo\u00e3o e Lavras, readequa\u00e7\u00e3o de projeto para implanta\u00e7\u00e3o de atendimento oncol\u00f3gico, constru\u00e7\u00e3o de instituto de sa\u00fade da mulher, e a implanta\u00e7\u00e3o da segunda fase do Hospital Pimentas Bonsucesso s\u00e3o a\u00e7\u00f5es tamb\u00e9m elencadas por Derman como projetos de gest\u00e3o. <br \/>&nbsp;<br \/>Para os servidores da Secretaria Municipal de Sa\u00fade h\u00e1 previs\u00e3o de revis\u00e3o de cargos e sal\u00e1rios. <\/p>\n<p>Por decis\u00e3o do presidente da Mesa, vereador Dr. Jos\u00e9 M\u00e1rio, que presidiu a Audi\u00eancia P\u00fablica, a popula\u00e7\u00e3o pode fazer perguntas e se manifestar logo depois da exposi\u00e7\u00e3o do secret\u00e1rio de Sa\u00fade e antes dos discursos das autoridades m\u00e9dicas e vereadores.<\/p>\n<p>A falta de m\u00e9dicos nos hospitais e nas UBSs&nbsp; a demora para a marca\u00e7\u00e3o de exames, foram as principais reclama\u00e7\u00f5es da popula\u00e7\u00e3o presente nesta audi\u00eancia. Muitos at\u00e9 se solidarizaram com as reclama\u00e7\u00f5es dos m\u00e9dicos a respeito dos baixos sal\u00e1rios. <\/p>\n<p>O Dr. Ademil G\u00f3es afirmou estar feliz por ouvir o secret\u00e1rio admitir, com sinceridade desconcertante, as dificuldades existentes na Sa\u00fade Municipal. \u201cNo bairro de Bonsucesso faltam profissionais, seguran\u00e7a e diversos equipamentos como RXs\u201d, frisou o m\u00e9dico que trabalha em Guarulhos h\u00e1 25 anos.<\/p>\n<p>Al\u00e9m dos vereadores, Jos\u00e9 Mario, Eduardo Carneiro, Ricardo Rui, Geraldo Celestino e o secret\u00e1rio de Sa\u00fade, Carlos Dermam, compuseram a mesa: Dr. Cl\u00e1udio Galv\u00e3o, Delegado do Conselho Regional de Medicina\u2013Guarulhos, Dr. Marcos Antonio Martins, presidente da APCD-Guarulhos, Dr. S\u00e9rgio Iglesias Filho, presidente da APM \u2013 Guarulhos, Dra. Thais Gati, presidente do sindicato dos m\u00e9dicos de Guarulhos, Dra. Ana Elisabete S. Carvalheira, delegada superintendente do CRM-Guarulhos.<\/p>\n<p>O presidente da Comiss\u00e3o de Higiene e Sa\u00fade P\u00fablica, vereador Dr. Jos\u00e9 M\u00e1rio (PTN), dirigiu os trabalhos da Audi\u00eancia e foi auxiliado pelos vereadores: Dr. Ricardo Rui (PPS), presidente da Comiss\u00e3o de Administra\u00e7\u00e3o e Funcionalismo P\u00fablico, e Dr. Eduardo Carneiro (PSL). Tamb\u00e9m prestigiaram a audi\u00eancia o presidente da C\u00e2mara, vereador Alan Neto (PSC), os 1\u00b0 e 2\u00b0 vices presidente da Casa, vereadores Paulo Sergio (PV) e Geraldo Celestino (PSDB), respectivamente. Participaram dos debates, tamb\u00e9m os vereadores: Eduardo Kamei (PSDB), Romildo Santos (PSDB), Zuquila (PR), \u00cdndio de Cumbica (DEM), Eraldo Souza (PSB), Lam\u00e9 (PT do B), Marisa de S\u00e1 (PT) e Luiza Cordeiro (PC do B).<\/p>\n","protected":false},"excerpt":{"rendered":"Com a galeria e o plen\u00e1rio lotados de representantes da classe m\u00e9dica e de populares, as comiss\u00f5es de Higiene e Sa\u00fade e de \n<a class=\"moretag\" href=\"https:\/\/www.aceguarulhos.com.br\/blog\/comiss%c3%b5es-realizam-audi%c3%aancia-p%c3%bablica-da-sa%c3%bade\/\"> [...]<\/a>","protected":false},"author":8,"featured_media":0,"comment_status":"open","ping_status":"open","sticky":false,"template":"","format":"standard","meta":{"footnotes":""},"categories":[2],"tags":[],"class_list":["post-34773","post","type-post","status-publish","format-standard","hentry","category-noticias"],"yoast_head":"<!-- This site is optimized with the Yoast SEO plugin v28.1 - https:\/\/yoast.com\/product\/yoast-seo-wordpress\/ -->\n<title>Comiss\u00f5es realizam audi\u00eancia p\u00fablica da Sa\u00fade - ACE-Guarulhos<\/title>\n<meta name=\"robots\" content=\"index, follow, max-snippet:-1, max-image-preview:large, max-video-preview:-1\" \/>\n<link rel=\"canonical\" href=\"https:\/\/www.aceguarulhos.com.br\/blog\/comiss\u00f5es-realizam-audi\u00eancia-p\u00fablica-da-sa\u00fade\/\" \/>\n<meta property=\"og:locale\" content=\"pt_BR\" \/>\n<meta property=\"og:type\" content=\"article\" \/>\n<meta property=\"og:title\" content=\"Comiss\u00f5es realizam audi\u00eancia p\u00fablica da Sa\u00fade - ACE-Guarulhos\" \/>\n<meta property=\"og:description\" content=\"Com a galeria e o plen\u00e1rio lotados de representantes da classe m\u00e9dica e de populares, as comiss\u00f5es de Higiene e Sa\u00fade e de\" \/>\n<meta property=\"og:url\" content=\"https:\/\/www.aceguarulhos.com.br\/blog\/comiss\u00f5es-realizam-audi\u00eancia-p\u00fablica-da-sa\u00fade\/\" \/>\n<meta property=\"og:site_name\" content=\"ACE-Guarulhos\" \/>\n<meta property=\"article:publisher\" content=\"https:\/\/www.facebook.com\/aceguarulhos\/\" \/>\n<meta property=\"article:published_time\" content=\"2009-04-08T11:40:19+00:00\" \/>\n<meta name=\"author\" content=\"Assessoria de Imprensa ACE-Guarulhos\" \/>\n<meta name=\"twitter:card\" content=\"summary_large_image\" \/>\n<meta name=\"twitter:label1\" content=\"Escrito por\" \/>\n\t<meta name=\"twitter:data1\" content=\"Assessoria de Imprensa ACE-Guarulhos\" \/>\n\t<meta name=\"twitter:label2\" content=\"Est. tempo de leitura\" \/>\n\t<meta name=\"twitter:data2\" content=\"4 minutos\" \/>\n<script type=\"application\/ld+json\" class=\"yoast-schema-graph\">{\"@context\":\"https:\\\/\\\/schema.org\",\"@graph\":[{\"@type\":\"Article\",\"@id\":\"https:\\\/\\\/www.aceguarulhos.com.br\\\/blog\\\/comiss%c3%b5es-realizam-audi%c3%aancia-p%c3%bablica-da-sa%c3%bade\\\/#article\",\"isPartOf\":{\"@id\":\"https:\\\/\\\/www.aceguarulhos.com.br\\\/blog\\\/comiss%c3%b5es-realizam-audi%c3%aancia-p%c3%bablica-da-sa%c3%bade\\\/\"},\"author\":{\"name\":\"Assessoria de Imprensa ACE-Guarulhos\",\"@id\":\"https:\\\/\\\/www.aceguarulhos.com.br\\\/blog\\\/#\\\/schema\\\/person\\\/6983b51bad37489989e4f09698c26237\"},\"headline\":\"Comiss\u00f5es realizam audi\u00eancia p\u00fablica da Sa\u00fade\",\"datePublished\":\"2009-04-08T11:40:19+00:00\",\"mainEntityOfPage\":{\"@id\":\"https:\\\/\\\/www.aceguarulhos.com.br\\\/blog\\\/comiss%c3%b5es-realizam-audi%c3%aancia-p%c3%bablica-da-sa%c3%bade\\\/\"},\"wordCount\":809,\"commentCount\":0,\"publisher\":{\"@id\":\"https:\\\/\\\/www.aceguarulhos.com.br\\\/blog\\\/#organization\"},\"articleSection\":[\"Not\u00edcias\"],\"inLanguage\":\"pt-BR\"},{\"@type\":\"WebPage\",\"@id\":\"https:\\\/\\\/www.aceguarulhos.com.br\\\/blog\\\/comiss%c3%b5es-realizam-audi%c3%aancia-p%c3%bablica-da-sa%c3%bade\\\/\",\"url\":\"https:\\\/\\\/www.aceguarulhos.com.br\\\/blog\\\/comiss%c3%b5es-realizam-audi%c3%aancia-p%c3%bablica-da-sa%c3%bade\\\/\",\"name\":\"Comiss\u00f5es realizam audi\u00eancia p\u00fablica da Sa\u00fade - ACE-Guarulhos\",\"isPartOf\":{\"@id\":\"https:\\\/\\\/www.aceguarulhos.com.br\\\/blog\\\/#website\"},\"datePublished\":\"2009-04-08T11:40:19+00:00\",\"breadcrumb\":{\"@id\":\"https:\\\/\\\/www.aceguarulhos.com.br\\\/blog\\\/comiss%c3%b5es-realizam-audi%c3%aancia-p%c3%bablica-da-sa%c3%bade\\\/#breadcrumb\"},\"inLanguage\":\"pt-BR\",\"potentialAction\":[{\"@type\":\"ReadAction\",\"target\":[\"https:\\\/\\\/www.aceguarulhos.com.br\\\/blog\\\/comiss%c3%b5es-realizam-audi%c3%aancia-p%c3%bablica-da-sa%c3%bade\\\/\"]}]},{\"@type\":\"BreadcrumbList\",\"@id\":\"https:\\\/\\\/www.aceguarulhos.com.br\\\/blog\\\/comiss%c3%b5es-realizam-audi%c3%aancia-p%c3%bablica-da-sa%c3%bade\\\/#breadcrumb\",\"itemListElement\":[{\"@type\":\"ListItem\",\"position\":1,\"name\":\"In\u00edcio\",\"item\":\"https:\\\/\\\/www.aceguarulhos.com.br\\\/blog\\\/\"},{\"@type\":\"ListItem\",\"position\":2,\"name\":\"Comiss\u00f5es realizam audi\u00eancia p\u00fablica da Sa\u00fade\"}]},{\"@type\":\"WebSite\",\"@id\":\"https:\\\/\\\/www.aceguarulhos.com.br\\\/blog\\\/#website\",\"url\":\"https:\\\/\\\/www.aceguarulhos.com.br\\\/blog\\\/\",\"name\":\"ACE-Guarulhos\",\"description\":\"A ACE-Guarulhos \u00e9 uma associa\u00e7\u00e3o que ap\u00f3ia os empres\u00e1rios guarulhenses atrav\u00e9s da representa\u00e7\u00e3o, da gera\u00e7\u00e3o de neg\u00f3cios e presta\u00e7\u00e3o de servi\u00e7os.\",\"publisher\":{\"@id\":\"https:\\\/\\\/www.aceguarulhos.com.br\\\/blog\\\/#organization\"},\"potentialAction\":[{\"@type\":\"SearchAction\",\"target\":{\"@type\":\"EntryPoint\",\"urlTemplate\":\"https:\\\/\\\/www.aceguarulhos.com.br\\\/blog\\\/?s={search_term_string}\"},\"query-input\":{\"@type\":\"PropertyValueSpecification\",\"valueRequired\":true,\"valueName\":\"search_term_string\"}}],\"inLanguage\":\"pt-BR\"},{\"@type\":\"Organization\",\"@id\":\"https:\\\/\\\/www.aceguarulhos.com.br\\\/blog\\\/#organization\",\"name\":\"ACE-Guarulhos\",\"url\":\"https:\\\/\\\/www.aceguarulhos.com.br\\\/blog\\\/\",\"logo\":{\"@type\":\"ImageObject\",\"inLanguage\":\"pt-BR\",\"@id\":\"https:\\\/\\\/www.aceguarulhos.com.br\\\/blog\\\/#\\\/schema\\\/logo\\\/image\\\/\",\"url\":\"https:\\\/\\\/www.aceguarulhos.com.br\\\/blog\\\/wp-content\\\/uploads\\\/2017\\\/12\\\/logo-aceguarulhos-2018.png\",\"contentUrl\":\"https:\\\/\\\/www.aceguarulhos.com.br\\\/blog\\\/wp-content\\\/uploads\\\/2017\\\/12\\\/logo-aceguarulhos-2018.png\",\"width\":419,\"height\":76,\"caption\":\"ACE-Guarulhos\"},\"image\":{\"@id\":\"https:\\\/\\\/www.aceguarulhos.com.br\\\/blog\\\/#\\\/schema\\\/logo\\\/image\\\/\"},\"sameAs\":[\"https:\\\/\\\/www.facebook.com\\\/aceguarulhos\\\/\",\"https:\\\/\\\/br.linkedin.com\\\/in\\\/ace-guarulhos-b9a97093\",\"https:\\\/\\\/www.youtube.com\\\/user\\\/aceguarulhos\"]},{\"@type\":\"Person\",\"@id\":\"https:\\\/\\\/www.aceguarulhos.com.br\\\/blog\\\/#\\\/schema\\\/person\\\/6983b51bad37489989e4f09698c26237\",\"name\":\"Assessoria de Imprensa ACE-Guarulhos\",\"image\":{\"@type\":\"ImageObject\",\"inLanguage\":\"pt-BR\",\"@id\":\"https:\\\/\\\/secure.gravatar.com\\\/avatar\\\/707f3fadd6918afeb64173ab22d8a8cb0676953098a4f31ff36dc2b4c699ef6a?s=96&d=mm&r=g\",\"url\":\"https:\\\/\\\/secure.gravatar.com\\\/avatar\\\/707f3fadd6918afeb64173ab22d8a8cb0676953098a4f31ff36dc2b4c699ef6a?s=96&d=mm&r=g\",\"contentUrl\":\"https:\\\/\\\/secure.gravatar.com\\\/avatar\\\/707f3fadd6918afeb64173ab22d8a8cb0676953098a4f31ff36dc2b4c699ef6a?s=96&d=mm&r=g\",\"caption\":\"Assessoria de Imprensa ACE-Guarulhos\"},\"url\":\"https:\\\/\\\/www.aceguarulhos.com.br\\\/blog\\\/author\\\/assessoria-de-imprensa-ace-guarulhos\\\/\"}]}<\/script>\n<!-- \/ Yoast SEO plugin. -->","yoast_head_json":{"title":"Comiss\u00f5es realizam audi\u00eancia p\u00fablica da Sa\u00fade - ACE-Guarulhos","robots":{"index":"index","follow":"follow","max-snippet":"max-snippet:-1","max-image-preview":"max-image-preview:large","max-video-preview":"max-video-preview:-1"},"canonical":"https:\/\/www.aceguarulhos.com.br\/blog\/comiss\u00f5es-realizam-audi\u00eancia-p\u00fablica-da-sa\u00fade\/","og_locale":"pt_BR","og_type":"article","og_title":"Comiss\u00f5es realizam audi\u00eancia p\u00fablica da Sa\u00fade - ACE-Guarulhos","og_description":"Com a galeria e o plen\u00e1rio lotados de representantes da classe m\u00e9dica e de populares, as comiss\u00f5es de Higiene e Sa\u00fade e de","og_url":"https:\/\/www.aceguarulhos.com.br\/blog\/comiss\u00f5es-realizam-audi\u00eancia-p\u00fablica-da-sa\u00fade\/","og_site_name":"ACE-Guarulhos","article_publisher":"https:\/\/www.facebook.com\/aceguarulhos\/","article_published_time":"2009-04-08T11:40:19+00:00","author":"Assessoria de Imprensa ACE-Guarulhos","twitter_card":"summary_large_image","twitter_misc":{"Escrito por":"Assessoria de Imprensa ACE-Guarulhos","Est. tempo de leitura":"4 minutos"},"schema":{"@context":"https:\/\/schema.org","@graph":[{"@type":"Article","@id":"https:\/\/www.aceguarulhos.com.br\/blog\/comiss%c3%b5es-realizam-audi%c3%aancia-p%c3%bablica-da-sa%c3%bade\/#article","isPartOf":{"@id":"https:\/\/www.aceguarulhos.com.br\/blog\/comiss%c3%b5es-realizam-audi%c3%aancia-p%c3%bablica-da-sa%c3%bade\/"},"author":{"name":"Assessoria de Imprensa ACE-Guarulhos","@id":"https:\/\/www.aceguarulhos.com.br\/blog\/#\/schema\/person\/6983b51bad37489989e4f09698c26237"},"headline":"Comiss\u00f5es realizam audi\u00eancia p\u00fablica da Sa\u00fade","datePublished":"2009-04-08T11:40:19+00:00","mainEntityOfPage":{"@id":"https:\/\/www.aceguarulhos.com.br\/blog\/comiss%c3%b5es-realizam-audi%c3%aancia-p%c3%bablica-da-sa%c3%bade\/"},"wordCount":809,"commentCount":0,"publisher":{"@id":"https:\/\/www.aceguarulhos.com.br\/blog\/#organization"},"articleSection":["Not\u00edcias"],"inLanguage":"pt-BR"},{"@type":"WebPage","@id":"https:\/\/www.aceguarulhos.com.br\/blog\/comiss%c3%b5es-realizam-audi%c3%aancia-p%c3%bablica-da-sa%c3%bade\/","url":"https:\/\/www.aceguarulhos.com.br\/blog\/comiss%c3%b5es-realizam-audi%c3%aancia-p%c3%bablica-da-sa%c3%bade\/","name":"Comiss\u00f5es realizam audi\u00eancia p\u00fablica da Sa\u00fade - ACE-Guarulhos","isPartOf":{"@id":"https:\/\/www.aceguarulhos.com.br\/blog\/#website"},"datePublished":"2009-04-08T11:40:19+00:00","breadcrumb":{"@id":"https:\/\/www.aceguarulhos.com.br\/blog\/comiss%c3%b5es-realizam-audi%c3%aancia-p%c3%bablica-da-sa%c3%bade\/#breadcrumb"},"inLanguage":"pt-BR","potentialAction":[{"@type":"ReadAction","target":["https:\/\/www.aceguarulhos.com.br\/blog\/comiss%c3%b5es-realizam-audi%c3%aancia-p%c3%bablica-da-sa%c3%bade\/"]}]},{"@type":"BreadcrumbList","@id":"https:\/\/www.aceguarulhos.com.br\/blog\/comiss%c3%b5es-realizam-audi%c3%aancia-p%c3%bablica-da-sa%c3%bade\/#breadcrumb","itemListElement":[{"@type":"ListItem","position":1,"name":"In\u00edcio","item":"https:\/\/www.aceguarulhos.com.br\/blog\/"},{"@type":"ListItem","position":2,"name":"Comiss\u00f5es realizam audi\u00eancia p\u00fablica da Sa\u00fade"}]},{"@type":"WebSite","@id":"https:\/\/www.aceguarulhos.com.br\/blog\/#website","url":"https:\/\/www.aceguarulhos.com.br\/blog\/","name":"ACE-Guarulhos","description":"A ACE-Guarulhos \u00e9 uma associa\u00e7\u00e3o que ap\u00f3ia os empres\u00e1rios guarulhenses atrav\u00e9s da representa\u00e7\u00e3o, da gera\u00e7\u00e3o de neg\u00f3cios e presta\u00e7\u00e3o de servi\u00e7os.","publisher":{"@id":"https:\/\/www.aceguarulhos.com.br\/blog\/#organization"},"potentialAction":[{"@type":"SearchAction","target":{"@type":"EntryPoint","urlTemplate":"https:\/\/www.aceguarulhos.com.br\/blog\/?s={search_term_string}"},"query-input":{"@type":"PropertyValueSpecification","valueRequired":true,"valueName":"search_term_string"}}],"inLanguage":"pt-BR"},{"@type":"Organization","@id":"https:\/\/www.aceguarulhos.com.br\/blog\/#organization","name":"ACE-Guarulhos","url":"https:\/\/www.aceguarulhos.com.br\/blog\/","logo":{"@type":"ImageObject","inLanguage":"pt-BR","@id":"https:\/\/www.aceguarulhos.com.br\/blog\/#\/schema\/logo\/image\/","url":"https:\/\/www.aceguarulhos.com.br\/blog\/wp-content\/uploads\/2017\/12\/logo-aceguarulhos-2018.png","contentUrl":"https:\/\/www.aceguarulhos.com.br\/blog\/wp-content\/uploads\/2017\/12\/logo-aceguarulhos-2018.png","width":419,"height":76,"caption":"ACE-Guarulhos"},"image":{"@id":"https:\/\/www.aceguarulhos.com.br\/blog\/#\/schema\/logo\/image\/"},"sameAs":["https:\/\/www.facebook.com\/aceguarulhos\/","https:\/\/br.linkedin.com\/in\/ace-guarulhos-b9a97093","https:\/\/www.youtube.com\/user\/aceguarulhos"]},{"@type":"Person","@id":"https:\/\/www.aceguarulhos.com.br\/blog\/#\/schema\/person\/6983b51bad37489989e4f09698c26237","name":"Assessoria de Imprensa ACE-Guarulhos","image":{"@type":"ImageObject","inLanguage":"pt-BR","@id":"https:\/\/secure.gravatar.com\/avatar\/707f3fadd6918afeb64173ab22d8a8cb0676953098a4f31ff36dc2b4c699ef6a?s=96&d=mm&r=g","url":"https:\/\/secure.gravatar.com\/avatar\/707f3fadd6918afeb64173ab22d8a8cb0676953098a4f31ff36dc2b4c699ef6a?s=96&d=mm&r=g","contentUrl":"https:\/\/secure.gravatar.com\/avatar\/707f3fadd6918afeb64173ab22d8a8cb0676953098a4f31ff36dc2b4c699ef6a?s=96&d=mm&r=g","caption":"Assessoria de Imprensa ACE-Guarulhos"},"url":"https:\/\/www.aceguarulhos.com.br\/blog\/author\/assessoria-de-imprensa-ace-guarulhos\/"}]}},"wps_subtitle":"","amp_enabled":true,"_links":{"self":[{"href":"https:\/\/www.aceguarulhos.com.br\/blog\/wp-json\/wp\/v2\/posts\/34773","targetHints":{"allow":["GET"]}}],"collection":[{"href":"https:\/\/www.aceguarulhos.com.br\/blog\/wp-json\/wp\/v2\/posts"}],"about":[{"href":"https:\/\/www.aceguarulhos.com.br\/blog\/wp-json\/wp\/v2\/types\/post"}],"author":[{"embeddable":true,"href":"https:\/\/www.aceguarulhos.com.br\/blog\/wp-json\/wp\/v2\/users\/8"}],"replies":[{"embeddable":true,"href":"https:\/\/www.aceguarulhos.com.br\/blog\/wp-json\/wp\/v2\/comments?post=34773"}],"version-history":[{"count":0,"href":"https:\/\/www.aceguarulhos.com.br\/blog\/wp-json\/wp\/v2\/posts\/34773\/revisions"}],"wp:attachment":[{"href":"https:\/\/www.aceguarulhos.com.br\/blog\/wp-json\/wp\/v2\/media?parent=34773"}],"wp:term":[{"taxonomy":"category","embeddable":true,"href":"https:\/\/www.aceguarulhos.com.br\/blog\/wp-json\/wp\/v2\/categories?post=34773"},{"taxonomy":"post_tag","embeddable":true,"href":"https:\/\/www.aceguarulhos.com.br\/blog\/wp-json\/wp\/v2\/tags?post=34773"}],"curies":[{"name":"wp","href":"https:\/\/api.w.org\/{rel}","templated":true}]}}