{"id":34723,"date":"2009-03-30T11:34:28","date_gmt":"2009-03-30T11:34:28","guid":{"rendered":"http:\/\/www.aceguarulhos.com.br\/blog\/?p=34723"},"modified":"-0001-11-30T00:00:00","modified_gmt":"-0001-11-30T03:00:00","slug":"supermercados-n%c3%a3o-sentiram-a-crise","status":"publish","type":"post","link":"https:\/\/www.aceguarulhos.com.br\/blog\/supermercados-n%c3%a3o-sentiram-a-crise\/","title":{"rendered":"Supermercados n\u00e3o sentiram a crise"},"content":{"rendered":"<p>Os n\u00fameros da Associa\u00e7\u00e3o Brasileira de Supermercados (Abras) comprovam que n\u00e3o h\u00e1 crise no setor \u2013 pelo menos por enquanto. As vendas cresceram 4,16% em fevereiro, em compara\u00e7\u00e3o a igual m\u00eas de 2008. No bimestre, a alta foi de 5,37%. E o otimismo continua na P\u00e1scoa: a expectativa \u00e9 de que o faturamento cres\u00e7a 10,3%, em rela\u00e7\u00e3o \u00e0 data do ano passado.<\/p>\n<p>Em compara\u00e7\u00e3o a janeiro deste ano, as vendas em fevereiro tiveram queda de 5,37%, o que j\u00e1 era esperado pela Abras. &#8220;Fevereiro \u00e9 um m\u00eas mais curto, com menos dias \u00fateis&#8221;, disse em coletiva de imprensa, ontem em S\u00e3o Paulo, o presidente da entidade, Sussumu Honda. &#8220;O setor de alimentos \u00e9 um dos que mais demoram a perceber os efeitos de crises econ\u00f4micas. Em algum momento a repercuss\u00e3o vai acontecer \u2013 mas n\u00e3o \u00e9 poss\u00edvel saber quando.&#8221;<\/p>\n<p>O n\u00famero de vagas criadas no setor apresentou ligeira alta no m\u00eas passado, de 0,03%, com a gera\u00e7\u00e3o de 9 mil postos de trabalho com carteira assinada. &#8220;O n\u00famero \u00e9 modesto, mas demonstra uma importante rea\u00e7\u00e3o do mercado de trabalho formal ap\u00f3s tr\u00eas meses consecutivos de quedas&#8221;, detalhou Honda <\/p>\n<p>O valor da cesta b\u00e1sica com 35 produtos, considerados de largo consumo pelo indicador Abras Mercado, como alimentos, limpeza e beleza, teve queda de 1,6% em fevereiro, se comparado a janeiro deste ano \u2013 passou a ser de R$ 259,94. Mas, em rela\u00e7\u00e3o a fevereiro de 2008, o \u00edndice apresentou alta de 12,15%. Entre os produtos que mais tiveram queda de pre\u00e7o em compara\u00e7\u00e3o a janeiro deste ano est\u00e3o o tomate, com 12,64%; o feij\u00e3o, com 7,2%; e a carne bovina (dianteira), com 7%. As maiores altas ficaram com o a\u00e7\u00facar (13,76%), batata (9,42%) e ovo (7%). <\/p>\n<p>P\u00e1scoa \u2013 O otimismo do setor de supermercados continua na P\u00e1scoa. De acordo com um estudo da Abras, 82% compraram mais para abastecer as prateleiras para a data, e 18% mantiveram o mesmo patamar de 2008. O \u00fanico item que teve queda nos pedidos dos supermercados junto \u00e0s ind\u00fastrias foi o vinho importado, com 2,2%. A maior alta ficou com peixes, 13%. Logo depois aparecem no ranking os ovos de P\u00e1scoa, com 8,2%, a colomba (6,8%) e o bacalhau (6,3%). &#8220;A P\u00e1scoa, neste ano, ter\u00e1 um ponto positivo \u2013 acontecer\u00e1 depois do quinto dia \u00fatil, quando os clientes recebem o sal\u00e1rio. Os ovos de chocolate s\u00e3o os que mais chamam a aten\u00e7\u00e3o dos consumidores, por serem um presente barato e que agrada&#8221;, afirmou Honda <\/p>\n<p>Os pre\u00e7os dos produtos da P\u00e1scoa v\u00e3o ter 6,8% de alta, em m\u00e9dia para o consumidor. Mas os pre\u00e7os pagos pelos supermercados na compra foram 10,6% maiores. Ou seja, os empres\u00e1rios v\u00e3o ter que mexer na margem de lucro para n\u00e3o perder vendas. &#8220;O repasse de pre\u00e7os para o consumidor ser\u00e1 menor.&#8221; O bacalhau, por exemplo, teve varia\u00e7\u00e3o de 23% para os donos de supermercados. Mas o pre\u00e7o para o consumidor ter\u00e1 alta de 9,8%. <\/p>\n<p><b>Ranking \u2013 <\/b>O Carrefour \u00e9 novamente o supermercado que mais faturou no Brasil no ano passado, com R$ 22,4 bilh\u00f5es (alta de 16,7% em compara\u00e7\u00e3o ao resultado de 2007). Logo depois aparece o Grupo P\u00e3o de A\u00e7ucar, com R$ 20,8 bilh\u00f5es (aumento de 11,2%) e em terceiro lugar, o Wal-Mart Brasil, R$ 16,9 bilh\u00f5es (crescimento de 13%). Os tr\u00eas l\u00edderes respondem por 73,4% do faturamento da lista, que engloba ao todo 20 supermercados.<\/p>\n","protected":false},"excerpt":{"rendered":"Os n\u00fameros da Associa\u00e7\u00e3o Brasileira de Supermercados (Abras) comprovam que n\u00e3o h\u00e1 crise no setor \u2013 pelo menos por enquanto. As vendas cresceram \n<a class=\"moretag\" href=\"https:\/\/www.aceguarulhos.com.br\/blog\/supermercados-n%c3%a3o-sentiram-a-crise\/\"> [...]<\/a>","protected":false},"author":8,"featured_media":0,"comment_status":"open","ping_status":"open","sticky":false,"template":"","format":"standard","meta":{"footnotes":""},"categories":[2],"tags":[],"class_list":["post-34723","post","type-post","status-publish","format-standard","hentry","category-noticias"],"yoast_head":"<!-- This site is optimized with the Yoast SEO plugin v28.1 - https:\/\/yoast.com\/product\/yoast-seo-wordpress\/ -->\n<title>Supermercados n\u00e3o sentiram a crise - ACE-Guarulhos<\/title>\n<meta name=\"robots\" content=\"index, follow, max-snippet:-1, max-image-preview:large, max-video-preview:-1\" \/>\n<link rel=\"canonical\" href=\"https:\/\/www.aceguarulhos.com.br\/blog\/supermercados-n\u00e3o-sentiram-a-crise\/\" \/>\n<meta property=\"og:locale\" content=\"pt_BR\" \/>\n<meta property=\"og:type\" content=\"article\" \/>\n<meta property=\"og:title\" content=\"Supermercados n\u00e3o sentiram a crise - ACE-Guarulhos\" \/>\n<meta property=\"og:description\" content=\"Os n\u00fameros da Associa\u00e7\u00e3o Brasileira de Supermercados (Abras) comprovam que n\u00e3o h\u00e1 crise no setor \u2013 pelo menos por enquanto. As vendas cresceram\" \/>\n<meta property=\"og:url\" content=\"https:\/\/www.aceguarulhos.com.br\/blog\/supermercados-n\u00e3o-sentiram-a-crise\/\" \/>\n<meta property=\"og:site_name\" content=\"ACE-Guarulhos\" \/>\n<meta property=\"article:publisher\" content=\"https:\/\/www.facebook.com\/aceguarulhos\/\" \/>\n<meta property=\"article:published_time\" content=\"2009-03-30T11:34:28+00:00\" \/>\n<meta name=\"author\" content=\"Assessoria de Imprensa ACE-Guarulhos\" \/>\n<meta name=\"twitter:card\" content=\"summary_large_image\" \/>\n<meta name=\"twitter:label1\" content=\"Escrito por\" \/>\n\t<meta name=\"twitter:data1\" content=\"Assessoria de Imprensa ACE-Guarulhos\" \/>\n\t<meta name=\"twitter:label2\" content=\"Est. tempo de leitura\" \/>\n\t<meta name=\"twitter:data2\" content=\"3 minutos\" \/>\n<script type=\"application\/ld+json\" class=\"yoast-schema-graph\">{\"@context\":\"https:\\\/\\\/schema.org\",\"@graph\":[{\"@type\":\"Article\",\"@id\":\"https:\\\/\\\/www.aceguarulhos.com.br\\\/blog\\\/supermercados-n%c3%a3o-sentiram-a-crise\\\/#article\",\"isPartOf\":{\"@id\":\"https:\\\/\\\/www.aceguarulhos.com.br\\\/blog\\\/supermercados-n%c3%a3o-sentiram-a-crise\\\/\"},\"author\":{\"name\":\"Assessoria de Imprensa ACE-Guarulhos\",\"@id\":\"https:\\\/\\\/www.aceguarulhos.com.br\\\/blog\\\/#\\\/schema\\\/person\\\/6983b51bad37489989e4f09698c26237\"},\"headline\":\"Supermercados n\u00e3o sentiram a crise\",\"datePublished\":\"2009-03-30T11:34:28+00:00\",\"mainEntityOfPage\":{\"@id\":\"https:\\\/\\\/www.aceguarulhos.com.br\\\/blog\\\/supermercados-n%c3%a3o-sentiram-a-crise\\\/\"},\"wordCount\":567,\"commentCount\":0,\"publisher\":{\"@id\":\"https:\\\/\\\/www.aceguarulhos.com.br\\\/blog\\\/#organization\"},\"articleSection\":[\"Not\u00edcias\"],\"inLanguage\":\"pt-BR\"},{\"@type\":\"WebPage\",\"@id\":\"https:\\\/\\\/www.aceguarulhos.com.br\\\/blog\\\/supermercados-n%c3%a3o-sentiram-a-crise\\\/\",\"url\":\"https:\\\/\\\/www.aceguarulhos.com.br\\\/blog\\\/supermercados-n%c3%a3o-sentiram-a-crise\\\/\",\"name\":\"Supermercados n\u00e3o sentiram a crise - ACE-Guarulhos\",\"isPartOf\":{\"@id\":\"https:\\\/\\\/www.aceguarulhos.com.br\\\/blog\\\/#website\"},\"datePublished\":\"2009-03-30T11:34:28+00:00\",\"breadcrumb\":{\"@id\":\"https:\\\/\\\/www.aceguarulhos.com.br\\\/blog\\\/supermercados-n%c3%a3o-sentiram-a-crise\\\/#breadcrumb\"},\"inLanguage\":\"pt-BR\",\"potentialAction\":[{\"@type\":\"ReadAction\",\"target\":[\"https:\\\/\\\/www.aceguarulhos.com.br\\\/blog\\\/supermercados-n%c3%a3o-sentiram-a-crise\\\/\"]}]},{\"@type\":\"BreadcrumbList\",\"@id\":\"https:\\\/\\\/www.aceguarulhos.com.br\\\/blog\\\/supermercados-n%c3%a3o-sentiram-a-crise\\\/#breadcrumb\",\"itemListElement\":[{\"@type\":\"ListItem\",\"position\":1,\"name\":\"In\u00edcio\",\"item\":\"https:\\\/\\\/www.aceguarulhos.com.br\\\/blog\\\/\"},{\"@type\":\"ListItem\",\"position\":2,\"name\":\"Supermercados n\u00e3o sentiram a crise\"}]},{\"@type\":\"WebSite\",\"@id\":\"https:\\\/\\\/www.aceguarulhos.com.br\\\/blog\\\/#website\",\"url\":\"https:\\\/\\\/www.aceguarulhos.com.br\\\/blog\\\/\",\"name\":\"ACE-Guarulhos\",\"description\":\"A ACE-Guarulhos \u00e9 uma associa\u00e7\u00e3o que ap\u00f3ia os empres\u00e1rios guarulhenses atrav\u00e9s da representa\u00e7\u00e3o, da gera\u00e7\u00e3o de neg\u00f3cios e presta\u00e7\u00e3o de servi\u00e7os.\",\"publisher\":{\"@id\":\"https:\\\/\\\/www.aceguarulhos.com.br\\\/blog\\\/#organization\"},\"potentialAction\":[{\"@type\":\"SearchAction\",\"target\":{\"@type\":\"EntryPoint\",\"urlTemplate\":\"https:\\\/\\\/www.aceguarulhos.com.br\\\/blog\\\/?s={search_term_string}\"},\"query-input\":{\"@type\":\"PropertyValueSpecification\",\"valueRequired\":true,\"valueName\":\"search_term_string\"}}],\"inLanguage\":\"pt-BR\"},{\"@type\":\"Organization\",\"@id\":\"https:\\\/\\\/www.aceguarulhos.com.br\\\/blog\\\/#organization\",\"name\":\"ACE-Guarulhos\",\"url\":\"https:\\\/\\\/www.aceguarulhos.com.br\\\/blog\\\/\",\"logo\":{\"@type\":\"ImageObject\",\"inLanguage\":\"pt-BR\",\"@id\":\"https:\\\/\\\/www.aceguarulhos.com.br\\\/blog\\\/#\\\/schema\\\/logo\\\/image\\\/\",\"url\":\"https:\\\/\\\/www.aceguarulhos.com.br\\\/blog\\\/wp-content\\\/uploads\\\/2017\\\/12\\\/logo-aceguarulhos-2018.png\",\"contentUrl\":\"https:\\\/\\\/www.aceguarulhos.com.br\\\/blog\\\/wp-content\\\/uploads\\\/2017\\\/12\\\/logo-aceguarulhos-2018.png\",\"width\":419,\"height\":76,\"caption\":\"ACE-Guarulhos\"},\"image\":{\"@id\":\"https:\\\/\\\/www.aceguarulhos.com.br\\\/blog\\\/#\\\/schema\\\/logo\\\/image\\\/\"},\"sameAs\":[\"https:\\\/\\\/www.facebook.com\\\/aceguarulhos\\\/\",\"https:\\\/\\\/br.linkedin.com\\\/in\\\/ace-guarulhos-b9a97093\",\"https:\\\/\\\/www.youtube.com\\\/user\\\/aceguarulhos\"]},{\"@type\":\"Person\",\"@id\":\"https:\\\/\\\/www.aceguarulhos.com.br\\\/blog\\\/#\\\/schema\\\/person\\\/6983b51bad37489989e4f09698c26237\",\"name\":\"Assessoria de Imprensa ACE-Guarulhos\",\"image\":{\"@type\":\"ImageObject\",\"inLanguage\":\"pt-BR\",\"@id\":\"https:\\\/\\\/secure.gravatar.com\\\/avatar\\\/707f3fadd6918afeb64173ab22d8a8cb0676953098a4f31ff36dc2b4c699ef6a?s=96&d=mm&r=g\",\"url\":\"https:\\\/\\\/secure.gravatar.com\\\/avatar\\\/707f3fadd6918afeb64173ab22d8a8cb0676953098a4f31ff36dc2b4c699ef6a?s=96&d=mm&r=g\",\"contentUrl\":\"https:\\\/\\\/secure.gravatar.com\\\/avatar\\\/707f3fadd6918afeb64173ab22d8a8cb0676953098a4f31ff36dc2b4c699ef6a?s=96&d=mm&r=g\",\"caption\":\"Assessoria de Imprensa ACE-Guarulhos\"},\"url\":\"https:\\\/\\\/www.aceguarulhos.com.br\\\/blog\\\/author\\\/assessoria-de-imprensa-ace-guarulhos\\\/\"}]}<\/script>\n<!-- \/ Yoast SEO plugin. -->","yoast_head_json":{"title":"Supermercados n\u00e3o sentiram a crise - ACE-Guarulhos","robots":{"index":"index","follow":"follow","max-snippet":"max-snippet:-1","max-image-preview":"max-image-preview:large","max-video-preview":"max-video-preview:-1"},"canonical":"https:\/\/www.aceguarulhos.com.br\/blog\/supermercados-n\u00e3o-sentiram-a-crise\/","og_locale":"pt_BR","og_type":"article","og_title":"Supermercados n\u00e3o sentiram a crise - ACE-Guarulhos","og_description":"Os n\u00fameros da Associa\u00e7\u00e3o Brasileira de Supermercados (Abras) comprovam que n\u00e3o h\u00e1 crise no setor \u2013 pelo menos por enquanto. As vendas cresceram","og_url":"https:\/\/www.aceguarulhos.com.br\/blog\/supermercados-n\u00e3o-sentiram-a-crise\/","og_site_name":"ACE-Guarulhos","article_publisher":"https:\/\/www.facebook.com\/aceguarulhos\/","article_published_time":"2009-03-30T11:34:28+00:00","author":"Assessoria de Imprensa ACE-Guarulhos","twitter_card":"summary_large_image","twitter_misc":{"Escrito por":"Assessoria de Imprensa ACE-Guarulhos","Est. tempo de leitura":"3 minutos"},"schema":{"@context":"https:\/\/schema.org","@graph":[{"@type":"Article","@id":"https:\/\/www.aceguarulhos.com.br\/blog\/supermercados-n%c3%a3o-sentiram-a-crise\/#article","isPartOf":{"@id":"https:\/\/www.aceguarulhos.com.br\/blog\/supermercados-n%c3%a3o-sentiram-a-crise\/"},"author":{"name":"Assessoria de Imprensa ACE-Guarulhos","@id":"https:\/\/www.aceguarulhos.com.br\/blog\/#\/schema\/person\/6983b51bad37489989e4f09698c26237"},"headline":"Supermercados n\u00e3o sentiram a crise","datePublished":"2009-03-30T11:34:28+00:00","mainEntityOfPage":{"@id":"https:\/\/www.aceguarulhos.com.br\/blog\/supermercados-n%c3%a3o-sentiram-a-crise\/"},"wordCount":567,"commentCount":0,"publisher":{"@id":"https:\/\/www.aceguarulhos.com.br\/blog\/#organization"},"articleSection":["Not\u00edcias"],"inLanguage":"pt-BR"},{"@type":"WebPage","@id":"https:\/\/www.aceguarulhos.com.br\/blog\/supermercados-n%c3%a3o-sentiram-a-crise\/","url":"https:\/\/www.aceguarulhos.com.br\/blog\/supermercados-n%c3%a3o-sentiram-a-crise\/","name":"Supermercados n\u00e3o sentiram a crise - ACE-Guarulhos","isPartOf":{"@id":"https:\/\/www.aceguarulhos.com.br\/blog\/#website"},"datePublished":"2009-03-30T11:34:28+00:00","breadcrumb":{"@id":"https:\/\/www.aceguarulhos.com.br\/blog\/supermercados-n%c3%a3o-sentiram-a-crise\/#breadcrumb"},"inLanguage":"pt-BR","potentialAction":[{"@type":"ReadAction","target":["https:\/\/www.aceguarulhos.com.br\/blog\/supermercados-n%c3%a3o-sentiram-a-crise\/"]}]},{"@type":"BreadcrumbList","@id":"https:\/\/www.aceguarulhos.com.br\/blog\/supermercados-n%c3%a3o-sentiram-a-crise\/#breadcrumb","itemListElement":[{"@type":"ListItem","position":1,"name":"In\u00edcio","item":"https:\/\/www.aceguarulhos.com.br\/blog\/"},{"@type":"ListItem","position":2,"name":"Supermercados n\u00e3o sentiram a crise"}]},{"@type":"WebSite","@id":"https:\/\/www.aceguarulhos.com.br\/blog\/#website","url":"https:\/\/www.aceguarulhos.com.br\/blog\/","name":"ACE-Guarulhos","description":"A ACE-Guarulhos \u00e9 uma associa\u00e7\u00e3o que ap\u00f3ia os empres\u00e1rios guarulhenses atrav\u00e9s da representa\u00e7\u00e3o, da gera\u00e7\u00e3o de neg\u00f3cios e presta\u00e7\u00e3o de servi\u00e7os.","publisher":{"@id":"https:\/\/www.aceguarulhos.com.br\/blog\/#organization"},"potentialAction":[{"@type":"SearchAction","target":{"@type":"EntryPoint","urlTemplate":"https:\/\/www.aceguarulhos.com.br\/blog\/?s={search_term_string}"},"query-input":{"@type":"PropertyValueSpecification","valueRequired":true,"valueName":"search_term_string"}}],"inLanguage":"pt-BR"},{"@type":"Organization","@id":"https:\/\/www.aceguarulhos.com.br\/blog\/#organization","name":"ACE-Guarulhos","url":"https:\/\/www.aceguarulhos.com.br\/blog\/","logo":{"@type":"ImageObject","inLanguage":"pt-BR","@id":"https:\/\/www.aceguarulhos.com.br\/blog\/#\/schema\/logo\/image\/","url":"https:\/\/www.aceguarulhos.com.br\/blog\/wp-content\/uploads\/2017\/12\/logo-aceguarulhos-2018.png","contentUrl":"https:\/\/www.aceguarulhos.com.br\/blog\/wp-content\/uploads\/2017\/12\/logo-aceguarulhos-2018.png","width":419,"height":76,"caption":"ACE-Guarulhos"},"image":{"@id":"https:\/\/www.aceguarulhos.com.br\/blog\/#\/schema\/logo\/image\/"},"sameAs":["https:\/\/www.facebook.com\/aceguarulhos\/","https:\/\/br.linkedin.com\/in\/ace-guarulhos-b9a97093","https:\/\/www.youtube.com\/user\/aceguarulhos"]},{"@type":"Person","@id":"https:\/\/www.aceguarulhos.com.br\/blog\/#\/schema\/person\/6983b51bad37489989e4f09698c26237","name":"Assessoria de Imprensa ACE-Guarulhos","image":{"@type":"ImageObject","inLanguage":"pt-BR","@id":"https:\/\/secure.gravatar.com\/avatar\/707f3fadd6918afeb64173ab22d8a8cb0676953098a4f31ff36dc2b4c699ef6a?s=96&d=mm&r=g","url":"https:\/\/secure.gravatar.com\/avatar\/707f3fadd6918afeb64173ab22d8a8cb0676953098a4f31ff36dc2b4c699ef6a?s=96&d=mm&r=g","contentUrl":"https:\/\/secure.gravatar.com\/avatar\/707f3fadd6918afeb64173ab22d8a8cb0676953098a4f31ff36dc2b4c699ef6a?s=96&d=mm&r=g","caption":"Assessoria de Imprensa ACE-Guarulhos"},"url":"https:\/\/www.aceguarulhos.com.br\/blog\/author\/assessoria-de-imprensa-ace-guarulhos\/"}]}},"wps_subtitle":"","amp_enabled":true,"_links":{"self":[{"href":"https:\/\/www.aceguarulhos.com.br\/blog\/wp-json\/wp\/v2\/posts\/34723","targetHints":{"allow":["GET"]}}],"collection":[{"href":"https:\/\/www.aceguarulhos.com.br\/blog\/wp-json\/wp\/v2\/posts"}],"about":[{"href":"https:\/\/www.aceguarulhos.com.br\/blog\/wp-json\/wp\/v2\/types\/post"}],"author":[{"embeddable":true,"href":"https:\/\/www.aceguarulhos.com.br\/blog\/wp-json\/wp\/v2\/users\/8"}],"replies":[{"embeddable":true,"href":"https:\/\/www.aceguarulhos.com.br\/blog\/wp-json\/wp\/v2\/comments?post=34723"}],"version-history":[{"count":0,"href":"https:\/\/www.aceguarulhos.com.br\/blog\/wp-json\/wp\/v2\/posts\/34723\/revisions"}],"wp:attachment":[{"href":"https:\/\/www.aceguarulhos.com.br\/blog\/wp-json\/wp\/v2\/media?parent=34723"}],"wp:term":[{"taxonomy":"category","embeddable":true,"href":"https:\/\/www.aceguarulhos.com.br\/blog\/wp-json\/wp\/v2\/categories?post=34723"},{"taxonomy":"post_tag","embeddable":true,"href":"https:\/\/www.aceguarulhos.com.br\/blog\/wp-json\/wp\/v2\/tags?post=34723"}],"curies":[{"name":"wp","href":"https:\/\/api.w.org\/{rel}","templated":true}]}}