{"id":34687,"date":"2009-03-23T10:07:39","date_gmt":"2009-03-23T10:07:39","guid":{"rendered":"http:\/\/www.aceguarulhos.com.br\/blog\/?p=34687"},"modified":"-0001-11-30T00:00:00","modified_gmt":"-0001-11-30T03:00:00","slug":"vereadores-derrubam-mais-um-veto-do-executivo","status":"publish","type":"post","link":"https:\/\/www.aceguarulhos.com.br\/blog\/vereadores-derrubam-mais-um-veto-do-executivo\/","title":{"rendered":"Vereadores derrubam mais um veto do Executivo"},"content":{"rendered":"<p>Os vereadores derrubaram mais um veto do Executivo em Sess\u00e3o Ordin\u00e1ria realizada nesta quinta-feira, 19, e mantiveram a obrigatoriedade de realiza\u00e7\u00e3o do teste de avalia\u00e7\u00e3o ortop\u00e9dica da coluna, o Teste do Minuto ou Teste de Adams, nas escolas da rede municipal. O projeto \u00e9 assinado pelo vereador Ricardo Rui (PPS) que afirma n\u00e3o haver entraves t\u00e9cnicos na mat\u00e9ria que justifique o veto aposto. \u201cO teste do minuto \u00e9 um exame muito simples que pode ser aplicado por m\u00e9dicos cl\u00ednicos gerais do PSF (Programa Sa\u00fade da Fam\u00edlia) e por profissional n\u00e3o m\u00e9dico, como professor de educa\u00e7\u00e3o f\u00edsica, enfermeiro padr\u00e3o, fisioterapeuta\u201d, diz.<\/p>\n<p>O vereador justificou que o teste \u00e9 apenas cl\u00ednico e detecta desvios posturais sem utiliza\u00e7\u00e3o de equipamentos espec\u00edficos. \u201cPortanto, n\u00e3o h\u00e1 custo financeiro para a Prefeitura, s\u00f3 exige vontade pol\u00edtica\u201d, argumentou Rui. Ele explica que essa medida \u201csimples\u201d \u00e9 capaz de detectar problemas posturais como escoliose, que, se tratada precocemente, aumenta a sobrevida do doente. \u201cIsso porque a curvatura lateral excessiva comprime \u00f3rg\u00e3os internos como pulm\u00e3o, cora\u00e7\u00e3o, rins e outros, diminuindo suas fun\u00e7\u00f5es\u201d, esclarece. \u201cA medida \u00e9 simples, mas muito eficaz, por isso eu pe\u00e7o a derrubada do veto\u201d, concluiu.<\/p>\n<p>O vereador Eduardo Kamei (PSDB), secret\u00e1rio da Comiss\u00e3o de Justi\u00e7a e Reda\u00e7\u00e3o (CJR), ajudou a manter o projeto. Segundo ele, a proposta \u00e9 simples e o veto, da forma como foi encaminhado, n\u00e3o convence de que aplica\u00e7\u00e3o requer muito recurso.<\/p>\n<p>O Vereador Jonas Dias (PT), votou a favor do veto e argumentou para mant\u00ea-lo. Ele afirma que as propostas vetadas pela Prefeitura s\u00e3o impratic\u00e1veis por onerar o munic\u00edpio, concordando com a justificativa do Executivo.&nbsp; \u201cTal proposta cria despesa sem calcular o respectivo custo or\u00e7ament\u00e1rio e dessa forma, mesmo que houvesse permissivo legal para o aumento de despesa, a Lei Complementar n\u00ba 101, de 4 de maio de 2000, veda a cria\u00e7\u00e3o de despesa sem estar acompanhada de estimativa de impacto or\u00e7ament\u00e1rio-financeiro no exerc\u00edcio em que deva entrar em vigor e nos dois subseq\u00fcentes e de declara\u00e7\u00e3o do ordenador da despesa de que o aumento tem adequa\u00e7\u00e3o or\u00e7ament\u00e1ria anual e compatibilidade com o plano plurianual e com a lei de diretrizes or\u00e7ament\u00e1rias, conforme previs\u00e3o contida no artigo 16 do citado diploma legal\u201d.<\/p>\n<p>A vereadora Helena Sena (PSC) recha\u00e7ou o justificativa de Dias e defendeu que o projeto vai ao encontro da preven\u00e7\u00e3o de doen\u00e7as. \u201cRealmente n\u00e3o requer custo financeiro, apenas vontade pol\u00edtica\u201d, disse.<\/p>\n<p>O veto foi derrubado por 18 votos.<\/p>\n<p><b>Vetos mantidos \u2013 <\/b>Na mesma sess\u00e3o, os parlamentares mantiveram o veto aposto ao projeto do ex-vereador Edson David (PTB), que pretendia instituir a Pol\u00edtica Municipal sobre Mudan\u00e7as Clim\u00e1ticas, com vistas a impedir a mudan\u00e7a danosa do clima e promover adequa\u00e7\u00e3o da sociedade \u00e0 altera\u00e7\u00e3o clim\u00e1tica.<\/p>\n<p>Tamb\u00e9m foi mantido o veto ao projeto da ex-vereadora Adriana Afonso (PMDB) que determinava a denomina\u00e7\u00e3o de pra\u00e7a sem nomenclatura oficial, localizada no bairro do Jardim Santa Francisca, de Pra\u00e7a Akeber Haymour El Rifai\u201d.<\/p>\n","protected":false},"excerpt":{"rendered":"Os vereadores derrubaram mais um veto do Executivo em Sess\u00e3o Ordin\u00e1ria realizada nesta quinta-feira, 19, e mantiveram a obrigatoriedade de realiza\u00e7\u00e3o do teste \n<a class=\"moretag\" href=\"https:\/\/www.aceguarulhos.com.br\/blog\/vereadores-derrubam-mais-um-veto-do-executivo\/\"> [...]<\/a>","protected":false},"author":8,"featured_media":0,"comment_status":"open","ping_status":"open","sticky":false,"template":"","format":"standard","meta":{"footnotes":""},"categories":[2],"tags":[],"class_list":["post-34687","post","type-post","status-publish","format-standard","hentry","category-noticias"],"yoast_head":"<!-- This site is optimized with the Yoast SEO plugin v28.1 - https:\/\/yoast.com\/product\/yoast-seo-wordpress\/ -->\n<title>Vereadores derrubam mais um veto do Executivo - ACE-Guarulhos<\/title>\n<meta name=\"robots\" content=\"index, follow, max-snippet:-1, max-image-preview:large, max-video-preview:-1\" \/>\n<link rel=\"canonical\" href=\"https:\/\/www.aceguarulhos.com.br\/blog\/vereadores-derrubam-mais-um-veto-do-executivo\/\" \/>\n<meta property=\"og:locale\" content=\"pt_BR\" \/>\n<meta property=\"og:type\" content=\"article\" \/>\n<meta property=\"og:title\" content=\"Vereadores derrubam mais um veto do Executivo - ACE-Guarulhos\" \/>\n<meta property=\"og:description\" content=\"Os vereadores derrubaram mais um veto do Executivo em Sess\u00e3o Ordin\u00e1ria realizada nesta quinta-feira, 19, e mantiveram a obrigatoriedade de realiza\u00e7\u00e3o do teste\" \/>\n<meta property=\"og:url\" content=\"https:\/\/www.aceguarulhos.com.br\/blog\/vereadores-derrubam-mais-um-veto-do-executivo\/\" \/>\n<meta property=\"og:site_name\" content=\"ACE-Guarulhos\" \/>\n<meta property=\"article:publisher\" content=\"https:\/\/www.facebook.com\/aceguarulhos\/\" \/>\n<meta property=\"article:published_time\" content=\"2009-03-23T10:07:39+00:00\" \/>\n<meta name=\"author\" content=\"Assessoria de Imprensa ACE-Guarulhos\" \/>\n<meta name=\"twitter:card\" content=\"summary_large_image\" \/>\n<meta name=\"twitter:label1\" content=\"Escrito por\" \/>\n\t<meta name=\"twitter:data1\" content=\"Assessoria de Imprensa ACE-Guarulhos\" \/>\n\t<meta name=\"twitter:label2\" content=\"Est. tempo de leitura\" \/>\n\t<meta name=\"twitter:data2\" content=\"3 minutos\" \/>\n<script type=\"application\/ld+json\" class=\"yoast-schema-graph\">{\"@context\":\"https:\\\/\\\/schema.org\",\"@graph\":[{\"@type\":\"Article\",\"@id\":\"https:\\\/\\\/www.aceguarulhos.com.br\\\/blog\\\/vereadores-derrubam-mais-um-veto-do-executivo\\\/#article\",\"isPartOf\":{\"@id\":\"https:\\\/\\\/www.aceguarulhos.com.br\\\/blog\\\/vereadores-derrubam-mais-um-veto-do-executivo\\\/\"},\"author\":{\"name\":\"Assessoria de Imprensa ACE-Guarulhos\",\"@id\":\"https:\\\/\\\/www.aceguarulhos.com.br\\\/blog\\\/#\\\/schema\\\/person\\\/6983b51bad37489989e4f09698c26237\"},\"headline\":\"Vereadores derrubam mais um veto do Executivo\",\"datePublished\":\"2009-03-23T10:07:39+00:00\",\"mainEntityOfPage\":{\"@id\":\"https:\\\/\\\/www.aceguarulhos.com.br\\\/blog\\\/vereadores-derrubam-mais-um-veto-do-executivo\\\/\"},\"wordCount\":540,\"commentCount\":0,\"publisher\":{\"@id\":\"https:\\\/\\\/www.aceguarulhos.com.br\\\/blog\\\/#organization\"},\"articleSection\":[\"Not\u00edcias\"],\"inLanguage\":\"pt-BR\"},{\"@type\":\"WebPage\",\"@id\":\"https:\\\/\\\/www.aceguarulhos.com.br\\\/blog\\\/vereadores-derrubam-mais-um-veto-do-executivo\\\/\",\"url\":\"https:\\\/\\\/www.aceguarulhos.com.br\\\/blog\\\/vereadores-derrubam-mais-um-veto-do-executivo\\\/\",\"name\":\"Vereadores derrubam mais um veto do Executivo - ACE-Guarulhos\",\"isPartOf\":{\"@id\":\"https:\\\/\\\/www.aceguarulhos.com.br\\\/blog\\\/#website\"},\"datePublished\":\"2009-03-23T10:07:39+00:00\",\"breadcrumb\":{\"@id\":\"https:\\\/\\\/www.aceguarulhos.com.br\\\/blog\\\/vereadores-derrubam-mais-um-veto-do-executivo\\\/#breadcrumb\"},\"inLanguage\":\"pt-BR\",\"potentialAction\":[{\"@type\":\"ReadAction\",\"target\":[\"https:\\\/\\\/www.aceguarulhos.com.br\\\/blog\\\/vereadores-derrubam-mais-um-veto-do-executivo\\\/\"]}]},{\"@type\":\"BreadcrumbList\",\"@id\":\"https:\\\/\\\/www.aceguarulhos.com.br\\\/blog\\\/vereadores-derrubam-mais-um-veto-do-executivo\\\/#breadcrumb\",\"itemListElement\":[{\"@type\":\"ListItem\",\"position\":1,\"name\":\"In\u00edcio\",\"item\":\"https:\\\/\\\/www.aceguarulhos.com.br\\\/blog\\\/\"},{\"@type\":\"ListItem\",\"position\":2,\"name\":\"Vereadores derrubam mais um veto do Executivo\"}]},{\"@type\":\"WebSite\",\"@id\":\"https:\\\/\\\/www.aceguarulhos.com.br\\\/blog\\\/#website\",\"url\":\"https:\\\/\\\/www.aceguarulhos.com.br\\\/blog\\\/\",\"name\":\"ACE-Guarulhos\",\"description\":\"A ACE-Guarulhos \u00e9 uma associa\u00e7\u00e3o que ap\u00f3ia os empres\u00e1rios guarulhenses atrav\u00e9s da representa\u00e7\u00e3o, da gera\u00e7\u00e3o de neg\u00f3cios e presta\u00e7\u00e3o de servi\u00e7os.\",\"publisher\":{\"@id\":\"https:\\\/\\\/www.aceguarulhos.com.br\\\/blog\\\/#organization\"},\"potentialAction\":[{\"@type\":\"SearchAction\",\"target\":{\"@type\":\"EntryPoint\",\"urlTemplate\":\"https:\\\/\\\/www.aceguarulhos.com.br\\\/blog\\\/?s={search_term_string}\"},\"query-input\":{\"@type\":\"PropertyValueSpecification\",\"valueRequired\":true,\"valueName\":\"search_term_string\"}}],\"inLanguage\":\"pt-BR\"},{\"@type\":\"Organization\",\"@id\":\"https:\\\/\\\/www.aceguarulhos.com.br\\\/blog\\\/#organization\",\"name\":\"ACE-Guarulhos\",\"url\":\"https:\\\/\\\/www.aceguarulhos.com.br\\\/blog\\\/\",\"logo\":{\"@type\":\"ImageObject\",\"inLanguage\":\"pt-BR\",\"@id\":\"https:\\\/\\\/www.aceguarulhos.com.br\\\/blog\\\/#\\\/schema\\\/logo\\\/image\\\/\",\"url\":\"https:\\\/\\\/www.aceguarulhos.com.br\\\/blog\\\/wp-content\\\/uploads\\\/2017\\\/12\\\/logo-aceguarulhos-2018.png\",\"contentUrl\":\"https:\\\/\\\/www.aceguarulhos.com.br\\\/blog\\\/wp-content\\\/uploads\\\/2017\\\/12\\\/logo-aceguarulhos-2018.png\",\"width\":419,\"height\":76,\"caption\":\"ACE-Guarulhos\"},\"image\":{\"@id\":\"https:\\\/\\\/www.aceguarulhos.com.br\\\/blog\\\/#\\\/schema\\\/logo\\\/image\\\/\"},\"sameAs\":[\"https:\\\/\\\/www.facebook.com\\\/aceguarulhos\\\/\",\"https:\\\/\\\/br.linkedin.com\\\/in\\\/ace-guarulhos-b9a97093\",\"https:\\\/\\\/www.youtube.com\\\/user\\\/aceguarulhos\"]},{\"@type\":\"Person\",\"@id\":\"https:\\\/\\\/www.aceguarulhos.com.br\\\/blog\\\/#\\\/schema\\\/person\\\/6983b51bad37489989e4f09698c26237\",\"name\":\"Assessoria de Imprensa ACE-Guarulhos\",\"image\":{\"@type\":\"ImageObject\",\"inLanguage\":\"pt-BR\",\"@id\":\"https:\\\/\\\/secure.gravatar.com\\\/avatar\\\/707f3fadd6918afeb64173ab22d8a8cb0676953098a4f31ff36dc2b4c699ef6a?s=96&d=mm&r=g\",\"url\":\"https:\\\/\\\/secure.gravatar.com\\\/avatar\\\/707f3fadd6918afeb64173ab22d8a8cb0676953098a4f31ff36dc2b4c699ef6a?s=96&d=mm&r=g\",\"contentUrl\":\"https:\\\/\\\/secure.gravatar.com\\\/avatar\\\/707f3fadd6918afeb64173ab22d8a8cb0676953098a4f31ff36dc2b4c699ef6a?s=96&d=mm&r=g\",\"caption\":\"Assessoria de Imprensa ACE-Guarulhos\"},\"url\":\"https:\\\/\\\/www.aceguarulhos.com.br\\\/blog\\\/author\\\/assessoria-de-imprensa-ace-guarulhos\\\/\"}]}<\/script>\n<!-- \/ Yoast SEO plugin. -->","yoast_head_json":{"title":"Vereadores derrubam mais um veto do Executivo - ACE-Guarulhos","robots":{"index":"index","follow":"follow","max-snippet":"max-snippet:-1","max-image-preview":"max-image-preview:large","max-video-preview":"max-video-preview:-1"},"canonical":"https:\/\/www.aceguarulhos.com.br\/blog\/vereadores-derrubam-mais-um-veto-do-executivo\/","og_locale":"pt_BR","og_type":"article","og_title":"Vereadores derrubam mais um veto do Executivo - ACE-Guarulhos","og_description":"Os vereadores derrubaram mais um veto do Executivo em Sess\u00e3o Ordin\u00e1ria realizada nesta quinta-feira, 19, e mantiveram a obrigatoriedade de realiza\u00e7\u00e3o do teste","og_url":"https:\/\/www.aceguarulhos.com.br\/blog\/vereadores-derrubam-mais-um-veto-do-executivo\/","og_site_name":"ACE-Guarulhos","article_publisher":"https:\/\/www.facebook.com\/aceguarulhos\/","article_published_time":"2009-03-23T10:07:39+00:00","author":"Assessoria de Imprensa ACE-Guarulhos","twitter_card":"summary_large_image","twitter_misc":{"Escrito por":"Assessoria de Imprensa ACE-Guarulhos","Est. tempo de leitura":"3 minutos"},"schema":{"@context":"https:\/\/schema.org","@graph":[{"@type":"Article","@id":"https:\/\/www.aceguarulhos.com.br\/blog\/vereadores-derrubam-mais-um-veto-do-executivo\/#article","isPartOf":{"@id":"https:\/\/www.aceguarulhos.com.br\/blog\/vereadores-derrubam-mais-um-veto-do-executivo\/"},"author":{"name":"Assessoria de Imprensa ACE-Guarulhos","@id":"https:\/\/www.aceguarulhos.com.br\/blog\/#\/schema\/person\/6983b51bad37489989e4f09698c26237"},"headline":"Vereadores derrubam mais um veto do Executivo","datePublished":"2009-03-23T10:07:39+00:00","mainEntityOfPage":{"@id":"https:\/\/www.aceguarulhos.com.br\/blog\/vereadores-derrubam-mais-um-veto-do-executivo\/"},"wordCount":540,"commentCount":0,"publisher":{"@id":"https:\/\/www.aceguarulhos.com.br\/blog\/#organization"},"articleSection":["Not\u00edcias"],"inLanguage":"pt-BR"},{"@type":"WebPage","@id":"https:\/\/www.aceguarulhos.com.br\/blog\/vereadores-derrubam-mais-um-veto-do-executivo\/","url":"https:\/\/www.aceguarulhos.com.br\/blog\/vereadores-derrubam-mais-um-veto-do-executivo\/","name":"Vereadores derrubam mais um veto do Executivo - ACE-Guarulhos","isPartOf":{"@id":"https:\/\/www.aceguarulhos.com.br\/blog\/#website"},"datePublished":"2009-03-23T10:07:39+00:00","breadcrumb":{"@id":"https:\/\/www.aceguarulhos.com.br\/blog\/vereadores-derrubam-mais-um-veto-do-executivo\/#breadcrumb"},"inLanguage":"pt-BR","potentialAction":[{"@type":"ReadAction","target":["https:\/\/www.aceguarulhos.com.br\/blog\/vereadores-derrubam-mais-um-veto-do-executivo\/"]}]},{"@type":"BreadcrumbList","@id":"https:\/\/www.aceguarulhos.com.br\/blog\/vereadores-derrubam-mais-um-veto-do-executivo\/#breadcrumb","itemListElement":[{"@type":"ListItem","position":1,"name":"In\u00edcio","item":"https:\/\/www.aceguarulhos.com.br\/blog\/"},{"@type":"ListItem","position":2,"name":"Vereadores derrubam mais um veto do Executivo"}]},{"@type":"WebSite","@id":"https:\/\/www.aceguarulhos.com.br\/blog\/#website","url":"https:\/\/www.aceguarulhos.com.br\/blog\/","name":"ACE-Guarulhos","description":"A ACE-Guarulhos \u00e9 uma associa\u00e7\u00e3o que ap\u00f3ia os empres\u00e1rios guarulhenses atrav\u00e9s da representa\u00e7\u00e3o, da gera\u00e7\u00e3o de neg\u00f3cios e presta\u00e7\u00e3o de servi\u00e7os.","publisher":{"@id":"https:\/\/www.aceguarulhos.com.br\/blog\/#organization"},"potentialAction":[{"@type":"SearchAction","target":{"@type":"EntryPoint","urlTemplate":"https:\/\/www.aceguarulhos.com.br\/blog\/?s={search_term_string}"},"query-input":{"@type":"PropertyValueSpecification","valueRequired":true,"valueName":"search_term_string"}}],"inLanguage":"pt-BR"},{"@type":"Organization","@id":"https:\/\/www.aceguarulhos.com.br\/blog\/#organization","name":"ACE-Guarulhos","url":"https:\/\/www.aceguarulhos.com.br\/blog\/","logo":{"@type":"ImageObject","inLanguage":"pt-BR","@id":"https:\/\/www.aceguarulhos.com.br\/blog\/#\/schema\/logo\/image\/","url":"https:\/\/www.aceguarulhos.com.br\/blog\/wp-content\/uploads\/2017\/12\/logo-aceguarulhos-2018.png","contentUrl":"https:\/\/www.aceguarulhos.com.br\/blog\/wp-content\/uploads\/2017\/12\/logo-aceguarulhos-2018.png","width":419,"height":76,"caption":"ACE-Guarulhos"},"image":{"@id":"https:\/\/www.aceguarulhos.com.br\/blog\/#\/schema\/logo\/image\/"},"sameAs":["https:\/\/www.facebook.com\/aceguarulhos\/","https:\/\/br.linkedin.com\/in\/ace-guarulhos-b9a97093","https:\/\/www.youtube.com\/user\/aceguarulhos"]},{"@type":"Person","@id":"https:\/\/www.aceguarulhos.com.br\/blog\/#\/schema\/person\/6983b51bad37489989e4f09698c26237","name":"Assessoria de Imprensa ACE-Guarulhos","image":{"@type":"ImageObject","inLanguage":"pt-BR","@id":"https:\/\/secure.gravatar.com\/avatar\/707f3fadd6918afeb64173ab22d8a8cb0676953098a4f31ff36dc2b4c699ef6a?s=96&d=mm&r=g","url":"https:\/\/secure.gravatar.com\/avatar\/707f3fadd6918afeb64173ab22d8a8cb0676953098a4f31ff36dc2b4c699ef6a?s=96&d=mm&r=g","contentUrl":"https:\/\/secure.gravatar.com\/avatar\/707f3fadd6918afeb64173ab22d8a8cb0676953098a4f31ff36dc2b4c699ef6a?s=96&d=mm&r=g","caption":"Assessoria de Imprensa ACE-Guarulhos"},"url":"https:\/\/www.aceguarulhos.com.br\/blog\/author\/assessoria-de-imprensa-ace-guarulhos\/"}]}},"wps_subtitle":"","amp_enabled":true,"_links":{"self":[{"href":"https:\/\/www.aceguarulhos.com.br\/blog\/wp-json\/wp\/v2\/posts\/34687","targetHints":{"allow":["GET"]}}],"collection":[{"href":"https:\/\/www.aceguarulhos.com.br\/blog\/wp-json\/wp\/v2\/posts"}],"about":[{"href":"https:\/\/www.aceguarulhos.com.br\/blog\/wp-json\/wp\/v2\/types\/post"}],"author":[{"embeddable":true,"href":"https:\/\/www.aceguarulhos.com.br\/blog\/wp-json\/wp\/v2\/users\/8"}],"replies":[{"embeddable":true,"href":"https:\/\/www.aceguarulhos.com.br\/blog\/wp-json\/wp\/v2\/comments?post=34687"}],"version-history":[{"count":0,"href":"https:\/\/www.aceguarulhos.com.br\/blog\/wp-json\/wp\/v2\/posts\/34687\/revisions"}],"wp:attachment":[{"href":"https:\/\/www.aceguarulhos.com.br\/blog\/wp-json\/wp\/v2\/media?parent=34687"}],"wp:term":[{"taxonomy":"category","embeddable":true,"href":"https:\/\/www.aceguarulhos.com.br\/blog\/wp-json\/wp\/v2\/categories?post=34687"},{"taxonomy":"post_tag","embeddable":true,"href":"https:\/\/www.aceguarulhos.com.br\/blog\/wp-json\/wp\/v2\/tags?post=34687"}],"curies":[{"name":"wp","href":"https:\/\/api.w.org\/{rel}","templated":true}]}}