{"id":34664,"date":"2009-03-18T10:10:01","date_gmt":"2009-03-18T10:10:01","guid":{"rendered":"http:\/\/www.aceguarulhos.com.br\/blog\/?p=34664"},"modified":"-0001-11-30T00:00:00","modified_gmt":"-0001-11-30T03:00:00","slug":"presidente-da-ace-anuncia-novos-diretores","status":"publish","type":"post","link":"https:\/\/www.aceguarulhos.com.br\/blog\/presidente-da-ace-anuncia-novos-diretores\/","title":{"rendered":"Presidente da ACE anuncia novos diretores"},"content":{"rendered":"<p>Ap\u00f3s todos os tr\u00e2mites legais previstos pelo estatuto da Associa\u00e7\u00e3o Comercial e Empresarial de Guarulhos (ACE) referente \u00e0 elei\u00e7\u00e3o da diretoria executiva da entidade e a proclama\u00e7\u00e3o da comiss\u00e3o eleitoral de sua reelei\u00e7\u00e3o, o empres\u00e1rio Wilson Louren\u00e7o come\u00e7ou a anunciar, ontem, os nomes que compor\u00e3o sua diretoria para o bi\u00eanio 2009\/2011.<\/p>\n<p><center><\/p>\n<p class=\"midia\" style=\"width: 420px;\"><img loading=\"lazy\" decoding=\"async\" src=\"\/blog\/wp-content\/uploads\/image.php?x=i&amp;i1=100&amp;i2=20090318100741\" title=\"Imprensa\/ACE\" width=\"420\" height=\"388\"><br \/>Marco Aur\u00e9lio: diretor jur\u00eddico<\/p>\n<p><\/center><\/p>\n<p>O departamento jur\u00eddico da ACE ganhou um novo diretor. Trata-se do advogado Marco Aur\u00e9lio Ferreira, que assumiu no lugar de \u00c1lvaro Bernadino, que deixa a entidade para se dedicar a projetos pessoais.<\/p>\n<p>A regi\u00e3o do Tabo\u00e3o passar\u00e1 a contar com uma diretoria regional. O escolhido para o cargo foi o engenheiro Eduardo Martins. Al\u00e9m de ser a liga\u00e7\u00e3o entre a Associa\u00e7\u00e3o Comercial e os empres\u00e1rios da regi\u00e3o, Martins, que tamb\u00e9m faz parte da Associa\u00e7\u00e3o dos Engenheiros, Arquitetos e Agr\u00f4nomos do Munic\u00edpio de Guarulhos (ASSEAG), promete estreitar o relacionamento entre as duas entidades. \u201cFico feliz em me tornar o canal entre a ACE e os empreendedores do Tabo\u00e3o que h\u00e1 muito tempo queriam se aproximar da entidade. Mas terei, tamb\u00e9m, a responsabilidade de estreitar o relacionamento com os profissionais ligados da ASSEAG\u201d, disse.<\/p>\n<p><center><\/p>\n<p class=\"midia\" style=\"width: 420px;\"><img loading=\"lazy\" decoding=\"async\" src=\"\/blog\/wp-content\/uploads\/image.php?x=i&amp;i1=100&amp;i2=20090318100837\" title=\"Imprensa\/ACE\" width=\"420\" height=\"407\"><br \/>Eduardo Martins: diretor regional do Tabo\u00e3o<\/p>\n<p><\/center><\/p>\n<p>Empres\u00e1rio com larga experi\u00eancia em comunica\u00e7\u00e3o e marketing em Guarulhos, Jacques Miranda assumiu a diretoria de marketing. \u201cPor mais que n\u00e3o tenha participado ativamente da primeira elei\u00e7\u00e3o do presidente Wilson Louren\u00e7o, nunca deixei de estar pr\u00f3ximo a entidade. Pretendo, agora, ajudar a elevar ainda mais o trabalho do departamento\u201d, falou.<\/p>\n<p><center><\/p>\n<p class=\"midia\" style=\"width: 419px;\"><img loading=\"lazy\" decoding=\"async\" src=\"\/blog\/wp-content\/uploads\/image.php?x=i&amp;i1=100&amp;i2=20090318100917\" title=\"Imprensa\/ACE\" width=\"419\" height=\"420\"><br \/>Jacques Miranda: diretor de marketing<\/p>\n<p><\/center><\/p>\n<p>Ap\u00f3s dois anos afastados das atividades da Associa\u00e7\u00e3o Comercial, o empres\u00e1rio Tony Rap\u00e9 foi convencido por Wilson Louren\u00e7o a voltar a ajudar no trabalho de divulga\u00e7\u00e3o do associativismo e do empreendedorismo. Rap\u00e9 assume, novamente, a 1\u00aa Secretaria da entidade, cargo este que ocupou durante a gest\u00e3o do ex-presidente Decio Pomp\u00eao Junior.<\/p>\n<p><center><\/p>\n<p class=\"midia\" style=\"width: 337px;\"><img loading=\"lazy\" decoding=\"async\" src=\"\/blog\/wp-content\/uploads\/image.php?x=i&amp;i1=100&amp;i2=20090318100949\" title=\"Imprensa\/ACE\" width=\"337\" height=\"420\"><br \/>Tony Rap\u00e9: 1\u00ba Secret\u00e1rio<\/p>\n<p><\/center><\/p>\n<p>Louren\u00e7o disse aos seus diretores que a entidade continua com objetivo de aumentar sua representatividade nas regi\u00f5es comerciais da cidade e incentivou os associados a participarem ativamente das decis\u00f5es da ACE. \u201cA diretoria precisa contar com o empenho de empreendedores comprometidos com o associativismo, s\u00f3 assim continuaremos a construir uma entidade cada vez mais forte\u201d, afirmou.<\/p>\n","protected":false},"excerpt":{"rendered":"nomes come\u00e7aram a ser divulgados ap\u00f3s reelei\u00e7\u00e3o de Louren\u00e7o para o bin\u00eanio 2009\/2011; regi\u00f5es comerciais de Guarulhos contar\u00e3o com representantes\n<a class=\"moretag\" href=\"https:\/\/www.aceguarulhos.com.br\/blog\/presidente-da-ace-anuncia-novos-diretores\/\"> [...]<\/a>","protected":false},"author":8,"featured_media":0,"comment_status":"open","ping_status":"open","sticky":false,"template":"","format":"standard","meta":{"footnotes":""},"categories":[2],"tags":[],"class_list":["post-34664","post","type-post","status-publish","format-standard","hentry","category-noticias"],"yoast_head":"<!-- This site is optimized with the Yoast SEO plugin v28.1 - https:\/\/yoast.com\/product\/yoast-seo-wordpress\/ -->\n<title>Presidente da ACE anuncia novos diretores - ACE-Guarulhos<\/title>\n<meta name=\"robots\" content=\"index, follow, max-snippet:-1, max-image-preview:large, max-video-preview:-1\" \/>\n<link rel=\"canonical\" href=\"https:\/\/www.aceguarulhos.com.br\/blog\/presidente-da-ace-anuncia-novos-diretores\/\" \/>\n<meta property=\"og:locale\" content=\"pt_BR\" \/>\n<meta property=\"og:type\" content=\"article\" \/>\n<meta property=\"og:title\" content=\"Presidente da ACE anuncia novos diretores - ACE-Guarulhos\" \/>\n<meta property=\"og:description\" content=\"nomes come\u00e7aram a ser divulgados ap\u00f3s reelei\u00e7\u00e3o de Louren\u00e7o para o bin\u00eanio 2009\/2011; regi\u00f5es comerciais de Guarulhos contar\u00e3o com representantes\" \/>\n<meta property=\"og:url\" content=\"https:\/\/www.aceguarulhos.com.br\/blog\/presidente-da-ace-anuncia-novos-diretores\/\" \/>\n<meta property=\"og:site_name\" content=\"ACE-Guarulhos\" \/>\n<meta property=\"article:publisher\" content=\"https:\/\/www.facebook.com\/aceguarulhos\/\" \/>\n<meta property=\"article:published_time\" content=\"2009-03-18T10:10:01+00:00\" \/>\n<meta property=\"og:image\" content=\"https:\/\/www.aceguarulhos.com.br\/blog\/wp-content\/uploads\/image.php\" \/>\n<meta name=\"author\" content=\"Assessoria de Imprensa ACE-Guarulhos\" \/>\n<meta name=\"twitter:card\" content=\"summary_large_image\" \/>\n<meta name=\"twitter:label1\" content=\"Escrito por\" \/>\n\t<meta name=\"twitter:data1\" content=\"Assessoria de Imprensa ACE-Guarulhos\" \/>\n\t<meta name=\"twitter:label2\" content=\"Est. tempo de leitura\" \/>\n\t<meta name=\"twitter:data2\" content=\"2 minutos\" \/>\n<script type=\"application\/ld+json\" class=\"yoast-schema-graph\">{\"@context\":\"https:\\\/\\\/schema.org\",\"@graph\":[{\"@type\":\"Article\",\"@id\":\"https:\\\/\\\/www.aceguarulhos.com.br\\\/blog\\\/presidente-da-ace-anuncia-novos-diretores\\\/#article\",\"isPartOf\":{\"@id\":\"https:\\\/\\\/www.aceguarulhos.com.br\\\/blog\\\/presidente-da-ace-anuncia-novos-diretores\\\/\"},\"author\":{\"name\":\"Assessoria de Imprensa ACE-Guarulhos\",\"@id\":\"https:\\\/\\\/www.aceguarulhos.com.br\\\/blog\\\/#\\\/schema\\\/person\\\/6983b51bad37489989e4f09698c26237\"},\"headline\":\"Presidente da ACE anuncia novos diretores\",\"datePublished\":\"2009-03-18T10:10:01+00:00\",\"mainEntityOfPage\":{\"@id\":\"https:\\\/\\\/www.aceguarulhos.com.br\\\/blog\\\/presidente-da-ace-anuncia-novos-diretores\\\/\"},\"wordCount\":409,\"commentCount\":0,\"publisher\":{\"@id\":\"https:\\\/\\\/www.aceguarulhos.com.br\\\/blog\\\/#organization\"},\"articleSection\":[\"Not\u00edcias\"],\"inLanguage\":\"pt-BR\"},{\"@type\":\"WebPage\",\"@id\":\"https:\\\/\\\/www.aceguarulhos.com.br\\\/blog\\\/presidente-da-ace-anuncia-novos-diretores\\\/\",\"url\":\"https:\\\/\\\/www.aceguarulhos.com.br\\\/blog\\\/presidente-da-ace-anuncia-novos-diretores\\\/\",\"name\":\"Presidente da ACE anuncia novos diretores - ACE-Guarulhos\",\"isPartOf\":{\"@id\":\"https:\\\/\\\/www.aceguarulhos.com.br\\\/blog\\\/#website\"},\"datePublished\":\"2009-03-18T10:10:01+00:00\",\"breadcrumb\":{\"@id\":\"https:\\\/\\\/www.aceguarulhos.com.br\\\/blog\\\/presidente-da-ace-anuncia-novos-diretores\\\/#breadcrumb\"},\"inLanguage\":\"pt-BR\",\"potentialAction\":[{\"@type\":\"ReadAction\",\"target\":[\"https:\\\/\\\/www.aceguarulhos.com.br\\\/blog\\\/presidente-da-ace-anuncia-novos-diretores\\\/\"]}]},{\"@type\":\"BreadcrumbList\",\"@id\":\"https:\\\/\\\/www.aceguarulhos.com.br\\\/blog\\\/presidente-da-ace-anuncia-novos-diretores\\\/#breadcrumb\",\"itemListElement\":[{\"@type\":\"ListItem\",\"position\":1,\"name\":\"In\u00edcio\",\"item\":\"https:\\\/\\\/www.aceguarulhos.com.br\\\/blog\\\/\"},{\"@type\":\"ListItem\",\"position\":2,\"name\":\"Presidente da ACE anuncia novos diretores\"}]},{\"@type\":\"WebSite\",\"@id\":\"https:\\\/\\\/www.aceguarulhos.com.br\\\/blog\\\/#website\",\"url\":\"https:\\\/\\\/www.aceguarulhos.com.br\\\/blog\\\/\",\"name\":\"ACE-Guarulhos\",\"description\":\"A ACE-Guarulhos \u00e9 uma associa\u00e7\u00e3o que ap\u00f3ia os empres\u00e1rios guarulhenses atrav\u00e9s da representa\u00e7\u00e3o, da gera\u00e7\u00e3o de neg\u00f3cios e presta\u00e7\u00e3o de servi\u00e7os.\",\"publisher\":{\"@id\":\"https:\\\/\\\/www.aceguarulhos.com.br\\\/blog\\\/#organization\"},\"potentialAction\":[{\"@type\":\"SearchAction\",\"target\":{\"@type\":\"EntryPoint\",\"urlTemplate\":\"https:\\\/\\\/www.aceguarulhos.com.br\\\/blog\\\/?s={search_term_string}\"},\"query-input\":{\"@type\":\"PropertyValueSpecification\",\"valueRequired\":true,\"valueName\":\"search_term_string\"}}],\"inLanguage\":\"pt-BR\"},{\"@type\":\"Organization\",\"@id\":\"https:\\\/\\\/www.aceguarulhos.com.br\\\/blog\\\/#organization\",\"name\":\"ACE-Guarulhos\",\"url\":\"https:\\\/\\\/www.aceguarulhos.com.br\\\/blog\\\/\",\"logo\":{\"@type\":\"ImageObject\",\"inLanguage\":\"pt-BR\",\"@id\":\"https:\\\/\\\/www.aceguarulhos.com.br\\\/blog\\\/#\\\/schema\\\/logo\\\/image\\\/\",\"url\":\"https:\\\/\\\/www.aceguarulhos.com.br\\\/blog\\\/wp-content\\\/uploads\\\/2017\\\/12\\\/logo-aceguarulhos-2018.png\",\"contentUrl\":\"https:\\\/\\\/www.aceguarulhos.com.br\\\/blog\\\/wp-content\\\/uploads\\\/2017\\\/12\\\/logo-aceguarulhos-2018.png\",\"width\":419,\"height\":76,\"caption\":\"ACE-Guarulhos\"},\"image\":{\"@id\":\"https:\\\/\\\/www.aceguarulhos.com.br\\\/blog\\\/#\\\/schema\\\/logo\\\/image\\\/\"},\"sameAs\":[\"https:\\\/\\\/www.facebook.com\\\/aceguarulhos\\\/\",\"https:\\\/\\\/br.linkedin.com\\\/in\\\/ace-guarulhos-b9a97093\",\"https:\\\/\\\/www.youtube.com\\\/user\\\/aceguarulhos\"]},{\"@type\":\"Person\",\"@id\":\"https:\\\/\\\/www.aceguarulhos.com.br\\\/blog\\\/#\\\/schema\\\/person\\\/6983b51bad37489989e4f09698c26237\",\"name\":\"Assessoria de Imprensa ACE-Guarulhos\",\"image\":{\"@type\":\"ImageObject\",\"inLanguage\":\"pt-BR\",\"@id\":\"https:\\\/\\\/secure.gravatar.com\\\/avatar\\\/707f3fadd6918afeb64173ab22d8a8cb0676953098a4f31ff36dc2b4c699ef6a?s=96&d=mm&r=g\",\"url\":\"https:\\\/\\\/secure.gravatar.com\\\/avatar\\\/707f3fadd6918afeb64173ab22d8a8cb0676953098a4f31ff36dc2b4c699ef6a?s=96&d=mm&r=g\",\"contentUrl\":\"https:\\\/\\\/secure.gravatar.com\\\/avatar\\\/707f3fadd6918afeb64173ab22d8a8cb0676953098a4f31ff36dc2b4c699ef6a?s=96&d=mm&r=g\",\"caption\":\"Assessoria de Imprensa ACE-Guarulhos\"},\"url\":\"https:\\\/\\\/www.aceguarulhos.com.br\\\/blog\\\/author\\\/assessoria-de-imprensa-ace-guarulhos\\\/\"}]}<\/script>\n<!-- \/ Yoast SEO plugin. -->","yoast_head_json":{"title":"Presidente da ACE anuncia novos diretores - ACE-Guarulhos","robots":{"index":"index","follow":"follow","max-snippet":"max-snippet:-1","max-image-preview":"max-image-preview:large","max-video-preview":"max-video-preview:-1"},"canonical":"https:\/\/www.aceguarulhos.com.br\/blog\/presidente-da-ace-anuncia-novos-diretores\/","og_locale":"pt_BR","og_type":"article","og_title":"Presidente da ACE anuncia novos diretores - ACE-Guarulhos","og_description":"nomes come\u00e7aram a ser divulgados ap\u00f3s reelei\u00e7\u00e3o de Louren\u00e7o para o bin\u00eanio 2009\/2011; regi\u00f5es comerciais de Guarulhos contar\u00e3o com representantes","og_url":"https:\/\/www.aceguarulhos.com.br\/blog\/presidente-da-ace-anuncia-novos-diretores\/","og_site_name":"ACE-Guarulhos","article_publisher":"https:\/\/www.facebook.com\/aceguarulhos\/","article_published_time":"2009-03-18T10:10:01+00:00","og_image":[{"url":"https:\/\/www.aceguarulhos.com.br\/blog\/wp-content\/uploads\/image.php","type":"","width":"","height":""}],"author":"Assessoria de Imprensa ACE-Guarulhos","twitter_card":"summary_large_image","twitter_misc":{"Escrito por":"Assessoria de Imprensa ACE-Guarulhos","Est. tempo de leitura":"2 minutos"},"schema":{"@context":"https:\/\/schema.org","@graph":[{"@type":"Article","@id":"https:\/\/www.aceguarulhos.com.br\/blog\/presidente-da-ace-anuncia-novos-diretores\/#article","isPartOf":{"@id":"https:\/\/www.aceguarulhos.com.br\/blog\/presidente-da-ace-anuncia-novos-diretores\/"},"author":{"name":"Assessoria de Imprensa ACE-Guarulhos","@id":"https:\/\/www.aceguarulhos.com.br\/blog\/#\/schema\/person\/6983b51bad37489989e4f09698c26237"},"headline":"Presidente da ACE anuncia novos diretores","datePublished":"2009-03-18T10:10:01+00:00","mainEntityOfPage":{"@id":"https:\/\/www.aceguarulhos.com.br\/blog\/presidente-da-ace-anuncia-novos-diretores\/"},"wordCount":409,"commentCount":0,"publisher":{"@id":"https:\/\/www.aceguarulhos.com.br\/blog\/#organization"},"articleSection":["Not\u00edcias"],"inLanguage":"pt-BR"},{"@type":"WebPage","@id":"https:\/\/www.aceguarulhos.com.br\/blog\/presidente-da-ace-anuncia-novos-diretores\/","url":"https:\/\/www.aceguarulhos.com.br\/blog\/presidente-da-ace-anuncia-novos-diretores\/","name":"Presidente da ACE anuncia novos diretores - ACE-Guarulhos","isPartOf":{"@id":"https:\/\/www.aceguarulhos.com.br\/blog\/#website"},"datePublished":"2009-03-18T10:10:01+00:00","breadcrumb":{"@id":"https:\/\/www.aceguarulhos.com.br\/blog\/presidente-da-ace-anuncia-novos-diretores\/#breadcrumb"},"inLanguage":"pt-BR","potentialAction":[{"@type":"ReadAction","target":["https:\/\/www.aceguarulhos.com.br\/blog\/presidente-da-ace-anuncia-novos-diretores\/"]}]},{"@type":"BreadcrumbList","@id":"https:\/\/www.aceguarulhos.com.br\/blog\/presidente-da-ace-anuncia-novos-diretores\/#breadcrumb","itemListElement":[{"@type":"ListItem","position":1,"name":"In\u00edcio","item":"https:\/\/www.aceguarulhos.com.br\/blog\/"},{"@type":"ListItem","position":2,"name":"Presidente da ACE anuncia novos diretores"}]},{"@type":"WebSite","@id":"https:\/\/www.aceguarulhos.com.br\/blog\/#website","url":"https:\/\/www.aceguarulhos.com.br\/blog\/","name":"ACE-Guarulhos","description":"A ACE-Guarulhos \u00e9 uma associa\u00e7\u00e3o que ap\u00f3ia os empres\u00e1rios guarulhenses atrav\u00e9s da representa\u00e7\u00e3o, da gera\u00e7\u00e3o de neg\u00f3cios e presta\u00e7\u00e3o de servi\u00e7os.","publisher":{"@id":"https:\/\/www.aceguarulhos.com.br\/blog\/#organization"},"potentialAction":[{"@type":"SearchAction","target":{"@type":"EntryPoint","urlTemplate":"https:\/\/www.aceguarulhos.com.br\/blog\/?s={search_term_string}"},"query-input":{"@type":"PropertyValueSpecification","valueRequired":true,"valueName":"search_term_string"}}],"inLanguage":"pt-BR"},{"@type":"Organization","@id":"https:\/\/www.aceguarulhos.com.br\/blog\/#organization","name":"ACE-Guarulhos","url":"https:\/\/www.aceguarulhos.com.br\/blog\/","logo":{"@type":"ImageObject","inLanguage":"pt-BR","@id":"https:\/\/www.aceguarulhos.com.br\/blog\/#\/schema\/logo\/image\/","url":"https:\/\/www.aceguarulhos.com.br\/blog\/wp-content\/uploads\/2017\/12\/logo-aceguarulhos-2018.png","contentUrl":"https:\/\/www.aceguarulhos.com.br\/blog\/wp-content\/uploads\/2017\/12\/logo-aceguarulhos-2018.png","width":419,"height":76,"caption":"ACE-Guarulhos"},"image":{"@id":"https:\/\/www.aceguarulhos.com.br\/blog\/#\/schema\/logo\/image\/"},"sameAs":["https:\/\/www.facebook.com\/aceguarulhos\/","https:\/\/br.linkedin.com\/in\/ace-guarulhos-b9a97093","https:\/\/www.youtube.com\/user\/aceguarulhos"]},{"@type":"Person","@id":"https:\/\/www.aceguarulhos.com.br\/blog\/#\/schema\/person\/6983b51bad37489989e4f09698c26237","name":"Assessoria de Imprensa ACE-Guarulhos","image":{"@type":"ImageObject","inLanguage":"pt-BR","@id":"https:\/\/secure.gravatar.com\/avatar\/707f3fadd6918afeb64173ab22d8a8cb0676953098a4f31ff36dc2b4c699ef6a?s=96&d=mm&r=g","url":"https:\/\/secure.gravatar.com\/avatar\/707f3fadd6918afeb64173ab22d8a8cb0676953098a4f31ff36dc2b4c699ef6a?s=96&d=mm&r=g","contentUrl":"https:\/\/secure.gravatar.com\/avatar\/707f3fadd6918afeb64173ab22d8a8cb0676953098a4f31ff36dc2b4c699ef6a?s=96&d=mm&r=g","caption":"Assessoria de Imprensa ACE-Guarulhos"},"url":"https:\/\/www.aceguarulhos.com.br\/blog\/author\/assessoria-de-imprensa-ace-guarulhos\/"}]}},"wps_subtitle":"","amp_enabled":true,"_links":{"self":[{"href":"https:\/\/www.aceguarulhos.com.br\/blog\/wp-json\/wp\/v2\/posts\/34664","targetHints":{"allow":["GET"]}}],"collection":[{"href":"https:\/\/www.aceguarulhos.com.br\/blog\/wp-json\/wp\/v2\/posts"}],"about":[{"href":"https:\/\/www.aceguarulhos.com.br\/blog\/wp-json\/wp\/v2\/types\/post"}],"author":[{"embeddable":true,"href":"https:\/\/www.aceguarulhos.com.br\/blog\/wp-json\/wp\/v2\/users\/8"}],"replies":[{"embeddable":true,"href":"https:\/\/www.aceguarulhos.com.br\/blog\/wp-json\/wp\/v2\/comments?post=34664"}],"version-history":[{"count":0,"href":"https:\/\/www.aceguarulhos.com.br\/blog\/wp-json\/wp\/v2\/posts\/34664\/revisions"}],"wp:attachment":[{"href":"https:\/\/www.aceguarulhos.com.br\/blog\/wp-json\/wp\/v2\/media?parent=34664"}],"wp:term":[{"taxonomy":"category","embeddable":true,"href":"https:\/\/www.aceguarulhos.com.br\/blog\/wp-json\/wp\/v2\/categories?post=34664"},{"taxonomy":"post_tag","embeddable":true,"href":"https:\/\/www.aceguarulhos.com.br\/blog\/wp-json\/wp\/v2\/tags?post=34664"}],"curies":[{"name":"wp","href":"https:\/\/api.w.org\/{rel}","templated":true}]}}