{"id":34661,"date":"2009-03-17T11:00:13","date_gmt":"2009-03-17T11:00:13","guid":{"rendered":"http:\/\/www.aceguarulhos.com.br\/blog\/?p=34661"},"modified":"-0001-11-30T00:00:00","modified_gmt":"-0001-11-30T03:00:00","slug":"semin%c3%a1rio-sobre-sped-acontece-nesta-sexta-feira","status":"publish","type":"post","link":"https:\/\/www.aceguarulhos.com.br\/blog\/semin%c3%a1rio-sobre-sped-acontece-nesta-sexta-feira\/","title":{"rendered":"Semin\u00e1rio sobre SPED acontece nesta sexta-feira"},"content":{"rendered":"<p>A Associa\u00e7\u00e3o Comercial e Empresarial de Guarulhos (ACE), em parceria com a Laet Advogados Associados, realiza nesta sexta-feira, 20, das 8h \u00e0s 12h, o semin\u00e1rio \u201cSPED \u2013 Sistema P\u00fablico de Escritura\u00e7\u00e3o Fiscal &#8211; A vis\u00e3o dos Empres\u00e1rios e da Secretaria da Fazenda \u2013 Implanta\u00e7\u00e3o e Benef\u00edcios\u201d.<\/p>\n<p>O encontro, que ser\u00e1 gratuito, \u00e9 voltado para o setor empresarial, especialmente o contabilista, que tem d\u00favidas sobre a nova solu\u00e7\u00e3o tecnol\u00f3gica que oficializa os arquivos digitais das escritura\u00e7\u00f5es fiscal e cont\u00e1bil dos sistemas empresariais dentro de um formato digital espec\u00edfico e padronizado.<\/p>\n<p>Para falar sobre o assunto, a organiza\u00e7\u00e3o do semin\u00e1rio contar\u00e1 com a presen\u00e7a de especialistas no SPED. O coordenador das empresas piloto do SPED e Nota Fiscal Eletr\u00f4nica, Paulo Roberto da Silva, falar\u00e1 da vis\u00e3o dos empres\u00e1rios sobre o Sistema P\u00fablico de Escritura\u00e7\u00e3o Digital. Por outro lado, Newton Oller de Mello, coordenador de Planejamento Estrat\u00e9gico e Moderniza\u00e7\u00e3o, e Valter Pedro, delegado regional tribut\u00e1rio, ambos da Secretaria da Fazenda mostrar\u00e3o a vis\u00e3o do poder p\u00fablico sobre o assunto.<\/p>\n<p>Alfredo dos Santos, da Secretaria da Fazenda, disse que o semin\u00e1rio quer trazer uma mensagem dos empres\u00e1rios que j\u00e1 implementaram o sistema, sobretudo, mostrar as dificuldades e os benef\u00edcios do SPED. Ele ressalta a import\u00e2ncia da participa\u00e7\u00e3o de professores e universit\u00e1rios no encontro. \u201cSeria muito interessante a participa\u00e7\u00e3o de professores e alunos de universidades j\u00e1 que departamentos de recursos humanos tem reclamado da defici\u00eancia de conhecimentos de novos profissionais sobre o SPED\u201d, ressaltou.<\/p>\n<p>Informa\u00e7\u00f5es sobre o semin\u00e1rio atrav\u00e9s da Central de Relacionamento: (11) 2137-9333, ou pelo site, www.aceguarulhos.com.br . A UnG fica na Pra\u00e7a Tereza Cristina, n\u00ba 1, centro.<br \/><b><br \/>Programa\u00e7\u00e3o:<\/b><\/p>\n<p><i>08h00 &#8211; Credenciamento e Caf\u00e9 de Boas Vindas;<br \/>08h45 &#8211; Abertura do Evento; <br \/>09h00 \u2013 &#8220;SPED: A Vis\u00e3o dos Empres\u00e1rios&#8221; &#8211; Paulo Roberto da Silva &#8211; Coordenador das empresas pilotos do SPED e NF-e Eletr\u00f4nica &#8211; Gerdau; <br \/>SPED e o Processo de Adequa\u00e7\u00e3o das Organiza\u00e7\u00f5es &#8211; a Experi\u00eancia da Umicore do Brasil &#8211; Jeanete V. Portela &#8211; Advogado, Especialista em Direito Tribut\u00e1rio e Diretor Adj. de Administra\u00e7\u00e3o &amp; Assuntos Institucionais da Umicore do Brasil;<br \/>10h 45 &#8211; &#8220;SPED &#8211; A Vis\u00e3o da Secretaria da Fazenda&#8221;<br \/>\u2022&nbsp;&nbsp;&nbsp; Nota Fiscal Eletr\u00f4nica NF-e e Conhecimento de Transporte Eletr\u00f4nico &#8211; CT: Newton Oller de Mello &#8211; Coordenador do CPM &#8211; Coordenadoria de Planejamento Estrat\u00e9gico e Moderniza\u00e7\u00e3o Fazend\u00e1ria &#8211; Secretaria da Fazenda do Estado de S\u00e3o Paulo;<br \/>\u2022&nbsp;&nbsp;&nbsp; Representantes da Receita Federal do Brasil, Secretaria da Fazenda Estadual e Secret\u00e1rio de Finan\u00e7as do Munic\u00edpio de Guarulhos;<br \/>Debate\/ Abertura para perguntas; <\/i><\/p>\n","protected":false},"excerpt":{"rendered":"A Associa\u00e7\u00e3o Comercial e Empresarial de Guarulhos (ACE), em parceria com a Laet Advogados Associados, realiza nesta sexta-feira, 20, das 8h \u00e0s 12h, \n<a class=\"moretag\" href=\"https:\/\/www.aceguarulhos.com.br\/blog\/semin%c3%a1rio-sobre-sped-acontece-nesta-sexta-feira\/\"> [...]<\/a>","protected":false},"author":8,"featured_media":0,"comment_status":"open","ping_status":"open","sticky":false,"template":"","format":"standard","meta":{"footnotes":""},"categories":[2],"tags":[],"class_list":["post-34661","post","type-post","status-publish","format-standard","hentry","category-noticias"],"yoast_head":"<!-- This site is optimized with the Yoast SEO plugin v28.1 - https:\/\/yoast.com\/product\/yoast-seo-wordpress\/ -->\n<title>Semin\u00e1rio sobre SPED acontece nesta sexta-feira - ACE-Guarulhos<\/title>\n<meta name=\"robots\" content=\"index, follow, max-snippet:-1, max-image-preview:large, max-video-preview:-1\" \/>\n<link rel=\"canonical\" href=\"https:\/\/www.aceguarulhos.com.br\/blog\/semin\u00e1rio-sobre-sped-acontece-nesta-sexta-feira\/\" \/>\n<meta property=\"og:locale\" content=\"pt_BR\" \/>\n<meta property=\"og:type\" content=\"article\" \/>\n<meta property=\"og:title\" content=\"Semin\u00e1rio sobre SPED acontece nesta sexta-feira - ACE-Guarulhos\" \/>\n<meta property=\"og:description\" content=\"A Associa\u00e7\u00e3o Comercial e Empresarial de Guarulhos (ACE), em parceria com a Laet Advogados Associados, realiza nesta sexta-feira, 20, das 8h \u00e0s 12h,\" \/>\n<meta property=\"og:url\" content=\"https:\/\/www.aceguarulhos.com.br\/blog\/semin\u00e1rio-sobre-sped-acontece-nesta-sexta-feira\/\" \/>\n<meta property=\"og:site_name\" content=\"ACE-Guarulhos\" \/>\n<meta property=\"article:publisher\" content=\"https:\/\/www.facebook.com\/aceguarulhos\/\" \/>\n<meta property=\"article:published_time\" content=\"2009-03-17T11:00:13+00:00\" \/>\n<meta name=\"author\" content=\"Assessoria de Imprensa ACE-Guarulhos\" \/>\n<meta name=\"twitter:card\" content=\"summary_large_image\" \/>\n<meta name=\"twitter:label1\" content=\"Escrito por\" \/>\n\t<meta name=\"twitter:data1\" content=\"Assessoria de Imprensa ACE-Guarulhos\" \/>\n\t<meta name=\"twitter:label2\" content=\"Est. tempo de leitura\" \/>\n\t<meta name=\"twitter:data2\" content=\"2 minutos\" \/>\n<script type=\"application\/ld+json\" class=\"yoast-schema-graph\">{\"@context\":\"https:\\\/\\\/schema.org\",\"@graph\":[{\"@type\":\"Article\",\"@id\":\"https:\\\/\\\/www.aceguarulhos.com.br\\\/blog\\\/semin%c3%a1rio-sobre-sped-acontece-nesta-sexta-feira\\\/#article\",\"isPartOf\":{\"@id\":\"https:\\\/\\\/www.aceguarulhos.com.br\\\/blog\\\/semin%c3%a1rio-sobre-sped-acontece-nesta-sexta-feira\\\/\"},\"author\":{\"name\":\"Assessoria de Imprensa ACE-Guarulhos\",\"@id\":\"https:\\\/\\\/www.aceguarulhos.com.br\\\/blog\\\/#\\\/schema\\\/person\\\/6983b51bad37489989e4f09698c26237\"},\"headline\":\"Semin\u00e1rio sobre SPED acontece nesta sexta-feira\",\"datePublished\":\"2009-03-17T11:00:13+00:00\",\"mainEntityOfPage\":{\"@id\":\"https:\\\/\\\/www.aceguarulhos.com.br\\\/blog\\\/semin%c3%a1rio-sobre-sped-acontece-nesta-sexta-feira\\\/\"},\"wordCount\":475,\"commentCount\":0,\"publisher\":{\"@id\":\"https:\\\/\\\/www.aceguarulhos.com.br\\\/blog\\\/#organization\"},\"articleSection\":[\"Not\u00edcias\"],\"inLanguage\":\"pt-BR\"},{\"@type\":\"WebPage\",\"@id\":\"https:\\\/\\\/www.aceguarulhos.com.br\\\/blog\\\/semin%c3%a1rio-sobre-sped-acontece-nesta-sexta-feira\\\/\",\"url\":\"https:\\\/\\\/www.aceguarulhos.com.br\\\/blog\\\/semin%c3%a1rio-sobre-sped-acontece-nesta-sexta-feira\\\/\",\"name\":\"Semin\u00e1rio sobre SPED acontece nesta sexta-feira - ACE-Guarulhos\",\"isPartOf\":{\"@id\":\"https:\\\/\\\/www.aceguarulhos.com.br\\\/blog\\\/#website\"},\"datePublished\":\"2009-03-17T11:00:13+00:00\",\"breadcrumb\":{\"@id\":\"https:\\\/\\\/www.aceguarulhos.com.br\\\/blog\\\/semin%c3%a1rio-sobre-sped-acontece-nesta-sexta-feira\\\/#breadcrumb\"},\"inLanguage\":\"pt-BR\",\"potentialAction\":[{\"@type\":\"ReadAction\",\"target\":[\"https:\\\/\\\/www.aceguarulhos.com.br\\\/blog\\\/semin%c3%a1rio-sobre-sped-acontece-nesta-sexta-feira\\\/\"]}]},{\"@type\":\"BreadcrumbList\",\"@id\":\"https:\\\/\\\/www.aceguarulhos.com.br\\\/blog\\\/semin%c3%a1rio-sobre-sped-acontece-nesta-sexta-feira\\\/#breadcrumb\",\"itemListElement\":[{\"@type\":\"ListItem\",\"position\":1,\"name\":\"In\u00edcio\",\"item\":\"https:\\\/\\\/www.aceguarulhos.com.br\\\/blog\\\/\"},{\"@type\":\"ListItem\",\"position\":2,\"name\":\"Semin\u00e1rio sobre SPED acontece nesta sexta-feira\"}]},{\"@type\":\"WebSite\",\"@id\":\"https:\\\/\\\/www.aceguarulhos.com.br\\\/blog\\\/#website\",\"url\":\"https:\\\/\\\/www.aceguarulhos.com.br\\\/blog\\\/\",\"name\":\"ACE-Guarulhos\",\"description\":\"A ACE-Guarulhos \u00e9 uma associa\u00e7\u00e3o que ap\u00f3ia os empres\u00e1rios guarulhenses atrav\u00e9s da representa\u00e7\u00e3o, da gera\u00e7\u00e3o de neg\u00f3cios e presta\u00e7\u00e3o de servi\u00e7os.\",\"publisher\":{\"@id\":\"https:\\\/\\\/www.aceguarulhos.com.br\\\/blog\\\/#organization\"},\"potentialAction\":[{\"@type\":\"SearchAction\",\"target\":{\"@type\":\"EntryPoint\",\"urlTemplate\":\"https:\\\/\\\/www.aceguarulhos.com.br\\\/blog\\\/?s={search_term_string}\"},\"query-input\":{\"@type\":\"PropertyValueSpecification\",\"valueRequired\":true,\"valueName\":\"search_term_string\"}}],\"inLanguage\":\"pt-BR\"},{\"@type\":\"Organization\",\"@id\":\"https:\\\/\\\/www.aceguarulhos.com.br\\\/blog\\\/#organization\",\"name\":\"ACE-Guarulhos\",\"url\":\"https:\\\/\\\/www.aceguarulhos.com.br\\\/blog\\\/\",\"logo\":{\"@type\":\"ImageObject\",\"inLanguage\":\"pt-BR\",\"@id\":\"https:\\\/\\\/www.aceguarulhos.com.br\\\/blog\\\/#\\\/schema\\\/logo\\\/image\\\/\",\"url\":\"https:\\\/\\\/www.aceguarulhos.com.br\\\/blog\\\/wp-content\\\/uploads\\\/2017\\\/12\\\/logo-aceguarulhos-2018.png\",\"contentUrl\":\"https:\\\/\\\/www.aceguarulhos.com.br\\\/blog\\\/wp-content\\\/uploads\\\/2017\\\/12\\\/logo-aceguarulhos-2018.png\",\"width\":419,\"height\":76,\"caption\":\"ACE-Guarulhos\"},\"image\":{\"@id\":\"https:\\\/\\\/www.aceguarulhos.com.br\\\/blog\\\/#\\\/schema\\\/logo\\\/image\\\/\"},\"sameAs\":[\"https:\\\/\\\/www.facebook.com\\\/aceguarulhos\\\/\",\"https:\\\/\\\/br.linkedin.com\\\/in\\\/ace-guarulhos-b9a97093\",\"https:\\\/\\\/www.youtube.com\\\/user\\\/aceguarulhos\"]},{\"@type\":\"Person\",\"@id\":\"https:\\\/\\\/www.aceguarulhos.com.br\\\/blog\\\/#\\\/schema\\\/person\\\/6983b51bad37489989e4f09698c26237\",\"name\":\"Assessoria de Imprensa ACE-Guarulhos\",\"image\":{\"@type\":\"ImageObject\",\"inLanguage\":\"pt-BR\",\"@id\":\"https:\\\/\\\/secure.gravatar.com\\\/avatar\\\/707f3fadd6918afeb64173ab22d8a8cb0676953098a4f31ff36dc2b4c699ef6a?s=96&d=mm&r=g\",\"url\":\"https:\\\/\\\/secure.gravatar.com\\\/avatar\\\/707f3fadd6918afeb64173ab22d8a8cb0676953098a4f31ff36dc2b4c699ef6a?s=96&d=mm&r=g\",\"contentUrl\":\"https:\\\/\\\/secure.gravatar.com\\\/avatar\\\/707f3fadd6918afeb64173ab22d8a8cb0676953098a4f31ff36dc2b4c699ef6a?s=96&d=mm&r=g\",\"caption\":\"Assessoria de Imprensa ACE-Guarulhos\"},\"url\":\"https:\\\/\\\/www.aceguarulhos.com.br\\\/blog\\\/author\\\/assessoria-de-imprensa-ace-guarulhos\\\/\"}]}<\/script>\n<!-- \/ Yoast SEO plugin. -->","yoast_head_json":{"title":"Semin\u00e1rio sobre SPED acontece nesta sexta-feira - ACE-Guarulhos","robots":{"index":"index","follow":"follow","max-snippet":"max-snippet:-1","max-image-preview":"max-image-preview:large","max-video-preview":"max-video-preview:-1"},"canonical":"https:\/\/www.aceguarulhos.com.br\/blog\/semin\u00e1rio-sobre-sped-acontece-nesta-sexta-feira\/","og_locale":"pt_BR","og_type":"article","og_title":"Semin\u00e1rio sobre SPED acontece nesta sexta-feira - ACE-Guarulhos","og_description":"A Associa\u00e7\u00e3o Comercial e Empresarial de Guarulhos (ACE), em parceria com a Laet Advogados Associados, realiza nesta sexta-feira, 20, das 8h \u00e0s 12h,","og_url":"https:\/\/www.aceguarulhos.com.br\/blog\/semin\u00e1rio-sobre-sped-acontece-nesta-sexta-feira\/","og_site_name":"ACE-Guarulhos","article_publisher":"https:\/\/www.facebook.com\/aceguarulhos\/","article_published_time":"2009-03-17T11:00:13+00:00","author":"Assessoria de Imprensa ACE-Guarulhos","twitter_card":"summary_large_image","twitter_misc":{"Escrito por":"Assessoria de Imprensa ACE-Guarulhos","Est. tempo de leitura":"2 minutos"},"schema":{"@context":"https:\/\/schema.org","@graph":[{"@type":"Article","@id":"https:\/\/www.aceguarulhos.com.br\/blog\/semin%c3%a1rio-sobre-sped-acontece-nesta-sexta-feira\/#article","isPartOf":{"@id":"https:\/\/www.aceguarulhos.com.br\/blog\/semin%c3%a1rio-sobre-sped-acontece-nesta-sexta-feira\/"},"author":{"name":"Assessoria de Imprensa ACE-Guarulhos","@id":"https:\/\/www.aceguarulhos.com.br\/blog\/#\/schema\/person\/6983b51bad37489989e4f09698c26237"},"headline":"Semin\u00e1rio sobre SPED acontece nesta sexta-feira","datePublished":"2009-03-17T11:00:13+00:00","mainEntityOfPage":{"@id":"https:\/\/www.aceguarulhos.com.br\/blog\/semin%c3%a1rio-sobre-sped-acontece-nesta-sexta-feira\/"},"wordCount":475,"commentCount":0,"publisher":{"@id":"https:\/\/www.aceguarulhos.com.br\/blog\/#organization"},"articleSection":["Not\u00edcias"],"inLanguage":"pt-BR"},{"@type":"WebPage","@id":"https:\/\/www.aceguarulhos.com.br\/blog\/semin%c3%a1rio-sobre-sped-acontece-nesta-sexta-feira\/","url":"https:\/\/www.aceguarulhos.com.br\/blog\/semin%c3%a1rio-sobre-sped-acontece-nesta-sexta-feira\/","name":"Semin\u00e1rio sobre SPED acontece nesta sexta-feira - ACE-Guarulhos","isPartOf":{"@id":"https:\/\/www.aceguarulhos.com.br\/blog\/#website"},"datePublished":"2009-03-17T11:00:13+00:00","breadcrumb":{"@id":"https:\/\/www.aceguarulhos.com.br\/blog\/semin%c3%a1rio-sobre-sped-acontece-nesta-sexta-feira\/#breadcrumb"},"inLanguage":"pt-BR","potentialAction":[{"@type":"ReadAction","target":["https:\/\/www.aceguarulhos.com.br\/blog\/semin%c3%a1rio-sobre-sped-acontece-nesta-sexta-feira\/"]}]},{"@type":"BreadcrumbList","@id":"https:\/\/www.aceguarulhos.com.br\/blog\/semin%c3%a1rio-sobre-sped-acontece-nesta-sexta-feira\/#breadcrumb","itemListElement":[{"@type":"ListItem","position":1,"name":"In\u00edcio","item":"https:\/\/www.aceguarulhos.com.br\/blog\/"},{"@type":"ListItem","position":2,"name":"Semin\u00e1rio sobre SPED acontece nesta sexta-feira"}]},{"@type":"WebSite","@id":"https:\/\/www.aceguarulhos.com.br\/blog\/#website","url":"https:\/\/www.aceguarulhos.com.br\/blog\/","name":"ACE-Guarulhos","description":"A ACE-Guarulhos \u00e9 uma associa\u00e7\u00e3o que ap\u00f3ia os empres\u00e1rios guarulhenses atrav\u00e9s da representa\u00e7\u00e3o, da gera\u00e7\u00e3o de neg\u00f3cios e presta\u00e7\u00e3o de servi\u00e7os.","publisher":{"@id":"https:\/\/www.aceguarulhos.com.br\/blog\/#organization"},"potentialAction":[{"@type":"SearchAction","target":{"@type":"EntryPoint","urlTemplate":"https:\/\/www.aceguarulhos.com.br\/blog\/?s={search_term_string}"},"query-input":{"@type":"PropertyValueSpecification","valueRequired":true,"valueName":"search_term_string"}}],"inLanguage":"pt-BR"},{"@type":"Organization","@id":"https:\/\/www.aceguarulhos.com.br\/blog\/#organization","name":"ACE-Guarulhos","url":"https:\/\/www.aceguarulhos.com.br\/blog\/","logo":{"@type":"ImageObject","inLanguage":"pt-BR","@id":"https:\/\/www.aceguarulhos.com.br\/blog\/#\/schema\/logo\/image\/","url":"https:\/\/www.aceguarulhos.com.br\/blog\/wp-content\/uploads\/2017\/12\/logo-aceguarulhos-2018.png","contentUrl":"https:\/\/www.aceguarulhos.com.br\/blog\/wp-content\/uploads\/2017\/12\/logo-aceguarulhos-2018.png","width":419,"height":76,"caption":"ACE-Guarulhos"},"image":{"@id":"https:\/\/www.aceguarulhos.com.br\/blog\/#\/schema\/logo\/image\/"},"sameAs":["https:\/\/www.facebook.com\/aceguarulhos\/","https:\/\/br.linkedin.com\/in\/ace-guarulhos-b9a97093","https:\/\/www.youtube.com\/user\/aceguarulhos"]},{"@type":"Person","@id":"https:\/\/www.aceguarulhos.com.br\/blog\/#\/schema\/person\/6983b51bad37489989e4f09698c26237","name":"Assessoria de Imprensa ACE-Guarulhos","image":{"@type":"ImageObject","inLanguage":"pt-BR","@id":"https:\/\/secure.gravatar.com\/avatar\/707f3fadd6918afeb64173ab22d8a8cb0676953098a4f31ff36dc2b4c699ef6a?s=96&d=mm&r=g","url":"https:\/\/secure.gravatar.com\/avatar\/707f3fadd6918afeb64173ab22d8a8cb0676953098a4f31ff36dc2b4c699ef6a?s=96&d=mm&r=g","contentUrl":"https:\/\/secure.gravatar.com\/avatar\/707f3fadd6918afeb64173ab22d8a8cb0676953098a4f31ff36dc2b4c699ef6a?s=96&d=mm&r=g","caption":"Assessoria de Imprensa ACE-Guarulhos"},"url":"https:\/\/www.aceguarulhos.com.br\/blog\/author\/assessoria-de-imprensa-ace-guarulhos\/"}]}},"wps_subtitle":"","amp_enabled":true,"_links":{"self":[{"href":"https:\/\/www.aceguarulhos.com.br\/blog\/wp-json\/wp\/v2\/posts\/34661","targetHints":{"allow":["GET"]}}],"collection":[{"href":"https:\/\/www.aceguarulhos.com.br\/blog\/wp-json\/wp\/v2\/posts"}],"about":[{"href":"https:\/\/www.aceguarulhos.com.br\/blog\/wp-json\/wp\/v2\/types\/post"}],"author":[{"embeddable":true,"href":"https:\/\/www.aceguarulhos.com.br\/blog\/wp-json\/wp\/v2\/users\/8"}],"replies":[{"embeddable":true,"href":"https:\/\/www.aceguarulhos.com.br\/blog\/wp-json\/wp\/v2\/comments?post=34661"}],"version-history":[{"count":0,"href":"https:\/\/www.aceguarulhos.com.br\/blog\/wp-json\/wp\/v2\/posts\/34661\/revisions"}],"wp:attachment":[{"href":"https:\/\/www.aceguarulhos.com.br\/blog\/wp-json\/wp\/v2\/media?parent=34661"}],"wp:term":[{"taxonomy":"category","embeddable":true,"href":"https:\/\/www.aceguarulhos.com.br\/blog\/wp-json\/wp\/v2\/categories?post=34661"},{"taxonomy":"post_tag","embeddable":true,"href":"https:\/\/www.aceguarulhos.com.br\/blog\/wp-json\/wp\/v2\/tags?post=34661"}],"curies":[{"name":"wp","href":"https:\/\/api.w.org\/{rel}","templated":true}]}}