{"id":34628,"date":"2009-03-09T13:19:15","date_gmt":"2009-03-09T13:19:15","guid":{"rendered":"http:\/\/www.aceguarulhos.com.br\/blog\/?p=34628"},"modified":"-0001-11-30T00:00:00","modified_gmt":"-0001-11-30T03:00:00","slug":"c%c3%a2maras-das-cidades-do-alto-tiet%c3%aa-se-reunir%c3%a3o-em-associa%c3%a7%c3%a3o","status":"publish","type":"post","link":"https:\/\/www.aceguarulhos.com.br\/blog\/c%c3%a2maras-das-cidades-do-alto-tiet%c3%aa-se-reunir%c3%a3o-em-associa%c3%a7%c3%a3o\/","title":{"rendered":"C\u00e2maras das cidades do Alto Tiet\u00ea se reunir\u00e3o em associa\u00e7\u00e3o"},"content":{"rendered":"<p>As c\u00e2maras dos munic\u00edpios do Alto Tiet\u00ea e Guarulhos consolidar\u00e3o uma associa\u00e7\u00e3o dos vereadores, a Acat (Associa\u00e7\u00e3o das C\u00e2maras do Alto Tiet\u00ea).<\/p>\n<p>A institui\u00e7\u00e3o da entidade foi decidia ontem, em encontro dos presidentes das Casas Legislativas das 11 cidades, realizado em Mogi das Cruzes, do qual o presidente da C\u00e2mara de Guarulhos, vereador Alan Neto (PSC), participou.<\/p>\n<p>A proposta da Acat \u00e9 promover a intera\u00e7\u00e3o entre os vereadores da regi\u00e3o, fazer interc\u00e2mbio de projetos e unir for\u00e7as para busca conjunta de investimentos para as cidades. \u201cA uni\u00e3o das C\u00e2maras e vereadores vai fortalecer a regi\u00e3o politicamente\u201d, diz Neto, ao ponderar que a entidade integrar\u00e1 cerca de 140, debatendo as a\u00e7\u00f5es do governo do Estado e as pol\u00edticas p\u00fablicas planejadas para a regi\u00e3o.<\/p>\n<p>No primeiro encontro, que foi limitado \u00e0 participa\u00e7\u00e3o dos presidentes de c\u00e2maras, ficou definida a forma\u00e7\u00e3o de um conselho administrativo formado pelos demais vereadores e cada munic\u00edpio ser\u00e1 representado proporcionalmente.<\/p>\n<p>A pr\u00f3xima reuni\u00e3o da entidade est\u00e1 agendada para o dia 19, \u00e0s 10h, em Suzano, para a qual est\u00e1 prevista a nomea\u00e7\u00e3o do chefe do Legislativo de Suzano, o vereador Israel de Lacerda (PTB), como presidente da Acat e a aprova\u00e7\u00e3o do estatuto.<\/p>\n<p>Segundo Lacerda, j\u00e1 houve uma conversa com o presidente da Amat (Associa\u00e7\u00e3o dos Munic\u00edpios do Alto Tiet\u00ea), o prefeito de Ferraz de Vasconcelos, Jorge Abissamra (PSB), na qual ele teria se comprometido a colocar \u00e0 disposi\u00e7\u00e3o um espa\u00e7o na cidade para a futura sede da entidade. Essa proposta ainda deve ser discutida.<\/p>\n","protected":false},"excerpt":{"rendered":"As c\u00e2maras dos munic\u00edpios do Alto Tiet\u00ea e Guarulhos consolidar\u00e3o uma associa\u00e7\u00e3o dos vereadores, a Acat (Associa\u00e7\u00e3o das C\u00e2maras do Alto Tiet\u00ea). A \n<a class=\"moretag\" href=\"https:\/\/www.aceguarulhos.com.br\/blog\/c%c3%a2maras-das-cidades-do-alto-tiet%c3%aa-se-reunir%c3%a3o-em-associa%c3%a7%c3%a3o\/\"> [...]<\/a>","protected":false},"author":8,"featured_media":0,"comment_status":"open","ping_status":"open","sticky":false,"template":"","format":"standard","meta":{"footnotes":""},"categories":[2],"tags":[],"class_list":["post-34628","post","type-post","status-publish","format-standard","hentry","category-noticias"],"yoast_head":"<!-- This site is optimized with the Yoast SEO plugin v28.1 - https:\/\/yoast.com\/product\/yoast-seo-wordpress\/ -->\n<title>C\u00e2maras das cidades do Alto Tiet\u00ea se reunir\u00e3o em associa\u00e7\u00e3o - ACE-Guarulhos<\/title>\n<meta name=\"robots\" content=\"index, follow, max-snippet:-1, max-image-preview:large, max-video-preview:-1\" \/>\n<link rel=\"canonical\" href=\"https:\/\/www.aceguarulhos.com.br\/blog\/c\u00e2maras-das-cidades-do-alto-tiet\u00ea-se-reunir\u00e3o-em-associa\u00e7\u00e3o\/\" \/>\n<meta property=\"og:locale\" content=\"pt_BR\" \/>\n<meta property=\"og:type\" content=\"article\" \/>\n<meta property=\"og:title\" content=\"C\u00e2maras das cidades do Alto Tiet\u00ea se reunir\u00e3o em associa\u00e7\u00e3o - ACE-Guarulhos\" \/>\n<meta property=\"og:description\" content=\"As c\u00e2maras dos munic\u00edpios do Alto Tiet\u00ea e Guarulhos consolidar\u00e3o uma associa\u00e7\u00e3o dos vereadores, a Acat (Associa\u00e7\u00e3o das C\u00e2maras do Alto Tiet\u00ea). A\" \/>\n<meta property=\"og:url\" content=\"https:\/\/www.aceguarulhos.com.br\/blog\/c\u00e2maras-das-cidades-do-alto-tiet\u00ea-se-reunir\u00e3o-em-associa\u00e7\u00e3o\/\" \/>\n<meta property=\"og:site_name\" content=\"ACE-Guarulhos\" \/>\n<meta property=\"article:publisher\" content=\"https:\/\/www.facebook.com\/aceguarulhos\/\" \/>\n<meta property=\"article:published_time\" content=\"2009-03-09T13:19:15+00:00\" \/>\n<meta name=\"author\" content=\"Assessoria de Imprensa ACE-Guarulhos\" \/>\n<meta name=\"twitter:card\" content=\"summary_large_image\" \/>\n<meta name=\"twitter:label1\" content=\"Escrito por\" \/>\n\t<meta name=\"twitter:data1\" content=\"Assessoria de Imprensa ACE-Guarulhos\" \/>\n\t<meta name=\"twitter:label2\" content=\"Est. tempo de leitura\" \/>\n\t<meta name=\"twitter:data2\" content=\"1 minuto\" \/>\n<script type=\"application\/ld+json\" class=\"yoast-schema-graph\">{\"@context\":\"https:\\\/\\\/schema.org\",\"@graph\":[{\"@type\":\"Article\",\"@id\":\"https:\\\/\\\/www.aceguarulhos.com.br\\\/blog\\\/c%c3%a2maras-das-cidades-do-alto-tiet%c3%aa-se-reunir%c3%a3o-em-associa%c3%a7%c3%a3o\\\/#article\",\"isPartOf\":{\"@id\":\"https:\\\/\\\/www.aceguarulhos.com.br\\\/blog\\\/c%c3%a2maras-das-cidades-do-alto-tiet%c3%aa-se-reunir%c3%a3o-em-associa%c3%a7%c3%a3o\\\/\"},\"author\":{\"name\":\"Assessoria de Imprensa ACE-Guarulhos\",\"@id\":\"https:\\\/\\\/www.aceguarulhos.com.br\\\/blog\\\/#\\\/schema\\\/person\\\/6983b51bad37489989e4f09698c26237\"},\"headline\":\"C\u00e2maras das cidades do Alto Tiet\u00ea se reunir\u00e3o em associa\u00e7\u00e3o\",\"datePublished\":\"2009-03-09T13:19:15+00:00\",\"mainEntityOfPage\":{\"@id\":\"https:\\\/\\\/www.aceguarulhos.com.br\\\/blog\\\/c%c3%a2maras-das-cidades-do-alto-tiet%c3%aa-se-reunir%c3%a3o-em-associa%c3%a7%c3%a3o\\\/\"},\"wordCount\":285,\"commentCount\":0,\"publisher\":{\"@id\":\"https:\\\/\\\/www.aceguarulhos.com.br\\\/blog\\\/#organization\"},\"articleSection\":[\"Not\u00edcias\"],\"inLanguage\":\"pt-BR\"},{\"@type\":\"WebPage\",\"@id\":\"https:\\\/\\\/www.aceguarulhos.com.br\\\/blog\\\/c%c3%a2maras-das-cidades-do-alto-tiet%c3%aa-se-reunir%c3%a3o-em-associa%c3%a7%c3%a3o\\\/\",\"url\":\"https:\\\/\\\/www.aceguarulhos.com.br\\\/blog\\\/c%c3%a2maras-das-cidades-do-alto-tiet%c3%aa-se-reunir%c3%a3o-em-associa%c3%a7%c3%a3o\\\/\",\"name\":\"C\u00e2maras das cidades do Alto Tiet\u00ea se reunir\u00e3o em associa\u00e7\u00e3o - ACE-Guarulhos\",\"isPartOf\":{\"@id\":\"https:\\\/\\\/www.aceguarulhos.com.br\\\/blog\\\/#website\"},\"datePublished\":\"2009-03-09T13:19:15+00:00\",\"breadcrumb\":{\"@id\":\"https:\\\/\\\/www.aceguarulhos.com.br\\\/blog\\\/c%c3%a2maras-das-cidades-do-alto-tiet%c3%aa-se-reunir%c3%a3o-em-associa%c3%a7%c3%a3o\\\/#breadcrumb\"},\"inLanguage\":\"pt-BR\",\"potentialAction\":[{\"@type\":\"ReadAction\",\"target\":[\"https:\\\/\\\/www.aceguarulhos.com.br\\\/blog\\\/c%c3%a2maras-das-cidades-do-alto-tiet%c3%aa-se-reunir%c3%a3o-em-associa%c3%a7%c3%a3o\\\/\"]}]},{\"@type\":\"BreadcrumbList\",\"@id\":\"https:\\\/\\\/www.aceguarulhos.com.br\\\/blog\\\/c%c3%a2maras-das-cidades-do-alto-tiet%c3%aa-se-reunir%c3%a3o-em-associa%c3%a7%c3%a3o\\\/#breadcrumb\",\"itemListElement\":[{\"@type\":\"ListItem\",\"position\":1,\"name\":\"In\u00edcio\",\"item\":\"https:\\\/\\\/www.aceguarulhos.com.br\\\/blog\\\/\"},{\"@type\":\"ListItem\",\"position\":2,\"name\":\"C\u00e2maras das cidades do Alto Tiet\u00ea se reunir\u00e3o em associa\u00e7\u00e3o\"}]},{\"@type\":\"WebSite\",\"@id\":\"https:\\\/\\\/www.aceguarulhos.com.br\\\/blog\\\/#website\",\"url\":\"https:\\\/\\\/www.aceguarulhos.com.br\\\/blog\\\/\",\"name\":\"ACE-Guarulhos\",\"description\":\"A ACE-Guarulhos \u00e9 uma associa\u00e7\u00e3o que ap\u00f3ia os empres\u00e1rios guarulhenses atrav\u00e9s da representa\u00e7\u00e3o, da gera\u00e7\u00e3o de neg\u00f3cios e presta\u00e7\u00e3o de servi\u00e7os.\",\"publisher\":{\"@id\":\"https:\\\/\\\/www.aceguarulhos.com.br\\\/blog\\\/#organization\"},\"potentialAction\":[{\"@type\":\"SearchAction\",\"target\":{\"@type\":\"EntryPoint\",\"urlTemplate\":\"https:\\\/\\\/www.aceguarulhos.com.br\\\/blog\\\/?s={search_term_string}\"},\"query-input\":{\"@type\":\"PropertyValueSpecification\",\"valueRequired\":true,\"valueName\":\"search_term_string\"}}],\"inLanguage\":\"pt-BR\"},{\"@type\":\"Organization\",\"@id\":\"https:\\\/\\\/www.aceguarulhos.com.br\\\/blog\\\/#organization\",\"name\":\"ACE-Guarulhos\",\"url\":\"https:\\\/\\\/www.aceguarulhos.com.br\\\/blog\\\/\",\"logo\":{\"@type\":\"ImageObject\",\"inLanguage\":\"pt-BR\",\"@id\":\"https:\\\/\\\/www.aceguarulhos.com.br\\\/blog\\\/#\\\/schema\\\/logo\\\/image\\\/\",\"url\":\"https:\\\/\\\/www.aceguarulhos.com.br\\\/blog\\\/wp-content\\\/uploads\\\/2017\\\/12\\\/logo-aceguarulhos-2018.png\",\"contentUrl\":\"https:\\\/\\\/www.aceguarulhos.com.br\\\/blog\\\/wp-content\\\/uploads\\\/2017\\\/12\\\/logo-aceguarulhos-2018.png\",\"width\":419,\"height\":76,\"caption\":\"ACE-Guarulhos\"},\"image\":{\"@id\":\"https:\\\/\\\/www.aceguarulhos.com.br\\\/blog\\\/#\\\/schema\\\/logo\\\/image\\\/\"},\"sameAs\":[\"https:\\\/\\\/www.facebook.com\\\/aceguarulhos\\\/\",\"https:\\\/\\\/br.linkedin.com\\\/in\\\/ace-guarulhos-b9a97093\",\"https:\\\/\\\/www.youtube.com\\\/user\\\/aceguarulhos\"]},{\"@type\":\"Person\",\"@id\":\"https:\\\/\\\/www.aceguarulhos.com.br\\\/blog\\\/#\\\/schema\\\/person\\\/6983b51bad37489989e4f09698c26237\",\"name\":\"Assessoria de Imprensa ACE-Guarulhos\",\"image\":{\"@type\":\"ImageObject\",\"inLanguage\":\"pt-BR\",\"@id\":\"https:\\\/\\\/secure.gravatar.com\\\/avatar\\\/707f3fadd6918afeb64173ab22d8a8cb0676953098a4f31ff36dc2b4c699ef6a?s=96&d=mm&r=g\",\"url\":\"https:\\\/\\\/secure.gravatar.com\\\/avatar\\\/707f3fadd6918afeb64173ab22d8a8cb0676953098a4f31ff36dc2b4c699ef6a?s=96&d=mm&r=g\",\"contentUrl\":\"https:\\\/\\\/secure.gravatar.com\\\/avatar\\\/707f3fadd6918afeb64173ab22d8a8cb0676953098a4f31ff36dc2b4c699ef6a?s=96&d=mm&r=g\",\"caption\":\"Assessoria de Imprensa ACE-Guarulhos\"},\"url\":\"https:\\\/\\\/www.aceguarulhos.com.br\\\/blog\\\/author\\\/assessoria-de-imprensa-ace-guarulhos\\\/\"}]}<\/script>\n<!-- \/ Yoast SEO plugin. -->","yoast_head_json":{"title":"C\u00e2maras das cidades do Alto Tiet\u00ea se reunir\u00e3o em associa\u00e7\u00e3o - ACE-Guarulhos","robots":{"index":"index","follow":"follow","max-snippet":"max-snippet:-1","max-image-preview":"max-image-preview:large","max-video-preview":"max-video-preview:-1"},"canonical":"https:\/\/www.aceguarulhos.com.br\/blog\/c\u00e2maras-das-cidades-do-alto-tiet\u00ea-se-reunir\u00e3o-em-associa\u00e7\u00e3o\/","og_locale":"pt_BR","og_type":"article","og_title":"C\u00e2maras das cidades do Alto Tiet\u00ea se reunir\u00e3o em associa\u00e7\u00e3o - ACE-Guarulhos","og_description":"As c\u00e2maras dos munic\u00edpios do Alto Tiet\u00ea e Guarulhos consolidar\u00e3o uma associa\u00e7\u00e3o dos vereadores, a Acat (Associa\u00e7\u00e3o das C\u00e2maras do Alto Tiet\u00ea). A","og_url":"https:\/\/www.aceguarulhos.com.br\/blog\/c\u00e2maras-das-cidades-do-alto-tiet\u00ea-se-reunir\u00e3o-em-associa\u00e7\u00e3o\/","og_site_name":"ACE-Guarulhos","article_publisher":"https:\/\/www.facebook.com\/aceguarulhos\/","article_published_time":"2009-03-09T13:19:15+00:00","author":"Assessoria de Imprensa ACE-Guarulhos","twitter_card":"summary_large_image","twitter_misc":{"Escrito por":"Assessoria de Imprensa ACE-Guarulhos","Est. tempo de leitura":"1 minuto"},"schema":{"@context":"https:\/\/schema.org","@graph":[{"@type":"Article","@id":"https:\/\/www.aceguarulhos.com.br\/blog\/c%c3%a2maras-das-cidades-do-alto-tiet%c3%aa-se-reunir%c3%a3o-em-associa%c3%a7%c3%a3o\/#article","isPartOf":{"@id":"https:\/\/www.aceguarulhos.com.br\/blog\/c%c3%a2maras-das-cidades-do-alto-tiet%c3%aa-se-reunir%c3%a3o-em-associa%c3%a7%c3%a3o\/"},"author":{"name":"Assessoria de Imprensa ACE-Guarulhos","@id":"https:\/\/www.aceguarulhos.com.br\/blog\/#\/schema\/person\/6983b51bad37489989e4f09698c26237"},"headline":"C\u00e2maras das cidades do Alto Tiet\u00ea se reunir\u00e3o em associa\u00e7\u00e3o","datePublished":"2009-03-09T13:19:15+00:00","mainEntityOfPage":{"@id":"https:\/\/www.aceguarulhos.com.br\/blog\/c%c3%a2maras-das-cidades-do-alto-tiet%c3%aa-se-reunir%c3%a3o-em-associa%c3%a7%c3%a3o\/"},"wordCount":285,"commentCount":0,"publisher":{"@id":"https:\/\/www.aceguarulhos.com.br\/blog\/#organization"},"articleSection":["Not\u00edcias"],"inLanguage":"pt-BR"},{"@type":"WebPage","@id":"https:\/\/www.aceguarulhos.com.br\/blog\/c%c3%a2maras-das-cidades-do-alto-tiet%c3%aa-se-reunir%c3%a3o-em-associa%c3%a7%c3%a3o\/","url":"https:\/\/www.aceguarulhos.com.br\/blog\/c%c3%a2maras-das-cidades-do-alto-tiet%c3%aa-se-reunir%c3%a3o-em-associa%c3%a7%c3%a3o\/","name":"C\u00e2maras das cidades do Alto Tiet\u00ea se reunir\u00e3o em associa\u00e7\u00e3o - ACE-Guarulhos","isPartOf":{"@id":"https:\/\/www.aceguarulhos.com.br\/blog\/#website"},"datePublished":"2009-03-09T13:19:15+00:00","breadcrumb":{"@id":"https:\/\/www.aceguarulhos.com.br\/blog\/c%c3%a2maras-das-cidades-do-alto-tiet%c3%aa-se-reunir%c3%a3o-em-associa%c3%a7%c3%a3o\/#breadcrumb"},"inLanguage":"pt-BR","potentialAction":[{"@type":"ReadAction","target":["https:\/\/www.aceguarulhos.com.br\/blog\/c%c3%a2maras-das-cidades-do-alto-tiet%c3%aa-se-reunir%c3%a3o-em-associa%c3%a7%c3%a3o\/"]}]},{"@type":"BreadcrumbList","@id":"https:\/\/www.aceguarulhos.com.br\/blog\/c%c3%a2maras-das-cidades-do-alto-tiet%c3%aa-se-reunir%c3%a3o-em-associa%c3%a7%c3%a3o\/#breadcrumb","itemListElement":[{"@type":"ListItem","position":1,"name":"In\u00edcio","item":"https:\/\/www.aceguarulhos.com.br\/blog\/"},{"@type":"ListItem","position":2,"name":"C\u00e2maras das cidades do Alto Tiet\u00ea se reunir\u00e3o em associa\u00e7\u00e3o"}]},{"@type":"WebSite","@id":"https:\/\/www.aceguarulhos.com.br\/blog\/#website","url":"https:\/\/www.aceguarulhos.com.br\/blog\/","name":"ACE-Guarulhos","description":"A ACE-Guarulhos \u00e9 uma associa\u00e7\u00e3o que ap\u00f3ia os empres\u00e1rios guarulhenses atrav\u00e9s da representa\u00e7\u00e3o, da gera\u00e7\u00e3o de neg\u00f3cios e presta\u00e7\u00e3o de servi\u00e7os.","publisher":{"@id":"https:\/\/www.aceguarulhos.com.br\/blog\/#organization"},"potentialAction":[{"@type":"SearchAction","target":{"@type":"EntryPoint","urlTemplate":"https:\/\/www.aceguarulhos.com.br\/blog\/?s={search_term_string}"},"query-input":{"@type":"PropertyValueSpecification","valueRequired":true,"valueName":"search_term_string"}}],"inLanguage":"pt-BR"},{"@type":"Organization","@id":"https:\/\/www.aceguarulhos.com.br\/blog\/#organization","name":"ACE-Guarulhos","url":"https:\/\/www.aceguarulhos.com.br\/blog\/","logo":{"@type":"ImageObject","inLanguage":"pt-BR","@id":"https:\/\/www.aceguarulhos.com.br\/blog\/#\/schema\/logo\/image\/","url":"https:\/\/www.aceguarulhos.com.br\/blog\/wp-content\/uploads\/2017\/12\/logo-aceguarulhos-2018.png","contentUrl":"https:\/\/www.aceguarulhos.com.br\/blog\/wp-content\/uploads\/2017\/12\/logo-aceguarulhos-2018.png","width":419,"height":76,"caption":"ACE-Guarulhos"},"image":{"@id":"https:\/\/www.aceguarulhos.com.br\/blog\/#\/schema\/logo\/image\/"},"sameAs":["https:\/\/www.facebook.com\/aceguarulhos\/","https:\/\/br.linkedin.com\/in\/ace-guarulhos-b9a97093","https:\/\/www.youtube.com\/user\/aceguarulhos"]},{"@type":"Person","@id":"https:\/\/www.aceguarulhos.com.br\/blog\/#\/schema\/person\/6983b51bad37489989e4f09698c26237","name":"Assessoria de Imprensa ACE-Guarulhos","image":{"@type":"ImageObject","inLanguage":"pt-BR","@id":"https:\/\/secure.gravatar.com\/avatar\/707f3fadd6918afeb64173ab22d8a8cb0676953098a4f31ff36dc2b4c699ef6a?s=96&d=mm&r=g","url":"https:\/\/secure.gravatar.com\/avatar\/707f3fadd6918afeb64173ab22d8a8cb0676953098a4f31ff36dc2b4c699ef6a?s=96&d=mm&r=g","contentUrl":"https:\/\/secure.gravatar.com\/avatar\/707f3fadd6918afeb64173ab22d8a8cb0676953098a4f31ff36dc2b4c699ef6a?s=96&d=mm&r=g","caption":"Assessoria de Imprensa ACE-Guarulhos"},"url":"https:\/\/www.aceguarulhos.com.br\/blog\/author\/assessoria-de-imprensa-ace-guarulhos\/"}]}},"wps_subtitle":"","amp_enabled":true,"_links":{"self":[{"href":"https:\/\/www.aceguarulhos.com.br\/blog\/wp-json\/wp\/v2\/posts\/34628","targetHints":{"allow":["GET"]}}],"collection":[{"href":"https:\/\/www.aceguarulhos.com.br\/blog\/wp-json\/wp\/v2\/posts"}],"about":[{"href":"https:\/\/www.aceguarulhos.com.br\/blog\/wp-json\/wp\/v2\/types\/post"}],"author":[{"embeddable":true,"href":"https:\/\/www.aceguarulhos.com.br\/blog\/wp-json\/wp\/v2\/users\/8"}],"replies":[{"embeddable":true,"href":"https:\/\/www.aceguarulhos.com.br\/blog\/wp-json\/wp\/v2\/comments?post=34628"}],"version-history":[{"count":0,"href":"https:\/\/www.aceguarulhos.com.br\/blog\/wp-json\/wp\/v2\/posts\/34628\/revisions"}],"wp:attachment":[{"href":"https:\/\/www.aceguarulhos.com.br\/blog\/wp-json\/wp\/v2\/media?parent=34628"}],"wp:term":[{"taxonomy":"category","embeddable":true,"href":"https:\/\/www.aceguarulhos.com.br\/blog\/wp-json\/wp\/v2\/categories?post=34628"},{"taxonomy":"post_tag","embeddable":true,"href":"https:\/\/www.aceguarulhos.com.br\/blog\/wp-json\/wp\/v2\/tags?post=34628"}],"curies":[{"name":"wp","href":"https:\/\/api.w.org\/{rel}","templated":true}]}}