{"id":34502,"date":"2009-02-11T11:54:06","date_gmt":"2009-02-11T11:54:06","guid":{"rendered":"http:\/\/www.aceguarulhos.com.br\/blog\/?p=34502"},"modified":"-0001-11-30T00:00:00","modified_gmt":"-0001-11-30T03:00:00","slug":"novo-m%c3%a9todo-eleva-carga-tribut%c3%a1ria","status":"publish","type":"post","link":"https:\/\/www.aceguarulhos.com.br\/blog\/novo-m%c3%a9todo-eleva-carga-tribut%c3%a1ria\/","title":{"rendered":"Novo m\u00e9todo eleva carga tribut\u00e1ria"},"content":{"rendered":"<p>Baixadas pelo governo no final do ano passado como forma de amenizar os efeitos da crise financeira, as Medidas Provis\u00f3rias 449 e 451 tratam, respectivamente, de parcelamentos de d\u00e9bitos tribut\u00e1rios e da cria\u00e7\u00e3o de novas al\u00edquotas do Imposto de Renda da Pessoa F\u00edsica (IRPF), al\u00e9m da redu\u00e7\u00e3o do Imposto sobre Produtos Industrializados (IPI) dos carros. \u00c0 primeira vista, s\u00e3o iniciativas que aliviam o bolso da maioria dos contribuintes. Mas nem tanto. Tributaristas e economistas integrantes do Conselho de Altos Estudos de Finan\u00e7as e Tributa\u00e7\u00e3o da Associa\u00e7\u00e3o Comercial de S\u00e3o Paulo (ACSP) conclu\u00edram, ontem, que ambas as medidas foram editadas com discretos artigos que aumentam a carga tribut\u00e1ria. \u00c9 a primeira reuni\u00e3o do conselho, que tem como integrantes o ex-secret\u00e1rio da Receita Federal, Everardo Maciel, e o economista Roberto Macedo, entre outros. <\/p>\n<p>Os artigos 8 e 9 da MP 451, por exemplo, tiram de atacadistas e varejistas que apuram o PIS\/Cofins pelo regime n\u00e3o-cumulativo o direito a cr\u00e9dito sobre despesas de aluguel, energia el\u00e9trica e deprecia\u00e7\u00e3o. De acordo com o coordenador do conselho, o advogado tributarista Lu\u00eds Eduardo Schoueri, essa medida resulta numa perda de cerca de 30% da base de c\u00e1lculo das despesas at\u00e9 ent\u00e3o geradoras de cr\u00e9dito. &#8220;N\u00e3o \u00e9 oportuno, tampouco necess\u00e1rio esse aumento do custo tribut\u00e1rio&#8221;, avaliou Schoueri. Para Everardo Maciel, independentemente dos motivos que levaram a Receita a extinguir o direito a cr\u00e9dito nesses casos, a medida deveria de ser acompanhada por redu\u00e7\u00e3o de al\u00edquota. Juntas, as contribui\u00e7\u00f5es do PIS e Cofins somam 9,25%. &#8220;Haver\u00e1 impacto financeiro no caixa das empresas se esses artigos n\u00e3o forem rejeitados pelo Congresso Nacional&#8221;, previu o ex-secret\u00e1rio da Receita. O vice-presidente da ACSP, Roberto Matheus Ordine, informou que essa proibi\u00e7\u00e3o afeta diretamente o com\u00e9rcio. &#8220;Se de um lado o governo beneficiou o setor automobil\u00edstico com a redu\u00e7\u00e3o do IPI, do outro, trouxe esse complicador que afeta diretamente o com\u00e9rcio&#8221;, avaliou.<\/p>\n<p>J\u00e1 a MP 449 atinge diretamente as companhias que apuram o Imposto de Renda (IR) pelo regime do Lucro Real. Nesse caso, o artigo 29 impede que as pessoas jur\u00eddicas compensem cr\u00e9ditos tribut\u00e1rios com d\u00e9bitos de IR e Contribui\u00e7\u00e3o Social sobre o Lucro L\u00edquido (CSLL) recolhidos por estimativa mensal. &#8220;Com isso, as empresas s\u00e3o obrigadas a recolher os tributos atrav\u00e9s de desembolso financeiro, prejudicando seu fluxo de caixa e impedindo que deem vaz\u00e3o aos seus cr\u00e9ditos acumulados no balan\u00e7o&#8221;, explicou Shoueri. Os participantes da reuni\u00e3o tamb\u00e9m manifestaram preocupa\u00e7\u00e3o com as penalidades previstas no artigo 31 da MP 449 para os usu\u00e1rios do Emissor de Cupom Fiscal (ECF). Equipamentos irregulares resultam em multa no valor de R$ 5 mil e a n\u00e3o regulariza\u00e7\u00e3o no prazo de 20 dias implica no fechamento do estabelecimento. <\/p>\n<p>J\u00e1 o professor Alcides Jorge Costa criticou o sistema tribut\u00e1rio em vigor, o uso exagerado de medidas provis\u00f3rias pelo e as mudan\u00e7as frequentes na legisla\u00e7\u00e3o. &#8220;O sistema tribut\u00e1rio continua um caos, principalmente no campo do ICMS&#8221;, resumiu. Tamb\u00e9m participaram da reuni\u00e3o o superintendente do Departamento Jur\u00eddico da ACSP, Carlos Celso Orcesi da Costa, os economistas Roberto Macedo e Maria Helena Zochun, e o vice-presidente da ACSP, Cl\u00e1udio Vaz. <\/p>\n","protected":false},"excerpt":{"rendered":"Baixadas pelo governo no final do ano passado como forma de amenizar os efeitos da crise financeira, as Medidas Provis\u00f3rias 449 e 451 \n<a class=\"moretag\" href=\"https:\/\/www.aceguarulhos.com.br\/blog\/novo-m%c3%a9todo-eleva-carga-tribut%c3%a1ria\/\"> [...]<\/a>","protected":false},"author":8,"featured_media":0,"comment_status":"open","ping_status":"open","sticky":false,"template":"","format":"standard","meta":{"footnotes":""},"categories":[2],"tags":[],"class_list":["post-34502","post","type-post","status-publish","format-standard","hentry","category-noticias"],"yoast_head":"<!-- This site is optimized with the Yoast SEO plugin v28.1 - https:\/\/yoast.com\/product\/yoast-seo-wordpress\/ -->\n<title>Novo m\u00e9todo eleva carga tribut\u00e1ria - ACE-Guarulhos<\/title>\n<meta name=\"robots\" content=\"index, follow, max-snippet:-1, max-image-preview:large, max-video-preview:-1\" \/>\n<link rel=\"canonical\" href=\"https:\/\/www.aceguarulhos.com.br\/blog\/novo-m\u00e9todo-eleva-carga-tribut\u00e1ria\/\" \/>\n<meta property=\"og:locale\" content=\"pt_BR\" \/>\n<meta property=\"og:type\" content=\"article\" \/>\n<meta property=\"og:title\" content=\"Novo m\u00e9todo eleva carga tribut\u00e1ria - ACE-Guarulhos\" \/>\n<meta property=\"og:description\" content=\"Baixadas pelo governo no final do ano passado como forma de amenizar os efeitos da crise financeira, as Medidas Provis\u00f3rias 449 e 451\" \/>\n<meta property=\"og:url\" content=\"https:\/\/www.aceguarulhos.com.br\/blog\/novo-m\u00e9todo-eleva-carga-tribut\u00e1ria\/\" \/>\n<meta property=\"og:site_name\" content=\"ACE-Guarulhos\" \/>\n<meta property=\"article:publisher\" content=\"https:\/\/www.facebook.com\/aceguarulhos\/\" \/>\n<meta property=\"article:published_time\" content=\"2009-02-11T11:54:06+00:00\" \/>\n<meta name=\"author\" content=\"Assessoria de Imprensa ACE-Guarulhos\" \/>\n<meta name=\"twitter:card\" content=\"summary_large_image\" \/>\n<meta name=\"twitter:label1\" content=\"Escrito por\" \/>\n\t<meta name=\"twitter:data1\" content=\"Assessoria de Imprensa ACE-Guarulhos\" \/>\n\t<meta name=\"twitter:label2\" content=\"Est. tempo de leitura\" \/>\n\t<meta name=\"twitter:data2\" content=\"3 minutos\" \/>\n<script type=\"application\/ld+json\" class=\"yoast-schema-graph\">{\"@context\":\"https:\\\/\\\/schema.org\",\"@graph\":[{\"@type\":\"Article\",\"@id\":\"https:\\\/\\\/www.aceguarulhos.com.br\\\/blog\\\/novo-m%c3%a9todo-eleva-carga-tribut%c3%a1ria\\\/#article\",\"isPartOf\":{\"@id\":\"https:\\\/\\\/www.aceguarulhos.com.br\\\/blog\\\/novo-m%c3%a9todo-eleva-carga-tribut%c3%a1ria\\\/\"},\"author\":{\"name\":\"Assessoria de Imprensa ACE-Guarulhos\",\"@id\":\"https:\\\/\\\/www.aceguarulhos.com.br\\\/blog\\\/#\\\/schema\\\/person\\\/6983b51bad37489989e4f09698c26237\"},\"headline\":\"Novo m\u00e9todo eleva carga tribut\u00e1ria\",\"datePublished\":\"2009-02-11T11:54:06+00:00\",\"mainEntityOfPage\":{\"@id\":\"https:\\\/\\\/www.aceguarulhos.com.br\\\/blog\\\/novo-m%c3%a9todo-eleva-carga-tribut%c3%a1ria\\\/\"},\"wordCount\":566,\"commentCount\":0,\"publisher\":{\"@id\":\"https:\\\/\\\/www.aceguarulhos.com.br\\\/blog\\\/#organization\"},\"articleSection\":[\"Not\u00edcias\"],\"inLanguage\":\"pt-BR\"},{\"@type\":\"WebPage\",\"@id\":\"https:\\\/\\\/www.aceguarulhos.com.br\\\/blog\\\/novo-m%c3%a9todo-eleva-carga-tribut%c3%a1ria\\\/\",\"url\":\"https:\\\/\\\/www.aceguarulhos.com.br\\\/blog\\\/novo-m%c3%a9todo-eleva-carga-tribut%c3%a1ria\\\/\",\"name\":\"Novo m\u00e9todo eleva carga tribut\u00e1ria - ACE-Guarulhos\",\"isPartOf\":{\"@id\":\"https:\\\/\\\/www.aceguarulhos.com.br\\\/blog\\\/#website\"},\"datePublished\":\"2009-02-11T11:54:06+00:00\",\"breadcrumb\":{\"@id\":\"https:\\\/\\\/www.aceguarulhos.com.br\\\/blog\\\/novo-m%c3%a9todo-eleva-carga-tribut%c3%a1ria\\\/#breadcrumb\"},\"inLanguage\":\"pt-BR\",\"potentialAction\":[{\"@type\":\"ReadAction\",\"target\":[\"https:\\\/\\\/www.aceguarulhos.com.br\\\/blog\\\/novo-m%c3%a9todo-eleva-carga-tribut%c3%a1ria\\\/\"]}]},{\"@type\":\"BreadcrumbList\",\"@id\":\"https:\\\/\\\/www.aceguarulhos.com.br\\\/blog\\\/novo-m%c3%a9todo-eleva-carga-tribut%c3%a1ria\\\/#breadcrumb\",\"itemListElement\":[{\"@type\":\"ListItem\",\"position\":1,\"name\":\"In\u00edcio\",\"item\":\"https:\\\/\\\/www.aceguarulhos.com.br\\\/blog\\\/\"},{\"@type\":\"ListItem\",\"position\":2,\"name\":\"Novo m\u00e9todo eleva carga tribut\u00e1ria\"}]},{\"@type\":\"WebSite\",\"@id\":\"https:\\\/\\\/www.aceguarulhos.com.br\\\/blog\\\/#website\",\"url\":\"https:\\\/\\\/www.aceguarulhos.com.br\\\/blog\\\/\",\"name\":\"ACE-Guarulhos\",\"description\":\"A ACE-Guarulhos \u00e9 uma associa\u00e7\u00e3o que ap\u00f3ia os empres\u00e1rios guarulhenses atrav\u00e9s da representa\u00e7\u00e3o, da gera\u00e7\u00e3o de neg\u00f3cios e presta\u00e7\u00e3o de servi\u00e7os.\",\"publisher\":{\"@id\":\"https:\\\/\\\/www.aceguarulhos.com.br\\\/blog\\\/#organization\"},\"potentialAction\":[{\"@type\":\"SearchAction\",\"target\":{\"@type\":\"EntryPoint\",\"urlTemplate\":\"https:\\\/\\\/www.aceguarulhos.com.br\\\/blog\\\/?s={search_term_string}\"},\"query-input\":{\"@type\":\"PropertyValueSpecification\",\"valueRequired\":true,\"valueName\":\"search_term_string\"}}],\"inLanguage\":\"pt-BR\"},{\"@type\":\"Organization\",\"@id\":\"https:\\\/\\\/www.aceguarulhos.com.br\\\/blog\\\/#organization\",\"name\":\"ACE-Guarulhos\",\"url\":\"https:\\\/\\\/www.aceguarulhos.com.br\\\/blog\\\/\",\"logo\":{\"@type\":\"ImageObject\",\"inLanguage\":\"pt-BR\",\"@id\":\"https:\\\/\\\/www.aceguarulhos.com.br\\\/blog\\\/#\\\/schema\\\/logo\\\/image\\\/\",\"url\":\"https:\\\/\\\/www.aceguarulhos.com.br\\\/blog\\\/wp-content\\\/uploads\\\/2017\\\/12\\\/logo-aceguarulhos-2018.png\",\"contentUrl\":\"https:\\\/\\\/www.aceguarulhos.com.br\\\/blog\\\/wp-content\\\/uploads\\\/2017\\\/12\\\/logo-aceguarulhos-2018.png\",\"width\":419,\"height\":76,\"caption\":\"ACE-Guarulhos\"},\"image\":{\"@id\":\"https:\\\/\\\/www.aceguarulhos.com.br\\\/blog\\\/#\\\/schema\\\/logo\\\/image\\\/\"},\"sameAs\":[\"https:\\\/\\\/www.facebook.com\\\/aceguarulhos\\\/\",\"https:\\\/\\\/br.linkedin.com\\\/in\\\/ace-guarulhos-b9a97093\",\"https:\\\/\\\/www.youtube.com\\\/user\\\/aceguarulhos\"]},{\"@type\":\"Person\",\"@id\":\"https:\\\/\\\/www.aceguarulhos.com.br\\\/blog\\\/#\\\/schema\\\/person\\\/6983b51bad37489989e4f09698c26237\",\"name\":\"Assessoria de Imprensa ACE-Guarulhos\",\"image\":{\"@type\":\"ImageObject\",\"inLanguage\":\"pt-BR\",\"@id\":\"https:\\\/\\\/secure.gravatar.com\\\/avatar\\\/707f3fadd6918afeb64173ab22d8a8cb0676953098a4f31ff36dc2b4c699ef6a?s=96&d=mm&r=g\",\"url\":\"https:\\\/\\\/secure.gravatar.com\\\/avatar\\\/707f3fadd6918afeb64173ab22d8a8cb0676953098a4f31ff36dc2b4c699ef6a?s=96&d=mm&r=g\",\"contentUrl\":\"https:\\\/\\\/secure.gravatar.com\\\/avatar\\\/707f3fadd6918afeb64173ab22d8a8cb0676953098a4f31ff36dc2b4c699ef6a?s=96&d=mm&r=g\",\"caption\":\"Assessoria de Imprensa ACE-Guarulhos\"},\"url\":\"https:\\\/\\\/www.aceguarulhos.com.br\\\/blog\\\/author\\\/assessoria-de-imprensa-ace-guarulhos\\\/\"}]}<\/script>\n<!-- \/ Yoast SEO plugin. -->","yoast_head_json":{"title":"Novo m\u00e9todo eleva carga tribut\u00e1ria - ACE-Guarulhos","robots":{"index":"index","follow":"follow","max-snippet":"max-snippet:-1","max-image-preview":"max-image-preview:large","max-video-preview":"max-video-preview:-1"},"canonical":"https:\/\/www.aceguarulhos.com.br\/blog\/novo-m\u00e9todo-eleva-carga-tribut\u00e1ria\/","og_locale":"pt_BR","og_type":"article","og_title":"Novo m\u00e9todo eleva carga tribut\u00e1ria - ACE-Guarulhos","og_description":"Baixadas pelo governo no final do ano passado como forma de amenizar os efeitos da crise financeira, as Medidas Provis\u00f3rias 449 e 451","og_url":"https:\/\/www.aceguarulhos.com.br\/blog\/novo-m\u00e9todo-eleva-carga-tribut\u00e1ria\/","og_site_name":"ACE-Guarulhos","article_publisher":"https:\/\/www.facebook.com\/aceguarulhos\/","article_published_time":"2009-02-11T11:54:06+00:00","author":"Assessoria de Imprensa ACE-Guarulhos","twitter_card":"summary_large_image","twitter_misc":{"Escrito por":"Assessoria de Imprensa ACE-Guarulhos","Est. tempo de leitura":"3 minutos"},"schema":{"@context":"https:\/\/schema.org","@graph":[{"@type":"Article","@id":"https:\/\/www.aceguarulhos.com.br\/blog\/novo-m%c3%a9todo-eleva-carga-tribut%c3%a1ria\/#article","isPartOf":{"@id":"https:\/\/www.aceguarulhos.com.br\/blog\/novo-m%c3%a9todo-eleva-carga-tribut%c3%a1ria\/"},"author":{"name":"Assessoria de Imprensa ACE-Guarulhos","@id":"https:\/\/www.aceguarulhos.com.br\/blog\/#\/schema\/person\/6983b51bad37489989e4f09698c26237"},"headline":"Novo m\u00e9todo eleva carga tribut\u00e1ria","datePublished":"2009-02-11T11:54:06+00:00","mainEntityOfPage":{"@id":"https:\/\/www.aceguarulhos.com.br\/blog\/novo-m%c3%a9todo-eleva-carga-tribut%c3%a1ria\/"},"wordCount":566,"commentCount":0,"publisher":{"@id":"https:\/\/www.aceguarulhos.com.br\/blog\/#organization"},"articleSection":["Not\u00edcias"],"inLanguage":"pt-BR"},{"@type":"WebPage","@id":"https:\/\/www.aceguarulhos.com.br\/blog\/novo-m%c3%a9todo-eleva-carga-tribut%c3%a1ria\/","url":"https:\/\/www.aceguarulhos.com.br\/blog\/novo-m%c3%a9todo-eleva-carga-tribut%c3%a1ria\/","name":"Novo m\u00e9todo eleva carga tribut\u00e1ria - ACE-Guarulhos","isPartOf":{"@id":"https:\/\/www.aceguarulhos.com.br\/blog\/#website"},"datePublished":"2009-02-11T11:54:06+00:00","breadcrumb":{"@id":"https:\/\/www.aceguarulhos.com.br\/blog\/novo-m%c3%a9todo-eleva-carga-tribut%c3%a1ria\/#breadcrumb"},"inLanguage":"pt-BR","potentialAction":[{"@type":"ReadAction","target":["https:\/\/www.aceguarulhos.com.br\/blog\/novo-m%c3%a9todo-eleva-carga-tribut%c3%a1ria\/"]}]},{"@type":"BreadcrumbList","@id":"https:\/\/www.aceguarulhos.com.br\/blog\/novo-m%c3%a9todo-eleva-carga-tribut%c3%a1ria\/#breadcrumb","itemListElement":[{"@type":"ListItem","position":1,"name":"In\u00edcio","item":"https:\/\/www.aceguarulhos.com.br\/blog\/"},{"@type":"ListItem","position":2,"name":"Novo m\u00e9todo eleva carga tribut\u00e1ria"}]},{"@type":"WebSite","@id":"https:\/\/www.aceguarulhos.com.br\/blog\/#website","url":"https:\/\/www.aceguarulhos.com.br\/blog\/","name":"ACE-Guarulhos","description":"A ACE-Guarulhos \u00e9 uma associa\u00e7\u00e3o que ap\u00f3ia os empres\u00e1rios guarulhenses atrav\u00e9s da representa\u00e7\u00e3o, da gera\u00e7\u00e3o de neg\u00f3cios e presta\u00e7\u00e3o de servi\u00e7os.","publisher":{"@id":"https:\/\/www.aceguarulhos.com.br\/blog\/#organization"},"potentialAction":[{"@type":"SearchAction","target":{"@type":"EntryPoint","urlTemplate":"https:\/\/www.aceguarulhos.com.br\/blog\/?s={search_term_string}"},"query-input":{"@type":"PropertyValueSpecification","valueRequired":true,"valueName":"search_term_string"}}],"inLanguage":"pt-BR"},{"@type":"Organization","@id":"https:\/\/www.aceguarulhos.com.br\/blog\/#organization","name":"ACE-Guarulhos","url":"https:\/\/www.aceguarulhos.com.br\/blog\/","logo":{"@type":"ImageObject","inLanguage":"pt-BR","@id":"https:\/\/www.aceguarulhos.com.br\/blog\/#\/schema\/logo\/image\/","url":"https:\/\/www.aceguarulhos.com.br\/blog\/wp-content\/uploads\/2017\/12\/logo-aceguarulhos-2018.png","contentUrl":"https:\/\/www.aceguarulhos.com.br\/blog\/wp-content\/uploads\/2017\/12\/logo-aceguarulhos-2018.png","width":419,"height":76,"caption":"ACE-Guarulhos"},"image":{"@id":"https:\/\/www.aceguarulhos.com.br\/blog\/#\/schema\/logo\/image\/"},"sameAs":["https:\/\/www.facebook.com\/aceguarulhos\/","https:\/\/br.linkedin.com\/in\/ace-guarulhos-b9a97093","https:\/\/www.youtube.com\/user\/aceguarulhos"]},{"@type":"Person","@id":"https:\/\/www.aceguarulhos.com.br\/blog\/#\/schema\/person\/6983b51bad37489989e4f09698c26237","name":"Assessoria de Imprensa ACE-Guarulhos","image":{"@type":"ImageObject","inLanguage":"pt-BR","@id":"https:\/\/secure.gravatar.com\/avatar\/707f3fadd6918afeb64173ab22d8a8cb0676953098a4f31ff36dc2b4c699ef6a?s=96&d=mm&r=g","url":"https:\/\/secure.gravatar.com\/avatar\/707f3fadd6918afeb64173ab22d8a8cb0676953098a4f31ff36dc2b4c699ef6a?s=96&d=mm&r=g","contentUrl":"https:\/\/secure.gravatar.com\/avatar\/707f3fadd6918afeb64173ab22d8a8cb0676953098a4f31ff36dc2b4c699ef6a?s=96&d=mm&r=g","caption":"Assessoria de Imprensa ACE-Guarulhos"},"url":"https:\/\/www.aceguarulhos.com.br\/blog\/author\/assessoria-de-imprensa-ace-guarulhos\/"}]}},"wps_subtitle":"","amp_enabled":true,"_links":{"self":[{"href":"https:\/\/www.aceguarulhos.com.br\/blog\/wp-json\/wp\/v2\/posts\/34502","targetHints":{"allow":["GET"]}}],"collection":[{"href":"https:\/\/www.aceguarulhos.com.br\/blog\/wp-json\/wp\/v2\/posts"}],"about":[{"href":"https:\/\/www.aceguarulhos.com.br\/blog\/wp-json\/wp\/v2\/types\/post"}],"author":[{"embeddable":true,"href":"https:\/\/www.aceguarulhos.com.br\/blog\/wp-json\/wp\/v2\/users\/8"}],"replies":[{"embeddable":true,"href":"https:\/\/www.aceguarulhos.com.br\/blog\/wp-json\/wp\/v2\/comments?post=34502"}],"version-history":[{"count":0,"href":"https:\/\/www.aceguarulhos.com.br\/blog\/wp-json\/wp\/v2\/posts\/34502\/revisions"}],"wp:attachment":[{"href":"https:\/\/www.aceguarulhos.com.br\/blog\/wp-json\/wp\/v2\/media?parent=34502"}],"wp:term":[{"taxonomy":"category","embeddable":true,"href":"https:\/\/www.aceguarulhos.com.br\/blog\/wp-json\/wp\/v2\/categories?post=34502"},{"taxonomy":"post_tag","embeddable":true,"href":"https:\/\/www.aceguarulhos.com.br\/blog\/wp-json\/wp\/v2\/tags?post=34502"}],"curies":[{"name":"wp","href":"https:\/\/api.w.org\/{rel}","templated":true}]}}