{"id":34501,"date":"2009-02-11T11:51:32","date_gmt":"2009-02-11T11:51:32","guid":{"rendered":"http:\/\/www.aceguarulhos.com.br\/blog\/?p=34501"},"modified":"-0001-11-30T00:00:00","modified_gmt":"-0001-11-30T03:00:00","slug":"ace-e-ung-revitaliza%c3%a7%c3%a3o-das-fachadas-da-rua-d-pedro","status":"publish","type":"post","link":"https:\/\/www.aceguarulhos.com.br\/blog\/ace-e-ung-revitaliza%c3%a7%c3%a3o-das-fachadas-da-rua-d-pedro\/","title":{"rendered":"ACE e UnG: revitaliza\u00e7\u00e3o das fachadas da Rua D. Pedro"},"content":{"rendered":"<p>Partindo de um projeto de revitaliza\u00e7\u00e3o do centro de Guarulhos, a Prefeitura Municipal implementou em toda extens\u00e3o da Rua Dom Pedro II um cal\u00e7ad\u00e3o priorizando o tr\u00e2nsito de pessoas. Por conta desta nova realidade e com o objetivo de conquistar os consumidores a partir do visual das lojas, a Associa\u00e7\u00e3o Comercial e Empresarial de Guarulhos (ACE), em parceria com a Universidade Guarulhos (UnG), quer propor aos comerciantes da regi\u00e3o um projeto de melhoria das fachadas dos estabelecimentos.<\/p>\n<p><center><\/p>\n<p class=\"midia\" style=\"width: 420px;\"><img loading=\"lazy\" decoding=\"async\" src=\"\/blog\/wp-content\/uploads\/image.php?x=i&amp;i1=100&amp;i2=20090211115117\" title=\"Imprensa\/ACE\" width=\"420\" height=\"288\"><br \/>Reuni\u00e3o da ACE debate projeto de revitaliza\u00e7\u00e3o de fachadas de lojas da cidade<\/p>\n<p><\/center><\/p>\n<p>Os professores Wendie Requena e Cl\u00e1udio Fugita, do escrit\u00f3rio modelo da faculdade de arquitetura da UnG s\u00e3o os coordenadores do projeto de revitaliza\u00e7\u00e3o. Apesar de aprovarem a Lei Cidade Limpa implementada na capital paulista, os professores acreditam numa a\u00e7\u00e3o mais democr\u00e1tica com objetivo de padronizar as fachadas das lojas guarulhenses. <\/p>\n<p>Entre as primeiras a\u00e7\u00f5es sugeridas est\u00e3o a coloca\u00e7\u00e3o de vasos em frente as lojas com objetivo de deixar o cal\u00e7ad\u00e3o da Rua Dom Pedro menos cinza, a implementa\u00e7\u00e3o de pequenos totens indicando os nomes das lojas ou, at\u00e9 mesmo, dividir o principal centro comercial por nomes ou cores como acontece em shoppings.<\/p>\n<p>\u201cO centro de Guarulhos est\u00e1 passando por uma transi\u00e7\u00e3o e por isso acreditamos que ele pode ficar mais bonito com esta revitaliza\u00e7\u00e3o\u201d, disse a professora Wendie Requena.<\/p>\n<p>Segundo presidente da ACE-Guarulhos, Wilson Louren\u00e7o, a entidade quer se antecipar a um prov\u00e1vel projeto de Lei de regulamenta\u00e7\u00e3o das fachadas. \u201cA padroniza\u00e7\u00e3o vai deixar o centro muito mais bonito e ser\u00e1 um passo para um sonho antigo dos comerciantes da regi\u00e3o em cobrir a Rua Dom Pedro II\u201d, contou.<\/p>\n<p>O vice-presidente de com\u00e9rcio da Associa\u00e7\u00e3o Comercial, Jorge Taiar, que possui um estabelecimento comercial na Rua Sete de Setembro, contou que empreendedores da via j\u00e1 vinham planejando a\u00e7\u00f5es para atrair os consumidores. Segundo Taiar, os comerciantes querem se espelhar na Rua Oscar Freire \u2013 endere\u00e7o comercial de luxo da capital Paulista \u2013 para deixar a via mais bonita. \u201cCreio que com o projeto da ACE e da UnG pode ser uma boa alternativa para o que pretendemos fazer na Rua Sete de Setembro\u201d, disse.<\/p>\n<p>A Associa\u00e7\u00e3o Comercial pretende realizar uma reuni\u00e3o com os comerciantes com o objetivo de ouvi-los e sensibiliz\u00e1-los sobre a a\u00e7\u00e3o. O projeto final deve ser apresentado pelos representantes da UnG em um novo encontro no in\u00edcio de mar\u00e7o.<\/p>\n","protected":false},"excerpt":{"rendered":"Institui\u00e7\u00f5es se uniram para propor projeto de revitaliza\u00e7\u00e3o das fachadas das lojas do principal centro comercial de Guarulhos\n<a class=\"moretag\" href=\"https:\/\/www.aceguarulhos.com.br\/blog\/ace-e-ung-revitaliza%c3%a7%c3%a3o-das-fachadas-da-rua-d-pedro\/\"> [...]<\/a>","protected":false},"author":8,"featured_media":0,"comment_status":"open","ping_status":"open","sticky":false,"template":"","format":"standard","meta":{"footnotes":""},"categories":[2],"tags":[],"class_list":["post-34501","post","type-post","status-publish","format-standard","hentry","category-noticias"],"yoast_head":"<!-- This site is optimized with the Yoast SEO plugin v28.1 - https:\/\/yoast.com\/product\/yoast-seo-wordpress\/ -->\n<title>ACE e UnG: revitaliza\u00e7\u00e3o das fachadas da Rua D. Pedro - ACE-Guarulhos<\/title>\n<meta name=\"robots\" content=\"index, follow, max-snippet:-1, max-image-preview:large, max-video-preview:-1\" \/>\n<link rel=\"canonical\" href=\"https:\/\/www.aceguarulhos.com.br\/blog\/ace-e-ung-revitaliza\u00e7\u00e3o-das-fachadas-da-rua-d-pedro\/\" \/>\n<meta property=\"og:locale\" content=\"pt_BR\" \/>\n<meta property=\"og:type\" content=\"article\" \/>\n<meta property=\"og:title\" content=\"ACE e UnG: revitaliza\u00e7\u00e3o das fachadas da Rua D. Pedro - ACE-Guarulhos\" \/>\n<meta property=\"og:description\" content=\"Institui\u00e7\u00f5es se uniram para propor projeto de revitaliza\u00e7\u00e3o das fachadas das lojas do principal centro comercial de Guarulhos\" \/>\n<meta property=\"og:url\" content=\"https:\/\/www.aceguarulhos.com.br\/blog\/ace-e-ung-revitaliza\u00e7\u00e3o-das-fachadas-da-rua-d-pedro\/\" \/>\n<meta property=\"og:site_name\" content=\"ACE-Guarulhos\" \/>\n<meta property=\"article:publisher\" content=\"https:\/\/www.facebook.com\/aceguarulhos\/\" \/>\n<meta property=\"article:published_time\" content=\"2009-02-11T11:51:32+00:00\" \/>\n<meta property=\"og:image\" content=\"https:\/\/www.aceguarulhos.com.br\/blog\/wp-content\/uploads\/image.php\" \/>\n<meta name=\"author\" content=\"Assessoria de Imprensa ACE-Guarulhos\" \/>\n<meta name=\"twitter:card\" content=\"summary_large_image\" \/>\n<meta name=\"twitter:label1\" content=\"Escrito por\" \/>\n\t<meta name=\"twitter:data1\" content=\"Assessoria de Imprensa ACE-Guarulhos\" \/>\n\t<meta name=\"twitter:label2\" content=\"Est. tempo de leitura\" \/>\n\t<meta name=\"twitter:data2\" content=\"2 minutos\" \/>\n<script type=\"application\/ld+json\" class=\"yoast-schema-graph\">{\"@context\":\"https:\\\/\\\/schema.org\",\"@graph\":[{\"@type\":\"Article\",\"@id\":\"https:\\\/\\\/www.aceguarulhos.com.br\\\/blog\\\/ace-e-ung-revitaliza%c3%a7%c3%a3o-das-fachadas-da-rua-d-pedro\\\/#article\",\"isPartOf\":{\"@id\":\"https:\\\/\\\/www.aceguarulhos.com.br\\\/blog\\\/ace-e-ung-revitaliza%c3%a7%c3%a3o-das-fachadas-da-rua-d-pedro\\\/\"},\"author\":{\"name\":\"Assessoria de Imprensa ACE-Guarulhos\",\"@id\":\"https:\\\/\\\/www.aceguarulhos.com.br\\\/blog\\\/#\\\/schema\\\/person\\\/6983b51bad37489989e4f09698c26237\"},\"headline\":\"ACE e UnG: revitaliza\u00e7\u00e3o das fachadas da Rua D. Pedro\",\"datePublished\":\"2009-02-11T11:51:32+00:00\",\"mainEntityOfPage\":{\"@id\":\"https:\\\/\\\/www.aceguarulhos.com.br\\\/blog\\\/ace-e-ung-revitaliza%c3%a7%c3%a3o-das-fachadas-da-rua-d-pedro\\\/\"},\"wordCount\":438,\"commentCount\":0,\"publisher\":{\"@id\":\"https:\\\/\\\/www.aceguarulhos.com.br\\\/blog\\\/#organization\"},\"articleSection\":[\"Not\u00edcias\"],\"inLanguage\":\"pt-BR\"},{\"@type\":\"WebPage\",\"@id\":\"https:\\\/\\\/www.aceguarulhos.com.br\\\/blog\\\/ace-e-ung-revitaliza%c3%a7%c3%a3o-das-fachadas-da-rua-d-pedro\\\/\",\"url\":\"https:\\\/\\\/www.aceguarulhos.com.br\\\/blog\\\/ace-e-ung-revitaliza%c3%a7%c3%a3o-das-fachadas-da-rua-d-pedro\\\/\",\"name\":\"ACE e UnG: revitaliza\u00e7\u00e3o das fachadas da Rua D. Pedro - ACE-Guarulhos\",\"isPartOf\":{\"@id\":\"https:\\\/\\\/www.aceguarulhos.com.br\\\/blog\\\/#website\"},\"datePublished\":\"2009-02-11T11:51:32+00:00\",\"breadcrumb\":{\"@id\":\"https:\\\/\\\/www.aceguarulhos.com.br\\\/blog\\\/ace-e-ung-revitaliza%c3%a7%c3%a3o-das-fachadas-da-rua-d-pedro\\\/#breadcrumb\"},\"inLanguage\":\"pt-BR\",\"potentialAction\":[{\"@type\":\"ReadAction\",\"target\":[\"https:\\\/\\\/www.aceguarulhos.com.br\\\/blog\\\/ace-e-ung-revitaliza%c3%a7%c3%a3o-das-fachadas-da-rua-d-pedro\\\/\"]}]},{\"@type\":\"BreadcrumbList\",\"@id\":\"https:\\\/\\\/www.aceguarulhos.com.br\\\/blog\\\/ace-e-ung-revitaliza%c3%a7%c3%a3o-das-fachadas-da-rua-d-pedro\\\/#breadcrumb\",\"itemListElement\":[{\"@type\":\"ListItem\",\"position\":1,\"name\":\"In\u00edcio\",\"item\":\"https:\\\/\\\/www.aceguarulhos.com.br\\\/blog\\\/\"},{\"@type\":\"ListItem\",\"position\":2,\"name\":\"ACE e UnG: revitaliza\u00e7\u00e3o das fachadas da Rua D. Pedro\"}]},{\"@type\":\"WebSite\",\"@id\":\"https:\\\/\\\/www.aceguarulhos.com.br\\\/blog\\\/#website\",\"url\":\"https:\\\/\\\/www.aceguarulhos.com.br\\\/blog\\\/\",\"name\":\"ACE-Guarulhos\",\"description\":\"A ACE-Guarulhos \u00e9 uma associa\u00e7\u00e3o que ap\u00f3ia os empres\u00e1rios guarulhenses atrav\u00e9s da representa\u00e7\u00e3o, da gera\u00e7\u00e3o de neg\u00f3cios e presta\u00e7\u00e3o de servi\u00e7os.\",\"publisher\":{\"@id\":\"https:\\\/\\\/www.aceguarulhos.com.br\\\/blog\\\/#organization\"},\"potentialAction\":[{\"@type\":\"SearchAction\",\"target\":{\"@type\":\"EntryPoint\",\"urlTemplate\":\"https:\\\/\\\/www.aceguarulhos.com.br\\\/blog\\\/?s={search_term_string}\"},\"query-input\":{\"@type\":\"PropertyValueSpecification\",\"valueRequired\":true,\"valueName\":\"search_term_string\"}}],\"inLanguage\":\"pt-BR\"},{\"@type\":\"Organization\",\"@id\":\"https:\\\/\\\/www.aceguarulhos.com.br\\\/blog\\\/#organization\",\"name\":\"ACE-Guarulhos\",\"url\":\"https:\\\/\\\/www.aceguarulhos.com.br\\\/blog\\\/\",\"logo\":{\"@type\":\"ImageObject\",\"inLanguage\":\"pt-BR\",\"@id\":\"https:\\\/\\\/www.aceguarulhos.com.br\\\/blog\\\/#\\\/schema\\\/logo\\\/image\\\/\",\"url\":\"https:\\\/\\\/www.aceguarulhos.com.br\\\/blog\\\/wp-content\\\/uploads\\\/2017\\\/12\\\/logo-aceguarulhos-2018.png\",\"contentUrl\":\"https:\\\/\\\/www.aceguarulhos.com.br\\\/blog\\\/wp-content\\\/uploads\\\/2017\\\/12\\\/logo-aceguarulhos-2018.png\",\"width\":419,\"height\":76,\"caption\":\"ACE-Guarulhos\"},\"image\":{\"@id\":\"https:\\\/\\\/www.aceguarulhos.com.br\\\/blog\\\/#\\\/schema\\\/logo\\\/image\\\/\"},\"sameAs\":[\"https:\\\/\\\/www.facebook.com\\\/aceguarulhos\\\/\",\"https:\\\/\\\/br.linkedin.com\\\/in\\\/ace-guarulhos-b9a97093\",\"https:\\\/\\\/www.youtube.com\\\/user\\\/aceguarulhos\"]},{\"@type\":\"Person\",\"@id\":\"https:\\\/\\\/www.aceguarulhos.com.br\\\/blog\\\/#\\\/schema\\\/person\\\/6983b51bad37489989e4f09698c26237\",\"name\":\"Assessoria de Imprensa ACE-Guarulhos\",\"image\":{\"@type\":\"ImageObject\",\"inLanguage\":\"pt-BR\",\"@id\":\"https:\\\/\\\/secure.gravatar.com\\\/avatar\\\/707f3fadd6918afeb64173ab22d8a8cb0676953098a4f31ff36dc2b4c699ef6a?s=96&d=mm&r=g\",\"url\":\"https:\\\/\\\/secure.gravatar.com\\\/avatar\\\/707f3fadd6918afeb64173ab22d8a8cb0676953098a4f31ff36dc2b4c699ef6a?s=96&d=mm&r=g\",\"contentUrl\":\"https:\\\/\\\/secure.gravatar.com\\\/avatar\\\/707f3fadd6918afeb64173ab22d8a8cb0676953098a4f31ff36dc2b4c699ef6a?s=96&d=mm&r=g\",\"caption\":\"Assessoria de Imprensa ACE-Guarulhos\"},\"url\":\"https:\\\/\\\/www.aceguarulhos.com.br\\\/blog\\\/author\\\/assessoria-de-imprensa-ace-guarulhos\\\/\"}]}<\/script>\n<!-- \/ Yoast SEO plugin. -->","yoast_head_json":{"title":"ACE e UnG: revitaliza\u00e7\u00e3o das fachadas da Rua D. Pedro - ACE-Guarulhos","robots":{"index":"index","follow":"follow","max-snippet":"max-snippet:-1","max-image-preview":"max-image-preview:large","max-video-preview":"max-video-preview:-1"},"canonical":"https:\/\/www.aceguarulhos.com.br\/blog\/ace-e-ung-revitaliza\u00e7\u00e3o-das-fachadas-da-rua-d-pedro\/","og_locale":"pt_BR","og_type":"article","og_title":"ACE e UnG: revitaliza\u00e7\u00e3o das fachadas da Rua D. Pedro - ACE-Guarulhos","og_description":"Institui\u00e7\u00f5es se uniram para propor projeto de revitaliza\u00e7\u00e3o das fachadas das lojas do principal centro comercial de Guarulhos","og_url":"https:\/\/www.aceguarulhos.com.br\/blog\/ace-e-ung-revitaliza\u00e7\u00e3o-das-fachadas-da-rua-d-pedro\/","og_site_name":"ACE-Guarulhos","article_publisher":"https:\/\/www.facebook.com\/aceguarulhos\/","article_published_time":"2009-02-11T11:51:32+00:00","og_image":[{"url":"https:\/\/www.aceguarulhos.com.br\/blog\/wp-content\/uploads\/image.php","type":"","width":"","height":""}],"author":"Assessoria de Imprensa ACE-Guarulhos","twitter_card":"summary_large_image","twitter_misc":{"Escrito por":"Assessoria de Imprensa ACE-Guarulhos","Est. tempo de leitura":"2 minutos"},"schema":{"@context":"https:\/\/schema.org","@graph":[{"@type":"Article","@id":"https:\/\/www.aceguarulhos.com.br\/blog\/ace-e-ung-revitaliza%c3%a7%c3%a3o-das-fachadas-da-rua-d-pedro\/#article","isPartOf":{"@id":"https:\/\/www.aceguarulhos.com.br\/blog\/ace-e-ung-revitaliza%c3%a7%c3%a3o-das-fachadas-da-rua-d-pedro\/"},"author":{"name":"Assessoria de Imprensa ACE-Guarulhos","@id":"https:\/\/www.aceguarulhos.com.br\/blog\/#\/schema\/person\/6983b51bad37489989e4f09698c26237"},"headline":"ACE e UnG: revitaliza\u00e7\u00e3o das fachadas da Rua D. Pedro","datePublished":"2009-02-11T11:51:32+00:00","mainEntityOfPage":{"@id":"https:\/\/www.aceguarulhos.com.br\/blog\/ace-e-ung-revitaliza%c3%a7%c3%a3o-das-fachadas-da-rua-d-pedro\/"},"wordCount":438,"commentCount":0,"publisher":{"@id":"https:\/\/www.aceguarulhos.com.br\/blog\/#organization"},"articleSection":["Not\u00edcias"],"inLanguage":"pt-BR"},{"@type":"WebPage","@id":"https:\/\/www.aceguarulhos.com.br\/blog\/ace-e-ung-revitaliza%c3%a7%c3%a3o-das-fachadas-da-rua-d-pedro\/","url":"https:\/\/www.aceguarulhos.com.br\/blog\/ace-e-ung-revitaliza%c3%a7%c3%a3o-das-fachadas-da-rua-d-pedro\/","name":"ACE e UnG: revitaliza\u00e7\u00e3o das fachadas da Rua D. Pedro - ACE-Guarulhos","isPartOf":{"@id":"https:\/\/www.aceguarulhos.com.br\/blog\/#website"},"datePublished":"2009-02-11T11:51:32+00:00","breadcrumb":{"@id":"https:\/\/www.aceguarulhos.com.br\/blog\/ace-e-ung-revitaliza%c3%a7%c3%a3o-das-fachadas-da-rua-d-pedro\/#breadcrumb"},"inLanguage":"pt-BR","potentialAction":[{"@type":"ReadAction","target":["https:\/\/www.aceguarulhos.com.br\/blog\/ace-e-ung-revitaliza%c3%a7%c3%a3o-das-fachadas-da-rua-d-pedro\/"]}]},{"@type":"BreadcrumbList","@id":"https:\/\/www.aceguarulhos.com.br\/blog\/ace-e-ung-revitaliza%c3%a7%c3%a3o-das-fachadas-da-rua-d-pedro\/#breadcrumb","itemListElement":[{"@type":"ListItem","position":1,"name":"In\u00edcio","item":"https:\/\/www.aceguarulhos.com.br\/blog\/"},{"@type":"ListItem","position":2,"name":"ACE e UnG: revitaliza\u00e7\u00e3o das fachadas da Rua D. Pedro"}]},{"@type":"WebSite","@id":"https:\/\/www.aceguarulhos.com.br\/blog\/#website","url":"https:\/\/www.aceguarulhos.com.br\/blog\/","name":"ACE-Guarulhos","description":"A ACE-Guarulhos \u00e9 uma associa\u00e7\u00e3o que ap\u00f3ia os empres\u00e1rios guarulhenses atrav\u00e9s da representa\u00e7\u00e3o, da gera\u00e7\u00e3o de neg\u00f3cios e presta\u00e7\u00e3o de servi\u00e7os.","publisher":{"@id":"https:\/\/www.aceguarulhos.com.br\/blog\/#organization"},"potentialAction":[{"@type":"SearchAction","target":{"@type":"EntryPoint","urlTemplate":"https:\/\/www.aceguarulhos.com.br\/blog\/?s={search_term_string}"},"query-input":{"@type":"PropertyValueSpecification","valueRequired":true,"valueName":"search_term_string"}}],"inLanguage":"pt-BR"},{"@type":"Organization","@id":"https:\/\/www.aceguarulhos.com.br\/blog\/#organization","name":"ACE-Guarulhos","url":"https:\/\/www.aceguarulhos.com.br\/blog\/","logo":{"@type":"ImageObject","inLanguage":"pt-BR","@id":"https:\/\/www.aceguarulhos.com.br\/blog\/#\/schema\/logo\/image\/","url":"https:\/\/www.aceguarulhos.com.br\/blog\/wp-content\/uploads\/2017\/12\/logo-aceguarulhos-2018.png","contentUrl":"https:\/\/www.aceguarulhos.com.br\/blog\/wp-content\/uploads\/2017\/12\/logo-aceguarulhos-2018.png","width":419,"height":76,"caption":"ACE-Guarulhos"},"image":{"@id":"https:\/\/www.aceguarulhos.com.br\/blog\/#\/schema\/logo\/image\/"},"sameAs":["https:\/\/www.facebook.com\/aceguarulhos\/","https:\/\/br.linkedin.com\/in\/ace-guarulhos-b9a97093","https:\/\/www.youtube.com\/user\/aceguarulhos"]},{"@type":"Person","@id":"https:\/\/www.aceguarulhos.com.br\/blog\/#\/schema\/person\/6983b51bad37489989e4f09698c26237","name":"Assessoria de Imprensa ACE-Guarulhos","image":{"@type":"ImageObject","inLanguage":"pt-BR","@id":"https:\/\/secure.gravatar.com\/avatar\/707f3fadd6918afeb64173ab22d8a8cb0676953098a4f31ff36dc2b4c699ef6a?s=96&d=mm&r=g","url":"https:\/\/secure.gravatar.com\/avatar\/707f3fadd6918afeb64173ab22d8a8cb0676953098a4f31ff36dc2b4c699ef6a?s=96&d=mm&r=g","contentUrl":"https:\/\/secure.gravatar.com\/avatar\/707f3fadd6918afeb64173ab22d8a8cb0676953098a4f31ff36dc2b4c699ef6a?s=96&d=mm&r=g","caption":"Assessoria de Imprensa ACE-Guarulhos"},"url":"https:\/\/www.aceguarulhos.com.br\/blog\/author\/assessoria-de-imprensa-ace-guarulhos\/"}]}},"wps_subtitle":"","amp_enabled":true,"_links":{"self":[{"href":"https:\/\/www.aceguarulhos.com.br\/blog\/wp-json\/wp\/v2\/posts\/34501","targetHints":{"allow":["GET"]}}],"collection":[{"href":"https:\/\/www.aceguarulhos.com.br\/blog\/wp-json\/wp\/v2\/posts"}],"about":[{"href":"https:\/\/www.aceguarulhos.com.br\/blog\/wp-json\/wp\/v2\/types\/post"}],"author":[{"embeddable":true,"href":"https:\/\/www.aceguarulhos.com.br\/blog\/wp-json\/wp\/v2\/users\/8"}],"replies":[{"embeddable":true,"href":"https:\/\/www.aceguarulhos.com.br\/blog\/wp-json\/wp\/v2\/comments?post=34501"}],"version-history":[{"count":0,"href":"https:\/\/www.aceguarulhos.com.br\/blog\/wp-json\/wp\/v2\/posts\/34501\/revisions"}],"wp:attachment":[{"href":"https:\/\/www.aceguarulhos.com.br\/blog\/wp-json\/wp\/v2\/media?parent=34501"}],"wp:term":[{"taxonomy":"category","embeddable":true,"href":"https:\/\/www.aceguarulhos.com.br\/blog\/wp-json\/wp\/v2\/categories?post=34501"},{"taxonomy":"post_tag","embeddable":true,"href":"https:\/\/www.aceguarulhos.com.br\/blog\/wp-json\/wp\/v2\/tags?post=34501"}],"curies":[{"name":"wp","href":"https:\/\/api.w.org\/{rel}","templated":true}]}}