{"id":34465,"date":"2009-02-04T15:35:57","date_gmt":"2009-02-04T15:35:57","guid":{"rendered":"http:\/\/www.aceguarulhos.com.br\/blog\/?p=34465"},"modified":"-0001-11-30T00:00:00","modified_gmt":"-0001-11-30T03:00:00","slug":"setor-de-viagens-corporativas-aposta-em-crescimento","status":"publish","type":"post","link":"https:\/\/www.aceguarulhos.com.br\/blog\/setor-de-viagens-corporativas-aposta-em-crescimento\/","title":{"rendered":"Setor de viagens corporativas aposta em crescimento"},"content":{"rendered":"<p>Com a turbul\u00eancia econ\u00f4mica mundial, o mercado de viagens corporativas no Brasil come\u00e7a 2009 com incertezas, mas otimismo. No ano passado, obteve faturamento total de R$ 17,46 bilh\u00f5es \u2013 aumento de 6,78% em rela\u00e7\u00e3o a 2007. Do total, o transporte a\u00e9reo representou 52,44% (faturamento de R$ 9,15 bilh\u00f5es ante R$ 8,58 bilh\u00f5es do ano anterior), os servi\u00e7os de hospedagem geraram 35,73% (R$ 6,24 bilh\u00f5es, acima dos R$ 5,42 bilh\u00f5es de 2007) e os de loca\u00e7\u00e3o de ve\u00edculos obtiveram 5,61% (R$ 979,7 milh\u00f5es, comparados aos R$ 885,7 milh\u00f5es em 2007). <\/p>\n<p>Os n\u00fameros foram divulgados ontem na abertura do 4\u00ba Encontro Latino-Americano de Viagens Corporativas e Tecnologia (Lactte), em S\u00e3o Paulo, promovido pela Associa\u00e7\u00e3o Brasileira dos Gestores Corporativos (Abgev), em parceria com a norte-americana National Business Travel Association (NBTA). E fazem parte de um amplo estudo sobre o setor, o 3\u00ba Indicadores Econ\u00f4micos das Viagens Corporativas (IEVC), realizado pelo professor em Economia e Turismo da ECA-USP, Hildemar Brasil, junto com as principais entidades do segmento.<\/p>\n<p>&#8220;Crescemos acima do Produto Interno Bruto (PIB) em 2008&#8221;, adiantou Brasil. Ainda de acordo com o estudo, o setor de viagens corporativas, que inclui deslocamentos de neg\u00f3cios, eventos e incentivo, gerou 227.254 empregos diretos e 254.524 indiretos. <\/p>\n<p>As perspectivas para 2009? &#8220;Estamos trabalhando com o que o governo sinaliza. O drive das viagens corporativas \u00e9 a economia e n\u00e3o o d\u00f3lar,&#8221; disse. A ind\u00fastria, portanto, deve acompanhar as proje\u00e7\u00f5es do Banco Central (BC), disse o especialista. &#8220;O ano de 2008 foi excelente e temos de continuar otimistas mesmo com a crise,&#8221; disse o presidente do F\u00f3rum das Ag\u00eancias de Viagens Especializadas em Contas Comerciais ( Favecc), Francisco Leme. &#8220;Se o governo espera crescer, n\u00f3s tamb\u00e9m.&#8221; <\/p>\n<p>Segundo a presidente da Abgev, Vivi\u00e2nne Martins, s\u00f3 ser\u00e1 poss\u00edvel medir o desempenho do mercado no fim deste semestre. Segundo ela, as empresas n\u00e3o podem parar de prospectar novos neg\u00f3cios e cortar os custos com viagens. &#8220;Parar de viajar num momento desses n\u00e3o \u00e9 a solu\u00e7\u00e3o. A sa\u00edda \u00e9 contar com profissionais especializados no gerenciamento e negocia\u00e7\u00e3o com fornecedores,&#8221; disse. <\/p>\n<p>As Travel Management Company (TMCs) \u2013 empresas administradoras de viagens de negocios \u2013 t\u00eam papel fundamental na negocia\u00e7\u00e3o dos pre\u00e7os. Por que n\u00e3o viajar mais, pagando menos? Em lugar de se deslocar de classe executiva, ir de econ\u00f4mica, e ficar em hot\u00e9is mais em conta s\u00e3o algumas sugest\u00f5es \u00e0s empresas. &#8220;As companhias, obrigadas a demitir, talvez queiram incentivar as equipes a cumprir metas&#8221;, disse Vivianne, referindo-se \u00e0s viagens de incentivo. E d\u00e1 a dica: &#8220;Quem souber criar coisas boas e baratas, vai sair na frente.&#8221; O momento \u00e9 de viajar com bom senso.<\/p>\n","protected":false},"excerpt":{"rendered":"Com a turbul\u00eancia econ\u00f4mica mundial, o mercado de viagens corporativas no Brasil come\u00e7a 2009 com incertezas, mas otimismo. No ano passado, obteve faturamento \n<a class=\"moretag\" href=\"https:\/\/www.aceguarulhos.com.br\/blog\/setor-de-viagens-corporativas-aposta-em-crescimento\/\"> [...]<\/a>","protected":false},"author":8,"featured_media":0,"comment_status":"open","ping_status":"open","sticky":false,"template":"","format":"standard","meta":{"footnotes":""},"categories":[2],"tags":[],"class_list":["post-34465","post","type-post","status-publish","format-standard","hentry","category-noticias"],"yoast_head":"<!-- This site is optimized with the Yoast SEO plugin v28.1 - https:\/\/yoast.com\/product\/yoast-seo-wordpress\/ -->\n<title>Setor de viagens corporativas aposta em crescimento - ACE-Guarulhos<\/title>\n<meta name=\"robots\" content=\"index, follow, max-snippet:-1, max-image-preview:large, max-video-preview:-1\" \/>\n<link rel=\"canonical\" href=\"https:\/\/www.aceguarulhos.com.br\/blog\/setor-de-viagens-corporativas-aposta-em-crescimento\/\" \/>\n<meta property=\"og:locale\" content=\"pt_BR\" \/>\n<meta property=\"og:type\" content=\"article\" \/>\n<meta property=\"og:title\" content=\"Setor de viagens corporativas aposta em crescimento - ACE-Guarulhos\" \/>\n<meta property=\"og:description\" content=\"Com a turbul\u00eancia econ\u00f4mica mundial, o mercado de viagens corporativas no Brasil come\u00e7a 2009 com incertezas, mas otimismo. No ano passado, obteve faturamento\" \/>\n<meta property=\"og:url\" content=\"https:\/\/www.aceguarulhos.com.br\/blog\/setor-de-viagens-corporativas-aposta-em-crescimento\/\" \/>\n<meta property=\"og:site_name\" content=\"ACE-Guarulhos\" \/>\n<meta property=\"article:publisher\" content=\"https:\/\/www.facebook.com\/aceguarulhos\/\" \/>\n<meta property=\"article:published_time\" content=\"2009-02-04T15:35:57+00:00\" \/>\n<meta name=\"author\" content=\"Assessoria de Imprensa ACE-Guarulhos\" \/>\n<meta name=\"twitter:card\" content=\"summary_large_image\" \/>\n<meta name=\"twitter:label1\" content=\"Escrito por\" \/>\n\t<meta name=\"twitter:data1\" content=\"Assessoria de Imprensa ACE-Guarulhos\" \/>\n\t<meta name=\"twitter:label2\" content=\"Est. tempo de leitura\" \/>\n\t<meta name=\"twitter:data2\" content=\"2 minutos\" \/>\n<script type=\"application\/ld+json\" class=\"yoast-schema-graph\">{\"@context\":\"https:\\\/\\\/schema.org\",\"@graph\":[{\"@type\":\"Article\",\"@id\":\"https:\\\/\\\/www.aceguarulhos.com.br\\\/blog\\\/setor-de-viagens-corporativas-aposta-em-crescimento\\\/#article\",\"isPartOf\":{\"@id\":\"https:\\\/\\\/www.aceguarulhos.com.br\\\/blog\\\/setor-de-viagens-corporativas-aposta-em-crescimento\\\/\"},\"author\":{\"name\":\"Assessoria de Imprensa ACE-Guarulhos\",\"@id\":\"https:\\\/\\\/www.aceguarulhos.com.br\\\/blog\\\/#\\\/schema\\\/person\\\/6983b51bad37489989e4f09698c26237\"},\"headline\":\"Setor de viagens corporativas aposta em crescimento\",\"datePublished\":\"2009-02-04T15:35:57+00:00\",\"mainEntityOfPage\":{\"@id\":\"https:\\\/\\\/www.aceguarulhos.com.br\\\/blog\\\/setor-de-viagens-corporativas-aposta-em-crescimento\\\/\"},\"wordCount\":452,\"commentCount\":0,\"publisher\":{\"@id\":\"https:\\\/\\\/www.aceguarulhos.com.br\\\/blog\\\/#organization\"},\"articleSection\":[\"Not\u00edcias\"],\"inLanguage\":\"pt-BR\"},{\"@type\":\"WebPage\",\"@id\":\"https:\\\/\\\/www.aceguarulhos.com.br\\\/blog\\\/setor-de-viagens-corporativas-aposta-em-crescimento\\\/\",\"url\":\"https:\\\/\\\/www.aceguarulhos.com.br\\\/blog\\\/setor-de-viagens-corporativas-aposta-em-crescimento\\\/\",\"name\":\"Setor de viagens corporativas aposta em crescimento - ACE-Guarulhos\",\"isPartOf\":{\"@id\":\"https:\\\/\\\/www.aceguarulhos.com.br\\\/blog\\\/#website\"},\"datePublished\":\"2009-02-04T15:35:57+00:00\",\"breadcrumb\":{\"@id\":\"https:\\\/\\\/www.aceguarulhos.com.br\\\/blog\\\/setor-de-viagens-corporativas-aposta-em-crescimento\\\/#breadcrumb\"},\"inLanguage\":\"pt-BR\",\"potentialAction\":[{\"@type\":\"ReadAction\",\"target\":[\"https:\\\/\\\/www.aceguarulhos.com.br\\\/blog\\\/setor-de-viagens-corporativas-aposta-em-crescimento\\\/\"]}]},{\"@type\":\"BreadcrumbList\",\"@id\":\"https:\\\/\\\/www.aceguarulhos.com.br\\\/blog\\\/setor-de-viagens-corporativas-aposta-em-crescimento\\\/#breadcrumb\",\"itemListElement\":[{\"@type\":\"ListItem\",\"position\":1,\"name\":\"In\u00edcio\",\"item\":\"https:\\\/\\\/www.aceguarulhos.com.br\\\/blog\\\/\"},{\"@type\":\"ListItem\",\"position\":2,\"name\":\"Setor de viagens corporativas aposta em crescimento\"}]},{\"@type\":\"WebSite\",\"@id\":\"https:\\\/\\\/www.aceguarulhos.com.br\\\/blog\\\/#website\",\"url\":\"https:\\\/\\\/www.aceguarulhos.com.br\\\/blog\\\/\",\"name\":\"ACE-Guarulhos\",\"description\":\"A ACE-Guarulhos \u00e9 uma associa\u00e7\u00e3o que ap\u00f3ia os empres\u00e1rios guarulhenses atrav\u00e9s da representa\u00e7\u00e3o, da gera\u00e7\u00e3o de neg\u00f3cios e presta\u00e7\u00e3o de servi\u00e7os.\",\"publisher\":{\"@id\":\"https:\\\/\\\/www.aceguarulhos.com.br\\\/blog\\\/#organization\"},\"potentialAction\":[{\"@type\":\"SearchAction\",\"target\":{\"@type\":\"EntryPoint\",\"urlTemplate\":\"https:\\\/\\\/www.aceguarulhos.com.br\\\/blog\\\/?s={search_term_string}\"},\"query-input\":{\"@type\":\"PropertyValueSpecification\",\"valueRequired\":true,\"valueName\":\"search_term_string\"}}],\"inLanguage\":\"pt-BR\"},{\"@type\":\"Organization\",\"@id\":\"https:\\\/\\\/www.aceguarulhos.com.br\\\/blog\\\/#organization\",\"name\":\"ACE-Guarulhos\",\"url\":\"https:\\\/\\\/www.aceguarulhos.com.br\\\/blog\\\/\",\"logo\":{\"@type\":\"ImageObject\",\"inLanguage\":\"pt-BR\",\"@id\":\"https:\\\/\\\/www.aceguarulhos.com.br\\\/blog\\\/#\\\/schema\\\/logo\\\/image\\\/\",\"url\":\"https:\\\/\\\/www.aceguarulhos.com.br\\\/blog\\\/wp-content\\\/uploads\\\/2017\\\/12\\\/logo-aceguarulhos-2018.png\",\"contentUrl\":\"https:\\\/\\\/www.aceguarulhos.com.br\\\/blog\\\/wp-content\\\/uploads\\\/2017\\\/12\\\/logo-aceguarulhos-2018.png\",\"width\":419,\"height\":76,\"caption\":\"ACE-Guarulhos\"},\"image\":{\"@id\":\"https:\\\/\\\/www.aceguarulhos.com.br\\\/blog\\\/#\\\/schema\\\/logo\\\/image\\\/\"},\"sameAs\":[\"https:\\\/\\\/www.facebook.com\\\/aceguarulhos\\\/\",\"https:\\\/\\\/br.linkedin.com\\\/in\\\/ace-guarulhos-b9a97093\",\"https:\\\/\\\/www.youtube.com\\\/user\\\/aceguarulhos\"]},{\"@type\":\"Person\",\"@id\":\"https:\\\/\\\/www.aceguarulhos.com.br\\\/blog\\\/#\\\/schema\\\/person\\\/6983b51bad37489989e4f09698c26237\",\"name\":\"Assessoria de Imprensa ACE-Guarulhos\",\"image\":{\"@type\":\"ImageObject\",\"inLanguage\":\"pt-BR\",\"@id\":\"https:\\\/\\\/secure.gravatar.com\\\/avatar\\\/707f3fadd6918afeb64173ab22d8a8cb0676953098a4f31ff36dc2b4c699ef6a?s=96&d=mm&r=g\",\"url\":\"https:\\\/\\\/secure.gravatar.com\\\/avatar\\\/707f3fadd6918afeb64173ab22d8a8cb0676953098a4f31ff36dc2b4c699ef6a?s=96&d=mm&r=g\",\"contentUrl\":\"https:\\\/\\\/secure.gravatar.com\\\/avatar\\\/707f3fadd6918afeb64173ab22d8a8cb0676953098a4f31ff36dc2b4c699ef6a?s=96&d=mm&r=g\",\"caption\":\"Assessoria de Imprensa ACE-Guarulhos\"},\"url\":\"https:\\\/\\\/www.aceguarulhos.com.br\\\/blog\\\/author\\\/assessoria-de-imprensa-ace-guarulhos\\\/\"}]}<\/script>\n<!-- \/ Yoast SEO plugin. -->","yoast_head_json":{"title":"Setor de viagens corporativas aposta em crescimento - ACE-Guarulhos","robots":{"index":"index","follow":"follow","max-snippet":"max-snippet:-1","max-image-preview":"max-image-preview:large","max-video-preview":"max-video-preview:-1"},"canonical":"https:\/\/www.aceguarulhos.com.br\/blog\/setor-de-viagens-corporativas-aposta-em-crescimento\/","og_locale":"pt_BR","og_type":"article","og_title":"Setor de viagens corporativas aposta em crescimento - ACE-Guarulhos","og_description":"Com a turbul\u00eancia econ\u00f4mica mundial, o mercado de viagens corporativas no Brasil come\u00e7a 2009 com incertezas, mas otimismo. No ano passado, obteve faturamento","og_url":"https:\/\/www.aceguarulhos.com.br\/blog\/setor-de-viagens-corporativas-aposta-em-crescimento\/","og_site_name":"ACE-Guarulhos","article_publisher":"https:\/\/www.facebook.com\/aceguarulhos\/","article_published_time":"2009-02-04T15:35:57+00:00","author":"Assessoria de Imprensa ACE-Guarulhos","twitter_card":"summary_large_image","twitter_misc":{"Escrito por":"Assessoria de Imprensa ACE-Guarulhos","Est. tempo de leitura":"2 minutos"},"schema":{"@context":"https:\/\/schema.org","@graph":[{"@type":"Article","@id":"https:\/\/www.aceguarulhos.com.br\/blog\/setor-de-viagens-corporativas-aposta-em-crescimento\/#article","isPartOf":{"@id":"https:\/\/www.aceguarulhos.com.br\/blog\/setor-de-viagens-corporativas-aposta-em-crescimento\/"},"author":{"name":"Assessoria de Imprensa ACE-Guarulhos","@id":"https:\/\/www.aceguarulhos.com.br\/blog\/#\/schema\/person\/6983b51bad37489989e4f09698c26237"},"headline":"Setor de viagens corporativas aposta em crescimento","datePublished":"2009-02-04T15:35:57+00:00","mainEntityOfPage":{"@id":"https:\/\/www.aceguarulhos.com.br\/blog\/setor-de-viagens-corporativas-aposta-em-crescimento\/"},"wordCount":452,"commentCount":0,"publisher":{"@id":"https:\/\/www.aceguarulhos.com.br\/blog\/#organization"},"articleSection":["Not\u00edcias"],"inLanguage":"pt-BR"},{"@type":"WebPage","@id":"https:\/\/www.aceguarulhos.com.br\/blog\/setor-de-viagens-corporativas-aposta-em-crescimento\/","url":"https:\/\/www.aceguarulhos.com.br\/blog\/setor-de-viagens-corporativas-aposta-em-crescimento\/","name":"Setor de viagens corporativas aposta em crescimento - ACE-Guarulhos","isPartOf":{"@id":"https:\/\/www.aceguarulhos.com.br\/blog\/#website"},"datePublished":"2009-02-04T15:35:57+00:00","breadcrumb":{"@id":"https:\/\/www.aceguarulhos.com.br\/blog\/setor-de-viagens-corporativas-aposta-em-crescimento\/#breadcrumb"},"inLanguage":"pt-BR","potentialAction":[{"@type":"ReadAction","target":["https:\/\/www.aceguarulhos.com.br\/blog\/setor-de-viagens-corporativas-aposta-em-crescimento\/"]}]},{"@type":"BreadcrumbList","@id":"https:\/\/www.aceguarulhos.com.br\/blog\/setor-de-viagens-corporativas-aposta-em-crescimento\/#breadcrumb","itemListElement":[{"@type":"ListItem","position":1,"name":"In\u00edcio","item":"https:\/\/www.aceguarulhos.com.br\/blog\/"},{"@type":"ListItem","position":2,"name":"Setor de viagens corporativas aposta em crescimento"}]},{"@type":"WebSite","@id":"https:\/\/www.aceguarulhos.com.br\/blog\/#website","url":"https:\/\/www.aceguarulhos.com.br\/blog\/","name":"ACE-Guarulhos","description":"A ACE-Guarulhos \u00e9 uma associa\u00e7\u00e3o que ap\u00f3ia os empres\u00e1rios guarulhenses atrav\u00e9s da representa\u00e7\u00e3o, da gera\u00e7\u00e3o de neg\u00f3cios e presta\u00e7\u00e3o de servi\u00e7os.","publisher":{"@id":"https:\/\/www.aceguarulhos.com.br\/blog\/#organization"},"potentialAction":[{"@type":"SearchAction","target":{"@type":"EntryPoint","urlTemplate":"https:\/\/www.aceguarulhos.com.br\/blog\/?s={search_term_string}"},"query-input":{"@type":"PropertyValueSpecification","valueRequired":true,"valueName":"search_term_string"}}],"inLanguage":"pt-BR"},{"@type":"Organization","@id":"https:\/\/www.aceguarulhos.com.br\/blog\/#organization","name":"ACE-Guarulhos","url":"https:\/\/www.aceguarulhos.com.br\/blog\/","logo":{"@type":"ImageObject","inLanguage":"pt-BR","@id":"https:\/\/www.aceguarulhos.com.br\/blog\/#\/schema\/logo\/image\/","url":"https:\/\/www.aceguarulhos.com.br\/blog\/wp-content\/uploads\/2017\/12\/logo-aceguarulhos-2018.png","contentUrl":"https:\/\/www.aceguarulhos.com.br\/blog\/wp-content\/uploads\/2017\/12\/logo-aceguarulhos-2018.png","width":419,"height":76,"caption":"ACE-Guarulhos"},"image":{"@id":"https:\/\/www.aceguarulhos.com.br\/blog\/#\/schema\/logo\/image\/"},"sameAs":["https:\/\/www.facebook.com\/aceguarulhos\/","https:\/\/br.linkedin.com\/in\/ace-guarulhos-b9a97093","https:\/\/www.youtube.com\/user\/aceguarulhos"]},{"@type":"Person","@id":"https:\/\/www.aceguarulhos.com.br\/blog\/#\/schema\/person\/6983b51bad37489989e4f09698c26237","name":"Assessoria de Imprensa ACE-Guarulhos","image":{"@type":"ImageObject","inLanguage":"pt-BR","@id":"https:\/\/secure.gravatar.com\/avatar\/707f3fadd6918afeb64173ab22d8a8cb0676953098a4f31ff36dc2b4c699ef6a?s=96&d=mm&r=g","url":"https:\/\/secure.gravatar.com\/avatar\/707f3fadd6918afeb64173ab22d8a8cb0676953098a4f31ff36dc2b4c699ef6a?s=96&d=mm&r=g","contentUrl":"https:\/\/secure.gravatar.com\/avatar\/707f3fadd6918afeb64173ab22d8a8cb0676953098a4f31ff36dc2b4c699ef6a?s=96&d=mm&r=g","caption":"Assessoria de Imprensa ACE-Guarulhos"},"url":"https:\/\/www.aceguarulhos.com.br\/blog\/author\/assessoria-de-imprensa-ace-guarulhos\/"}]}},"wps_subtitle":"","amp_enabled":true,"_links":{"self":[{"href":"https:\/\/www.aceguarulhos.com.br\/blog\/wp-json\/wp\/v2\/posts\/34465","targetHints":{"allow":["GET"]}}],"collection":[{"href":"https:\/\/www.aceguarulhos.com.br\/blog\/wp-json\/wp\/v2\/posts"}],"about":[{"href":"https:\/\/www.aceguarulhos.com.br\/blog\/wp-json\/wp\/v2\/types\/post"}],"author":[{"embeddable":true,"href":"https:\/\/www.aceguarulhos.com.br\/blog\/wp-json\/wp\/v2\/users\/8"}],"replies":[{"embeddable":true,"href":"https:\/\/www.aceguarulhos.com.br\/blog\/wp-json\/wp\/v2\/comments?post=34465"}],"version-history":[{"count":0,"href":"https:\/\/www.aceguarulhos.com.br\/blog\/wp-json\/wp\/v2\/posts\/34465\/revisions"}],"wp:attachment":[{"href":"https:\/\/www.aceguarulhos.com.br\/blog\/wp-json\/wp\/v2\/media?parent=34465"}],"wp:term":[{"taxonomy":"category","embeddable":true,"href":"https:\/\/www.aceguarulhos.com.br\/blog\/wp-json\/wp\/v2\/categories?post=34465"},{"taxonomy":"post_tag","embeddable":true,"href":"https:\/\/www.aceguarulhos.com.br\/blog\/wp-json\/wp\/v2\/tags?post=34465"}],"curies":[{"name":"wp","href":"https:\/\/api.w.org\/{rel}","templated":true}]}}