{"id":34442,"date":"2009-01-30T10:24:24","date_gmt":"2009-01-30T10:24:24","guid":{"rendered":"http:\/\/www.aceguarulhos.com.br\/blog\/?p=34442"},"modified":"-0001-11-30T00:00:00","modified_gmt":"-0001-11-30T03:00:00","slug":"empreender-guarulhos-ganha-n%c3%bacleo-de-%c3%b3ticas","status":"publish","type":"post","link":"https:\/\/www.aceguarulhos.com.br\/blog\/empreender-guarulhos-ganha-n%c3%bacleo-de-%c3%b3ticas\/","title":{"rendered":"Empreender-Guarulhos ganha n\u00facleo de \u00f3ticas"},"content":{"rendered":"<p>Os olhares e o sentimento de desconfian\u00e7a de empres\u00e1rios do setor de \u00f3ticas de Guarulhos, na primeira reuni\u00e3o para forma\u00e7\u00e3o do N\u00facleo de \u00f3ticas do Programa Empreender realizada, anteontem, na sede da ACE-Guarulhos, deu lugar a esperan\u00e7a de construir um segmento mais forte no munic\u00edpio. Os empreendedores que compareceram ao encontro sa\u00edram da entidade com o gostinho de quero mais.<\/p>\n<p><center><\/p>\n<p class=\"midia\" style=\"width: 420px;\"><img loading=\"lazy\" decoding=\"async\" src=\"\/blog\/wp-content\/uploads\/image.php?x=i&amp;i1=100&amp;i2=20090130102411\" title=\"Imprensa\/ACE\" width=\"420\" height=\"308\"><br \/>Andr\u00e9ia Silva, consultora do Empreender, explica como funciona o programa<\/p>\n<p><\/center><\/p>\n<p>O empres\u00e1rio C\u00e1ssio Jos\u00e9 de Campos, da Calc\u00f3tica, aprovou o objetivo do Empreender de promover a uni\u00e3o e o crescimento das empresas do setor, que para ele anda meio disperso na cidade. \u201cEst\u00e1 na hora de despertar estes empres\u00e1rios, pois atualmente est\u00e1 tudo errado\u201d, desabafou.<\/p>\n<p>Maur\u00edcio Ono, da \u00d3tica Ono, se surpreendeu com a capacidade do programa em promover o di\u00e1logo entre os empres\u00e1rios. \u201cSe a \u00e9tica entre os empres\u00e1rios prevalecer, o relacionamento entre todos ser\u00e1 muito proveitoso no Empreender\u201d, disse.<\/p>\n<p>Quem tamb\u00e9m achou interessante o m\u00e9todo do Empreender-Guarulhos foi o empres\u00e1rio Douglas Oliveira, da Hermon\u2019s \u00d3tica, que espera melhorar a gest\u00e3o empresarial em sua loja. \u201cMinha expectativa \u00e9 que o programa ajude a melhorar a administra\u00e7\u00e3o do meu neg\u00f3cio, como tamb\u00e9m, o faturamento\u201d, falou.<\/p>\n<p><b>Exemplo \u2013 <\/b>O receio dos empres\u00e1rios ao Empreender caiu por terra, sobretudo, ap\u00f3s conhecerem o trabalho desenvolvido h\u00e1 quatro anos pelos empreendedores que integram o GRAG \u2013 N\u00facleo de Reparadores Automotivos \u2013 que falaram dos resultados positivos obtidos pelo grupo.<\/p>\n<p>Desenvolvido desde 2003 em Guarulhos, o Empreender vem realizando mudan\u00e7as significativas no plano de neg\u00f3cios de muitos empres\u00e1rios. Por meio do lema \u201cUnir para Crescer\u201d, o programa identifica necessidades e objetivos comuns e prop\u00f5e solu\u00e7\u00f5es conjuntas, al\u00e9m de aplicar os conceitos do associativismo e do cooperativismo.<\/p>\n<p>Com a chegada do setor de \u00d3ticas, o programa guarulhense aumenta para nove os n\u00facleos setoriais. Entre os segmentos que participam d o Empreender est\u00e3o: Contabilidade, Recursos Humanos, Reparadores Automotivo, Transportes R\u00e1pidos, Pizzarias, V\u00eddeo Locadoras, Confec\u00e7\u00e3o e Beleza e Est\u00e9tica.<\/p>\n","protected":false},"excerpt":{"rendered":"Empres\u00e1rios do setor participaram da primeira reuni\u00e3o do programa na Casa do Empreendedor\n<a class=\"moretag\" href=\"https:\/\/www.aceguarulhos.com.br\/blog\/empreender-guarulhos-ganha-n%c3%bacleo-de-%c3%b3ticas\/\"> [...]<\/a>","protected":false},"author":8,"featured_media":0,"comment_status":"open","ping_status":"open","sticky":false,"template":"","format":"standard","meta":{"footnotes":""},"categories":[2],"tags":[],"class_list":["post-34442","post","type-post","status-publish","format-standard","hentry","category-noticias"],"yoast_head":"<!-- This site is optimized with the Yoast SEO plugin v28.1 - https:\/\/yoast.com\/product\/yoast-seo-wordpress\/ -->\n<title>Empreender-Guarulhos ganha n\u00facleo de \u00f3ticas  - ACE-Guarulhos<\/title>\n<meta name=\"robots\" content=\"index, follow, max-snippet:-1, max-image-preview:large, max-video-preview:-1\" \/>\n<link rel=\"canonical\" href=\"https:\/\/www.aceguarulhos.com.br\/blog\/empreender-guarulhos-ganha-n\u00facleo-de-\u00f3ticas\/\" \/>\n<meta property=\"og:locale\" content=\"pt_BR\" \/>\n<meta property=\"og:type\" content=\"article\" \/>\n<meta property=\"og:title\" content=\"Empreender-Guarulhos ganha n\u00facleo de \u00f3ticas  - ACE-Guarulhos\" \/>\n<meta property=\"og:description\" content=\"Empres\u00e1rios do setor participaram da primeira reuni\u00e3o do programa na Casa do Empreendedor\" \/>\n<meta property=\"og:url\" content=\"https:\/\/www.aceguarulhos.com.br\/blog\/empreender-guarulhos-ganha-n\u00facleo-de-\u00f3ticas\/\" \/>\n<meta property=\"og:site_name\" content=\"ACE-Guarulhos\" \/>\n<meta property=\"article:publisher\" content=\"https:\/\/www.facebook.com\/aceguarulhos\/\" \/>\n<meta property=\"article:published_time\" content=\"2009-01-30T10:24:24+00:00\" \/>\n<meta property=\"og:image\" content=\"https:\/\/www.aceguarulhos.com.br\/blog\/wp-content\/uploads\/image.php\" \/>\n<meta name=\"author\" content=\"Assessoria de Imprensa ACE-Guarulhos\" \/>\n<meta name=\"twitter:card\" content=\"summary_large_image\" \/>\n<meta name=\"twitter:label1\" content=\"Escrito por\" \/>\n\t<meta name=\"twitter:data1\" content=\"Assessoria de Imprensa ACE-Guarulhos\" \/>\n\t<meta name=\"twitter:label2\" content=\"Est. tempo de leitura\" \/>\n\t<meta name=\"twitter:data2\" content=\"2 minutos\" \/>\n<script type=\"application\/ld+json\" class=\"yoast-schema-graph\">{\"@context\":\"https:\\\/\\\/schema.org\",\"@graph\":[{\"@type\":\"Article\",\"@id\":\"https:\\\/\\\/www.aceguarulhos.com.br\\\/blog\\\/empreender-guarulhos-ganha-n%c3%bacleo-de-%c3%b3ticas\\\/#article\",\"isPartOf\":{\"@id\":\"https:\\\/\\\/www.aceguarulhos.com.br\\\/blog\\\/empreender-guarulhos-ganha-n%c3%bacleo-de-%c3%b3ticas\\\/\"},\"author\":{\"name\":\"Assessoria de Imprensa ACE-Guarulhos\",\"@id\":\"https:\\\/\\\/www.aceguarulhos.com.br\\\/blog\\\/#\\\/schema\\\/person\\\/6983b51bad37489989e4f09698c26237\"},\"headline\":\"Empreender-Guarulhos ganha n\u00facleo de \u00f3ticas\",\"datePublished\":\"2009-01-30T10:24:24+00:00\",\"mainEntityOfPage\":{\"@id\":\"https:\\\/\\\/www.aceguarulhos.com.br\\\/blog\\\/empreender-guarulhos-ganha-n%c3%bacleo-de-%c3%b3ticas\\\/\"},\"wordCount\":363,\"commentCount\":0,\"publisher\":{\"@id\":\"https:\\\/\\\/www.aceguarulhos.com.br\\\/blog\\\/#organization\"},\"articleSection\":[\"Not\u00edcias\"],\"inLanguage\":\"pt-BR\"},{\"@type\":\"WebPage\",\"@id\":\"https:\\\/\\\/www.aceguarulhos.com.br\\\/blog\\\/empreender-guarulhos-ganha-n%c3%bacleo-de-%c3%b3ticas\\\/\",\"url\":\"https:\\\/\\\/www.aceguarulhos.com.br\\\/blog\\\/empreender-guarulhos-ganha-n%c3%bacleo-de-%c3%b3ticas\\\/\",\"name\":\"Empreender-Guarulhos ganha n\u00facleo de \u00f3ticas - ACE-Guarulhos\",\"isPartOf\":{\"@id\":\"https:\\\/\\\/www.aceguarulhos.com.br\\\/blog\\\/#website\"},\"datePublished\":\"2009-01-30T10:24:24+00:00\",\"breadcrumb\":{\"@id\":\"https:\\\/\\\/www.aceguarulhos.com.br\\\/blog\\\/empreender-guarulhos-ganha-n%c3%bacleo-de-%c3%b3ticas\\\/#breadcrumb\"},\"inLanguage\":\"pt-BR\",\"potentialAction\":[{\"@type\":\"ReadAction\",\"target\":[\"https:\\\/\\\/www.aceguarulhos.com.br\\\/blog\\\/empreender-guarulhos-ganha-n%c3%bacleo-de-%c3%b3ticas\\\/\"]}]},{\"@type\":\"BreadcrumbList\",\"@id\":\"https:\\\/\\\/www.aceguarulhos.com.br\\\/blog\\\/empreender-guarulhos-ganha-n%c3%bacleo-de-%c3%b3ticas\\\/#breadcrumb\",\"itemListElement\":[{\"@type\":\"ListItem\",\"position\":1,\"name\":\"In\u00edcio\",\"item\":\"https:\\\/\\\/www.aceguarulhos.com.br\\\/blog\\\/\"},{\"@type\":\"ListItem\",\"position\":2,\"name\":\"Empreender-Guarulhos ganha n\u00facleo de \u00f3ticas\"}]},{\"@type\":\"WebSite\",\"@id\":\"https:\\\/\\\/www.aceguarulhos.com.br\\\/blog\\\/#website\",\"url\":\"https:\\\/\\\/www.aceguarulhos.com.br\\\/blog\\\/\",\"name\":\"ACE-Guarulhos\",\"description\":\"A ACE-Guarulhos \u00e9 uma associa\u00e7\u00e3o que ap\u00f3ia os empres\u00e1rios guarulhenses atrav\u00e9s da representa\u00e7\u00e3o, da gera\u00e7\u00e3o de neg\u00f3cios e presta\u00e7\u00e3o de servi\u00e7os.\",\"publisher\":{\"@id\":\"https:\\\/\\\/www.aceguarulhos.com.br\\\/blog\\\/#organization\"},\"potentialAction\":[{\"@type\":\"SearchAction\",\"target\":{\"@type\":\"EntryPoint\",\"urlTemplate\":\"https:\\\/\\\/www.aceguarulhos.com.br\\\/blog\\\/?s={search_term_string}\"},\"query-input\":{\"@type\":\"PropertyValueSpecification\",\"valueRequired\":true,\"valueName\":\"search_term_string\"}}],\"inLanguage\":\"pt-BR\"},{\"@type\":\"Organization\",\"@id\":\"https:\\\/\\\/www.aceguarulhos.com.br\\\/blog\\\/#organization\",\"name\":\"ACE-Guarulhos\",\"url\":\"https:\\\/\\\/www.aceguarulhos.com.br\\\/blog\\\/\",\"logo\":{\"@type\":\"ImageObject\",\"inLanguage\":\"pt-BR\",\"@id\":\"https:\\\/\\\/www.aceguarulhos.com.br\\\/blog\\\/#\\\/schema\\\/logo\\\/image\\\/\",\"url\":\"https:\\\/\\\/www.aceguarulhos.com.br\\\/blog\\\/wp-content\\\/uploads\\\/2017\\\/12\\\/logo-aceguarulhos-2018.png\",\"contentUrl\":\"https:\\\/\\\/www.aceguarulhos.com.br\\\/blog\\\/wp-content\\\/uploads\\\/2017\\\/12\\\/logo-aceguarulhos-2018.png\",\"width\":419,\"height\":76,\"caption\":\"ACE-Guarulhos\"},\"image\":{\"@id\":\"https:\\\/\\\/www.aceguarulhos.com.br\\\/blog\\\/#\\\/schema\\\/logo\\\/image\\\/\"},\"sameAs\":[\"https:\\\/\\\/www.facebook.com\\\/aceguarulhos\\\/\",\"https:\\\/\\\/br.linkedin.com\\\/in\\\/ace-guarulhos-b9a97093\",\"https:\\\/\\\/www.youtube.com\\\/user\\\/aceguarulhos\"]},{\"@type\":\"Person\",\"@id\":\"https:\\\/\\\/www.aceguarulhos.com.br\\\/blog\\\/#\\\/schema\\\/person\\\/6983b51bad37489989e4f09698c26237\",\"name\":\"Assessoria de Imprensa ACE-Guarulhos\",\"image\":{\"@type\":\"ImageObject\",\"inLanguage\":\"pt-BR\",\"@id\":\"https:\\\/\\\/secure.gravatar.com\\\/avatar\\\/707f3fadd6918afeb64173ab22d8a8cb0676953098a4f31ff36dc2b4c699ef6a?s=96&d=mm&r=g\",\"url\":\"https:\\\/\\\/secure.gravatar.com\\\/avatar\\\/707f3fadd6918afeb64173ab22d8a8cb0676953098a4f31ff36dc2b4c699ef6a?s=96&d=mm&r=g\",\"contentUrl\":\"https:\\\/\\\/secure.gravatar.com\\\/avatar\\\/707f3fadd6918afeb64173ab22d8a8cb0676953098a4f31ff36dc2b4c699ef6a?s=96&d=mm&r=g\",\"caption\":\"Assessoria de Imprensa ACE-Guarulhos\"},\"url\":\"https:\\\/\\\/www.aceguarulhos.com.br\\\/blog\\\/author\\\/assessoria-de-imprensa-ace-guarulhos\\\/\"}]}<\/script>\n<!-- \/ Yoast SEO plugin. -->","yoast_head_json":{"title":"Empreender-Guarulhos ganha n\u00facleo de \u00f3ticas  - ACE-Guarulhos","robots":{"index":"index","follow":"follow","max-snippet":"max-snippet:-1","max-image-preview":"max-image-preview:large","max-video-preview":"max-video-preview:-1"},"canonical":"https:\/\/www.aceguarulhos.com.br\/blog\/empreender-guarulhos-ganha-n\u00facleo-de-\u00f3ticas\/","og_locale":"pt_BR","og_type":"article","og_title":"Empreender-Guarulhos ganha n\u00facleo de \u00f3ticas  - ACE-Guarulhos","og_description":"Empres\u00e1rios do setor participaram da primeira reuni\u00e3o do programa na Casa do Empreendedor","og_url":"https:\/\/www.aceguarulhos.com.br\/blog\/empreender-guarulhos-ganha-n\u00facleo-de-\u00f3ticas\/","og_site_name":"ACE-Guarulhos","article_publisher":"https:\/\/www.facebook.com\/aceguarulhos\/","article_published_time":"2009-01-30T10:24:24+00:00","og_image":[{"url":"https:\/\/www.aceguarulhos.com.br\/blog\/wp-content\/uploads\/image.php","type":"","width":"","height":""}],"author":"Assessoria de Imprensa ACE-Guarulhos","twitter_card":"summary_large_image","twitter_misc":{"Escrito por":"Assessoria de Imprensa ACE-Guarulhos","Est. tempo de leitura":"2 minutos"},"schema":{"@context":"https:\/\/schema.org","@graph":[{"@type":"Article","@id":"https:\/\/www.aceguarulhos.com.br\/blog\/empreender-guarulhos-ganha-n%c3%bacleo-de-%c3%b3ticas\/#article","isPartOf":{"@id":"https:\/\/www.aceguarulhos.com.br\/blog\/empreender-guarulhos-ganha-n%c3%bacleo-de-%c3%b3ticas\/"},"author":{"name":"Assessoria de Imprensa ACE-Guarulhos","@id":"https:\/\/www.aceguarulhos.com.br\/blog\/#\/schema\/person\/6983b51bad37489989e4f09698c26237"},"headline":"Empreender-Guarulhos ganha n\u00facleo de \u00f3ticas","datePublished":"2009-01-30T10:24:24+00:00","mainEntityOfPage":{"@id":"https:\/\/www.aceguarulhos.com.br\/blog\/empreender-guarulhos-ganha-n%c3%bacleo-de-%c3%b3ticas\/"},"wordCount":363,"commentCount":0,"publisher":{"@id":"https:\/\/www.aceguarulhos.com.br\/blog\/#organization"},"articleSection":["Not\u00edcias"],"inLanguage":"pt-BR"},{"@type":"WebPage","@id":"https:\/\/www.aceguarulhos.com.br\/blog\/empreender-guarulhos-ganha-n%c3%bacleo-de-%c3%b3ticas\/","url":"https:\/\/www.aceguarulhos.com.br\/blog\/empreender-guarulhos-ganha-n%c3%bacleo-de-%c3%b3ticas\/","name":"Empreender-Guarulhos ganha n\u00facleo de \u00f3ticas - ACE-Guarulhos","isPartOf":{"@id":"https:\/\/www.aceguarulhos.com.br\/blog\/#website"},"datePublished":"2009-01-30T10:24:24+00:00","breadcrumb":{"@id":"https:\/\/www.aceguarulhos.com.br\/blog\/empreender-guarulhos-ganha-n%c3%bacleo-de-%c3%b3ticas\/#breadcrumb"},"inLanguage":"pt-BR","potentialAction":[{"@type":"ReadAction","target":["https:\/\/www.aceguarulhos.com.br\/blog\/empreender-guarulhos-ganha-n%c3%bacleo-de-%c3%b3ticas\/"]}]},{"@type":"BreadcrumbList","@id":"https:\/\/www.aceguarulhos.com.br\/blog\/empreender-guarulhos-ganha-n%c3%bacleo-de-%c3%b3ticas\/#breadcrumb","itemListElement":[{"@type":"ListItem","position":1,"name":"In\u00edcio","item":"https:\/\/www.aceguarulhos.com.br\/blog\/"},{"@type":"ListItem","position":2,"name":"Empreender-Guarulhos ganha n\u00facleo de \u00f3ticas"}]},{"@type":"WebSite","@id":"https:\/\/www.aceguarulhos.com.br\/blog\/#website","url":"https:\/\/www.aceguarulhos.com.br\/blog\/","name":"ACE-Guarulhos","description":"A ACE-Guarulhos \u00e9 uma associa\u00e7\u00e3o que ap\u00f3ia os empres\u00e1rios guarulhenses atrav\u00e9s da representa\u00e7\u00e3o, da gera\u00e7\u00e3o de neg\u00f3cios e presta\u00e7\u00e3o de servi\u00e7os.","publisher":{"@id":"https:\/\/www.aceguarulhos.com.br\/blog\/#organization"},"potentialAction":[{"@type":"SearchAction","target":{"@type":"EntryPoint","urlTemplate":"https:\/\/www.aceguarulhos.com.br\/blog\/?s={search_term_string}"},"query-input":{"@type":"PropertyValueSpecification","valueRequired":true,"valueName":"search_term_string"}}],"inLanguage":"pt-BR"},{"@type":"Organization","@id":"https:\/\/www.aceguarulhos.com.br\/blog\/#organization","name":"ACE-Guarulhos","url":"https:\/\/www.aceguarulhos.com.br\/blog\/","logo":{"@type":"ImageObject","inLanguage":"pt-BR","@id":"https:\/\/www.aceguarulhos.com.br\/blog\/#\/schema\/logo\/image\/","url":"https:\/\/www.aceguarulhos.com.br\/blog\/wp-content\/uploads\/2017\/12\/logo-aceguarulhos-2018.png","contentUrl":"https:\/\/www.aceguarulhos.com.br\/blog\/wp-content\/uploads\/2017\/12\/logo-aceguarulhos-2018.png","width":419,"height":76,"caption":"ACE-Guarulhos"},"image":{"@id":"https:\/\/www.aceguarulhos.com.br\/blog\/#\/schema\/logo\/image\/"},"sameAs":["https:\/\/www.facebook.com\/aceguarulhos\/","https:\/\/br.linkedin.com\/in\/ace-guarulhos-b9a97093","https:\/\/www.youtube.com\/user\/aceguarulhos"]},{"@type":"Person","@id":"https:\/\/www.aceguarulhos.com.br\/blog\/#\/schema\/person\/6983b51bad37489989e4f09698c26237","name":"Assessoria de Imprensa ACE-Guarulhos","image":{"@type":"ImageObject","inLanguage":"pt-BR","@id":"https:\/\/secure.gravatar.com\/avatar\/707f3fadd6918afeb64173ab22d8a8cb0676953098a4f31ff36dc2b4c699ef6a?s=96&d=mm&r=g","url":"https:\/\/secure.gravatar.com\/avatar\/707f3fadd6918afeb64173ab22d8a8cb0676953098a4f31ff36dc2b4c699ef6a?s=96&d=mm&r=g","contentUrl":"https:\/\/secure.gravatar.com\/avatar\/707f3fadd6918afeb64173ab22d8a8cb0676953098a4f31ff36dc2b4c699ef6a?s=96&d=mm&r=g","caption":"Assessoria de Imprensa ACE-Guarulhos"},"url":"https:\/\/www.aceguarulhos.com.br\/blog\/author\/assessoria-de-imprensa-ace-guarulhos\/"}]}},"wps_subtitle":"","amp_enabled":true,"_links":{"self":[{"href":"https:\/\/www.aceguarulhos.com.br\/blog\/wp-json\/wp\/v2\/posts\/34442","targetHints":{"allow":["GET"]}}],"collection":[{"href":"https:\/\/www.aceguarulhos.com.br\/blog\/wp-json\/wp\/v2\/posts"}],"about":[{"href":"https:\/\/www.aceguarulhos.com.br\/blog\/wp-json\/wp\/v2\/types\/post"}],"author":[{"embeddable":true,"href":"https:\/\/www.aceguarulhos.com.br\/blog\/wp-json\/wp\/v2\/users\/8"}],"replies":[{"embeddable":true,"href":"https:\/\/www.aceguarulhos.com.br\/blog\/wp-json\/wp\/v2\/comments?post=34442"}],"version-history":[{"count":0,"href":"https:\/\/www.aceguarulhos.com.br\/blog\/wp-json\/wp\/v2\/posts\/34442\/revisions"}],"wp:attachment":[{"href":"https:\/\/www.aceguarulhos.com.br\/blog\/wp-json\/wp\/v2\/media?parent=34442"}],"wp:term":[{"taxonomy":"category","embeddable":true,"href":"https:\/\/www.aceguarulhos.com.br\/blog\/wp-json\/wp\/v2\/categories?post=34442"},{"taxonomy":"post_tag","embeddable":true,"href":"https:\/\/www.aceguarulhos.com.br\/blog\/wp-json\/wp\/v2\/tags?post=34442"}],"curies":[{"name":"wp","href":"https:\/\/api.w.org\/{rel}","templated":true}]}}