{"id":34420,"date":"2009-01-27T10:26:46","date_gmt":"2009-01-27T10:26:46","guid":{"rendered":"http:\/\/www.aceguarulhos.com.br\/blog\/?p=34420"},"modified":"-0001-11-30T00:00:00","modified_gmt":"-0001-11-30T03:00:00","slug":"c%c3%a2meras-de-monitoramento-come%c3%a7am-a-ser-instaladas-na-regi%c3%a3o-central","status":"publish","type":"post","link":"https:\/\/www.aceguarulhos.com.br\/blog\/c%c3%a2meras-de-monitoramento-come%c3%a7am-a-ser-instaladas-na-regi%c3%a3o-central\/","title":{"rendered":"C\u00e2meras de monitoramento come\u00e7am a ser instaladas na regi\u00e3o central"},"content":{"rendered":"<p>Guarulhos amanheceu com c\u00e2meras espalhadas pela cidade. Em reportagem publicada no in\u00edcio de janeiro, Jo\u00e3o D\u00e1rcio Filho, secret\u00e1rio de Seguran\u00e7a P\u00fablica, informou que as c\u00e2meras de monitoramento seriam instaladas no come\u00e7o de fevereiro.<\/p>\n<p><center><\/p>\n<p class=\"midia\" style=\"width: 278px;\"><img loading=\"lazy\" decoding=\"async\" src=\"\/blog\/wp-content\/uploads\/image.php?x=i&amp;i1=100&amp;i2=20090127102611\" title=\"Edu Pinto\/GH\" width=\"278\" height=\"420\"><br \/>Centro ser\u00e1 vigiado<\/p>\n<p><\/center><\/p>\n<p>\u00c9 poss\u00edvel encontrar os equipamentos em pelo menos tr\u00eas pontos da cidade: nas esquinas da avenida Tiradentes com a rua Jo\u00e3o Gon\u00e7alves; avenida Tiradentes com Paulo Faccini; e na rua Capit\u00e3o Gabriel, na altura do banco Santander.<\/p>\n<p>Muitos foram pegos de surpresa com a instala\u00e7\u00e3o dos equipamentos em placas de sinaliza\u00e7\u00e3o, ao lado dos sem\u00e1foros, e desconheciam o objetivo da Prefeitura. &#8220;Eu s\u00f3 vi essas c\u00e2meras hoje [ontem] de manh\u00e3 quando passei pela Tiradentes e creio que possa ter algo a ver com o funcionamento dos radares ou algo que esteja ligado ao tr\u00e2nsito&#8221;, arriscou o aut\u00f4nomo Paulo Rodrigues, 22 anos.<\/p>\n<p>Para Rodrigues, a falta de informa\u00e7\u00e3o sobre a instala\u00e7\u00e3o dos equipamentos na regi\u00e3o central torna o assunto dif\u00edcil de &#8220;opinar&#8221;. &#8220;Sinceramente, sem saber qual o prop\u00f3sito delas fica dif\u00edcil dizer alguma coisa. Mas, acredito que a cidade necessita de outras obras mais importantes e, talvez, mais baratas que essa&#8221;, comentou.<\/p>\n<p>A auxiliar administrativa Regiane Bacarini, 23, informou que &#8220;n\u00e3o havia reparado&#8221; na instala\u00e7\u00e3o das c\u00e2meras na via onde passa diariamente porque o equipamento, segundo ela, \u00e9 muito &#8220;discreto&#8221;. &#8220;Quem n\u00e3o conhece n\u00e3o repara. E eu sou leiga nesse assunto&#8221;, informou.<\/p>\n<p>Na opini\u00e3o de Regiane, as c\u00e2meras auxiliar\u00e3o na tentativa de combater o crescimento da viol\u00eancia no Centro de Guarulhos que, segundo a auxiliar administrativa, est\u00e1 se igualando aos bairros da periferia. &#8220;A viol\u00eancia est\u00e1 crescendo muito nessa regi\u00e3o e medidas de preven\u00e7\u00e3o podem ajudar a controlar esse aumento nos delitos&#8221;, finalizou.<\/p>\n<p>O GH enviou uma s\u00e9rie de questionamentos para a Prefeitura, solicitando a data em que as c\u00e2meras foram instaladas, e se, al\u00e9m dos endere\u00e7os citados, havia mais c\u00e2meras pelo Centro. Foi perguntado, tamb\u00e9m, se as c\u00e2meras s\u00e3o de seguran\u00e7a ou de fiscaliza\u00e7\u00e3o do tr\u00e2nsito. No entanto, a assessoria de imprensa da Secretaria para Assuntos de Seguran\u00e7a P\u00fablica limitou-se a responder que &#8220;tratam-se de c\u00e2meras de monitoramento&#8221;.<\/p>\n","protected":false},"excerpt":{"rendered":"Guarulhos amanheceu com c\u00e2meras espalhadas pela cidade. Em reportagem publicada no in\u00edcio de janeiro, Jo\u00e3o D\u00e1rcio Filho, secret\u00e1rio de Seguran\u00e7a P\u00fablica, informou que \n<a class=\"moretag\" href=\"https:\/\/www.aceguarulhos.com.br\/blog\/c%c3%a2meras-de-monitoramento-come%c3%a7am-a-ser-instaladas-na-regi%c3%a3o-central\/\"> [...]<\/a>","protected":false},"author":8,"featured_media":0,"comment_status":"open","ping_status":"open","sticky":false,"template":"","format":"standard","meta":{"footnotes":""},"categories":[2],"tags":[],"class_list":["post-34420","post","type-post","status-publish","format-standard","hentry","category-noticias"],"yoast_head":"<!-- This site is optimized with the Yoast SEO plugin v28.1 - https:\/\/yoast.com\/product\/yoast-seo-wordpress\/ -->\n<title>C\u00e2meras de monitoramento come\u00e7am a ser instaladas na regi\u00e3o central - ACE-Guarulhos<\/title>\n<meta name=\"robots\" content=\"index, follow, max-snippet:-1, max-image-preview:large, max-video-preview:-1\" \/>\n<link rel=\"canonical\" href=\"https:\/\/www.aceguarulhos.com.br\/blog\/c\u00e2meras-de-monitoramento-come\u00e7am-a-ser-instaladas-na-regi\u00e3o-central\/\" \/>\n<meta property=\"og:locale\" content=\"pt_BR\" \/>\n<meta property=\"og:type\" content=\"article\" \/>\n<meta property=\"og:title\" content=\"C\u00e2meras de monitoramento come\u00e7am a ser instaladas na regi\u00e3o central - ACE-Guarulhos\" \/>\n<meta property=\"og:description\" content=\"Guarulhos amanheceu com c\u00e2meras espalhadas pela cidade. Em reportagem publicada no in\u00edcio de janeiro, Jo\u00e3o D\u00e1rcio Filho, secret\u00e1rio de Seguran\u00e7a P\u00fablica, informou que\" \/>\n<meta property=\"og:url\" content=\"https:\/\/www.aceguarulhos.com.br\/blog\/c\u00e2meras-de-monitoramento-come\u00e7am-a-ser-instaladas-na-regi\u00e3o-central\/\" \/>\n<meta property=\"og:site_name\" content=\"ACE-Guarulhos\" \/>\n<meta property=\"article:publisher\" content=\"https:\/\/www.facebook.com\/aceguarulhos\/\" \/>\n<meta property=\"article:published_time\" content=\"2009-01-27T10:26:46+00:00\" \/>\n<meta property=\"og:image\" content=\"https:\/\/www.aceguarulhos.com.br\/blog\/wp-content\/uploads\/image.php\" \/>\n<meta name=\"author\" content=\"Assessoria de Imprensa ACE-Guarulhos\" \/>\n<meta name=\"twitter:card\" content=\"summary_large_image\" \/>\n<meta name=\"twitter:label1\" content=\"Escrito por\" \/>\n\t<meta name=\"twitter:data1\" content=\"Assessoria de Imprensa ACE-Guarulhos\" \/>\n\t<meta name=\"twitter:label2\" content=\"Est. tempo de leitura\" \/>\n\t<meta name=\"twitter:data2\" content=\"2 minutos\" \/>\n<script type=\"application\/ld+json\" class=\"yoast-schema-graph\">{\"@context\":\"https:\\\/\\\/schema.org\",\"@graph\":[{\"@type\":\"Article\",\"@id\":\"https:\\\/\\\/www.aceguarulhos.com.br\\\/blog\\\/c%c3%a2meras-de-monitoramento-come%c3%a7am-a-ser-instaladas-na-regi%c3%a3o-central\\\/#article\",\"isPartOf\":{\"@id\":\"https:\\\/\\\/www.aceguarulhos.com.br\\\/blog\\\/c%c3%a2meras-de-monitoramento-come%c3%a7am-a-ser-instaladas-na-regi%c3%a3o-central\\\/\"},\"author\":{\"name\":\"Assessoria de Imprensa ACE-Guarulhos\",\"@id\":\"https:\\\/\\\/www.aceguarulhos.com.br\\\/blog\\\/#\\\/schema\\\/person\\\/6983b51bad37489989e4f09698c26237\"},\"headline\":\"C\u00e2meras de monitoramento come\u00e7am a ser instaladas na regi\u00e3o central\",\"datePublished\":\"2009-01-27T10:26:46+00:00\",\"mainEntityOfPage\":{\"@id\":\"https:\\\/\\\/www.aceguarulhos.com.br\\\/blog\\\/c%c3%a2meras-de-monitoramento-come%c3%a7am-a-ser-instaladas-na-regi%c3%a3o-central\\\/\"},\"wordCount\":405,\"commentCount\":0,\"publisher\":{\"@id\":\"https:\\\/\\\/www.aceguarulhos.com.br\\\/blog\\\/#organization\"},\"articleSection\":[\"Not\u00edcias\"],\"inLanguage\":\"pt-BR\"},{\"@type\":\"WebPage\",\"@id\":\"https:\\\/\\\/www.aceguarulhos.com.br\\\/blog\\\/c%c3%a2meras-de-monitoramento-come%c3%a7am-a-ser-instaladas-na-regi%c3%a3o-central\\\/\",\"url\":\"https:\\\/\\\/www.aceguarulhos.com.br\\\/blog\\\/c%c3%a2meras-de-monitoramento-come%c3%a7am-a-ser-instaladas-na-regi%c3%a3o-central\\\/\",\"name\":\"C\u00e2meras de monitoramento come\u00e7am a ser instaladas na regi\u00e3o central - ACE-Guarulhos\",\"isPartOf\":{\"@id\":\"https:\\\/\\\/www.aceguarulhos.com.br\\\/blog\\\/#website\"},\"datePublished\":\"2009-01-27T10:26:46+00:00\",\"breadcrumb\":{\"@id\":\"https:\\\/\\\/www.aceguarulhos.com.br\\\/blog\\\/c%c3%a2meras-de-monitoramento-come%c3%a7am-a-ser-instaladas-na-regi%c3%a3o-central\\\/#breadcrumb\"},\"inLanguage\":\"pt-BR\",\"potentialAction\":[{\"@type\":\"ReadAction\",\"target\":[\"https:\\\/\\\/www.aceguarulhos.com.br\\\/blog\\\/c%c3%a2meras-de-monitoramento-come%c3%a7am-a-ser-instaladas-na-regi%c3%a3o-central\\\/\"]}]},{\"@type\":\"BreadcrumbList\",\"@id\":\"https:\\\/\\\/www.aceguarulhos.com.br\\\/blog\\\/c%c3%a2meras-de-monitoramento-come%c3%a7am-a-ser-instaladas-na-regi%c3%a3o-central\\\/#breadcrumb\",\"itemListElement\":[{\"@type\":\"ListItem\",\"position\":1,\"name\":\"In\u00edcio\",\"item\":\"https:\\\/\\\/www.aceguarulhos.com.br\\\/blog\\\/\"},{\"@type\":\"ListItem\",\"position\":2,\"name\":\"C\u00e2meras de monitoramento come\u00e7am a ser instaladas na regi\u00e3o central\"}]},{\"@type\":\"WebSite\",\"@id\":\"https:\\\/\\\/www.aceguarulhos.com.br\\\/blog\\\/#website\",\"url\":\"https:\\\/\\\/www.aceguarulhos.com.br\\\/blog\\\/\",\"name\":\"ACE-Guarulhos\",\"description\":\"A ACE-Guarulhos \u00e9 uma associa\u00e7\u00e3o que ap\u00f3ia os empres\u00e1rios guarulhenses atrav\u00e9s da representa\u00e7\u00e3o, da gera\u00e7\u00e3o de neg\u00f3cios e presta\u00e7\u00e3o de servi\u00e7os.\",\"publisher\":{\"@id\":\"https:\\\/\\\/www.aceguarulhos.com.br\\\/blog\\\/#organization\"},\"potentialAction\":[{\"@type\":\"SearchAction\",\"target\":{\"@type\":\"EntryPoint\",\"urlTemplate\":\"https:\\\/\\\/www.aceguarulhos.com.br\\\/blog\\\/?s={search_term_string}\"},\"query-input\":{\"@type\":\"PropertyValueSpecification\",\"valueRequired\":true,\"valueName\":\"search_term_string\"}}],\"inLanguage\":\"pt-BR\"},{\"@type\":\"Organization\",\"@id\":\"https:\\\/\\\/www.aceguarulhos.com.br\\\/blog\\\/#organization\",\"name\":\"ACE-Guarulhos\",\"url\":\"https:\\\/\\\/www.aceguarulhos.com.br\\\/blog\\\/\",\"logo\":{\"@type\":\"ImageObject\",\"inLanguage\":\"pt-BR\",\"@id\":\"https:\\\/\\\/www.aceguarulhos.com.br\\\/blog\\\/#\\\/schema\\\/logo\\\/image\\\/\",\"url\":\"https:\\\/\\\/www.aceguarulhos.com.br\\\/blog\\\/wp-content\\\/uploads\\\/2017\\\/12\\\/logo-aceguarulhos-2018.png\",\"contentUrl\":\"https:\\\/\\\/www.aceguarulhos.com.br\\\/blog\\\/wp-content\\\/uploads\\\/2017\\\/12\\\/logo-aceguarulhos-2018.png\",\"width\":419,\"height\":76,\"caption\":\"ACE-Guarulhos\"},\"image\":{\"@id\":\"https:\\\/\\\/www.aceguarulhos.com.br\\\/blog\\\/#\\\/schema\\\/logo\\\/image\\\/\"},\"sameAs\":[\"https:\\\/\\\/www.facebook.com\\\/aceguarulhos\\\/\",\"https:\\\/\\\/br.linkedin.com\\\/in\\\/ace-guarulhos-b9a97093\",\"https:\\\/\\\/www.youtube.com\\\/user\\\/aceguarulhos\"]},{\"@type\":\"Person\",\"@id\":\"https:\\\/\\\/www.aceguarulhos.com.br\\\/blog\\\/#\\\/schema\\\/person\\\/6983b51bad37489989e4f09698c26237\",\"name\":\"Assessoria de Imprensa ACE-Guarulhos\",\"image\":{\"@type\":\"ImageObject\",\"inLanguage\":\"pt-BR\",\"@id\":\"https:\\\/\\\/secure.gravatar.com\\\/avatar\\\/707f3fadd6918afeb64173ab22d8a8cb0676953098a4f31ff36dc2b4c699ef6a?s=96&d=mm&r=g\",\"url\":\"https:\\\/\\\/secure.gravatar.com\\\/avatar\\\/707f3fadd6918afeb64173ab22d8a8cb0676953098a4f31ff36dc2b4c699ef6a?s=96&d=mm&r=g\",\"contentUrl\":\"https:\\\/\\\/secure.gravatar.com\\\/avatar\\\/707f3fadd6918afeb64173ab22d8a8cb0676953098a4f31ff36dc2b4c699ef6a?s=96&d=mm&r=g\",\"caption\":\"Assessoria de Imprensa ACE-Guarulhos\"},\"url\":\"https:\\\/\\\/www.aceguarulhos.com.br\\\/blog\\\/author\\\/assessoria-de-imprensa-ace-guarulhos\\\/\"}]}<\/script>\n<!-- \/ Yoast SEO plugin. -->","yoast_head_json":{"title":"C\u00e2meras de monitoramento come\u00e7am a ser instaladas na regi\u00e3o central - ACE-Guarulhos","robots":{"index":"index","follow":"follow","max-snippet":"max-snippet:-1","max-image-preview":"max-image-preview:large","max-video-preview":"max-video-preview:-1"},"canonical":"https:\/\/www.aceguarulhos.com.br\/blog\/c\u00e2meras-de-monitoramento-come\u00e7am-a-ser-instaladas-na-regi\u00e3o-central\/","og_locale":"pt_BR","og_type":"article","og_title":"C\u00e2meras de monitoramento come\u00e7am a ser instaladas na regi\u00e3o central - ACE-Guarulhos","og_description":"Guarulhos amanheceu com c\u00e2meras espalhadas pela cidade. Em reportagem publicada no in\u00edcio de janeiro, Jo\u00e3o D\u00e1rcio Filho, secret\u00e1rio de Seguran\u00e7a P\u00fablica, informou que","og_url":"https:\/\/www.aceguarulhos.com.br\/blog\/c\u00e2meras-de-monitoramento-come\u00e7am-a-ser-instaladas-na-regi\u00e3o-central\/","og_site_name":"ACE-Guarulhos","article_publisher":"https:\/\/www.facebook.com\/aceguarulhos\/","article_published_time":"2009-01-27T10:26:46+00:00","og_image":[{"url":"https:\/\/www.aceguarulhos.com.br\/blog\/wp-content\/uploads\/image.php","type":"","width":"","height":""}],"author":"Assessoria de Imprensa ACE-Guarulhos","twitter_card":"summary_large_image","twitter_misc":{"Escrito por":"Assessoria de Imprensa ACE-Guarulhos","Est. tempo de leitura":"2 minutos"},"schema":{"@context":"https:\/\/schema.org","@graph":[{"@type":"Article","@id":"https:\/\/www.aceguarulhos.com.br\/blog\/c%c3%a2meras-de-monitoramento-come%c3%a7am-a-ser-instaladas-na-regi%c3%a3o-central\/#article","isPartOf":{"@id":"https:\/\/www.aceguarulhos.com.br\/blog\/c%c3%a2meras-de-monitoramento-come%c3%a7am-a-ser-instaladas-na-regi%c3%a3o-central\/"},"author":{"name":"Assessoria de Imprensa ACE-Guarulhos","@id":"https:\/\/www.aceguarulhos.com.br\/blog\/#\/schema\/person\/6983b51bad37489989e4f09698c26237"},"headline":"C\u00e2meras de monitoramento come\u00e7am a ser instaladas na regi\u00e3o central","datePublished":"2009-01-27T10:26:46+00:00","mainEntityOfPage":{"@id":"https:\/\/www.aceguarulhos.com.br\/blog\/c%c3%a2meras-de-monitoramento-come%c3%a7am-a-ser-instaladas-na-regi%c3%a3o-central\/"},"wordCount":405,"commentCount":0,"publisher":{"@id":"https:\/\/www.aceguarulhos.com.br\/blog\/#organization"},"articleSection":["Not\u00edcias"],"inLanguage":"pt-BR"},{"@type":"WebPage","@id":"https:\/\/www.aceguarulhos.com.br\/blog\/c%c3%a2meras-de-monitoramento-come%c3%a7am-a-ser-instaladas-na-regi%c3%a3o-central\/","url":"https:\/\/www.aceguarulhos.com.br\/blog\/c%c3%a2meras-de-monitoramento-come%c3%a7am-a-ser-instaladas-na-regi%c3%a3o-central\/","name":"C\u00e2meras de monitoramento come\u00e7am a ser instaladas na regi\u00e3o central - ACE-Guarulhos","isPartOf":{"@id":"https:\/\/www.aceguarulhos.com.br\/blog\/#website"},"datePublished":"2009-01-27T10:26:46+00:00","breadcrumb":{"@id":"https:\/\/www.aceguarulhos.com.br\/blog\/c%c3%a2meras-de-monitoramento-come%c3%a7am-a-ser-instaladas-na-regi%c3%a3o-central\/#breadcrumb"},"inLanguage":"pt-BR","potentialAction":[{"@type":"ReadAction","target":["https:\/\/www.aceguarulhos.com.br\/blog\/c%c3%a2meras-de-monitoramento-come%c3%a7am-a-ser-instaladas-na-regi%c3%a3o-central\/"]}]},{"@type":"BreadcrumbList","@id":"https:\/\/www.aceguarulhos.com.br\/blog\/c%c3%a2meras-de-monitoramento-come%c3%a7am-a-ser-instaladas-na-regi%c3%a3o-central\/#breadcrumb","itemListElement":[{"@type":"ListItem","position":1,"name":"In\u00edcio","item":"https:\/\/www.aceguarulhos.com.br\/blog\/"},{"@type":"ListItem","position":2,"name":"C\u00e2meras de monitoramento come\u00e7am a ser instaladas na regi\u00e3o central"}]},{"@type":"WebSite","@id":"https:\/\/www.aceguarulhos.com.br\/blog\/#website","url":"https:\/\/www.aceguarulhos.com.br\/blog\/","name":"ACE-Guarulhos","description":"A ACE-Guarulhos \u00e9 uma associa\u00e7\u00e3o que ap\u00f3ia os empres\u00e1rios guarulhenses atrav\u00e9s da representa\u00e7\u00e3o, da gera\u00e7\u00e3o de neg\u00f3cios e presta\u00e7\u00e3o de servi\u00e7os.","publisher":{"@id":"https:\/\/www.aceguarulhos.com.br\/blog\/#organization"},"potentialAction":[{"@type":"SearchAction","target":{"@type":"EntryPoint","urlTemplate":"https:\/\/www.aceguarulhos.com.br\/blog\/?s={search_term_string}"},"query-input":{"@type":"PropertyValueSpecification","valueRequired":true,"valueName":"search_term_string"}}],"inLanguage":"pt-BR"},{"@type":"Organization","@id":"https:\/\/www.aceguarulhos.com.br\/blog\/#organization","name":"ACE-Guarulhos","url":"https:\/\/www.aceguarulhos.com.br\/blog\/","logo":{"@type":"ImageObject","inLanguage":"pt-BR","@id":"https:\/\/www.aceguarulhos.com.br\/blog\/#\/schema\/logo\/image\/","url":"https:\/\/www.aceguarulhos.com.br\/blog\/wp-content\/uploads\/2017\/12\/logo-aceguarulhos-2018.png","contentUrl":"https:\/\/www.aceguarulhos.com.br\/blog\/wp-content\/uploads\/2017\/12\/logo-aceguarulhos-2018.png","width":419,"height":76,"caption":"ACE-Guarulhos"},"image":{"@id":"https:\/\/www.aceguarulhos.com.br\/blog\/#\/schema\/logo\/image\/"},"sameAs":["https:\/\/www.facebook.com\/aceguarulhos\/","https:\/\/br.linkedin.com\/in\/ace-guarulhos-b9a97093","https:\/\/www.youtube.com\/user\/aceguarulhos"]},{"@type":"Person","@id":"https:\/\/www.aceguarulhos.com.br\/blog\/#\/schema\/person\/6983b51bad37489989e4f09698c26237","name":"Assessoria de Imprensa ACE-Guarulhos","image":{"@type":"ImageObject","inLanguage":"pt-BR","@id":"https:\/\/secure.gravatar.com\/avatar\/707f3fadd6918afeb64173ab22d8a8cb0676953098a4f31ff36dc2b4c699ef6a?s=96&d=mm&r=g","url":"https:\/\/secure.gravatar.com\/avatar\/707f3fadd6918afeb64173ab22d8a8cb0676953098a4f31ff36dc2b4c699ef6a?s=96&d=mm&r=g","contentUrl":"https:\/\/secure.gravatar.com\/avatar\/707f3fadd6918afeb64173ab22d8a8cb0676953098a4f31ff36dc2b4c699ef6a?s=96&d=mm&r=g","caption":"Assessoria de Imprensa ACE-Guarulhos"},"url":"https:\/\/www.aceguarulhos.com.br\/blog\/author\/assessoria-de-imprensa-ace-guarulhos\/"}]}},"wps_subtitle":"","amp_enabled":true,"_links":{"self":[{"href":"https:\/\/www.aceguarulhos.com.br\/blog\/wp-json\/wp\/v2\/posts\/34420","targetHints":{"allow":["GET"]}}],"collection":[{"href":"https:\/\/www.aceguarulhos.com.br\/blog\/wp-json\/wp\/v2\/posts"}],"about":[{"href":"https:\/\/www.aceguarulhos.com.br\/blog\/wp-json\/wp\/v2\/types\/post"}],"author":[{"embeddable":true,"href":"https:\/\/www.aceguarulhos.com.br\/blog\/wp-json\/wp\/v2\/users\/8"}],"replies":[{"embeddable":true,"href":"https:\/\/www.aceguarulhos.com.br\/blog\/wp-json\/wp\/v2\/comments?post=34420"}],"version-history":[{"count":0,"href":"https:\/\/www.aceguarulhos.com.br\/blog\/wp-json\/wp\/v2\/posts\/34420\/revisions"}],"wp:attachment":[{"href":"https:\/\/www.aceguarulhos.com.br\/blog\/wp-json\/wp\/v2\/media?parent=34420"}],"wp:term":[{"taxonomy":"category","embeddable":true,"href":"https:\/\/www.aceguarulhos.com.br\/blog\/wp-json\/wp\/v2\/categories?post=34420"},{"taxonomy":"post_tag","embeddable":true,"href":"https:\/\/www.aceguarulhos.com.br\/blog\/wp-json\/wp\/v2\/tags?post=34420"}],"curies":[{"name":"wp","href":"https:\/\/api.w.org\/{rel}","templated":true}]}}