{"id":34395,"date":"2009-01-22T14:26:26","date_gmt":"2009-01-22T14:26:26","guid":{"rendered":"http:\/\/www.aceguarulhos.com.br\/blog\/?p=34395"},"modified":"-0001-11-30T00:00:00","modified_gmt":"-0001-11-30T03:00:00","slug":"procon-sp-constata-queda-nas-taxas-m%c3%a9dias-de-juros-banc%c3%a1rios","status":"publish","type":"post","link":"https:\/\/www.aceguarulhos.com.br\/blog\/procon-sp-constata-queda-nas-taxas-m%c3%a9dias-de-juros-banc%c3%a1rios\/","title":{"rendered":"Procon-SP constata queda nas taxas m\u00e9dias de juros banc\u00e1rios"},"content":{"rendered":"<p>A Funda\u00e7\u00e3o Procon-SP, \u00f3rg\u00e3o vinculado a Secretaria da Justi\u00e7a e da Defesa da Cidadania realizou, em 12 de janeiro, pesquisa de taxas de juros de empr\u00e9stimo pessoal e cheque especial para pessoa f\u00edsica. As dez institui\u00e7\u00f5es financeiras pesquisadas foram Banco do Brasil, Bradesco, Caixa Econ\u00f4mica Federal, HSBC, Ita\u00fa, Nossa Caixa, Real, Safra, Santander e Unibanco.<\/p>\n<p>Neste m\u00eas, ap\u00f3s sucessivas altas, a pesquisa de taxas de juros registrou queda nas taxas m\u00e9dias das duas modalidades de cr\u00e9dito pesquisadas.<\/p>\n<p><b>Empr\u00e9stimo Pessoal &#8211; <\/b>a taxa m\u00e9dia dos bancos pesquisados foi de 6,01% a.m., inferior \u00e0 do m\u00eas anterior, que foi de 6,25% a.m., significando um decr\u00e9scimo de 0,24 ponto percentual. Cheque Especial &#8211; a taxa m\u00e9dia dos bancos pesquisados foi de 9,25% a.m., inferior \u00e0 do m\u00eas anterior, que foi de 9,33% a.m., significando um decr\u00e9scimo de 0,08ponto percentual. <\/p>\n<p><i>As quedas verificadas nas taxas de empr\u00e9stimo pessoal foram:<\/i><\/p>\n<p>Banco do Brasil \u2013 alterou de 6,50% para 4,99% a.m., o que significa um decr\u00e9scimo de 1,51 pontos percentuais, representando uma varia\u00e7\u00e3o negativa de 23,23% em rela\u00e7\u00e3o \u00e0 taxa de dezembro\/08; <\/p>\n<p>Real \u2013 alterou de 8,15% para 7,45% a.m., o que significa um decr\u00e9scimo de 0,70 ponto percentual, representando uma varia\u00e7\u00e3o negativa de 8,59% em rela\u00e7\u00e3o \u00e0 taxa de dezembro\/08;<\/p>\n<p>HSBC \u2013 alterou de 4,83% para 4,62% a.m., o que significa um decr\u00e9scimo de 0,21 ponto percentual, representando uma varia\u00e7\u00e3o negativa de 4,35% em rela\u00e7\u00e3o \u00e0 taxa de dezembro\/08; <\/p>\n<p>Caixa Econ\u00f4mica Federal \u2013 alterou de 4,49% para 4,44% a.m., o que significa um decr\u00e9scimo de 0,05 ponto percentual, representando uma varia\u00e7\u00e3o negativa de 1,11% em rela\u00e7\u00e3o \u00e0 taxa de dezembro\/08. <\/p>\n<p>Os demais bancos mantiveram suas taxas de empr\u00e9stimo pessoal.<\/p>\n<p><i>As quedas verificadas nas taxas de cheque especial foram:<\/i><\/p>\n<p>Banco do Brasil \u2013 alterou de 8,62% para 7,99% a.m., o que significa um decr\u00e9scimo de 0,63 ponto percentual, representando uma varia\u00e7\u00e3o negativa de 7,31% em rela\u00e7\u00e3o \u00e0 taxa de dezembro\/08;<\/p>\n<p>Caixa Econ\u00f4mica Federal \u2013 alterou de 7,98% para 7,49% a.m., o que significa um decr\u00e9scimo de 0,49 ponto percentual, representando uma varia\u00e7\u00e3o negativa de 6,14% em rela\u00e7\u00e3o \u00e0 taxa de dezembro\/08. <\/p>\n","protected":false},"excerpt":{"rendered":"A Funda\u00e7\u00e3o Procon-SP, \u00f3rg\u00e3o vinculado a Secretaria da Justi\u00e7a e da Defesa da Cidadania realizou, em 12 de janeiro, pesquisa de taxas de \n<a class=\"moretag\" href=\"https:\/\/www.aceguarulhos.com.br\/blog\/procon-sp-constata-queda-nas-taxas-m%c3%a9dias-de-juros-banc%c3%a1rios\/\"> [...]<\/a>","protected":false},"author":8,"featured_media":0,"comment_status":"open","ping_status":"open","sticky":false,"template":"","format":"standard","meta":{"footnotes":""},"categories":[2],"tags":[],"class_list":["post-34395","post","type-post","status-publish","format-standard","hentry","category-noticias"],"yoast_head":"<!-- This site is optimized with the Yoast SEO plugin v28.1 - https:\/\/yoast.com\/product\/yoast-seo-wordpress\/ -->\n<title>Procon-SP constata queda nas taxas m\u00e9dias de juros banc\u00e1rios - ACE-Guarulhos<\/title>\n<meta name=\"robots\" content=\"index, follow, max-snippet:-1, max-image-preview:large, max-video-preview:-1\" \/>\n<link rel=\"canonical\" href=\"https:\/\/www.aceguarulhos.com.br\/blog\/procon-sp-constata-queda-nas-taxas-m\u00e9dias-de-juros-banc\u00e1rios\/\" \/>\n<meta property=\"og:locale\" content=\"pt_BR\" \/>\n<meta property=\"og:type\" content=\"article\" \/>\n<meta property=\"og:title\" content=\"Procon-SP constata queda nas taxas m\u00e9dias de juros banc\u00e1rios - ACE-Guarulhos\" \/>\n<meta property=\"og:description\" content=\"A Funda\u00e7\u00e3o Procon-SP, \u00f3rg\u00e3o vinculado a Secretaria da Justi\u00e7a e da Defesa da Cidadania realizou, em 12 de janeiro, pesquisa de taxas de\" \/>\n<meta property=\"og:url\" content=\"https:\/\/www.aceguarulhos.com.br\/blog\/procon-sp-constata-queda-nas-taxas-m\u00e9dias-de-juros-banc\u00e1rios\/\" \/>\n<meta property=\"og:site_name\" content=\"ACE-Guarulhos\" \/>\n<meta property=\"article:publisher\" content=\"https:\/\/www.facebook.com\/aceguarulhos\/\" \/>\n<meta property=\"article:published_time\" content=\"2009-01-22T14:26:26+00:00\" \/>\n<meta name=\"author\" content=\"Assessoria de Imprensa ACE-Guarulhos\" \/>\n<meta name=\"twitter:card\" content=\"summary_large_image\" \/>\n<meta name=\"twitter:label1\" content=\"Escrito por\" \/>\n\t<meta name=\"twitter:data1\" content=\"Assessoria de Imprensa ACE-Guarulhos\" \/>\n\t<meta name=\"twitter:label2\" content=\"Est. tempo de leitura\" \/>\n\t<meta name=\"twitter:data2\" content=\"2 minutos\" \/>\n<script type=\"application\/ld+json\" class=\"yoast-schema-graph\">{\"@context\":\"https:\\\/\\\/schema.org\",\"@graph\":[{\"@type\":\"Article\",\"@id\":\"https:\\\/\\\/www.aceguarulhos.com.br\\\/blog\\\/procon-sp-constata-queda-nas-taxas-m%c3%a9dias-de-juros-banc%c3%a1rios\\\/#article\",\"isPartOf\":{\"@id\":\"https:\\\/\\\/www.aceguarulhos.com.br\\\/blog\\\/procon-sp-constata-queda-nas-taxas-m%c3%a9dias-de-juros-banc%c3%a1rios\\\/\"},\"author\":{\"name\":\"Assessoria de Imprensa ACE-Guarulhos\",\"@id\":\"https:\\\/\\\/www.aceguarulhos.com.br\\\/blog\\\/#\\\/schema\\\/person\\\/6983b51bad37489989e4f09698c26237\"},\"headline\":\"Procon-SP constata queda nas taxas m\u00e9dias de juros banc\u00e1rios\",\"datePublished\":\"2009-01-22T14:26:26+00:00\",\"mainEntityOfPage\":{\"@id\":\"https:\\\/\\\/www.aceguarulhos.com.br\\\/blog\\\/procon-sp-constata-queda-nas-taxas-m%c3%a9dias-de-juros-banc%c3%a1rios\\\/\"},\"wordCount\":362,\"commentCount\":0,\"publisher\":{\"@id\":\"https:\\\/\\\/www.aceguarulhos.com.br\\\/blog\\\/#organization\"},\"articleSection\":[\"Not\u00edcias\"],\"inLanguage\":\"pt-BR\"},{\"@type\":\"WebPage\",\"@id\":\"https:\\\/\\\/www.aceguarulhos.com.br\\\/blog\\\/procon-sp-constata-queda-nas-taxas-m%c3%a9dias-de-juros-banc%c3%a1rios\\\/\",\"url\":\"https:\\\/\\\/www.aceguarulhos.com.br\\\/blog\\\/procon-sp-constata-queda-nas-taxas-m%c3%a9dias-de-juros-banc%c3%a1rios\\\/\",\"name\":\"Procon-SP constata queda nas taxas m\u00e9dias de juros banc\u00e1rios - ACE-Guarulhos\",\"isPartOf\":{\"@id\":\"https:\\\/\\\/www.aceguarulhos.com.br\\\/blog\\\/#website\"},\"datePublished\":\"2009-01-22T14:26:26+00:00\",\"breadcrumb\":{\"@id\":\"https:\\\/\\\/www.aceguarulhos.com.br\\\/blog\\\/procon-sp-constata-queda-nas-taxas-m%c3%a9dias-de-juros-banc%c3%a1rios\\\/#breadcrumb\"},\"inLanguage\":\"pt-BR\",\"potentialAction\":[{\"@type\":\"ReadAction\",\"target\":[\"https:\\\/\\\/www.aceguarulhos.com.br\\\/blog\\\/procon-sp-constata-queda-nas-taxas-m%c3%a9dias-de-juros-banc%c3%a1rios\\\/\"]}]},{\"@type\":\"BreadcrumbList\",\"@id\":\"https:\\\/\\\/www.aceguarulhos.com.br\\\/blog\\\/procon-sp-constata-queda-nas-taxas-m%c3%a9dias-de-juros-banc%c3%a1rios\\\/#breadcrumb\",\"itemListElement\":[{\"@type\":\"ListItem\",\"position\":1,\"name\":\"In\u00edcio\",\"item\":\"https:\\\/\\\/www.aceguarulhos.com.br\\\/blog\\\/\"},{\"@type\":\"ListItem\",\"position\":2,\"name\":\"Procon-SP constata queda nas taxas m\u00e9dias de juros banc\u00e1rios\"}]},{\"@type\":\"WebSite\",\"@id\":\"https:\\\/\\\/www.aceguarulhos.com.br\\\/blog\\\/#website\",\"url\":\"https:\\\/\\\/www.aceguarulhos.com.br\\\/blog\\\/\",\"name\":\"ACE-Guarulhos\",\"description\":\"A ACE-Guarulhos \u00e9 uma associa\u00e7\u00e3o que ap\u00f3ia os empres\u00e1rios guarulhenses atrav\u00e9s da representa\u00e7\u00e3o, da gera\u00e7\u00e3o de neg\u00f3cios e presta\u00e7\u00e3o de servi\u00e7os.\",\"publisher\":{\"@id\":\"https:\\\/\\\/www.aceguarulhos.com.br\\\/blog\\\/#organization\"},\"potentialAction\":[{\"@type\":\"SearchAction\",\"target\":{\"@type\":\"EntryPoint\",\"urlTemplate\":\"https:\\\/\\\/www.aceguarulhos.com.br\\\/blog\\\/?s={search_term_string}\"},\"query-input\":{\"@type\":\"PropertyValueSpecification\",\"valueRequired\":true,\"valueName\":\"search_term_string\"}}],\"inLanguage\":\"pt-BR\"},{\"@type\":\"Organization\",\"@id\":\"https:\\\/\\\/www.aceguarulhos.com.br\\\/blog\\\/#organization\",\"name\":\"ACE-Guarulhos\",\"url\":\"https:\\\/\\\/www.aceguarulhos.com.br\\\/blog\\\/\",\"logo\":{\"@type\":\"ImageObject\",\"inLanguage\":\"pt-BR\",\"@id\":\"https:\\\/\\\/www.aceguarulhos.com.br\\\/blog\\\/#\\\/schema\\\/logo\\\/image\\\/\",\"url\":\"https:\\\/\\\/www.aceguarulhos.com.br\\\/blog\\\/wp-content\\\/uploads\\\/2017\\\/12\\\/logo-aceguarulhos-2018.png\",\"contentUrl\":\"https:\\\/\\\/www.aceguarulhos.com.br\\\/blog\\\/wp-content\\\/uploads\\\/2017\\\/12\\\/logo-aceguarulhos-2018.png\",\"width\":419,\"height\":76,\"caption\":\"ACE-Guarulhos\"},\"image\":{\"@id\":\"https:\\\/\\\/www.aceguarulhos.com.br\\\/blog\\\/#\\\/schema\\\/logo\\\/image\\\/\"},\"sameAs\":[\"https:\\\/\\\/www.facebook.com\\\/aceguarulhos\\\/\",\"https:\\\/\\\/br.linkedin.com\\\/in\\\/ace-guarulhos-b9a97093\",\"https:\\\/\\\/www.youtube.com\\\/user\\\/aceguarulhos\"]},{\"@type\":\"Person\",\"@id\":\"https:\\\/\\\/www.aceguarulhos.com.br\\\/blog\\\/#\\\/schema\\\/person\\\/6983b51bad37489989e4f09698c26237\",\"name\":\"Assessoria de Imprensa ACE-Guarulhos\",\"image\":{\"@type\":\"ImageObject\",\"inLanguage\":\"pt-BR\",\"@id\":\"https:\\\/\\\/secure.gravatar.com\\\/avatar\\\/707f3fadd6918afeb64173ab22d8a8cb0676953098a4f31ff36dc2b4c699ef6a?s=96&d=mm&r=g\",\"url\":\"https:\\\/\\\/secure.gravatar.com\\\/avatar\\\/707f3fadd6918afeb64173ab22d8a8cb0676953098a4f31ff36dc2b4c699ef6a?s=96&d=mm&r=g\",\"contentUrl\":\"https:\\\/\\\/secure.gravatar.com\\\/avatar\\\/707f3fadd6918afeb64173ab22d8a8cb0676953098a4f31ff36dc2b4c699ef6a?s=96&d=mm&r=g\",\"caption\":\"Assessoria de Imprensa ACE-Guarulhos\"},\"url\":\"https:\\\/\\\/www.aceguarulhos.com.br\\\/blog\\\/author\\\/assessoria-de-imprensa-ace-guarulhos\\\/\"}]}<\/script>\n<!-- \/ Yoast SEO plugin. -->","yoast_head_json":{"title":"Procon-SP constata queda nas taxas m\u00e9dias de juros banc\u00e1rios - ACE-Guarulhos","robots":{"index":"index","follow":"follow","max-snippet":"max-snippet:-1","max-image-preview":"max-image-preview:large","max-video-preview":"max-video-preview:-1"},"canonical":"https:\/\/www.aceguarulhos.com.br\/blog\/procon-sp-constata-queda-nas-taxas-m\u00e9dias-de-juros-banc\u00e1rios\/","og_locale":"pt_BR","og_type":"article","og_title":"Procon-SP constata queda nas taxas m\u00e9dias de juros banc\u00e1rios - ACE-Guarulhos","og_description":"A Funda\u00e7\u00e3o Procon-SP, \u00f3rg\u00e3o vinculado a Secretaria da Justi\u00e7a e da Defesa da Cidadania realizou, em 12 de janeiro, pesquisa de taxas de","og_url":"https:\/\/www.aceguarulhos.com.br\/blog\/procon-sp-constata-queda-nas-taxas-m\u00e9dias-de-juros-banc\u00e1rios\/","og_site_name":"ACE-Guarulhos","article_publisher":"https:\/\/www.facebook.com\/aceguarulhos\/","article_published_time":"2009-01-22T14:26:26+00:00","author":"Assessoria de Imprensa ACE-Guarulhos","twitter_card":"summary_large_image","twitter_misc":{"Escrito por":"Assessoria de Imprensa ACE-Guarulhos","Est. tempo de leitura":"2 minutos"},"schema":{"@context":"https:\/\/schema.org","@graph":[{"@type":"Article","@id":"https:\/\/www.aceguarulhos.com.br\/blog\/procon-sp-constata-queda-nas-taxas-m%c3%a9dias-de-juros-banc%c3%a1rios\/#article","isPartOf":{"@id":"https:\/\/www.aceguarulhos.com.br\/blog\/procon-sp-constata-queda-nas-taxas-m%c3%a9dias-de-juros-banc%c3%a1rios\/"},"author":{"name":"Assessoria de Imprensa ACE-Guarulhos","@id":"https:\/\/www.aceguarulhos.com.br\/blog\/#\/schema\/person\/6983b51bad37489989e4f09698c26237"},"headline":"Procon-SP constata queda nas taxas m\u00e9dias de juros banc\u00e1rios","datePublished":"2009-01-22T14:26:26+00:00","mainEntityOfPage":{"@id":"https:\/\/www.aceguarulhos.com.br\/blog\/procon-sp-constata-queda-nas-taxas-m%c3%a9dias-de-juros-banc%c3%a1rios\/"},"wordCount":362,"commentCount":0,"publisher":{"@id":"https:\/\/www.aceguarulhos.com.br\/blog\/#organization"},"articleSection":["Not\u00edcias"],"inLanguage":"pt-BR"},{"@type":"WebPage","@id":"https:\/\/www.aceguarulhos.com.br\/blog\/procon-sp-constata-queda-nas-taxas-m%c3%a9dias-de-juros-banc%c3%a1rios\/","url":"https:\/\/www.aceguarulhos.com.br\/blog\/procon-sp-constata-queda-nas-taxas-m%c3%a9dias-de-juros-banc%c3%a1rios\/","name":"Procon-SP constata queda nas taxas m\u00e9dias de juros banc\u00e1rios - ACE-Guarulhos","isPartOf":{"@id":"https:\/\/www.aceguarulhos.com.br\/blog\/#website"},"datePublished":"2009-01-22T14:26:26+00:00","breadcrumb":{"@id":"https:\/\/www.aceguarulhos.com.br\/blog\/procon-sp-constata-queda-nas-taxas-m%c3%a9dias-de-juros-banc%c3%a1rios\/#breadcrumb"},"inLanguage":"pt-BR","potentialAction":[{"@type":"ReadAction","target":["https:\/\/www.aceguarulhos.com.br\/blog\/procon-sp-constata-queda-nas-taxas-m%c3%a9dias-de-juros-banc%c3%a1rios\/"]}]},{"@type":"BreadcrumbList","@id":"https:\/\/www.aceguarulhos.com.br\/blog\/procon-sp-constata-queda-nas-taxas-m%c3%a9dias-de-juros-banc%c3%a1rios\/#breadcrumb","itemListElement":[{"@type":"ListItem","position":1,"name":"In\u00edcio","item":"https:\/\/www.aceguarulhos.com.br\/blog\/"},{"@type":"ListItem","position":2,"name":"Procon-SP constata queda nas taxas m\u00e9dias de juros banc\u00e1rios"}]},{"@type":"WebSite","@id":"https:\/\/www.aceguarulhos.com.br\/blog\/#website","url":"https:\/\/www.aceguarulhos.com.br\/blog\/","name":"ACE-Guarulhos","description":"A ACE-Guarulhos \u00e9 uma associa\u00e7\u00e3o que ap\u00f3ia os empres\u00e1rios guarulhenses atrav\u00e9s da representa\u00e7\u00e3o, da gera\u00e7\u00e3o de neg\u00f3cios e presta\u00e7\u00e3o de servi\u00e7os.","publisher":{"@id":"https:\/\/www.aceguarulhos.com.br\/blog\/#organization"},"potentialAction":[{"@type":"SearchAction","target":{"@type":"EntryPoint","urlTemplate":"https:\/\/www.aceguarulhos.com.br\/blog\/?s={search_term_string}"},"query-input":{"@type":"PropertyValueSpecification","valueRequired":true,"valueName":"search_term_string"}}],"inLanguage":"pt-BR"},{"@type":"Organization","@id":"https:\/\/www.aceguarulhos.com.br\/blog\/#organization","name":"ACE-Guarulhos","url":"https:\/\/www.aceguarulhos.com.br\/blog\/","logo":{"@type":"ImageObject","inLanguage":"pt-BR","@id":"https:\/\/www.aceguarulhos.com.br\/blog\/#\/schema\/logo\/image\/","url":"https:\/\/www.aceguarulhos.com.br\/blog\/wp-content\/uploads\/2017\/12\/logo-aceguarulhos-2018.png","contentUrl":"https:\/\/www.aceguarulhos.com.br\/blog\/wp-content\/uploads\/2017\/12\/logo-aceguarulhos-2018.png","width":419,"height":76,"caption":"ACE-Guarulhos"},"image":{"@id":"https:\/\/www.aceguarulhos.com.br\/blog\/#\/schema\/logo\/image\/"},"sameAs":["https:\/\/www.facebook.com\/aceguarulhos\/","https:\/\/br.linkedin.com\/in\/ace-guarulhos-b9a97093","https:\/\/www.youtube.com\/user\/aceguarulhos"]},{"@type":"Person","@id":"https:\/\/www.aceguarulhos.com.br\/blog\/#\/schema\/person\/6983b51bad37489989e4f09698c26237","name":"Assessoria de Imprensa ACE-Guarulhos","image":{"@type":"ImageObject","inLanguage":"pt-BR","@id":"https:\/\/secure.gravatar.com\/avatar\/707f3fadd6918afeb64173ab22d8a8cb0676953098a4f31ff36dc2b4c699ef6a?s=96&d=mm&r=g","url":"https:\/\/secure.gravatar.com\/avatar\/707f3fadd6918afeb64173ab22d8a8cb0676953098a4f31ff36dc2b4c699ef6a?s=96&d=mm&r=g","contentUrl":"https:\/\/secure.gravatar.com\/avatar\/707f3fadd6918afeb64173ab22d8a8cb0676953098a4f31ff36dc2b4c699ef6a?s=96&d=mm&r=g","caption":"Assessoria de Imprensa ACE-Guarulhos"},"url":"https:\/\/www.aceguarulhos.com.br\/blog\/author\/assessoria-de-imprensa-ace-guarulhos\/"}]}},"wps_subtitle":"","amp_enabled":true,"_links":{"self":[{"href":"https:\/\/www.aceguarulhos.com.br\/blog\/wp-json\/wp\/v2\/posts\/34395","targetHints":{"allow":["GET"]}}],"collection":[{"href":"https:\/\/www.aceguarulhos.com.br\/blog\/wp-json\/wp\/v2\/posts"}],"about":[{"href":"https:\/\/www.aceguarulhos.com.br\/blog\/wp-json\/wp\/v2\/types\/post"}],"author":[{"embeddable":true,"href":"https:\/\/www.aceguarulhos.com.br\/blog\/wp-json\/wp\/v2\/users\/8"}],"replies":[{"embeddable":true,"href":"https:\/\/www.aceguarulhos.com.br\/blog\/wp-json\/wp\/v2\/comments?post=34395"}],"version-history":[{"count":0,"href":"https:\/\/www.aceguarulhos.com.br\/blog\/wp-json\/wp\/v2\/posts\/34395\/revisions"}],"wp:attachment":[{"href":"https:\/\/www.aceguarulhos.com.br\/blog\/wp-json\/wp\/v2\/media?parent=34395"}],"wp:term":[{"taxonomy":"category","embeddable":true,"href":"https:\/\/www.aceguarulhos.com.br\/blog\/wp-json\/wp\/v2\/categories?post=34395"},{"taxonomy":"post_tag","embeddable":true,"href":"https:\/\/www.aceguarulhos.com.br\/blog\/wp-json\/wp\/v2\/tags?post=34395"}],"curies":[{"name":"wp","href":"https:\/\/api.w.org\/{rel}","templated":true}]}}