{"id":34385,"date":"2009-01-20T17:59:51","date_gmt":"2009-01-20T17:59:51","guid":{"rendered":"http:\/\/www.aceguarulhos.com.br\/blog\/?p=34385"},"modified":"-0001-11-30T00:00:00","modified_gmt":"-0001-11-30T03:00:00","slug":"guarulhos-na-luta-contra-o-c%c3%a2ncer","status":"publish","type":"post","link":"https:\/\/www.aceguarulhos.com.br\/blog\/guarulhos-na-luta-contra-o-c%c3%a2ncer\/","title":{"rendered":"Guarulhos na luta contra o c\u00e2ncer"},"content":{"rendered":"<p>Tudo come\u00e7ou atrav\u00e9s do Centro de Diagn\u00f3sticos Sonolayer que, em 2001, organizou as comunidades locais na primeira grande caminhada, levantando a bandeira da preven\u00e7\u00e3o ao c\u00e2ncer de mama e pr\u00f3stata. Desde ent\u00e3o o movimento cresceu e, neste 2008, pelo oitavo ano consecutivo, a meta \u00e9 reunir 10 mil caminhantes e 2 mil corredores num evento que j\u00e1 se configura como o segundo maior do Estado. Devido \u00e0 sua import\u00e2ncia, os organizadores conquistaram o patroc\u00ednio do Governo Federal, atrav\u00e9s da Lei 11.438\/06 e o Decreto n\u00ba 6.180\/07 que concedem incentivo fiscal ao esporte. A realiza\u00e7\u00e3o da caminhada e corrida \u00e9 da Uni\u00e3o Cultural Esportiva Guarulhense (UCEG) que divide o bast\u00e3o com o idealizador da proposta, Sonolayer. Em Bras\u00edlia, esse projeto j\u00e1 \u00e9 considerado como o de maior abrang\u00eancia no Pa\u00eds em virtude da&nbsp; proposta de conscientizar para prevenir.<\/p>\n<p>Apesar de ser uma ocorr\u00eancia cada vez mais freq\u00fcente entre os brasileiros, a maioria das pessoas ainda n\u00e3o se deu conta de que tamb\u00e9m pode ser uma v\u00edtima do c\u00e2ncer. Aqui em Guarulhos n\u00e3o \u00e9 diferente. Muita gente j\u00e1 perdeu um ente querido no ringue da luta entre a vida e a morte. Os n\u00fameros de casos certificam a gravidade da doen\u00e7a que n\u00e3o perdoa, faz sofrer, mutila e mata. Diante dessa constata\u00e7\u00e3o, a preven\u00e7\u00e3o \u00e9 o \u00fanico caminho a ser trilhado. <br \/>Com base nessa verdade, o Centro de Diagn\u00f3sticos Sonolayer promove, no pr\u00f3ximo dia 8 de fevereiro, a oitava edi\u00e7\u00e3o da caminhada e quarta corrida de preven\u00e7\u00e3o ao c\u00e2ncer de mama e de pr\u00f3stata. Realizado pela Uni\u00e3o Cultural e Esportiva Guarulhense, o evento j\u00e1 \u00e9 uma tradi\u00e7\u00e3o na cidade, recebendo, a cada ano um n\u00famero maior de adeptos, bem como todo o apoio das institui\u00e7\u00f5es p\u00fablicas e privadas. <br \/>&nbsp;Em 2001, alarmada pelos altos \u00edndices da doen\u00e7a, sonolayer teve a brilhante id\u00e9ia de organizar esse evento, uma vez que a pr\u00e1tica esportiva tem rela\u00e7\u00e3o direta com a qualidade de vida e a sa\u00fade, abrindo possibilidades maiores de chamar a aten\u00e7\u00e3o do p\u00fablico. A iniciativa deu certo e todos os anos a participa\u00e7\u00e3o \u00e9 maior. Tanto que a caminhada e corrida contra o c\u00e2ncer de mama e pr\u00f3stata de Guarulhos \u00e9 a segunda maior do Estado de S\u00e3o Paulo, perdendo apenas para a Capital em n\u00famero de integrantes.<br \/>Para este ano a expectativa de participa\u00e7\u00e3o \u00e9 de 12 mil pessoas caminhando e 2 mil correndo pelas ruas da cidade, devidamente identificadas com camisetas que trazem o s\u00edmbolo do evento. Autoridades p\u00fablicas e personalidades art\u00edsticas tamb\u00e9m \u201cvestiram\u201d a proposta, aderindo \u00e0 campanha, como \u00e9 o caso da cantora Luciana Mello, madrinha oficial da caminhada, e seu pai, o cantor Jair Rodrigues, padrinho da corrida. A modelo que divulga a caminhada \u00e9 a guarulhense Silvia Rivera, que emprestou sua gra\u00e7a e consci\u00eancia sobre a necessidade de preven\u00e7\u00e3o, representando o p\u00fablico de todas as idades. \u201cEsse evento \u00e9 um presente para a popula\u00e7\u00e3o de Guarulhos que deve se orgulhar. O Sonolayer e todos os apoiadores merecem os parab\u00e9ns\u201d diz Silvia.<br \/>Segundo a organiza\u00e7\u00e3o, desta vez o diferencial da corrida \u00e9 que ela ser\u00e1 dividida por novas categorias de 5 km (imprensa, nikkei, m\u00e9dicos, dentistas, advogados, metal\u00fargicos e militares). Representantes de cada segmento est\u00e3o sendo convidados \u00e0 participar e abra\u00e7ar a campanha que mostra, efetivamente, o que \u00e9 praticar a responsabilidade social.<br \/>&nbsp;&nbsp; <\/p>\n<p><b>SERVI\u00c7O:<\/b><\/p>\n<p>VIII Caminhada e IV Corrida de Preven\u00e7\u00e3o ao C\u00e2ncer de Mama e Pr\u00f3stata<br \/>Data: dia 08 de Fevereiro de 2009.<br \/>Local de largada: Bosque Maia\/Guarulhos<br \/>Percursos: 5 e 10 km (corrida)<br \/>Hor\u00e1rio: Corrida a partir das 8h e Caminhda a partir das 9 horas<br \/>Premia\u00e7\u00e3o: Ser\u00e1 concedida aos primeiros colocados<br \/>Inscri\u00e7\u00f5es: Sonolayer &#8211; avenida Salgado Filho, Centro de Guarulhos<br \/>Internet: www.ativo.com &#8211; www.runnerbrasil.com.br &#8211; www.sonolayer.com.br<br \/>Informa\u00e7\u00f5es: Fone: 2713 6724<\/p>\n","protected":false},"excerpt":{"rendered":"Tudo come\u00e7ou atrav\u00e9s do Centro de Diagn\u00f3sticos Sonolayer que, em 2001, organizou as comunidades locais na primeira grande caminhada, levantando a bandeira da \n<a class=\"moretag\" href=\"https:\/\/www.aceguarulhos.com.br\/blog\/guarulhos-na-luta-contra-o-c%c3%a2ncer\/\"> [...]<\/a>","protected":false},"author":8,"featured_media":0,"comment_status":"open","ping_status":"open","sticky":false,"template":"","format":"standard","meta":{"footnotes":""},"categories":[2],"tags":[],"class_list":["post-34385","post","type-post","status-publish","format-standard","hentry","category-noticias"],"yoast_head":"<!-- This site is optimized with the Yoast SEO plugin v28.1 - https:\/\/yoast.com\/product\/yoast-seo-wordpress\/ -->\n<title>Guarulhos na luta contra o c\u00e2ncer - ACE-Guarulhos<\/title>\n<meta name=\"robots\" content=\"index, follow, max-snippet:-1, max-image-preview:large, max-video-preview:-1\" \/>\n<link rel=\"canonical\" href=\"https:\/\/www.aceguarulhos.com.br\/blog\/guarulhos-na-luta-contra-o-c\u00e2ncer\/\" \/>\n<meta property=\"og:locale\" content=\"pt_BR\" \/>\n<meta property=\"og:type\" content=\"article\" \/>\n<meta property=\"og:title\" content=\"Guarulhos na luta contra o c\u00e2ncer - ACE-Guarulhos\" \/>\n<meta property=\"og:description\" content=\"Tudo come\u00e7ou atrav\u00e9s do Centro de Diagn\u00f3sticos Sonolayer que, em 2001, organizou as comunidades locais na primeira grande caminhada, levantando a bandeira da\" \/>\n<meta property=\"og:url\" content=\"https:\/\/www.aceguarulhos.com.br\/blog\/guarulhos-na-luta-contra-o-c\u00e2ncer\/\" \/>\n<meta property=\"og:site_name\" content=\"ACE-Guarulhos\" \/>\n<meta property=\"article:publisher\" content=\"https:\/\/www.facebook.com\/aceguarulhos\/\" \/>\n<meta property=\"article:published_time\" content=\"2009-01-20T17:59:51+00:00\" \/>\n<meta name=\"author\" content=\"Assessoria de Imprensa ACE-Guarulhos\" \/>\n<meta name=\"twitter:card\" content=\"summary_large_image\" \/>\n<meta name=\"twitter:label1\" content=\"Escrito por\" \/>\n\t<meta name=\"twitter:data1\" content=\"Assessoria de Imprensa ACE-Guarulhos\" \/>\n\t<meta name=\"twitter:label2\" content=\"Est. tempo de leitura\" \/>\n\t<meta name=\"twitter:data2\" content=\"3 minutos\" \/>\n<script type=\"application\/ld+json\" class=\"yoast-schema-graph\">{\"@context\":\"https:\\\/\\\/schema.org\",\"@graph\":[{\"@type\":\"Article\",\"@id\":\"https:\\\/\\\/www.aceguarulhos.com.br\\\/blog\\\/guarulhos-na-luta-contra-o-c%c3%a2ncer\\\/#article\",\"isPartOf\":{\"@id\":\"https:\\\/\\\/www.aceguarulhos.com.br\\\/blog\\\/guarulhos-na-luta-contra-o-c%c3%a2ncer\\\/\"},\"author\":{\"name\":\"Assessoria de Imprensa ACE-Guarulhos\",\"@id\":\"https:\\\/\\\/www.aceguarulhos.com.br\\\/blog\\\/#\\\/schema\\\/person\\\/6983b51bad37489989e4f09698c26237\"},\"headline\":\"Guarulhos na luta contra o c\u00e2ncer\",\"datePublished\":\"2009-01-20T17:59:51+00:00\",\"mainEntityOfPage\":{\"@id\":\"https:\\\/\\\/www.aceguarulhos.com.br\\\/blog\\\/guarulhos-na-luta-contra-o-c%c3%a2ncer\\\/\"},\"wordCount\":668,\"commentCount\":0,\"publisher\":{\"@id\":\"https:\\\/\\\/www.aceguarulhos.com.br\\\/blog\\\/#organization\"},\"articleSection\":[\"Not\u00edcias\"],\"inLanguage\":\"pt-BR\"},{\"@type\":\"WebPage\",\"@id\":\"https:\\\/\\\/www.aceguarulhos.com.br\\\/blog\\\/guarulhos-na-luta-contra-o-c%c3%a2ncer\\\/\",\"url\":\"https:\\\/\\\/www.aceguarulhos.com.br\\\/blog\\\/guarulhos-na-luta-contra-o-c%c3%a2ncer\\\/\",\"name\":\"Guarulhos na luta contra o c\u00e2ncer - ACE-Guarulhos\",\"isPartOf\":{\"@id\":\"https:\\\/\\\/www.aceguarulhos.com.br\\\/blog\\\/#website\"},\"datePublished\":\"2009-01-20T17:59:51+00:00\",\"breadcrumb\":{\"@id\":\"https:\\\/\\\/www.aceguarulhos.com.br\\\/blog\\\/guarulhos-na-luta-contra-o-c%c3%a2ncer\\\/#breadcrumb\"},\"inLanguage\":\"pt-BR\",\"potentialAction\":[{\"@type\":\"ReadAction\",\"target\":[\"https:\\\/\\\/www.aceguarulhos.com.br\\\/blog\\\/guarulhos-na-luta-contra-o-c%c3%a2ncer\\\/\"]}]},{\"@type\":\"BreadcrumbList\",\"@id\":\"https:\\\/\\\/www.aceguarulhos.com.br\\\/blog\\\/guarulhos-na-luta-contra-o-c%c3%a2ncer\\\/#breadcrumb\",\"itemListElement\":[{\"@type\":\"ListItem\",\"position\":1,\"name\":\"In\u00edcio\",\"item\":\"https:\\\/\\\/www.aceguarulhos.com.br\\\/blog\\\/\"},{\"@type\":\"ListItem\",\"position\":2,\"name\":\"Guarulhos na luta contra o c\u00e2ncer\"}]},{\"@type\":\"WebSite\",\"@id\":\"https:\\\/\\\/www.aceguarulhos.com.br\\\/blog\\\/#website\",\"url\":\"https:\\\/\\\/www.aceguarulhos.com.br\\\/blog\\\/\",\"name\":\"ACE-Guarulhos\",\"description\":\"A ACE-Guarulhos \u00e9 uma associa\u00e7\u00e3o que ap\u00f3ia os empres\u00e1rios guarulhenses atrav\u00e9s da representa\u00e7\u00e3o, da gera\u00e7\u00e3o de neg\u00f3cios e presta\u00e7\u00e3o de servi\u00e7os.\",\"publisher\":{\"@id\":\"https:\\\/\\\/www.aceguarulhos.com.br\\\/blog\\\/#organization\"},\"potentialAction\":[{\"@type\":\"SearchAction\",\"target\":{\"@type\":\"EntryPoint\",\"urlTemplate\":\"https:\\\/\\\/www.aceguarulhos.com.br\\\/blog\\\/?s={search_term_string}\"},\"query-input\":{\"@type\":\"PropertyValueSpecification\",\"valueRequired\":true,\"valueName\":\"search_term_string\"}}],\"inLanguage\":\"pt-BR\"},{\"@type\":\"Organization\",\"@id\":\"https:\\\/\\\/www.aceguarulhos.com.br\\\/blog\\\/#organization\",\"name\":\"ACE-Guarulhos\",\"url\":\"https:\\\/\\\/www.aceguarulhos.com.br\\\/blog\\\/\",\"logo\":{\"@type\":\"ImageObject\",\"inLanguage\":\"pt-BR\",\"@id\":\"https:\\\/\\\/www.aceguarulhos.com.br\\\/blog\\\/#\\\/schema\\\/logo\\\/image\\\/\",\"url\":\"https:\\\/\\\/www.aceguarulhos.com.br\\\/blog\\\/wp-content\\\/uploads\\\/2017\\\/12\\\/logo-aceguarulhos-2018.png\",\"contentUrl\":\"https:\\\/\\\/www.aceguarulhos.com.br\\\/blog\\\/wp-content\\\/uploads\\\/2017\\\/12\\\/logo-aceguarulhos-2018.png\",\"width\":419,\"height\":76,\"caption\":\"ACE-Guarulhos\"},\"image\":{\"@id\":\"https:\\\/\\\/www.aceguarulhos.com.br\\\/blog\\\/#\\\/schema\\\/logo\\\/image\\\/\"},\"sameAs\":[\"https:\\\/\\\/www.facebook.com\\\/aceguarulhos\\\/\",\"https:\\\/\\\/br.linkedin.com\\\/in\\\/ace-guarulhos-b9a97093\",\"https:\\\/\\\/www.youtube.com\\\/user\\\/aceguarulhos\"]},{\"@type\":\"Person\",\"@id\":\"https:\\\/\\\/www.aceguarulhos.com.br\\\/blog\\\/#\\\/schema\\\/person\\\/6983b51bad37489989e4f09698c26237\",\"name\":\"Assessoria de Imprensa ACE-Guarulhos\",\"image\":{\"@type\":\"ImageObject\",\"inLanguage\":\"pt-BR\",\"@id\":\"https:\\\/\\\/secure.gravatar.com\\\/avatar\\\/707f3fadd6918afeb64173ab22d8a8cb0676953098a4f31ff36dc2b4c699ef6a?s=96&d=mm&r=g\",\"url\":\"https:\\\/\\\/secure.gravatar.com\\\/avatar\\\/707f3fadd6918afeb64173ab22d8a8cb0676953098a4f31ff36dc2b4c699ef6a?s=96&d=mm&r=g\",\"contentUrl\":\"https:\\\/\\\/secure.gravatar.com\\\/avatar\\\/707f3fadd6918afeb64173ab22d8a8cb0676953098a4f31ff36dc2b4c699ef6a?s=96&d=mm&r=g\",\"caption\":\"Assessoria de Imprensa ACE-Guarulhos\"},\"url\":\"https:\\\/\\\/www.aceguarulhos.com.br\\\/blog\\\/author\\\/assessoria-de-imprensa-ace-guarulhos\\\/\"}]}<\/script>\n<!-- \/ Yoast SEO plugin. -->","yoast_head_json":{"title":"Guarulhos na luta contra o c\u00e2ncer - ACE-Guarulhos","robots":{"index":"index","follow":"follow","max-snippet":"max-snippet:-1","max-image-preview":"max-image-preview:large","max-video-preview":"max-video-preview:-1"},"canonical":"https:\/\/www.aceguarulhos.com.br\/blog\/guarulhos-na-luta-contra-o-c\u00e2ncer\/","og_locale":"pt_BR","og_type":"article","og_title":"Guarulhos na luta contra o c\u00e2ncer - ACE-Guarulhos","og_description":"Tudo come\u00e7ou atrav\u00e9s do Centro de Diagn\u00f3sticos Sonolayer que, em 2001, organizou as comunidades locais na primeira grande caminhada, levantando a bandeira da","og_url":"https:\/\/www.aceguarulhos.com.br\/blog\/guarulhos-na-luta-contra-o-c\u00e2ncer\/","og_site_name":"ACE-Guarulhos","article_publisher":"https:\/\/www.facebook.com\/aceguarulhos\/","article_published_time":"2009-01-20T17:59:51+00:00","author":"Assessoria de Imprensa ACE-Guarulhos","twitter_card":"summary_large_image","twitter_misc":{"Escrito por":"Assessoria de Imprensa ACE-Guarulhos","Est. tempo de leitura":"3 minutos"},"schema":{"@context":"https:\/\/schema.org","@graph":[{"@type":"Article","@id":"https:\/\/www.aceguarulhos.com.br\/blog\/guarulhos-na-luta-contra-o-c%c3%a2ncer\/#article","isPartOf":{"@id":"https:\/\/www.aceguarulhos.com.br\/blog\/guarulhos-na-luta-contra-o-c%c3%a2ncer\/"},"author":{"name":"Assessoria de Imprensa ACE-Guarulhos","@id":"https:\/\/www.aceguarulhos.com.br\/blog\/#\/schema\/person\/6983b51bad37489989e4f09698c26237"},"headline":"Guarulhos na luta contra o c\u00e2ncer","datePublished":"2009-01-20T17:59:51+00:00","mainEntityOfPage":{"@id":"https:\/\/www.aceguarulhos.com.br\/blog\/guarulhos-na-luta-contra-o-c%c3%a2ncer\/"},"wordCount":668,"commentCount":0,"publisher":{"@id":"https:\/\/www.aceguarulhos.com.br\/blog\/#organization"},"articleSection":["Not\u00edcias"],"inLanguage":"pt-BR"},{"@type":"WebPage","@id":"https:\/\/www.aceguarulhos.com.br\/blog\/guarulhos-na-luta-contra-o-c%c3%a2ncer\/","url":"https:\/\/www.aceguarulhos.com.br\/blog\/guarulhos-na-luta-contra-o-c%c3%a2ncer\/","name":"Guarulhos na luta contra o c\u00e2ncer - ACE-Guarulhos","isPartOf":{"@id":"https:\/\/www.aceguarulhos.com.br\/blog\/#website"},"datePublished":"2009-01-20T17:59:51+00:00","breadcrumb":{"@id":"https:\/\/www.aceguarulhos.com.br\/blog\/guarulhos-na-luta-contra-o-c%c3%a2ncer\/#breadcrumb"},"inLanguage":"pt-BR","potentialAction":[{"@type":"ReadAction","target":["https:\/\/www.aceguarulhos.com.br\/blog\/guarulhos-na-luta-contra-o-c%c3%a2ncer\/"]}]},{"@type":"BreadcrumbList","@id":"https:\/\/www.aceguarulhos.com.br\/blog\/guarulhos-na-luta-contra-o-c%c3%a2ncer\/#breadcrumb","itemListElement":[{"@type":"ListItem","position":1,"name":"In\u00edcio","item":"https:\/\/www.aceguarulhos.com.br\/blog\/"},{"@type":"ListItem","position":2,"name":"Guarulhos na luta contra o c\u00e2ncer"}]},{"@type":"WebSite","@id":"https:\/\/www.aceguarulhos.com.br\/blog\/#website","url":"https:\/\/www.aceguarulhos.com.br\/blog\/","name":"ACE-Guarulhos","description":"A ACE-Guarulhos \u00e9 uma associa\u00e7\u00e3o que ap\u00f3ia os empres\u00e1rios guarulhenses atrav\u00e9s da representa\u00e7\u00e3o, da gera\u00e7\u00e3o de neg\u00f3cios e presta\u00e7\u00e3o de servi\u00e7os.","publisher":{"@id":"https:\/\/www.aceguarulhos.com.br\/blog\/#organization"},"potentialAction":[{"@type":"SearchAction","target":{"@type":"EntryPoint","urlTemplate":"https:\/\/www.aceguarulhos.com.br\/blog\/?s={search_term_string}"},"query-input":{"@type":"PropertyValueSpecification","valueRequired":true,"valueName":"search_term_string"}}],"inLanguage":"pt-BR"},{"@type":"Organization","@id":"https:\/\/www.aceguarulhos.com.br\/blog\/#organization","name":"ACE-Guarulhos","url":"https:\/\/www.aceguarulhos.com.br\/blog\/","logo":{"@type":"ImageObject","inLanguage":"pt-BR","@id":"https:\/\/www.aceguarulhos.com.br\/blog\/#\/schema\/logo\/image\/","url":"https:\/\/www.aceguarulhos.com.br\/blog\/wp-content\/uploads\/2017\/12\/logo-aceguarulhos-2018.png","contentUrl":"https:\/\/www.aceguarulhos.com.br\/blog\/wp-content\/uploads\/2017\/12\/logo-aceguarulhos-2018.png","width":419,"height":76,"caption":"ACE-Guarulhos"},"image":{"@id":"https:\/\/www.aceguarulhos.com.br\/blog\/#\/schema\/logo\/image\/"},"sameAs":["https:\/\/www.facebook.com\/aceguarulhos\/","https:\/\/br.linkedin.com\/in\/ace-guarulhos-b9a97093","https:\/\/www.youtube.com\/user\/aceguarulhos"]},{"@type":"Person","@id":"https:\/\/www.aceguarulhos.com.br\/blog\/#\/schema\/person\/6983b51bad37489989e4f09698c26237","name":"Assessoria de Imprensa ACE-Guarulhos","image":{"@type":"ImageObject","inLanguage":"pt-BR","@id":"https:\/\/secure.gravatar.com\/avatar\/707f3fadd6918afeb64173ab22d8a8cb0676953098a4f31ff36dc2b4c699ef6a?s=96&d=mm&r=g","url":"https:\/\/secure.gravatar.com\/avatar\/707f3fadd6918afeb64173ab22d8a8cb0676953098a4f31ff36dc2b4c699ef6a?s=96&d=mm&r=g","contentUrl":"https:\/\/secure.gravatar.com\/avatar\/707f3fadd6918afeb64173ab22d8a8cb0676953098a4f31ff36dc2b4c699ef6a?s=96&d=mm&r=g","caption":"Assessoria de Imprensa ACE-Guarulhos"},"url":"https:\/\/www.aceguarulhos.com.br\/blog\/author\/assessoria-de-imprensa-ace-guarulhos\/"}]}},"wps_subtitle":"","amp_enabled":true,"_links":{"self":[{"href":"https:\/\/www.aceguarulhos.com.br\/blog\/wp-json\/wp\/v2\/posts\/34385","targetHints":{"allow":["GET"]}}],"collection":[{"href":"https:\/\/www.aceguarulhos.com.br\/blog\/wp-json\/wp\/v2\/posts"}],"about":[{"href":"https:\/\/www.aceguarulhos.com.br\/blog\/wp-json\/wp\/v2\/types\/post"}],"author":[{"embeddable":true,"href":"https:\/\/www.aceguarulhos.com.br\/blog\/wp-json\/wp\/v2\/users\/8"}],"replies":[{"embeddable":true,"href":"https:\/\/www.aceguarulhos.com.br\/blog\/wp-json\/wp\/v2\/comments?post=34385"}],"version-history":[{"count":0,"href":"https:\/\/www.aceguarulhos.com.br\/blog\/wp-json\/wp\/v2\/posts\/34385\/revisions"}],"wp:attachment":[{"href":"https:\/\/www.aceguarulhos.com.br\/blog\/wp-json\/wp\/v2\/media?parent=34385"}],"wp:term":[{"taxonomy":"category","embeddable":true,"href":"https:\/\/www.aceguarulhos.com.br\/blog\/wp-json\/wp\/v2\/categories?post=34385"},{"taxonomy":"post_tag","embeddable":true,"href":"https:\/\/www.aceguarulhos.com.br\/blog\/wp-json\/wp\/v2\/tags?post=34385"}],"curies":[{"name":"wp","href":"https:\/\/api.w.org\/{rel}","templated":true}]}}