{"id":34369,"date":"2009-01-19T10:40:07","date_gmt":"2009-01-19T10:40:07","guid":{"rendered":"http:\/\/www.aceguarulhos.com.br\/blog\/?p=34369"},"modified":"-0001-11-30T00:00:00","modified_gmt":"-0001-11-30T03:00:00","slug":"gcm-intensifica-a-seguran%c3%a7a-com-dois-projetos-na-cidade","status":"publish","type":"post","link":"https:\/\/www.aceguarulhos.com.br\/blog\/gcm-intensifica-a-seguran%c3%a7a-com-dois-projetos-na-cidade\/","title":{"rendered":"GCM intensifica a seguran\u00e7a com dois projetos na cidade"},"content":{"rendered":"<p>A Secretaria para Assuntos de Seguran\u00e7a P\u00fablica est\u00e1 desenvolvendo dois importantes projetos neste per\u00edodo de f\u00e9rias escolares. O primeiro, denominado \u201cOpera\u00e7\u00e3o F\u00e9rias Seguras\u201d, amplia as a\u00e7\u00f5es da Guarda Civil Municipal (GCM) no Bosque Maia, na regi\u00e3o central, e no Lago dos Patos, na Vila Galv\u00e3o.<\/p>\n<p>O segundo projeto, \u201cCidade Segura\u201d, aumenta a freq\u00fc\u00eancia de guardas municipais em pontos estrat\u00e9gicos da cidade, com maior \u00eanfase para os hor\u00e1rios de grande movimenta\u00e7\u00e3o de pessoas. \u201cNossa proposta \u00e9 oferecer seguran\u00e7a preventiva tanto para quem busca lazer e descontra\u00e7\u00e3o nas f\u00e9rias escolares, quanto para quem continua trabalhando e precisa do amparo do Poder P\u00fablico\u201d, lembra o secret\u00e1rio Jo\u00e3o D\u00e1rcio Filho.<\/p>\n<p>O aumento dos servi\u00e7os da GCM j\u00e1 pode ser notado por freq\u00fcentadores do Bosque Maia e do Lago dos Patos. No Bosque Maia, al\u00e9m do posto fixo da GCM e das bicicletas da Ronda Bike, um maior n\u00famero de guardas municipais inibe casos de furtos de objetos e roubos de ve\u00edculos em todo o entorno, al\u00e9m de casos de brigas entre os freq\u00fcentadores. \u201cJ\u00e1 atendemos prontamente, inclusive, um caso de queda de um brinquedo\u201d, refor\u00e7a.<\/p>\n<p>No Lago dos Patos a a\u00e7\u00e3o \u00e9 semelhante; os guardas circulam pela regi\u00e3o em carros, motos, bicicletas e at\u00e9 mesmo a p\u00e9, em duplas. \u201cTamb\u00e9m l\u00e1 percebemos a aprova\u00e7\u00e3o dos usu\u00e1rios\u201d, destacou o secret\u00e1rio.<br \/>&nbsp;<br \/><b>Cidade Segura &#8211;<\/b> Sem detalhar cronogramas e hor\u00e1rios, o projeto da Secretaria para Assuntos de Seguran\u00e7a P\u00fablica tem por meta garantir a seguran\u00e7a dos freq\u00fcentadores da regi\u00e3o central da cidade. \u201cEm geral dos pontos onde se registram grande fluxo de pessoas\u201d, ressalta Jo\u00e3o D\u00e1rcio Sacchi.<\/p>\n<p>O secret\u00e1rio acrescentou que todo o trabalho desenvolvido pela Guarda Civil Municipal \u00e9 compartilhado com as pol\u00edcias civil e militar. \u201cAt\u00e9 porqu\u00ea nossa proposta \u00e9 uma s\u00f3: garantir a seguran\u00e7a dos cidad\u00e3os\u201d, disse.<br \/>&nbsp;<br \/><b>Monitoramento eletr\u00f4nico &#8211; <\/b>O secret\u00e1rio destacou que cronograma para in\u00edcio do monitoramento das ruas centrais com c\u00e2meras eletr\u00f4nicas est\u00e1 prestes a ser conclu\u00eddo.. \u201cAp\u00f3s a instala\u00e7\u00e3o das hastes de sustenta\u00e7\u00e3o e do link com a sala do comando, teremos ainda um curto per\u00edodo para treinamento do pessoal. Creio que o sistema comece a operar na primeira semana ap\u00f3s o carnaval\u201d, concluiu.<\/p>\n","protected":false},"excerpt":{"rendered":"A Secretaria para Assuntos de Seguran\u00e7a P\u00fablica est\u00e1 desenvolvendo dois importantes projetos neste per\u00edodo de f\u00e9rias escolares. O primeiro, denominado \u201cOpera\u00e7\u00e3o F\u00e9rias Seguras\u201d, \n<a class=\"moretag\" href=\"https:\/\/www.aceguarulhos.com.br\/blog\/gcm-intensifica-a-seguran%c3%a7a-com-dois-projetos-na-cidade\/\"> [...]<\/a>","protected":false},"author":8,"featured_media":0,"comment_status":"open","ping_status":"open","sticky":false,"template":"","format":"standard","meta":{"footnotes":""},"categories":[2],"tags":[],"class_list":["post-34369","post","type-post","status-publish","format-standard","hentry","category-noticias"],"yoast_head":"<!-- This site is optimized with the Yoast SEO plugin v28.1 - https:\/\/yoast.com\/product\/yoast-seo-wordpress\/ -->\n<title>GCM intensifica a seguran\u00e7a com dois projetos na cidade  - ACE-Guarulhos<\/title>\n<meta name=\"robots\" content=\"index, follow, max-snippet:-1, max-image-preview:large, max-video-preview:-1\" \/>\n<link rel=\"canonical\" href=\"https:\/\/www.aceguarulhos.com.br\/blog\/gcm-intensifica-a-seguran\u00e7a-com-dois-projetos-na-cidade\/\" \/>\n<meta property=\"og:locale\" content=\"pt_BR\" \/>\n<meta property=\"og:type\" content=\"article\" \/>\n<meta property=\"og:title\" content=\"GCM intensifica a seguran\u00e7a com dois projetos na cidade  - ACE-Guarulhos\" \/>\n<meta property=\"og:description\" content=\"A Secretaria para Assuntos de Seguran\u00e7a P\u00fablica est\u00e1 desenvolvendo dois importantes projetos neste per\u00edodo de f\u00e9rias escolares. O primeiro, denominado \u201cOpera\u00e7\u00e3o F\u00e9rias Seguras\u201d,\" \/>\n<meta property=\"og:url\" content=\"https:\/\/www.aceguarulhos.com.br\/blog\/gcm-intensifica-a-seguran\u00e7a-com-dois-projetos-na-cidade\/\" \/>\n<meta property=\"og:site_name\" content=\"ACE-Guarulhos\" \/>\n<meta property=\"article:publisher\" content=\"https:\/\/www.facebook.com\/aceguarulhos\/\" \/>\n<meta property=\"article:published_time\" content=\"2009-01-19T10:40:07+00:00\" \/>\n<meta name=\"author\" content=\"Assessoria de Imprensa ACE-Guarulhos\" \/>\n<meta name=\"twitter:card\" content=\"summary_large_image\" \/>\n<meta name=\"twitter:label1\" content=\"Escrito por\" \/>\n\t<meta name=\"twitter:data1\" content=\"Assessoria de Imprensa ACE-Guarulhos\" \/>\n\t<meta name=\"twitter:label2\" content=\"Est. tempo de leitura\" \/>\n\t<meta name=\"twitter:data2\" content=\"2 minutos\" \/>\n<script type=\"application\/ld+json\" class=\"yoast-schema-graph\">{\"@context\":\"https:\\\/\\\/schema.org\",\"@graph\":[{\"@type\":\"Article\",\"@id\":\"https:\\\/\\\/www.aceguarulhos.com.br\\\/blog\\\/gcm-intensifica-a-seguran%c3%a7a-com-dois-projetos-na-cidade\\\/#article\",\"isPartOf\":{\"@id\":\"https:\\\/\\\/www.aceguarulhos.com.br\\\/blog\\\/gcm-intensifica-a-seguran%c3%a7a-com-dois-projetos-na-cidade\\\/\"},\"author\":{\"name\":\"Assessoria de Imprensa ACE-Guarulhos\",\"@id\":\"https:\\\/\\\/www.aceguarulhos.com.br\\\/blog\\\/#\\\/schema\\\/person\\\/6983b51bad37489989e4f09698c26237\"},\"headline\":\"GCM intensifica a seguran\u00e7a com dois projetos na cidade\",\"datePublished\":\"2009-01-19T10:40:07+00:00\",\"mainEntityOfPage\":{\"@id\":\"https:\\\/\\\/www.aceguarulhos.com.br\\\/blog\\\/gcm-intensifica-a-seguran%c3%a7a-com-dois-projetos-na-cidade\\\/\"},\"wordCount\":419,\"commentCount\":0,\"publisher\":{\"@id\":\"https:\\\/\\\/www.aceguarulhos.com.br\\\/blog\\\/#organization\"},\"articleSection\":[\"Not\u00edcias\"],\"inLanguage\":\"pt-BR\"},{\"@type\":\"WebPage\",\"@id\":\"https:\\\/\\\/www.aceguarulhos.com.br\\\/blog\\\/gcm-intensifica-a-seguran%c3%a7a-com-dois-projetos-na-cidade\\\/\",\"url\":\"https:\\\/\\\/www.aceguarulhos.com.br\\\/blog\\\/gcm-intensifica-a-seguran%c3%a7a-com-dois-projetos-na-cidade\\\/\",\"name\":\"GCM intensifica a seguran\u00e7a com dois projetos na cidade - ACE-Guarulhos\",\"isPartOf\":{\"@id\":\"https:\\\/\\\/www.aceguarulhos.com.br\\\/blog\\\/#website\"},\"datePublished\":\"2009-01-19T10:40:07+00:00\",\"breadcrumb\":{\"@id\":\"https:\\\/\\\/www.aceguarulhos.com.br\\\/blog\\\/gcm-intensifica-a-seguran%c3%a7a-com-dois-projetos-na-cidade\\\/#breadcrumb\"},\"inLanguage\":\"pt-BR\",\"potentialAction\":[{\"@type\":\"ReadAction\",\"target\":[\"https:\\\/\\\/www.aceguarulhos.com.br\\\/blog\\\/gcm-intensifica-a-seguran%c3%a7a-com-dois-projetos-na-cidade\\\/\"]}]},{\"@type\":\"BreadcrumbList\",\"@id\":\"https:\\\/\\\/www.aceguarulhos.com.br\\\/blog\\\/gcm-intensifica-a-seguran%c3%a7a-com-dois-projetos-na-cidade\\\/#breadcrumb\",\"itemListElement\":[{\"@type\":\"ListItem\",\"position\":1,\"name\":\"In\u00edcio\",\"item\":\"https:\\\/\\\/www.aceguarulhos.com.br\\\/blog\\\/\"},{\"@type\":\"ListItem\",\"position\":2,\"name\":\"GCM intensifica a seguran\u00e7a com dois projetos na cidade\"}]},{\"@type\":\"WebSite\",\"@id\":\"https:\\\/\\\/www.aceguarulhos.com.br\\\/blog\\\/#website\",\"url\":\"https:\\\/\\\/www.aceguarulhos.com.br\\\/blog\\\/\",\"name\":\"ACE-Guarulhos\",\"description\":\"A ACE-Guarulhos \u00e9 uma associa\u00e7\u00e3o que ap\u00f3ia os empres\u00e1rios guarulhenses atrav\u00e9s da representa\u00e7\u00e3o, da gera\u00e7\u00e3o de neg\u00f3cios e presta\u00e7\u00e3o de servi\u00e7os.\",\"publisher\":{\"@id\":\"https:\\\/\\\/www.aceguarulhos.com.br\\\/blog\\\/#organization\"},\"potentialAction\":[{\"@type\":\"SearchAction\",\"target\":{\"@type\":\"EntryPoint\",\"urlTemplate\":\"https:\\\/\\\/www.aceguarulhos.com.br\\\/blog\\\/?s={search_term_string}\"},\"query-input\":{\"@type\":\"PropertyValueSpecification\",\"valueRequired\":true,\"valueName\":\"search_term_string\"}}],\"inLanguage\":\"pt-BR\"},{\"@type\":\"Organization\",\"@id\":\"https:\\\/\\\/www.aceguarulhos.com.br\\\/blog\\\/#organization\",\"name\":\"ACE-Guarulhos\",\"url\":\"https:\\\/\\\/www.aceguarulhos.com.br\\\/blog\\\/\",\"logo\":{\"@type\":\"ImageObject\",\"inLanguage\":\"pt-BR\",\"@id\":\"https:\\\/\\\/www.aceguarulhos.com.br\\\/blog\\\/#\\\/schema\\\/logo\\\/image\\\/\",\"url\":\"https:\\\/\\\/www.aceguarulhos.com.br\\\/blog\\\/wp-content\\\/uploads\\\/2017\\\/12\\\/logo-aceguarulhos-2018.png\",\"contentUrl\":\"https:\\\/\\\/www.aceguarulhos.com.br\\\/blog\\\/wp-content\\\/uploads\\\/2017\\\/12\\\/logo-aceguarulhos-2018.png\",\"width\":419,\"height\":76,\"caption\":\"ACE-Guarulhos\"},\"image\":{\"@id\":\"https:\\\/\\\/www.aceguarulhos.com.br\\\/blog\\\/#\\\/schema\\\/logo\\\/image\\\/\"},\"sameAs\":[\"https:\\\/\\\/www.facebook.com\\\/aceguarulhos\\\/\",\"https:\\\/\\\/br.linkedin.com\\\/in\\\/ace-guarulhos-b9a97093\",\"https:\\\/\\\/www.youtube.com\\\/user\\\/aceguarulhos\"]},{\"@type\":\"Person\",\"@id\":\"https:\\\/\\\/www.aceguarulhos.com.br\\\/blog\\\/#\\\/schema\\\/person\\\/6983b51bad37489989e4f09698c26237\",\"name\":\"Assessoria de Imprensa ACE-Guarulhos\",\"image\":{\"@type\":\"ImageObject\",\"inLanguage\":\"pt-BR\",\"@id\":\"https:\\\/\\\/secure.gravatar.com\\\/avatar\\\/707f3fadd6918afeb64173ab22d8a8cb0676953098a4f31ff36dc2b4c699ef6a?s=96&d=mm&r=g\",\"url\":\"https:\\\/\\\/secure.gravatar.com\\\/avatar\\\/707f3fadd6918afeb64173ab22d8a8cb0676953098a4f31ff36dc2b4c699ef6a?s=96&d=mm&r=g\",\"contentUrl\":\"https:\\\/\\\/secure.gravatar.com\\\/avatar\\\/707f3fadd6918afeb64173ab22d8a8cb0676953098a4f31ff36dc2b4c699ef6a?s=96&d=mm&r=g\",\"caption\":\"Assessoria de Imprensa ACE-Guarulhos\"},\"url\":\"https:\\\/\\\/www.aceguarulhos.com.br\\\/blog\\\/author\\\/assessoria-de-imprensa-ace-guarulhos\\\/\"}]}<\/script>\n<!-- \/ Yoast SEO plugin. -->","yoast_head_json":{"title":"GCM intensifica a seguran\u00e7a com dois projetos na cidade  - ACE-Guarulhos","robots":{"index":"index","follow":"follow","max-snippet":"max-snippet:-1","max-image-preview":"max-image-preview:large","max-video-preview":"max-video-preview:-1"},"canonical":"https:\/\/www.aceguarulhos.com.br\/blog\/gcm-intensifica-a-seguran\u00e7a-com-dois-projetos-na-cidade\/","og_locale":"pt_BR","og_type":"article","og_title":"GCM intensifica a seguran\u00e7a com dois projetos na cidade  - ACE-Guarulhos","og_description":"A Secretaria para Assuntos de Seguran\u00e7a P\u00fablica est\u00e1 desenvolvendo dois importantes projetos neste per\u00edodo de f\u00e9rias escolares. O primeiro, denominado \u201cOpera\u00e7\u00e3o F\u00e9rias Seguras\u201d,","og_url":"https:\/\/www.aceguarulhos.com.br\/blog\/gcm-intensifica-a-seguran\u00e7a-com-dois-projetos-na-cidade\/","og_site_name":"ACE-Guarulhos","article_publisher":"https:\/\/www.facebook.com\/aceguarulhos\/","article_published_time":"2009-01-19T10:40:07+00:00","author":"Assessoria de Imprensa ACE-Guarulhos","twitter_card":"summary_large_image","twitter_misc":{"Escrito por":"Assessoria de Imprensa ACE-Guarulhos","Est. tempo de leitura":"2 minutos"},"schema":{"@context":"https:\/\/schema.org","@graph":[{"@type":"Article","@id":"https:\/\/www.aceguarulhos.com.br\/blog\/gcm-intensifica-a-seguran%c3%a7a-com-dois-projetos-na-cidade\/#article","isPartOf":{"@id":"https:\/\/www.aceguarulhos.com.br\/blog\/gcm-intensifica-a-seguran%c3%a7a-com-dois-projetos-na-cidade\/"},"author":{"name":"Assessoria de Imprensa ACE-Guarulhos","@id":"https:\/\/www.aceguarulhos.com.br\/blog\/#\/schema\/person\/6983b51bad37489989e4f09698c26237"},"headline":"GCM intensifica a seguran\u00e7a com dois projetos na cidade","datePublished":"2009-01-19T10:40:07+00:00","mainEntityOfPage":{"@id":"https:\/\/www.aceguarulhos.com.br\/blog\/gcm-intensifica-a-seguran%c3%a7a-com-dois-projetos-na-cidade\/"},"wordCount":419,"commentCount":0,"publisher":{"@id":"https:\/\/www.aceguarulhos.com.br\/blog\/#organization"},"articleSection":["Not\u00edcias"],"inLanguage":"pt-BR"},{"@type":"WebPage","@id":"https:\/\/www.aceguarulhos.com.br\/blog\/gcm-intensifica-a-seguran%c3%a7a-com-dois-projetos-na-cidade\/","url":"https:\/\/www.aceguarulhos.com.br\/blog\/gcm-intensifica-a-seguran%c3%a7a-com-dois-projetos-na-cidade\/","name":"GCM intensifica a seguran\u00e7a com dois projetos na cidade - ACE-Guarulhos","isPartOf":{"@id":"https:\/\/www.aceguarulhos.com.br\/blog\/#website"},"datePublished":"2009-01-19T10:40:07+00:00","breadcrumb":{"@id":"https:\/\/www.aceguarulhos.com.br\/blog\/gcm-intensifica-a-seguran%c3%a7a-com-dois-projetos-na-cidade\/#breadcrumb"},"inLanguage":"pt-BR","potentialAction":[{"@type":"ReadAction","target":["https:\/\/www.aceguarulhos.com.br\/blog\/gcm-intensifica-a-seguran%c3%a7a-com-dois-projetos-na-cidade\/"]}]},{"@type":"BreadcrumbList","@id":"https:\/\/www.aceguarulhos.com.br\/blog\/gcm-intensifica-a-seguran%c3%a7a-com-dois-projetos-na-cidade\/#breadcrumb","itemListElement":[{"@type":"ListItem","position":1,"name":"In\u00edcio","item":"https:\/\/www.aceguarulhos.com.br\/blog\/"},{"@type":"ListItem","position":2,"name":"GCM intensifica a seguran\u00e7a com dois projetos na cidade"}]},{"@type":"WebSite","@id":"https:\/\/www.aceguarulhos.com.br\/blog\/#website","url":"https:\/\/www.aceguarulhos.com.br\/blog\/","name":"ACE-Guarulhos","description":"A ACE-Guarulhos \u00e9 uma associa\u00e7\u00e3o que ap\u00f3ia os empres\u00e1rios guarulhenses atrav\u00e9s da representa\u00e7\u00e3o, da gera\u00e7\u00e3o de neg\u00f3cios e presta\u00e7\u00e3o de servi\u00e7os.","publisher":{"@id":"https:\/\/www.aceguarulhos.com.br\/blog\/#organization"},"potentialAction":[{"@type":"SearchAction","target":{"@type":"EntryPoint","urlTemplate":"https:\/\/www.aceguarulhos.com.br\/blog\/?s={search_term_string}"},"query-input":{"@type":"PropertyValueSpecification","valueRequired":true,"valueName":"search_term_string"}}],"inLanguage":"pt-BR"},{"@type":"Organization","@id":"https:\/\/www.aceguarulhos.com.br\/blog\/#organization","name":"ACE-Guarulhos","url":"https:\/\/www.aceguarulhos.com.br\/blog\/","logo":{"@type":"ImageObject","inLanguage":"pt-BR","@id":"https:\/\/www.aceguarulhos.com.br\/blog\/#\/schema\/logo\/image\/","url":"https:\/\/www.aceguarulhos.com.br\/blog\/wp-content\/uploads\/2017\/12\/logo-aceguarulhos-2018.png","contentUrl":"https:\/\/www.aceguarulhos.com.br\/blog\/wp-content\/uploads\/2017\/12\/logo-aceguarulhos-2018.png","width":419,"height":76,"caption":"ACE-Guarulhos"},"image":{"@id":"https:\/\/www.aceguarulhos.com.br\/blog\/#\/schema\/logo\/image\/"},"sameAs":["https:\/\/www.facebook.com\/aceguarulhos\/","https:\/\/br.linkedin.com\/in\/ace-guarulhos-b9a97093","https:\/\/www.youtube.com\/user\/aceguarulhos"]},{"@type":"Person","@id":"https:\/\/www.aceguarulhos.com.br\/blog\/#\/schema\/person\/6983b51bad37489989e4f09698c26237","name":"Assessoria de Imprensa ACE-Guarulhos","image":{"@type":"ImageObject","inLanguage":"pt-BR","@id":"https:\/\/secure.gravatar.com\/avatar\/707f3fadd6918afeb64173ab22d8a8cb0676953098a4f31ff36dc2b4c699ef6a?s=96&d=mm&r=g","url":"https:\/\/secure.gravatar.com\/avatar\/707f3fadd6918afeb64173ab22d8a8cb0676953098a4f31ff36dc2b4c699ef6a?s=96&d=mm&r=g","contentUrl":"https:\/\/secure.gravatar.com\/avatar\/707f3fadd6918afeb64173ab22d8a8cb0676953098a4f31ff36dc2b4c699ef6a?s=96&d=mm&r=g","caption":"Assessoria de Imprensa ACE-Guarulhos"},"url":"https:\/\/www.aceguarulhos.com.br\/blog\/author\/assessoria-de-imprensa-ace-guarulhos\/"}]}},"wps_subtitle":"","amp_enabled":true,"_links":{"self":[{"href":"https:\/\/www.aceguarulhos.com.br\/blog\/wp-json\/wp\/v2\/posts\/34369","targetHints":{"allow":["GET"]}}],"collection":[{"href":"https:\/\/www.aceguarulhos.com.br\/blog\/wp-json\/wp\/v2\/posts"}],"about":[{"href":"https:\/\/www.aceguarulhos.com.br\/blog\/wp-json\/wp\/v2\/types\/post"}],"author":[{"embeddable":true,"href":"https:\/\/www.aceguarulhos.com.br\/blog\/wp-json\/wp\/v2\/users\/8"}],"replies":[{"embeddable":true,"href":"https:\/\/www.aceguarulhos.com.br\/blog\/wp-json\/wp\/v2\/comments?post=34369"}],"version-history":[{"count":0,"href":"https:\/\/www.aceguarulhos.com.br\/blog\/wp-json\/wp\/v2\/posts\/34369\/revisions"}],"wp:attachment":[{"href":"https:\/\/www.aceguarulhos.com.br\/blog\/wp-json\/wp\/v2\/media?parent=34369"}],"wp:term":[{"taxonomy":"category","embeddable":true,"href":"https:\/\/www.aceguarulhos.com.br\/blog\/wp-json\/wp\/v2\/categories?post=34369"},{"taxonomy":"post_tag","embeddable":true,"href":"https:\/\/www.aceguarulhos.com.br\/blog\/wp-json\/wp\/v2\/tags?post=34369"}],"curies":[{"name":"wp","href":"https:\/\/api.w.org\/{rel}","templated":true}]}}