{"id":34347,"date":"2009-01-14T10:14:19","date_gmt":"2009-01-14T10:14:19","guid":{"rendered":"http:\/\/www.aceguarulhos.com.br\/blog\/?p=34347"},"modified":"-0001-11-30T00:00:00","modified_gmt":"-0001-11-30T03:00:00","slug":"para-economistas-%c3%a9-a-recess%c3%a3o","status":"publish","type":"post","link":"https:\/\/www.aceguarulhos.com.br\/blog\/para-economistas-%c3%a9-a-recess%c3%a3o\/","title":{"rendered":"Para economistas, \u00e9 a recess\u00e3o"},"content":{"rendered":"<p>O Brasil est\u00e1 em recess\u00e3o e os Estados Unidos j\u00e1 d\u00e3o sinais de depress\u00e3o. As opini\u00f5es sobre os efeitos atuais da crise internacional de cr\u00e9dito foram compartilhadas, ontem, pelo ex-ministro da Fazenda do governo Jos\u00e9 Sarney, Luiz Carlos Bresser Pereira, e pelo diretor e professor da Escola de Economia da Funda\u00e7\u00e3o Get\u00falio Vargas (FGV-SP), Luiz Yoshiaki Nakano. Os economistas participaram da primeira edi\u00e7\u00e3o no Pa\u00eds do Latin America Advanced Programe on Rethinking MacroDevelopment Economics (Laporde) para discutir a economia mundial p\u00f3s-crise, na FGV, em S\u00e3o Paulo. <\/p>\n<p>Para Nakano, a l\u00f3gica capitalista est\u00e1 desaparecendo com a crise. Segundo sua an\u00e1lise, o balan\u00e7o das empresas internacionais est\u00e1 negativo e as institui\u00e7\u00f5es apenas lutam para administrar d\u00edvidas. &#8220;Isso em breve deve chegar ao Brasil. Precisamos de medidas efetivas do governo para amenizar os efeitos da crise no Pa\u00eds&#8221;, disse. Segundo ele, ao contr\u00e1rio do que acontece neste momento, o governo deveria esgotar primeiro os artif\u00edcios da pol\u00edtica monet\u00e1ria para enfrentar a crise e somente depois partir para apertos na pol\u00edtica fiscal. <\/p>\n<p>Para os economistas, a taxa de juros no Brasil deve sofrer cortes mais profundos que os regulares 0,25% aplicados antes da crise internacional. &#8220;Porque n\u00e3o podemos cortar 1% de uma vez? O Banco Central deve fazer isso. Porque n\u00e3o podemos cortar 25% da taxa como aconteceu em outros pa\u00edses desenvolvidos? &#8220;, perguntou Bresser Pereira para quem o Brasil pode transformar a crise em oportunidade, desde que se livre da combina\u00e7\u00e3o de juros altos e taxa de c\u00e2mbio baixa. <\/p>\n<p>O encontro reuniu ainda professores da Universidade de Cambridge, na Inglaterra. O tema principal das discuss\u00f5es entre eles foi a interven\u00e7\u00e3o mais ampla do Estado na economia capitalista fundamentada na auto-regulamenta\u00e7\u00e3o nas rela\u00e7\u00f5es do sistema financeiro. Para o diretor da faculdade de economia e pol\u00edtica de Cambridge, Ha-Joon Chang a &#8220;hegemonia neoliberal&#8221; \u2013 o consenso de com\u00e9rcio liberal e mercado livre dos \u00faltimos 25 anos \u2013 restringiu o crescimento de pa\u00edses em desenvolvimento, como o Brasil. <\/p>\n<p>Ele defende a tese em seu livro Bad Samaritans (Maus Samaritanos): as receitas ministradas pelo FMI, Banco Mundial e Organiza\u00e7\u00e3o Mundial do Com\u00e9rcio causaram mais estragos do que ajuda. O secret\u00e1rio-assistente do Departamento de Economia e Rela\u00e7\u00f5es Sociais das Na\u00e7\u00f5es Unidas, Jomo Kwame Sundaram e o analista do Departamento de Assuntos Econ\u00f4micos e Sociais das Na\u00e7\u00f5es Unidas, Jan Kregel, tamb\u00e9m afirmaram que o capitalismo precisa de revis\u00f5es e aperfei\u00e7oamentos. <\/p>\n","protected":false},"excerpt":{"rendered":"O Brasil est\u00e1 em recess\u00e3o e os Estados Unidos j\u00e1 d\u00e3o sinais de depress\u00e3o. As opini\u00f5es sobre os efeitos atuais da crise internacional \n<a class=\"moretag\" href=\"https:\/\/www.aceguarulhos.com.br\/blog\/para-economistas-%c3%a9-a-recess%c3%a3o\/\"> [...]<\/a>","protected":false},"author":8,"featured_media":0,"comment_status":"open","ping_status":"open","sticky":false,"template":"","format":"standard","meta":{"footnotes":""},"categories":[2],"tags":[],"class_list":["post-34347","post","type-post","status-publish","format-standard","hentry","category-noticias"],"yoast_head":"<!-- This site is optimized with the Yoast SEO plugin v28.1 - https:\/\/yoast.com\/product\/yoast-seo-wordpress\/ -->\n<title>Para economistas, \u00e9 a recess\u00e3o  - ACE-Guarulhos<\/title>\n<meta name=\"robots\" content=\"index, follow, max-snippet:-1, max-image-preview:large, max-video-preview:-1\" \/>\n<link rel=\"canonical\" href=\"https:\/\/www.aceguarulhos.com.br\/blog\/para-economistas-\u00e9-a-recess\u00e3o\/\" \/>\n<meta property=\"og:locale\" content=\"pt_BR\" \/>\n<meta property=\"og:type\" content=\"article\" \/>\n<meta property=\"og:title\" content=\"Para economistas, \u00e9 a recess\u00e3o  - ACE-Guarulhos\" \/>\n<meta property=\"og:description\" content=\"O Brasil est\u00e1 em recess\u00e3o e os Estados Unidos j\u00e1 d\u00e3o sinais de depress\u00e3o. As opini\u00f5es sobre os efeitos atuais da crise internacional\" \/>\n<meta property=\"og:url\" content=\"https:\/\/www.aceguarulhos.com.br\/blog\/para-economistas-\u00e9-a-recess\u00e3o\/\" \/>\n<meta property=\"og:site_name\" content=\"ACE-Guarulhos\" \/>\n<meta property=\"article:publisher\" content=\"https:\/\/www.facebook.com\/aceguarulhos\/\" \/>\n<meta property=\"article:published_time\" content=\"2009-01-14T10:14:19+00:00\" \/>\n<meta name=\"author\" content=\"Assessoria de Imprensa ACE-Guarulhos\" \/>\n<meta name=\"twitter:card\" content=\"summary_large_image\" \/>\n<meta name=\"twitter:label1\" content=\"Escrito por\" \/>\n\t<meta name=\"twitter:data1\" content=\"Assessoria de Imprensa ACE-Guarulhos\" \/>\n\t<meta name=\"twitter:label2\" content=\"Est. tempo de leitura\" \/>\n\t<meta name=\"twitter:data2\" content=\"2 minutos\" \/>\n<script type=\"application\/ld+json\" class=\"yoast-schema-graph\">{\"@context\":\"https:\\\/\\\/schema.org\",\"@graph\":[{\"@type\":\"Article\",\"@id\":\"https:\\\/\\\/www.aceguarulhos.com.br\\\/blog\\\/para-economistas-%c3%a9-a-recess%c3%a3o\\\/#article\",\"isPartOf\":{\"@id\":\"https:\\\/\\\/www.aceguarulhos.com.br\\\/blog\\\/para-economistas-%c3%a9-a-recess%c3%a3o\\\/\"},\"author\":{\"name\":\"Assessoria de Imprensa ACE-Guarulhos\",\"@id\":\"https:\\\/\\\/www.aceguarulhos.com.br\\\/blog\\\/#\\\/schema\\\/person\\\/6983b51bad37489989e4f09698c26237\"},\"headline\":\"Para economistas, \u00e9 a recess\u00e3o\",\"datePublished\":\"2009-01-14T10:14:19+00:00\",\"mainEntityOfPage\":{\"@id\":\"https:\\\/\\\/www.aceguarulhos.com.br\\\/blog\\\/para-economistas-%c3%a9-a-recess%c3%a3o\\\/\"},\"wordCount\":433,\"commentCount\":0,\"publisher\":{\"@id\":\"https:\\\/\\\/www.aceguarulhos.com.br\\\/blog\\\/#organization\"},\"articleSection\":[\"Not\u00edcias\"],\"inLanguage\":\"pt-BR\"},{\"@type\":\"WebPage\",\"@id\":\"https:\\\/\\\/www.aceguarulhos.com.br\\\/blog\\\/para-economistas-%c3%a9-a-recess%c3%a3o\\\/\",\"url\":\"https:\\\/\\\/www.aceguarulhos.com.br\\\/blog\\\/para-economistas-%c3%a9-a-recess%c3%a3o\\\/\",\"name\":\"Para economistas, \u00e9 a recess\u00e3o - ACE-Guarulhos\",\"isPartOf\":{\"@id\":\"https:\\\/\\\/www.aceguarulhos.com.br\\\/blog\\\/#website\"},\"datePublished\":\"2009-01-14T10:14:19+00:00\",\"breadcrumb\":{\"@id\":\"https:\\\/\\\/www.aceguarulhos.com.br\\\/blog\\\/para-economistas-%c3%a9-a-recess%c3%a3o\\\/#breadcrumb\"},\"inLanguage\":\"pt-BR\",\"potentialAction\":[{\"@type\":\"ReadAction\",\"target\":[\"https:\\\/\\\/www.aceguarulhos.com.br\\\/blog\\\/para-economistas-%c3%a9-a-recess%c3%a3o\\\/\"]}]},{\"@type\":\"BreadcrumbList\",\"@id\":\"https:\\\/\\\/www.aceguarulhos.com.br\\\/blog\\\/para-economistas-%c3%a9-a-recess%c3%a3o\\\/#breadcrumb\",\"itemListElement\":[{\"@type\":\"ListItem\",\"position\":1,\"name\":\"In\u00edcio\",\"item\":\"https:\\\/\\\/www.aceguarulhos.com.br\\\/blog\\\/\"},{\"@type\":\"ListItem\",\"position\":2,\"name\":\"Para economistas, \u00e9 a recess\u00e3o\"}]},{\"@type\":\"WebSite\",\"@id\":\"https:\\\/\\\/www.aceguarulhos.com.br\\\/blog\\\/#website\",\"url\":\"https:\\\/\\\/www.aceguarulhos.com.br\\\/blog\\\/\",\"name\":\"ACE-Guarulhos\",\"description\":\"A ACE-Guarulhos \u00e9 uma associa\u00e7\u00e3o que ap\u00f3ia os empres\u00e1rios guarulhenses atrav\u00e9s da representa\u00e7\u00e3o, da gera\u00e7\u00e3o de neg\u00f3cios e presta\u00e7\u00e3o de servi\u00e7os.\",\"publisher\":{\"@id\":\"https:\\\/\\\/www.aceguarulhos.com.br\\\/blog\\\/#organization\"},\"potentialAction\":[{\"@type\":\"SearchAction\",\"target\":{\"@type\":\"EntryPoint\",\"urlTemplate\":\"https:\\\/\\\/www.aceguarulhos.com.br\\\/blog\\\/?s={search_term_string}\"},\"query-input\":{\"@type\":\"PropertyValueSpecification\",\"valueRequired\":true,\"valueName\":\"search_term_string\"}}],\"inLanguage\":\"pt-BR\"},{\"@type\":\"Organization\",\"@id\":\"https:\\\/\\\/www.aceguarulhos.com.br\\\/blog\\\/#organization\",\"name\":\"ACE-Guarulhos\",\"url\":\"https:\\\/\\\/www.aceguarulhos.com.br\\\/blog\\\/\",\"logo\":{\"@type\":\"ImageObject\",\"inLanguage\":\"pt-BR\",\"@id\":\"https:\\\/\\\/www.aceguarulhos.com.br\\\/blog\\\/#\\\/schema\\\/logo\\\/image\\\/\",\"url\":\"https:\\\/\\\/www.aceguarulhos.com.br\\\/blog\\\/wp-content\\\/uploads\\\/2017\\\/12\\\/logo-aceguarulhos-2018.png\",\"contentUrl\":\"https:\\\/\\\/www.aceguarulhos.com.br\\\/blog\\\/wp-content\\\/uploads\\\/2017\\\/12\\\/logo-aceguarulhos-2018.png\",\"width\":419,\"height\":76,\"caption\":\"ACE-Guarulhos\"},\"image\":{\"@id\":\"https:\\\/\\\/www.aceguarulhos.com.br\\\/blog\\\/#\\\/schema\\\/logo\\\/image\\\/\"},\"sameAs\":[\"https:\\\/\\\/www.facebook.com\\\/aceguarulhos\\\/\",\"https:\\\/\\\/br.linkedin.com\\\/in\\\/ace-guarulhos-b9a97093\",\"https:\\\/\\\/www.youtube.com\\\/user\\\/aceguarulhos\"]},{\"@type\":\"Person\",\"@id\":\"https:\\\/\\\/www.aceguarulhos.com.br\\\/blog\\\/#\\\/schema\\\/person\\\/6983b51bad37489989e4f09698c26237\",\"name\":\"Assessoria de Imprensa ACE-Guarulhos\",\"image\":{\"@type\":\"ImageObject\",\"inLanguage\":\"pt-BR\",\"@id\":\"https:\\\/\\\/secure.gravatar.com\\\/avatar\\\/707f3fadd6918afeb64173ab22d8a8cb0676953098a4f31ff36dc2b4c699ef6a?s=96&d=mm&r=g\",\"url\":\"https:\\\/\\\/secure.gravatar.com\\\/avatar\\\/707f3fadd6918afeb64173ab22d8a8cb0676953098a4f31ff36dc2b4c699ef6a?s=96&d=mm&r=g\",\"contentUrl\":\"https:\\\/\\\/secure.gravatar.com\\\/avatar\\\/707f3fadd6918afeb64173ab22d8a8cb0676953098a4f31ff36dc2b4c699ef6a?s=96&d=mm&r=g\",\"caption\":\"Assessoria de Imprensa ACE-Guarulhos\"},\"url\":\"https:\\\/\\\/www.aceguarulhos.com.br\\\/blog\\\/author\\\/assessoria-de-imprensa-ace-guarulhos\\\/\"}]}<\/script>\n<!-- \/ Yoast SEO plugin. -->","yoast_head_json":{"title":"Para economistas, \u00e9 a recess\u00e3o  - ACE-Guarulhos","robots":{"index":"index","follow":"follow","max-snippet":"max-snippet:-1","max-image-preview":"max-image-preview:large","max-video-preview":"max-video-preview:-1"},"canonical":"https:\/\/www.aceguarulhos.com.br\/blog\/para-economistas-\u00e9-a-recess\u00e3o\/","og_locale":"pt_BR","og_type":"article","og_title":"Para economistas, \u00e9 a recess\u00e3o  - ACE-Guarulhos","og_description":"O Brasil est\u00e1 em recess\u00e3o e os Estados Unidos j\u00e1 d\u00e3o sinais de depress\u00e3o. As opini\u00f5es sobre os efeitos atuais da crise internacional","og_url":"https:\/\/www.aceguarulhos.com.br\/blog\/para-economistas-\u00e9-a-recess\u00e3o\/","og_site_name":"ACE-Guarulhos","article_publisher":"https:\/\/www.facebook.com\/aceguarulhos\/","article_published_time":"2009-01-14T10:14:19+00:00","author":"Assessoria de Imprensa ACE-Guarulhos","twitter_card":"summary_large_image","twitter_misc":{"Escrito por":"Assessoria de Imprensa ACE-Guarulhos","Est. tempo de leitura":"2 minutos"},"schema":{"@context":"https:\/\/schema.org","@graph":[{"@type":"Article","@id":"https:\/\/www.aceguarulhos.com.br\/blog\/para-economistas-%c3%a9-a-recess%c3%a3o\/#article","isPartOf":{"@id":"https:\/\/www.aceguarulhos.com.br\/blog\/para-economistas-%c3%a9-a-recess%c3%a3o\/"},"author":{"name":"Assessoria de Imprensa ACE-Guarulhos","@id":"https:\/\/www.aceguarulhos.com.br\/blog\/#\/schema\/person\/6983b51bad37489989e4f09698c26237"},"headline":"Para economistas, \u00e9 a recess\u00e3o","datePublished":"2009-01-14T10:14:19+00:00","mainEntityOfPage":{"@id":"https:\/\/www.aceguarulhos.com.br\/blog\/para-economistas-%c3%a9-a-recess%c3%a3o\/"},"wordCount":433,"commentCount":0,"publisher":{"@id":"https:\/\/www.aceguarulhos.com.br\/blog\/#organization"},"articleSection":["Not\u00edcias"],"inLanguage":"pt-BR"},{"@type":"WebPage","@id":"https:\/\/www.aceguarulhos.com.br\/blog\/para-economistas-%c3%a9-a-recess%c3%a3o\/","url":"https:\/\/www.aceguarulhos.com.br\/blog\/para-economistas-%c3%a9-a-recess%c3%a3o\/","name":"Para economistas, \u00e9 a recess\u00e3o - ACE-Guarulhos","isPartOf":{"@id":"https:\/\/www.aceguarulhos.com.br\/blog\/#website"},"datePublished":"2009-01-14T10:14:19+00:00","breadcrumb":{"@id":"https:\/\/www.aceguarulhos.com.br\/blog\/para-economistas-%c3%a9-a-recess%c3%a3o\/#breadcrumb"},"inLanguage":"pt-BR","potentialAction":[{"@type":"ReadAction","target":["https:\/\/www.aceguarulhos.com.br\/blog\/para-economistas-%c3%a9-a-recess%c3%a3o\/"]}]},{"@type":"BreadcrumbList","@id":"https:\/\/www.aceguarulhos.com.br\/blog\/para-economistas-%c3%a9-a-recess%c3%a3o\/#breadcrumb","itemListElement":[{"@type":"ListItem","position":1,"name":"In\u00edcio","item":"https:\/\/www.aceguarulhos.com.br\/blog\/"},{"@type":"ListItem","position":2,"name":"Para economistas, \u00e9 a recess\u00e3o"}]},{"@type":"WebSite","@id":"https:\/\/www.aceguarulhos.com.br\/blog\/#website","url":"https:\/\/www.aceguarulhos.com.br\/blog\/","name":"ACE-Guarulhos","description":"A ACE-Guarulhos \u00e9 uma associa\u00e7\u00e3o que ap\u00f3ia os empres\u00e1rios guarulhenses atrav\u00e9s da representa\u00e7\u00e3o, da gera\u00e7\u00e3o de neg\u00f3cios e presta\u00e7\u00e3o de servi\u00e7os.","publisher":{"@id":"https:\/\/www.aceguarulhos.com.br\/blog\/#organization"},"potentialAction":[{"@type":"SearchAction","target":{"@type":"EntryPoint","urlTemplate":"https:\/\/www.aceguarulhos.com.br\/blog\/?s={search_term_string}"},"query-input":{"@type":"PropertyValueSpecification","valueRequired":true,"valueName":"search_term_string"}}],"inLanguage":"pt-BR"},{"@type":"Organization","@id":"https:\/\/www.aceguarulhos.com.br\/blog\/#organization","name":"ACE-Guarulhos","url":"https:\/\/www.aceguarulhos.com.br\/blog\/","logo":{"@type":"ImageObject","inLanguage":"pt-BR","@id":"https:\/\/www.aceguarulhos.com.br\/blog\/#\/schema\/logo\/image\/","url":"https:\/\/www.aceguarulhos.com.br\/blog\/wp-content\/uploads\/2017\/12\/logo-aceguarulhos-2018.png","contentUrl":"https:\/\/www.aceguarulhos.com.br\/blog\/wp-content\/uploads\/2017\/12\/logo-aceguarulhos-2018.png","width":419,"height":76,"caption":"ACE-Guarulhos"},"image":{"@id":"https:\/\/www.aceguarulhos.com.br\/blog\/#\/schema\/logo\/image\/"},"sameAs":["https:\/\/www.facebook.com\/aceguarulhos\/","https:\/\/br.linkedin.com\/in\/ace-guarulhos-b9a97093","https:\/\/www.youtube.com\/user\/aceguarulhos"]},{"@type":"Person","@id":"https:\/\/www.aceguarulhos.com.br\/blog\/#\/schema\/person\/6983b51bad37489989e4f09698c26237","name":"Assessoria de Imprensa ACE-Guarulhos","image":{"@type":"ImageObject","inLanguage":"pt-BR","@id":"https:\/\/secure.gravatar.com\/avatar\/707f3fadd6918afeb64173ab22d8a8cb0676953098a4f31ff36dc2b4c699ef6a?s=96&d=mm&r=g","url":"https:\/\/secure.gravatar.com\/avatar\/707f3fadd6918afeb64173ab22d8a8cb0676953098a4f31ff36dc2b4c699ef6a?s=96&d=mm&r=g","contentUrl":"https:\/\/secure.gravatar.com\/avatar\/707f3fadd6918afeb64173ab22d8a8cb0676953098a4f31ff36dc2b4c699ef6a?s=96&d=mm&r=g","caption":"Assessoria de Imprensa ACE-Guarulhos"},"url":"https:\/\/www.aceguarulhos.com.br\/blog\/author\/assessoria-de-imprensa-ace-guarulhos\/"}]}},"wps_subtitle":"","amp_enabled":true,"_links":{"self":[{"href":"https:\/\/www.aceguarulhos.com.br\/blog\/wp-json\/wp\/v2\/posts\/34347","targetHints":{"allow":["GET"]}}],"collection":[{"href":"https:\/\/www.aceguarulhos.com.br\/blog\/wp-json\/wp\/v2\/posts"}],"about":[{"href":"https:\/\/www.aceguarulhos.com.br\/blog\/wp-json\/wp\/v2\/types\/post"}],"author":[{"embeddable":true,"href":"https:\/\/www.aceguarulhos.com.br\/blog\/wp-json\/wp\/v2\/users\/8"}],"replies":[{"embeddable":true,"href":"https:\/\/www.aceguarulhos.com.br\/blog\/wp-json\/wp\/v2\/comments?post=34347"}],"version-history":[{"count":0,"href":"https:\/\/www.aceguarulhos.com.br\/blog\/wp-json\/wp\/v2\/posts\/34347\/revisions"}],"wp:attachment":[{"href":"https:\/\/www.aceguarulhos.com.br\/blog\/wp-json\/wp\/v2\/media?parent=34347"}],"wp:term":[{"taxonomy":"category","embeddable":true,"href":"https:\/\/www.aceguarulhos.com.br\/blog\/wp-json\/wp\/v2\/categories?post=34347"},{"taxonomy":"post_tag","embeddable":true,"href":"https:\/\/www.aceguarulhos.com.br\/blog\/wp-json\/wp\/v2\/tags?post=34347"}],"curies":[{"name":"wp","href":"https:\/\/api.w.org\/{rel}","templated":true}]}}