{"id":34297,"date":"2009-01-05T14:18:31","date_gmt":"2009-01-05T14:18:31","guid":{"rendered":"http:\/\/www.aceguarulhos.com.br\/blog\/?p=34297"},"modified":"-0001-11-30T00:00:00","modified_gmt":"-0001-11-30T03:00:00","slug":"mat%c3%a9rias-pol%c3%aamicas-voltar%c3%a3o-%c3%a0-pauta-da-c%c3%a2mara-em-2009","status":"publish","type":"post","link":"https:\/\/www.aceguarulhos.com.br\/blog\/mat%c3%a9rias-pol%c3%aamicas-voltar%c3%a3o-%c3%a0-pauta-da-c%c3%a2mara-em-2009\/","title":{"rendered":"Mat\u00e9rias pol\u00eamicas voltar\u00e3o \u00e0 pauta da C\u00e2mara em 2009"},"content":{"rendered":"<p>A reforma tribut\u00e1ria (substitutivo \u00e0s PECs 233\/08, 31\/07 e 45\/07), a Proposta de Emenda \u00e0 Constitui\u00e7\u00e3o (PEC) das Medidas Provis\u00f3rias (511\/06), a revis\u00e3o da PEC dos Vereadores (333\/04) e as propostas sobre reforma eleitoral s\u00e3o algumas das mat\u00e9rias que os deputados dever\u00e3o voltar a debater a partir de 2009.<\/p>\n<p>Um grande embate pol\u00edtico envolver\u00e1 a vota\u00e7\u00e3o, em Plen\u00e1rio, das PECs relativas \u00e0 reforma tribut\u00e1ria. O texto votado pela comiss\u00e3o especial, de autoria do deputado Sandro Mabel (PR-GO), j\u00e1 est\u00e1 em negocia\u00e7\u00e3o com o governo federal e com governadores desde sua aprova\u00e7\u00e3o no colegiado.<\/p>\n<p>O principal dilema \u00e9 encontrar uma f\u00f3rmula que simplifique o sistema tribut\u00e1rio nacional sem acarretar perdas na arrecada\u00e7\u00e3o dos estados, dos munic\u00edpios e da Uni\u00e3o. Como a grande mudan\u00e7a no ICMS \u00e9 a cobran\u00e7a do imposto no estado de destino da mercadoria ou servi\u00e7o, os estados produtores temem sofrer perdas que n\u00e3o seriam integralmente repostas pelos fundos de desenvolvimento regional e de equaliza\u00e7\u00e3o de receitas criados por Mabel.<\/p>\n<p>O debate deve ganhar ingredientes adicionais devido aos impactos que a crise internacional vier a provocar sobre o Brasil, como diminui\u00e7\u00e3o das exporta\u00e7\u00f5es, desemprego e menor crescimento do Produto Interno Bruto (PIB).<\/p>\n<p>Fim do trancamento &#8211; Depois de vit\u00f3rias tanto do governo quanto da oposi\u00e7\u00e3o no primeiro turno, a C\u00e2mara ainda precisa votar em segundo turno a PEC das Medidas Provis\u00f3rias, para envi\u00e1-la ao Senado.<\/p>\n<p>A proposta acaba com o trancamento da pauta pelas MPs e remete, \u00e0s comiss\u00f5es de Constitui\u00e7\u00e3o e Justi\u00e7a da C\u00e2mara e do Senado, a an\u00e1lise da admissibilidade das MPs. O governo conseguiu manter a necessidade de maioria absoluta para inverter a pauta quando a MP passar a ser o primeiro item da pauta depois de 15 dias de tramita\u00e7\u00e3o.<\/p>\n<p>J\u00e1 a oposi\u00e7\u00e3o conseguiu que fosse retirada, do texto, a possibilidade de o presidente da Rep\u00fablica retirar uma MP ap\u00f3s 15 dias de editada, anulando os seus efeitos jur\u00eddicos.<\/p>\n<p>Vereadores &#8211; Os deputados tamb\u00e9m ir\u00e3o analisar as mudan\u00e7as feitas pelo Senado na PEC dos Vereadores. O texto aprovado na C\u00e2mara recomp\u00f5e vagas nas c\u00e2maras municipais, mas imp\u00f5e limites para os gastos com os legislativos das cidades. Os senadores mantiveram a recomposi\u00e7\u00e3o de vagas, mas recusaram os limites de gastos.<\/p>\n<p>No final de 2008, a Mesa Diretora da C\u00e2mara n\u00e3o aceitou promulgar a PEC dessa forma, pois avaliou que \u00e9 fundamental haver limites de gastos. Com isso, a tend\u00eancia \u00e9 a mat\u00e9ria tramitar novamente para os deputados decidirem se mant\u00eam o texto da C\u00e2mara ou o do Senado.<\/p>\n<p>Se for mantido o dispositivo que limita os gastos, dever\u00e1 haver uma economia de R$ 1,2 bilh\u00e3o por ano em todo o Brasil.<\/p>\n","protected":false},"excerpt":{"rendered":"A reforma tribut\u00e1ria (substitutivo \u00e0s PECs 233\/08, 31\/07 e 45\/07), a Proposta de Emenda \u00e0 Constitui\u00e7\u00e3o (PEC) das Medidas Provis\u00f3rias (511\/06), a revis\u00e3o \n<a class=\"moretag\" href=\"https:\/\/www.aceguarulhos.com.br\/blog\/mat%c3%a9rias-pol%c3%aamicas-voltar%c3%a3o-%c3%a0-pauta-da-c%c3%a2mara-em-2009\/\"> [...]<\/a>","protected":false},"author":8,"featured_media":0,"comment_status":"open","ping_status":"open","sticky":false,"template":"","format":"standard","meta":{"footnotes":""},"categories":[2],"tags":[],"class_list":["post-34297","post","type-post","status-publish","format-standard","hentry","category-noticias"],"yoast_head":"<!-- This site is optimized with the Yoast SEO plugin v28.1 - https:\/\/yoast.com\/product\/yoast-seo-wordpress\/ -->\n<title>Mat\u00e9rias pol\u00eamicas voltar\u00e3o \u00e0 pauta da C\u00e2mara em 2009  - ACE-Guarulhos<\/title>\n<meta name=\"robots\" content=\"index, follow, max-snippet:-1, max-image-preview:large, max-video-preview:-1\" \/>\n<link rel=\"canonical\" href=\"https:\/\/www.aceguarulhos.com.br\/blog\/mat\u00e9rias-pol\u00eamicas-voltar\u00e3o-\u00e0-pauta-da-c\u00e2mara-em-2009\/\" \/>\n<meta property=\"og:locale\" content=\"pt_BR\" \/>\n<meta property=\"og:type\" content=\"article\" \/>\n<meta property=\"og:title\" content=\"Mat\u00e9rias pol\u00eamicas voltar\u00e3o \u00e0 pauta da C\u00e2mara em 2009  - ACE-Guarulhos\" \/>\n<meta property=\"og:description\" content=\"A reforma tribut\u00e1ria (substitutivo \u00e0s PECs 233\/08, 31\/07 e 45\/07), a Proposta de Emenda \u00e0 Constitui\u00e7\u00e3o (PEC) das Medidas Provis\u00f3rias (511\/06), a revis\u00e3o\" \/>\n<meta property=\"og:url\" content=\"https:\/\/www.aceguarulhos.com.br\/blog\/mat\u00e9rias-pol\u00eamicas-voltar\u00e3o-\u00e0-pauta-da-c\u00e2mara-em-2009\/\" \/>\n<meta property=\"og:site_name\" content=\"ACE-Guarulhos\" \/>\n<meta property=\"article:publisher\" content=\"https:\/\/www.facebook.com\/aceguarulhos\/\" \/>\n<meta property=\"article:published_time\" content=\"2009-01-05T14:18:31+00:00\" \/>\n<meta name=\"author\" content=\"Assessoria de Imprensa ACE-Guarulhos\" \/>\n<meta name=\"twitter:card\" content=\"summary_large_image\" \/>\n<meta name=\"twitter:label1\" content=\"Escrito por\" \/>\n\t<meta name=\"twitter:data1\" content=\"Assessoria de Imprensa ACE-Guarulhos\" \/>\n\t<meta name=\"twitter:label2\" content=\"Est. tempo de leitura\" \/>\n\t<meta name=\"twitter:data2\" content=\"2 minutos\" \/>\n<script type=\"application\/ld+json\" class=\"yoast-schema-graph\">{\"@context\":\"https:\\\/\\\/schema.org\",\"@graph\":[{\"@type\":\"Article\",\"@id\":\"https:\\\/\\\/www.aceguarulhos.com.br\\\/blog\\\/mat%c3%a9rias-pol%c3%aamicas-voltar%c3%a3o-%c3%a0-pauta-da-c%c3%a2mara-em-2009\\\/#article\",\"isPartOf\":{\"@id\":\"https:\\\/\\\/www.aceguarulhos.com.br\\\/blog\\\/mat%c3%a9rias-pol%c3%aamicas-voltar%c3%a3o-%c3%a0-pauta-da-c%c3%a2mara-em-2009\\\/\"},\"author\":{\"name\":\"Assessoria de Imprensa ACE-Guarulhos\",\"@id\":\"https:\\\/\\\/www.aceguarulhos.com.br\\\/blog\\\/#\\\/schema\\\/person\\\/6983b51bad37489989e4f09698c26237\"},\"headline\":\"Mat\u00e9rias pol\u00eamicas voltar\u00e3o \u00e0 pauta da C\u00e2mara em 2009\",\"datePublished\":\"2009-01-05T14:18:31+00:00\",\"mainEntityOfPage\":{\"@id\":\"https:\\\/\\\/www.aceguarulhos.com.br\\\/blog\\\/mat%c3%a9rias-pol%c3%aamicas-voltar%c3%a3o-%c3%a0-pauta-da-c%c3%a2mara-em-2009\\\/\"},\"wordCount\":486,\"commentCount\":0,\"publisher\":{\"@id\":\"https:\\\/\\\/www.aceguarulhos.com.br\\\/blog\\\/#organization\"},\"articleSection\":[\"Not\u00edcias\"],\"inLanguage\":\"pt-BR\"},{\"@type\":\"WebPage\",\"@id\":\"https:\\\/\\\/www.aceguarulhos.com.br\\\/blog\\\/mat%c3%a9rias-pol%c3%aamicas-voltar%c3%a3o-%c3%a0-pauta-da-c%c3%a2mara-em-2009\\\/\",\"url\":\"https:\\\/\\\/www.aceguarulhos.com.br\\\/blog\\\/mat%c3%a9rias-pol%c3%aamicas-voltar%c3%a3o-%c3%a0-pauta-da-c%c3%a2mara-em-2009\\\/\",\"name\":\"Mat\u00e9rias pol\u00eamicas voltar\u00e3o \u00e0 pauta da C\u00e2mara em 2009 - ACE-Guarulhos\",\"isPartOf\":{\"@id\":\"https:\\\/\\\/www.aceguarulhos.com.br\\\/blog\\\/#website\"},\"datePublished\":\"2009-01-05T14:18:31+00:00\",\"breadcrumb\":{\"@id\":\"https:\\\/\\\/www.aceguarulhos.com.br\\\/blog\\\/mat%c3%a9rias-pol%c3%aamicas-voltar%c3%a3o-%c3%a0-pauta-da-c%c3%a2mara-em-2009\\\/#breadcrumb\"},\"inLanguage\":\"pt-BR\",\"potentialAction\":[{\"@type\":\"ReadAction\",\"target\":[\"https:\\\/\\\/www.aceguarulhos.com.br\\\/blog\\\/mat%c3%a9rias-pol%c3%aamicas-voltar%c3%a3o-%c3%a0-pauta-da-c%c3%a2mara-em-2009\\\/\"]}]},{\"@type\":\"BreadcrumbList\",\"@id\":\"https:\\\/\\\/www.aceguarulhos.com.br\\\/blog\\\/mat%c3%a9rias-pol%c3%aamicas-voltar%c3%a3o-%c3%a0-pauta-da-c%c3%a2mara-em-2009\\\/#breadcrumb\",\"itemListElement\":[{\"@type\":\"ListItem\",\"position\":1,\"name\":\"In\u00edcio\",\"item\":\"https:\\\/\\\/www.aceguarulhos.com.br\\\/blog\\\/\"},{\"@type\":\"ListItem\",\"position\":2,\"name\":\"Mat\u00e9rias pol\u00eamicas voltar\u00e3o \u00e0 pauta da C\u00e2mara em 2009\"}]},{\"@type\":\"WebSite\",\"@id\":\"https:\\\/\\\/www.aceguarulhos.com.br\\\/blog\\\/#website\",\"url\":\"https:\\\/\\\/www.aceguarulhos.com.br\\\/blog\\\/\",\"name\":\"ACE-Guarulhos\",\"description\":\"A ACE-Guarulhos \u00e9 uma associa\u00e7\u00e3o que ap\u00f3ia os empres\u00e1rios guarulhenses atrav\u00e9s da representa\u00e7\u00e3o, da gera\u00e7\u00e3o de neg\u00f3cios e presta\u00e7\u00e3o de servi\u00e7os.\",\"publisher\":{\"@id\":\"https:\\\/\\\/www.aceguarulhos.com.br\\\/blog\\\/#organization\"},\"potentialAction\":[{\"@type\":\"SearchAction\",\"target\":{\"@type\":\"EntryPoint\",\"urlTemplate\":\"https:\\\/\\\/www.aceguarulhos.com.br\\\/blog\\\/?s={search_term_string}\"},\"query-input\":{\"@type\":\"PropertyValueSpecification\",\"valueRequired\":true,\"valueName\":\"search_term_string\"}}],\"inLanguage\":\"pt-BR\"},{\"@type\":\"Organization\",\"@id\":\"https:\\\/\\\/www.aceguarulhos.com.br\\\/blog\\\/#organization\",\"name\":\"ACE-Guarulhos\",\"url\":\"https:\\\/\\\/www.aceguarulhos.com.br\\\/blog\\\/\",\"logo\":{\"@type\":\"ImageObject\",\"inLanguage\":\"pt-BR\",\"@id\":\"https:\\\/\\\/www.aceguarulhos.com.br\\\/blog\\\/#\\\/schema\\\/logo\\\/image\\\/\",\"url\":\"https:\\\/\\\/www.aceguarulhos.com.br\\\/blog\\\/wp-content\\\/uploads\\\/2017\\\/12\\\/logo-aceguarulhos-2018.png\",\"contentUrl\":\"https:\\\/\\\/www.aceguarulhos.com.br\\\/blog\\\/wp-content\\\/uploads\\\/2017\\\/12\\\/logo-aceguarulhos-2018.png\",\"width\":419,\"height\":76,\"caption\":\"ACE-Guarulhos\"},\"image\":{\"@id\":\"https:\\\/\\\/www.aceguarulhos.com.br\\\/blog\\\/#\\\/schema\\\/logo\\\/image\\\/\"},\"sameAs\":[\"https:\\\/\\\/www.facebook.com\\\/aceguarulhos\\\/\",\"https:\\\/\\\/br.linkedin.com\\\/in\\\/ace-guarulhos-b9a97093\",\"https:\\\/\\\/www.youtube.com\\\/user\\\/aceguarulhos\"]},{\"@type\":\"Person\",\"@id\":\"https:\\\/\\\/www.aceguarulhos.com.br\\\/blog\\\/#\\\/schema\\\/person\\\/6983b51bad37489989e4f09698c26237\",\"name\":\"Assessoria de Imprensa ACE-Guarulhos\",\"image\":{\"@type\":\"ImageObject\",\"inLanguage\":\"pt-BR\",\"@id\":\"https:\\\/\\\/secure.gravatar.com\\\/avatar\\\/707f3fadd6918afeb64173ab22d8a8cb0676953098a4f31ff36dc2b4c699ef6a?s=96&d=mm&r=g\",\"url\":\"https:\\\/\\\/secure.gravatar.com\\\/avatar\\\/707f3fadd6918afeb64173ab22d8a8cb0676953098a4f31ff36dc2b4c699ef6a?s=96&d=mm&r=g\",\"contentUrl\":\"https:\\\/\\\/secure.gravatar.com\\\/avatar\\\/707f3fadd6918afeb64173ab22d8a8cb0676953098a4f31ff36dc2b4c699ef6a?s=96&d=mm&r=g\",\"caption\":\"Assessoria de Imprensa ACE-Guarulhos\"},\"url\":\"https:\\\/\\\/www.aceguarulhos.com.br\\\/blog\\\/author\\\/assessoria-de-imprensa-ace-guarulhos\\\/\"}]}<\/script>\n<!-- \/ Yoast SEO plugin. -->","yoast_head_json":{"title":"Mat\u00e9rias pol\u00eamicas voltar\u00e3o \u00e0 pauta da C\u00e2mara em 2009  - ACE-Guarulhos","robots":{"index":"index","follow":"follow","max-snippet":"max-snippet:-1","max-image-preview":"max-image-preview:large","max-video-preview":"max-video-preview:-1"},"canonical":"https:\/\/www.aceguarulhos.com.br\/blog\/mat\u00e9rias-pol\u00eamicas-voltar\u00e3o-\u00e0-pauta-da-c\u00e2mara-em-2009\/","og_locale":"pt_BR","og_type":"article","og_title":"Mat\u00e9rias pol\u00eamicas voltar\u00e3o \u00e0 pauta da C\u00e2mara em 2009  - ACE-Guarulhos","og_description":"A reforma tribut\u00e1ria (substitutivo \u00e0s PECs 233\/08, 31\/07 e 45\/07), a Proposta de Emenda \u00e0 Constitui\u00e7\u00e3o (PEC) das Medidas Provis\u00f3rias (511\/06), a revis\u00e3o","og_url":"https:\/\/www.aceguarulhos.com.br\/blog\/mat\u00e9rias-pol\u00eamicas-voltar\u00e3o-\u00e0-pauta-da-c\u00e2mara-em-2009\/","og_site_name":"ACE-Guarulhos","article_publisher":"https:\/\/www.facebook.com\/aceguarulhos\/","article_published_time":"2009-01-05T14:18:31+00:00","author":"Assessoria de Imprensa ACE-Guarulhos","twitter_card":"summary_large_image","twitter_misc":{"Escrito por":"Assessoria de Imprensa ACE-Guarulhos","Est. tempo de leitura":"2 minutos"},"schema":{"@context":"https:\/\/schema.org","@graph":[{"@type":"Article","@id":"https:\/\/www.aceguarulhos.com.br\/blog\/mat%c3%a9rias-pol%c3%aamicas-voltar%c3%a3o-%c3%a0-pauta-da-c%c3%a2mara-em-2009\/#article","isPartOf":{"@id":"https:\/\/www.aceguarulhos.com.br\/blog\/mat%c3%a9rias-pol%c3%aamicas-voltar%c3%a3o-%c3%a0-pauta-da-c%c3%a2mara-em-2009\/"},"author":{"name":"Assessoria de Imprensa ACE-Guarulhos","@id":"https:\/\/www.aceguarulhos.com.br\/blog\/#\/schema\/person\/6983b51bad37489989e4f09698c26237"},"headline":"Mat\u00e9rias pol\u00eamicas voltar\u00e3o \u00e0 pauta da C\u00e2mara em 2009","datePublished":"2009-01-05T14:18:31+00:00","mainEntityOfPage":{"@id":"https:\/\/www.aceguarulhos.com.br\/blog\/mat%c3%a9rias-pol%c3%aamicas-voltar%c3%a3o-%c3%a0-pauta-da-c%c3%a2mara-em-2009\/"},"wordCount":486,"commentCount":0,"publisher":{"@id":"https:\/\/www.aceguarulhos.com.br\/blog\/#organization"},"articleSection":["Not\u00edcias"],"inLanguage":"pt-BR"},{"@type":"WebPage","@id":"https:\/\/www.aceguarulhos.com.br\/blog\/mat%c3%a9rias-pol%c3%aamicas-voltar%c3%a3o-%c3%a0-pauta-da-c%c3%a2mara-em-2009\/","url":"https:\/\/www.aceguarulhos.com.br\/blog\/mat%c3%a9rias-pol%c3%aamicas-voltar%c3%a3o-%c3%a0-pauta-da-c%c3%a2mara-em-2009\/","name":"Mat\u00e9rias pol\u00eamicas voltar\u00e3o \u00e0 pauta da C\u00e2mara em 2009 - ACE-Guarulhos","isPartOf":{"@id":"https:\/\/www.aceguarulhos.com.br\/blog\/#website"},"datePublished":"2009-01-05T14:18:31+00:00","breadcrumb":{"@id":"https:\/\/www.aceguarulhos.com.br\/blog\/mat%c3%a9rias-pol%c3%aamicas-voltar%c3%a3o-%c3%a0-pauta-da-c%c3%a2mara-em-2009\/#breadcrumb"},"inLanguage":"pt-BR","potentialAction":[{"@type":"ReadAction","target":["https:\/\/www.aceguarulhos.com.br\/blog\/mat%c3%a9rias-pol%c3%aamicas-voltar%c3%a3o-%c3%a0-pauta-da-c%c3%a2mara-em-2009\/"]}]},{"@type":"BreadcrumbList","@id":"https:\/\/www.aceguarulhos.com.br\/blog\/mat%c3%a9rias-pol%c3%aamicas-voltar%c3%a3o-%c3%a0-pauta-da-c%c3%a2mara-em-2009\/#breadcrumb","itemListElement":[{"@type":"ListItem","position":1,"name":"In\u00edcio","item":"https:\/\/www.aceguarulhos.com.br\/blog\/"},{"@type":"ListItem","position":2,"name":"Mat\u00e9rias pol\u00eamicas voltar\u00e3o \u00e0 pauta da C\u00e2mara em 2009"}]},{"@type":"WebSite","@id":"https:\/\/www.aceguarulhos.com.br\/blog\/#website","url":"https:\/\/www.aceguarulhos.com.br\/blog\/","name":"ACE-Guarulhos","description":"A ACE-Guarulhos \u00e9 uma associa\u00e7\u00e3o que ap\u00f3ia os empres\u00e1rios guarulhenses atrav\u00e9s da representa\u00e7\u00e3o, da gera\u00e7\u00e3o de neg\u00f3cios e presta\u00e7\u00e3o de servi\u00e7os.","publisher":{"@id":"https:\/\/www.aceguarulhos.com.br\/blog\/#organization"},"potentialAction":[{"@type":"SearchAction","target":{"@type":"EntryPoint","urlTemplate":"https:\/\/www.aceguarulhos.com.br\/blog\/?s={search_term_string}"},"query-input":{"@type":"PropertyValueSpecification","valueRequired":true,"valueName":"search_term_string"}}],"inLanguage":"pt-BR"},{"@type":"Organization","@id":"https:\/\/www.aceguarulhos.com.br\/blog\/#organization","name":"ACE-Guarulhos","url":"https:\/\/www.aceguarulhos.com.br\/blog\/","logo":{"@type":"ImageObject","inLanguage":"pt-BR","@id":"https:\/\/www.aceguarulhos.com.br\/blog\/#\/schema\/logo\/image\/","url":"https:\/\/www.aceguarulhos.com.br\/blog\/wp-content\/uploads\/2017\/12\/logo-aceguarulhos-2018.png","contentUrl":"https:\/\/www.aceguarulhos.com.br\/blog\/wp-content\/uploads\/2017\/12\/logo-aceguarulhos-2018.png","width":419,"height":76,"caption":"ACE-Guarulhos"},"image":{"@id":"https:\/\/www.aceguarulhos.com.br\/blog\/#\/schema\/logo\/image\/"},"sameAs":["https:\/\/www.facebook.com\/aceguarulhos\/","https:\/\/br.linkedin.com\/in\/ace-guarulhos-b9a97093","https:\/\/www.youtube.com\/user\/aceguarulhos"]},{"@type":"Person","@id":"https:\/\/www.aceguarulhos.com.br\/blog\/#\/schema\/person\/6983b51bad37489989e4f09698c26237","name":"Assessoria de Imprensa ACE-Guarulhos","image":{"@type":"ImageObject","inLanguage":"pt-BR","@id":"https:\/\/secure.gravatar.com\/avatar\/707f3fadd6918afeb64173ab22d8a8cb0676953098a4f31ff36dc2b4c699ef6a?s=96&d=mm&r=g","url":"https:\/\/secure.gravatar.com\/avatar\/707f3fadd6918afeb64173ab22d8a8cb0676953098a4f31ff36dc2b4c699ef6a?s=96&d=mm&r=g","contentUrl":"https:\/\/secure.gravatar.com\/avatar\/707f3fadd6918afeb64173ab22d8a8cb0676953098a4f31ff36dc2b4c699ef6a?s=96&d=mm&r=g","caption":"Assessoria de Imprensa ACE-Guarulhos"},"url":"https:\/\/www.aceguarulhos.com.br\/blog\/author\/assessoria-de-imprensa-ace-guarulhos\/"}]}},"wps_subtitle":"","amp_enabled":true,"_links":{"self":[{"href":"https:\/\/www.aceguarulhos.com.br\/blog\/wp-json\/wp\/v2\/posts\/34297","targetHints":{"allow":["GET"]}}],"collection":[{"href":"https:\/\/www.aceguarulhos.com.br\/blog\/wp-json\/wp\/v2\/posts"}],"about":[{"href":"https:\/\/www.aceguarulhos.com.br\/blog\/wp-json\/wp\/v2\/types\/post"}],"author":[{"embeddable":true,"href":"https:\/\/www.aceguarulhos.com.br\/blog\/wp-json\/wp\/v2\/users\/8"}],"replies":[{"embeddable":true,"href":"https:\/\/www.aceguarulhos.com.br\/blog\/wp-json\/wp\/v2\/comments?post=34297"}],"version-history":[{"count":0,"href":"https:\/\/www.aceguarulhos.com.br\/blog\/wp-json\/wp\/v2\/posts\/34297\/revisions"}],"wp:attachment":[{"href":"https:\/\/www.aceguarulhos.com.br\/blog\/wp-json\/wp\/v2\/media?parent=34297"}],"wp:term":[{"taxonomy":"category","embeddable":true,"href":"https:\/\/www.aceguarulhos.com.br\/blog\/wp-json\/wp\/v2\/categories?post=34297"},{"taxonomy":"post_tag","embeddable":true,"href":"https:\/\/www.aceguarulhos.com.br\/blog\/wp-json\/wp\/v2\/tags?post=34297"}],"curies":[{"name":"wp","href":"https:\/\/api.w.org\/{rel}","templated":true}]}}