{"id":34296,"date":"2009-01-05T14:13:41","date_gmt":"2009-01-05T14:13:41","guid":{"rendered":"http:\/\/www.aceguarulhos.com.br\/blog\/?p=34296"},"modified":"-0001-11-30T00:00:00","modified_gmt":"-0001-11-30T03:00:00","slug":"sp-quer-implementar-modelo-de-ny-em-escolas-estaduais","status":"publish","type":"post","link":"https:\/\/www.aceguarulhos.com.br\/blog\/sp-quer-implementar-modelo-de-ny-em-escolas-estaduais\/","title":{"rendered":"SP quer implementar modelo de NY em escolas estaduais"},"content":{"rendered":"<p>Dez escolas perif\u00e9ricas de S\u00e3o Paulo ter\u00e3o o modelo educacional de Nova York, nos Estados Unidos. A novidade \u00e9 resultado de parceria entre a Secretaria da Educa\u00e7\u00e3o e a Funda\u00e7\u00e3o Ita\u00fa Social, que acabam de fechar acordo para, j\u00e1 partir deste ano, implantar projeto piloto com foco em gest\u00e3o educacional.<\/p>\n<p>A iniciativa, in\u00e9dita no Brasil, acontecer\u00e1 em dez escolas da Diretoria de Ensino Leste 3. Todas tiveram baixo desempenho no \u00cdndice de Desenvolvimento da Educa\u00e7\u00e3o do Estado de S\u00e3o Paulo (Idesp). Inspirado na experi\u00eancia inovadora da reforma escolar de Nova York, cidade que, como S\u00e3o Paulo, administra o maior sistema escolar do pa\u00eds, o modelo pretende dar um salto de qualidade na aprendizagem dos estudantes, em prazo de tr\u00eas anos.<\/p>\n<p>As escolas s\u00e3o: Aquilino Ribeiro; Dr. D\u00e9cio Ferraz Alvim; Hayde\u00e9 Hidalgo; Jardim Dom Ang\u00e9lico; Jardim Wilma Flor; Paulo Sarasate; Recanto Verde Sol; Sebasti\u00e3o Faria Zimbres; Sumie Iwata; e Vila Bela.<\/p>\n<p>A reforma de Nova York vem sendo implantada desde 2001 pelo prefeito Michael Bloomberg e j\u00e1 obteve resultados positivos. Investe em gest\u00e3o, forma\u00e7\u00e3o dos professores, monitoramento do rendimento escolar dos alunos e envolvimento dos pais. Tamb\u00e9m conta com o apoio do setor privado, n\u00e3o apenas com aporte financeiro, mas com envolvimento no planejamento e lideran\u00e7a.<\/p>\n<p>A execu\u00e7\u00e3o t\u00e9cnica do projeto paulista ser\u00e1 realizada pelo Instituto Fernand Braudel, com acompanhamento t\u00e9cnico da Funda\u00e7\u00e3o Ita\u00fa Social. No in\u00edcio de 2007, pesquisadores do Instituto realizaram uma intensiva pesquisa de campo para analisar a ousada reforma escolar de Nova York empreendida nos \u00faltimos anos.&nbsp; Foram acompanhados por Jane Wreford, membro do Instituto e ex-diretora de inspe\u00e7\u00e3o de distritos escolares da Comiss\u00e3o Brit\u00e2nica de Auditoria, que em 2002 pesquisou as escolas p\u00fablicas em S\u00e3o Paulo. A pesquisa de campo rendeu um referencial din\u00e2mico com estrat\u00e9gias relevantes para fazer frente a problemas comuns de escala e lideran\u00e7a no ensino p\u00fablico no Brasil, especialmente em \u00e1reas metropolitanas. <\/p>\n<p>\u201cA ideia \u00e9 criar mecanismos de gest\u00e3o e supervis\u00e3o do trabalho pedag\u00f3gico que fortale\u00e7am o compromisso da dire\u00e7\u00e3o, coordena\u00e7\u00e3o, corpo docente e fam\u00edlias para oferecer uma aprendizagem de qualidade. Os objetivos s\u00e3o incrementar os processos de gest\u00e3o e supervis\u00e3o do clima escolar utilizados pelo diretor e professor coordenador, incluir forma\u00e7\u00e3o no trabalho do professor coordenador; aumentar o envolvimento das fam\u00edlias com a escola e melhorar o desempenho dos alunos nas avalia\u00e7\u00f5es\u201d, afirma a secret\u00e1ria da Educa\u00e7\u00e3o, Maria Helena Guimar\u00e3es de Castro.<\/p>\n<p>Ser\u00e1 contratada uma equipe com dois especialistas em L\u00edngua Portuguesa e dois em Matem\u00e1tica que acompanhar\u00e3o o cotidiano das escolas envolvidas para refor\u00e7ar o trabalho do professor coordenador. Essas disciplinas foram escolhidas porque s\u00e3o consideradas pontos cr\u00edticos no processo de aprendizagem dos alunos. Os especialistas estimular\u00e3o os coordenadores a entrar nas salas de aula e ir\u00e3o acompanh\u00e1-los com o prop\u00f3sito de contribuir para uma orienta\u00e7\u00e3o mais efetiva e adequada \u00e0 realidade de cada escola e de cada professor. Essa \u00e9 uma pr\u00e1tica comum em Nova York que surtiu bons resultados na aprendizagem. <\/p>\n<p>No ano passado, a Secretaria j\u00e1 modificou a forma de contrata\u00e7\u00e3o dos professores coordenadores da rede. Estes profissionais passaram a exercer suas fun\u00e7\u00f5es divididos por ciclos de ensino &#8211; antes havia um coordenador para toda a escola. Ser\u00e1 ainda contratado um coordenador de pais para cada escola, cuja tarefa ser\u00e1 realizar a\u00e7\u00f5es para aproximar as fam\u00edlias da escola e envolv\u00ea-las no processo de aprendizagem dos alunos.<\/p>\n<p>O projeto piloto passar\u00e1 por avalia\u00e7\u00e3o cont\u00ednua, acompanhando a frequ\u00eancia de professores e alunos, a rotatividade e absente\u00edsmo dos professores, o n\u00famero de incidentes de indisciplina e viol\u00eancia dentro da escola e a percep\u00e7\u00e3o de alunos, pais, professores e diretores sobre o ambiente escolar. Ser\u00e3o realizadas entrevistas com pais das escolas participantes, question\u00e1rios para alunos das escolas do projeto, grupo focal com professores, question\u00e1rio para professores das escolas do projeto e registro escolar de freq\u00fc\u00eancia, faltas e licen\u00e7as de professores. Al\u00e9m disso, ser\u00e1 feita a avalia\u00e7\u00e3o de impacto econ\u00f4mico deste projeto piloto, para verificar seu retorno social.<\/p>\n","protected":false},"excerpt":{"rendered":"Dez escolas perif\u00e9ricas de S\u00e3o Paulo ter\u00e3o o modelo educacional de Nova York, nos Estados Unidos. A novidade \u00e9 resultado de parceria entre \n<a class=\"moretag\" href=\"https:\/\/www.aceguarulhos.com.br\/blog\/sp-quer-implementar-modelo-de-ny-em-escolas-estaduais\/\"> [...]<\/a>","protected":false},"author":8,"featured_media":0,"comment_status":"open","ping_status":"open","sticky":false,"template":"","format":"standard","meta":{"footnotes":""},"categories":[2],"tags":[],"class_list":["post-34296","post","type-post","status-publish","format-standard","hentry","category-noticias"],"yoast_head":"<!-- This site is optimized with the Yoast SEO plugin v28.1 - https:\/\/yoast.com\/product\/yoast-seo-wordpress\/ -->\n<title>SP quer implementar modelo de NY em escolas estaduais - ACE-Guarulhos<\/title>\n<meta name=\"robots\" content=\"index, follow, max-snippet:-1, max-image-preview:large, max-video-preview:-1\" \/>\n<link rel=\"canonical\" href=\"https:\/\/www.aceguarulhos.com.br\/blog\/sp-quer-implementar-modelo-de-ny-em-escolas-estaduais\/\" \/>\n<meta property=\"og:locale\" content=\"pt_BR\" \/>\n<meta property=\"og:type\" content=\"article\" \/>\n<meta property=\"og:title\" content=\"SP quer implementar modelo de NY em escolas estaduais - ACE-Guarulhos\" \/>\n<meta property=\"og:description\" content=\"Dez escolas perif\u00e9ricas de S\u00e3o Paulo ter\u00e3o o modelo educacional de Nova York, nos Estados Unidos. A novidade \u00e9 resultado de parceria entre\" \/>\n<meta property=\"og:url\" content=\"https:\/\/www.aceguarulhos.com.br\/blog\/sp-quer-implementar-modelo-de-ny-em-escolas-estaduais\/\" \/>\n<meta property=\"og:site_name\" content=\"ACE-Guarulhos\" \/>\n<meta property=\"article:publisher\" content=\"https:\/\/www.facebook.com\/aceguarulhos\/\" \/>\n<meta property=\"article:published_time\" content=\"2009-01-05T14:13:41+00:00\" \/>\n<meta name=\"author\" content=\"Assessoria de Imprensa ACE-Guarulhos\" \/>\n<meta name=\"twitter:card\" content=\"summary_large_image\" \/>\n<meta name=\"twitter:label1\" content=\"Escrito por\" \/>\n\t<meta name=\"twitter:data1\" content=\"Assessoria de Imprensa ACE-Guarulhos\" \/>\n\t<meta name=\"twitter:label2\" content=\"Est. tempo de leitura\" \/>\n\t<meta name=\"twitter:data2\" content=\"4 minutos\" \/>\n<script type=\"application\/ld+json\" class=\"yoast-schema-graph\">{\"@context\":\"https:\\\/\\\/schema.org\",\"@graph\":[{\"@type\":\"Article\",\"@id\":\"https:\\\/\\\/www.aceguarulhos.com.br\\\/blog\\\/sp-quer-implementar-modelo-de-ny-em-escolas-estaduais\\\/#article\",\"isPartOf\":{\"@id\":\"https:\\\/\\\/www.aceguarulhos.com.br\\\/blog\\\/sp-quer-implementar-modelo-de-ny-em-escolas-estaduais\\\/\"},\"author\":{\"name\":\"Assessoria de Imprensa ACE-Guarulhos\",\"@id\":\"https:\\\/\\\/www.aceguarulhos.com.br\\\/blog\\\/#\\\/schema\\\/person\\\/6983b51bad37489989e4f09698c26237\"},\"headline\":\"SP quer implementar modelo de NY em escolas estaduais\",\"datePublished\":\"2009-01-05T14:13:41+00:00\",\"mainEntityOfPage\":{\"@id\":\"https:\\\/\\\/www.aceguarulhos.com.br\\\/blog\\\/sp-quer-implementar-modelo-de-ny-em-escolas-estaduais\\\/\"},\"wordCount\":732,\"commentCount\":0,\"publisher\":{\"@id\":\"https:\\\/\\\/www.aceguarulhos.com.br\\\/blog\\\/#organization\"},\"articleSection\":[\"Not\u00edcias\"],\"inLanguage\":\"pt-BR\"},{\"@type\":\"WebPage\",\"@id\":\"https:\\\/\\\/www.aceguarulhos.com.br\\\/blog\\\/sp-quer-implementar-modelo-de-ny-em-escolas-estaduais\\\/\",\"url\":\"https:\\\/\\\/www.aceguarulhos.com.br\\\/blog\\\/sp-quer-implementar-modelo-de-ny-em-escolas-estaduais\\\/\",\"name\":\"SP quer implementar modelo de NY em escolas estaduais - ACE-Guarulhos\",\"isPartOf\":{\"@id\":\"https:\\\/\\\/www.aceguarulhos.com.br\\\/blog\\\/#website\"},\"datePublished\":\"2009-01-05T14:13:41+00:00\",\"breadcrumb\":{\"@id\":\"https:\\\/\\\/www.aceguarulhos.com.br\\\/blog\\\/sp-quer-implementar-modelo-de-ny-em-escolas-estaduais\\\/#breadcrumb\"},\"inLanguage\":\"pt-BR\",\"potentialAction\":[{\"@type\":\"ReadAction\",\"target\":[\"https:\\\/\\\/www.aceguarulhos.com.br\\\/blog\\\/sp-quer-implementar-modelo-de-ny-em-escolas-estaduais\\\/\"]}]},{\"@type\":\"BreadcrumbList\",\"@id\":\"https:\\\/\\\/www.aceguarulhos.com.br\\\/blog\\\/sp-quer-implementar-modelo-de-ny-em-escolas-estaduais\\\/#breadcrumb\",\"itemListElement\":[{\"@type\":\"ListItem\",\"position\":1,\"name\":\"In\u00edcio\",\"item\":\"https:\\\/\\\/www.aceguarulhos.com.br\\\/blog\\\/\"},{\"@type\":\"ListItem\",\"position\":2,\"name\":\"SP quer implementar modelo de NY em escolas estaduais\"}]},{\"@type\":\"WebSite\",\"@id\":\"https:\\\/\\\/www.aceguarulhos.com.br\\\/blog\\\/#website\",\"url\":\"https:\\\/\\\/www.aceguarulhos.com.br\\\/blog\\\/\",\"name\":\"ACE-Guarulhos\",\"description\":\"A ACE-Guarulhos \u00e9 uma associa\u00e7\u00e3o que ap\u00f3ia os empres\u00e1rios guarulhenses atrav\u00e9s da representa\u00e7\u00e3o, da gera\u00e7\u00e3o de neg\u00f3cios e presta\u00e7\u00e3o de servi\u00e7os.\",\"publisher\":{\"@id\":\"https:\\\/\\\/www.aceguarulhos.com.br\\\/blog\\\/#organization\"},\"potentialAction\":[{\"@type\":\"SearchAction\",\"target\":{\"@type\":\"EntryPoint\",\"urlTemplate\":\"https:\\\/\\\/www.aceguarulhos.com.br\\\/blog\\\/?s={search_term_string}\"},\"query-input\":{\"@type\":\"PropertyValueSpecification\",\"valueRequired\":true,\"valueName\":\"search_term_string\"}}],\"inLanguage\":\"pt-BR\"},{\"@type\":\"Organization\",\"@id\":\"https:\\\/\\\/www.aceguarulhos.com.br\\\/blog\\\/#organization\",\"name\":\"ACE-Guarulhos\",\"url\":\"https:\\\/\\\/www.aceguarulhos.com.br\\\/blog\\\/\",\"logo\":{\"@type\":\"ImageObject\",\"inLanguage\":\"pt-BR\",\"@id\":\"https:\\\/\\\/www.aceguarulhos.com.br\\\/blog\\\/#\\\/schema\\\/logo\\\/image\\\/\",\"url\":\"https:\\\/\\\/www.aceguarulhos.com.br\\\/blog\\\/wp-content\\\/uploads\\\/2017\\\/12\\\/logo-aceguarulhos-2018.png\",\"contentUrl\":\"https:\\\/\\\/www.aceguarulhos.com.br\\\/blog\\\/wp-content\\\/uploads\\\/2017\\\/12\\\/logo-aceguarulhos-2018.png\",\"width\":419,\"height\":76,\"caption\":\"ACE-Guarulhos\"},\"image\":{\"@id\":\"https:\\\/\\\/www.aceguarulhos.com.br\\\/blog\\\/#\\\/schema\\\/logo\\\/image\\\/\"},\"sameAs\":[\"https:\\\/\\\/www.facebook.com\\\/aceguarulhos\\\/\",\"https:\\\/\\\/br.linkedin.com\\\/in\\\/ace-guarulhos-b9a97093\",\"https:\\\/\\\/www.youtube.com\\\/user\\\/aceguarulhos\"]},{\"@type\":\"Person\",\"@id\":\"https:\\\/\\\/www.aceguarulhos.com.br\\\/blog\\\/#\\\/schema\\\/person\\\/6983b51bad37489989e4f09698c26237\",\"name\":\"Assessoria de Imprensa ACE-Guarulhos\",\"image\":{\"@type\":\"ImageObject\",\"inLanguage\":\"pt-BR\",\"@id\":\"https:\\\/\\\/secure.gravatar.com\\\/avatar\\\/707f3fadd6918afeb64173ab22d8a8cb0676953098a4f31ff36dc2b4c699ef6a?s=96&d=mm&r=g\",\"url\":\"https:\\\/\\\/secure.gravatar.com\\\/avatar\\\/707f3fadd6918afeb64173ab22d8a8cb0676953098a4f31ff36dc2b4c699ef6a?s=96&d=mm&r=g\",\"contentUrl\":\"https:\\\/\\\/secure.gravatar.com\\\/avatar\\\/707f3fadd6918afeb64173ab22d8a8cb0676953098a4f31ff36dc2b4c699ef6a?s=96&d=mm&r=g\",\"caption\":\"Assessoria de Imprensa ACE-Guarulhos\"},\"url\":\"https:\\\/\\\/www.aceguarulhos.com.br\\\/blog\\\/author\\\/assessoria-de-imprensa-ace-guarulhos\\\/\"}]}<\/script>\n<!-- \/ Yoast SEO plugin. -->","yoast_head_json":{"title":"SP quer implementar modelo de NY em escolas estaduais - ACE-Guarulhos","robots":{"index":"index","follow":"follow","max-snippet":"max-snippet:-1","max-image-preview":"max-image-preview:large","max-video-preview":"max-video-preview:-1"},"canonical":"https:\/\/www.aceguarulhos.com.br\/blog\/sp-quer-implementar-modelo-de-ny-em-escolas-estaduais\/","og_locale":"pt_BR","og_type":"article","og_title":"SP quer implementar modelo de NY em escolas estaduais - ACE-Guarulhos","og_description":"Dez escolas perif\u00e9ricas de S\u00e3o Paulo ter\u00e3o o modelo educacional de Nova York, nos Estados Unidos. A novidade \u00e9 resultado de parceria entre","og_url":"https:\/\/www.aceguarulhos.com.br\/blog\/sp-quer-implementar-modelo-de-ny-em-escolas-estaduais\/","og_site_name":"ACE-Guarulhos","article_publisher":"https:\/\/www.facebook.com\/aceguarulhos\/","article_published_time":"2009-01-05T14:13:41+00:00","author":"Assessoria de Imprensa ACE-Guarulhos","twitter_card":"summary_large_image","twitter_misc":{"Escrito por":"Assessoria de Imprensa ACE-Guarulhos","Est. tempo de leitura":"4 minutos"},"schema":{"@context":"https:\/\/schema.org","@graph":[{"@type":"Article","@id":"https:\/\/www.aceguarulhos.com.br\/blog\/sp-quer-implementar-modelo-de-ny-em-escolas-estaduais\/#article","isPartOf":{"@id":"https:\/\/www.aceguarulhos.com.br\/blog\/sp-quer-implementar-modelo-de-ny-em-escolas-estaduais\/"},"author":{"name":"Assessoria de Imprensa ACE-Guarulhos","@id":"https:\/\/www.aceguarulhos.com.br\/blog\/#\/schema\/person\/6983b51bad37489989e4f09698c26237"},"headline":"SP quer implementar modelo de NY em escolas estaduais","datePublished":"2009-01-05T14:13:41+00:00","mainEntityOfPage":{"@id":"https:\/\/www.aceguarulhos.com.br\/blog\/sp-quer-implementar-modelo-de-ny-em-escolas-estaduais\/"},"wordCount":732,"commentCount":0,"publisher":{"@id":"https:\/\/www.aceguarulhos.com.br\/blog\/#organization"},"articleSection":["Not\u00edcias"],"inLanguage":"pt-BR"},{"@type":"WebPage","@id":"https:\/\/www.aceguarulhos.com.br\/blog\/sp-quer-implementar-modelo-de-ny-em-escolas-estaduais\/","url":"https:\/\/www.aceguarulhos.com.br\/blog\/sp-quer-implementar-modelo-de-ny-em-escolas-estaduais\/","name":"SP quer implementar modelo de NY em escolas estaduais - ACE-Guarulhos","isPartOf":{"@id":"https:\/\/www.aceguarulhos.com.br\/blog\/#website"},"datePublished":"2009-01-05T14:13:41+00:00","breadcrumb":{"@id":"https:\/\/www.aceguarulhos.com.br\/blog\/sp-quer-implementar-modelo-de-ny-em-escolas-estaduais\/#breadcrumb"},"inLanguage":"pt-BR","potentialAction":[{"@type":"ReadAction","target":["https:\/\/www.aceguarulhos.com.br\/blog\/sp-quer-implementar-modelo-de-ny-em-escolas-estaduais\/"]}]},{"@type":"BreadcrumbList","@id":"https:\/\/www.aceguarulhos.com.br\/blog\/sp-quer-implementar-modelo-de-ny-em-escolas-estaduais\/#breadcrumb","itemListElement":[{"@type":"ListItem","position":1,"name":"In\u00edcio","item":"https:\/\/www.aceguarulhos.com.br\/blog\/"},{"@type":"ListItem","position":2,"name":"SP quer implementar modelo de NY em escolas estaduais"}]},{"@type":"WebSite","@id":"https:\/\/www.aceguarulhos.com.br\/blog\/#website","url":"https:\/\/www.aceguarulhos.com.br\/blog\/","name":"ACE-Guarulhos","description":"A ACE-Guarulhos \u00e9 uma associa\u00e7\u00e3o que ap\u00f3ia os empres\u00e1rios guarulhenses atrav\u00e9s da representa\u00e7\u00e3o, da gera\u00e7\u00e3o de neg\u00f3cios e presta\u00e7\u00e3o de servi\u00e7os.","publisher":{"@id":"https:\/\/www.aceguarulhos.com.br\/blog\/#organization"},"potentialAction":[{"@type":"SearchAction","target":{"@type":"EntryPoint","urlTemplate":"https:\/\/www.aceguarulhos.com.br\/blog\/?s={search_term_string}"},"query-input":{"@type":"PropertyValueSpecification","valueRequired":true,"valueName":"search_term_string"}}],"inLanguage":"pt-BR"},{"@type":"Organization","@id":"https:\/\/www.aceguarulhos.com.br\/blog\/#organization","name":"ACE-Guarulhos","url":"https:\/\/www.aceguarulhos.com.br\/blog\/","logo":{"@type":"ImageObject","inLanguage":"pt-BR","@id":"https:\/\/www.aceguarulhos.com.br\/blog\/#\/schema\/logo\/image\/","url":"https:\/\/www.aceguarulhos.com.br\/blog\/wp-content\/uploads\/2017\/12\/logo-aceguarulhos-2018.png","contentUrl":"https:\/\/www.aceguarulhos.com.br\/blog\/wp-content\/uploads\/2017\/12\/logo-aceguarulhos-2018.png","width":419,"height":76,"caption":"ACE-Guarulhos"},"image":{"@id":"https:\/\/www.aceguarulhos.com.br\/blog\/#\/schema\/logo\/image\/"},"sameAs":["https:\/\/www.facebook.com\/aceguarulhos\/","https:\/\/br.linkedin.com\/in\/ace-guarulhos-b9a97093","https:\/\/www.youtube.com\/user\/aceguarulhos"]},{"@type":"Person","@id":"https:\/\/www.aceguarulhos.com.br\/blog\/#\/schema\/person\/6983b51bad37489989e4f09698c26237","name":"Assessoria de Imprensa ACE-Guarulhos","image":{"@type":"ImageObject","inLanguage":"pt-BR","@id":"https:\/\/secure.gravatar.com\/avatar\/707f3fadd6918afeb64173ab22d8a8cb0676953098a4f31ff36dc2b4c699ef6a?s=96&d=mm&r=g","url":"https:\/\/secure.gravatar.com\/avatar\/707f3fadd6918afeb64173ab22d8a8cb0676953098a4f31ff36dc2b4c699ef6a?s=96&d=mm&r=g","contentUrl":"https:\/\/secure.gravatar.com\/avatar\/707f3fadd6918afeb64173ab22d8a8cb0676953098a4f31ff36dc2b4c699ef6a?s=96&d=mm&r=g","caption":"Assessoria de Imprensa ACE-Guarulhos"},"url":"https:\/\/www.aceguarulhos.com.br\/blog\/author\/assessoria-de-imprensa-ace-guarulhos\/"}]}},"wps_subtitle":"","amp_enabled":true,"_links":{"self":[{"href":"https:\/\/www.aceguarulhos.com.br\/blog\/wp-json\/wp\/v2\/posts\/34296","targetHints":{"allow":["GET"]}}],"collection":[{"href":"https:\/\/www.aceguarulhos.com.br\/blog\/wp-json\/wp\/v2\/posts"}],"about":[{"href":"https:\/\/www.aceguarulhos.com.br\/blog\/wp-json\/wp\/v2\/types\/post"}],"author":[{"embeddable":true,"href":"https:\/\/www.aceguarulhos.com.br\/blog\/wp-json\/wp\/v2\/users\/8"}],"replies":[{"embeddable":true,"href":"https:\/\/www.aceguarulhos.com.br\/blog\/wp-json\/wp\/v2\/comments?post=34296"}],"version-history":[{"count":0,"href":"https:\/\/www.aceguarulhos.com.br\/blog\/wp-json\/wp\/v2\/posts\/34296\/revisions"}],"wp:attachment":[{"href":"https:\/\/www.aceguarulhos.com.br\/blog\/wp-json\/wp\/v2\/media?parent=34296"}],"wp:term":[{"taxonomy":"category","embeddable":true,"href":"https:\/\/www.aceguarulhos.com.br\/blog\/wp-json\/wp\/v2\/categories?post=34296"},{"taxonomy":"post_tag","embeddable":true,"href":"https:\/\/www.aceguarulhos.com.br\/blog\/wp-json\/wp\/v2\/tags?post=34296"}],"curies":[{"name":"wp","href":"https:\/\/api.w.org\/{rel}","templated":true}]}}