{"id":34273,"date":"2008-12-29T13:32:01","date_gmt":"2008-12-29T13:32:01","guid":{"rendered":"http:\/\/www.aceguarulhos.com.br\/blog\/?p=34273"},"modified":"-0001-11-30T00:00:00","modified_gmt":"-0001-11-30T03:00:00","slug":"ex-presidente-da-ace-integra-a-equipe-de-almeida","status":"publish","type":"post","link":"https:\/\/www.aceguarulhos.com.br\/blog\/ex-presidente-da-ace-integra-a-equipe-de-almeida\/","title":{"rendered":"Ex-presidente da ACE integra a equipe de Almeida"},"content":{"rendered":"<p>O ex-presidente e atual diretor de rela\u00e7\u00f5es institucionais da Associa\u00e7\u00e3o Comercial e Empresarial de Guarulhos (ACE), Decio Pomp\u00eao Junior ser\u00e1 secret\u00e1rio adjunto de Desenvolvimento Econ\u00f4mico do prefeito eleito Sebasti\u00e3o Almeida, pasta que continuar\u00e1 sob o comando de Ant\u00f4nio Carlos de Almeida.<\/p>\n<p><center><\/p>\n<p class=\"midia\" style=\"width: 420px;\"><img loading=\"lazy\" decoding=\"async\" src=\"\/blog\/wp-content\/uploads\/image.php?x=i&amp;i1=100&amp;i2=20081217153652\" title=\"Imprensa\/ACE\" width=\"420\" height=\"350\"><br \/>Decio Pomp\u00eao Junior ser\u00e1 secret\u00e1rio adjunto de Desenvolvimento Econ\u00f4mico<\/p>\n<p><\/center><\/p>\n<p>O Open Hall ficou lotado para o an\u00fancio do secretariado de Almeida, que incumbiu Decio Pomp\u00eao Junior de ser o porta-voz de sua administra\u00e7\u00e3o com a classe empresarial, sobretudo, com as entidades de classe e os comerciantes.<\/p>\n<p>O atual presidente da ACE-Guarulhos, Wilson Louren\u00e7o, acompanhou a divulga\u00e7\u00e3o dos novos nomes da equipe de Almeida e parabenizou a indica\u00e7\u00e3o de Pomp\u00eao Junior. \u201cTenho certeza que ao lado do Ant\u00f4nio Carlos de Almeida e com a experi\u00eancia que adquiriu a frente da Associa\u00e7\u00e3o Comercial e como atual vice-presidente da AGENDE, Decio Pomp\u00eao Junior vai levar ao prefeito eleito as necessidades da classe empresarial. Acredito que o setor produtivo guarulhense est\u00e1 bem servido na pr\u00f3xima administra\u00e7\u00e3o municipal\u201d, disse Louren\u00e7o.<\/p>\n<p><i>Confira os nomes dos secret\u00e1rios municipais de Almeida:<\/i><\/p>\n<p><i>Governo: Alencar Santana<\/i><\/p>\n<p><i>Sa\u00fade: Carlos Derman<\/i><\/p>\n<p><i>Meio Ambiente: Alexandre Kise<br \/><\/i><\/p>\n<p><i>Administra\u00e7\u00e3o &#8211; Marco Antonio Arroyo<\/i><\/p>\n<p><i>Assist\u00eancia Social &#8211; Wagner Hosokawa<\/i><\/p>\n<p><i>Assuntos Jur\u00eddicos &#8211; Severino Jos\u00e9 da Silva Filho<\/i><\/p>\n<p><i>Comunica\u00e7\u00e3o &#8211; Eder Paschoal&nbsp;<\/i><\/p>\n<p><i>Cultura &#8211; H\u00e9lio Arantes<\/i><\/p>\n<p><i>Chefe de Gabinete &#8211; Rafael Paredes<\/i><\/p>\n<p><i>Desenvolvimento Urbano &#8211; Alvaro Antonio Garuzzi<\/i><\/p>\n<p><i>Finan\u00e7as &#8211; Nestor Seabra<\/i><\/p>\n<p><i>Habita\u00e7\u00e3o &#8211; Orlando Fantazini<\/i><\/p>\n<p><i>Obras &#8211; Jo\u00e3o Marques Luiz Neto<\/i><\/p>\n<p><i>Superintendente do Saae &#8211; Jo\u00e3o Roberto Rocha Moraes <br \/><\/i><\/p>\n<p><i>Proguaru: Arthur Cunha<br \/><\/i><\/p>\n","protected":false},"excerpt":{"rendered":"O ex-presidente e atual diretor de rela\u00e7\u00f5es institucionais da Associa\u00e7\u00e3o Comercial e Empresarial de Guarulhos (ACE), Decio Pomp\u00eao Junior ser\u00e1 secret\u00e1rio adjunto de \n<a class=\"moretag\" href=\"https:\/\/www.aceguarulhos.com.br\/blog\/ex-presidente-da-ace-integra-a-equipe-de-almeida\/\"> [...]<\/a>","protected":false},"author":8,"featured_media":0,"comment_status":"open","ping_status":"open","sticky":false,"template":"","format":"standard","meta":{"footnotes":""},"categories":[2],"tags":[],"class_list":["post-34273","post","type-post","status-publish","format-standard","hentry","category-noticias"],"yoast_head":"<!-- This site is optimized with the Yoast SEO plugin v28.1 - https:\/\/yoast.com\/product\/yoast-seo-wordpress\/ -->\n<title>Ex-presidente da ACE integra a equipe de Almeida - ACE-Guarulhos<\/title>\n<meta name=\"robots\" content=\"index, follow, max-snippet:-1, max-image-preview:large, max-video-preview:-1\" \/>\n<link rel=\"canonical\" href=\"https:\/\/www.aceguarulhos.com.br\/blog\/ex-presidente-da-ace-integra-a-equipe-de-almeida\/\" \/>\n<meta property=\"og:locale\" content=\"pt_BR\" \/>\n<meta property=\"og:type\" content=\"article\" \/>\n<meta property=\"og:title\" content=\"Ex-presidente da ACE integra a equipe de Almeida - ACE-Guarulhos\" \/>\n<meta property=\"og:description\" content=\"O ex-presidente e atual diretor de rela\u00e7\u00f5es institucionais da Associa\u00e7\u00e3o Comercial e Empresarial de Guarulhos (ACE), Decio Pomp\u00eao Junior ser\u00e1 secret\u00e1rio adjunto de\" \/>\n<meta property=\"og:url\" content=\"https:\/\/www.aceguarulhos.com.br\/blog\/ex-presidente-da-ace-integra-a-equipe-de-almeida\/\" \/>\n<meta property=\"og:site_name\" content=\"ACE-Guarulhos\" \/>\n<meta property=\"article:publisher\" content=\"https:\/\/www.facebook.com\/aceguarulhos\/\" \/>\n<meta property=\"article:published_time\" content=\"2008-12-29T13:32:01+00:00\" \/>\n<meta property=\"og:image\" content=\"https:\/\/www.aceguarulhos.com.br\/blog\/wp-content\/uploads\/image.php\" \/>\n<meta name=\"author\" content=\"Assessoria de Imprensa ACE-Guarulhos\" \/>\n<meta name=\"twitter:card\" content=\"summary_large_image\" \/>\n<meta name=\"twitter:label1\" content=\"Escrito por\" \/>\n\t<meta name=\"twitter:data1\" content=\"Assessoria de Imprensa ACE-Guarulhos\" \/>\n\t<meta name=\"twitter:label2\" content=\"Est. tempo de leitura\" \/>\n\t<meta name=\"twitter:data2\" content=\"1 minuto\" \/>\n<script type=\"application\/ld+json\" class=\"yoast-schema-graph\">{\"@context\":\"https:\\\/\\\/schema.org\",\"@graph\":[{\"@type\":\"Article\",\"@id\":\"https:\\\/\\\/www.aceguarulhos.com.br\\\/blog\\\/ex-presidente-da-ace-integra-a-equipe-de-almeida\\\/#article\",\"isPartOf\":{\"@id\":\"https:\\\/\\\/www.aceguarulhos.com.br\\\/blog\\\/ex-presidente-da-ace-integra-a-equipe-de-almeida\\\/\"},\"author\":{\"name\":\"Assessoria de Imprensa ACE-Guarulhos\",\"@id\":\"https:\\\/\\\/www.aceguarulhos.com.br\\\/blog\\\/#\\\/schema\\\/person\\\/6983b51bad37489989e4f09698c26237\"},\"headline\":\"Ex-presidente da ACE integra a equipe de Almeida\",\"datePublished\":\"2008-12-29T13:32:01+00:00\",\"mainEntityOfPage\":{\"@id\":\"https:\\\/\\\/www.aceguarulhos.com.br\\\/blog\\\/ex-presidente-da-ace-integra-a-equipe-de-almeida\\\/\"},\"wordCount\":291,\"commentCount\":0,\"publisher\":{\"@id\":\"https:\\\/\\\/www.aceguarulhos.com.br\\\/blog\\\/#organization\"},\"articleSection\":[\"Not\u00edcias\"],\"inLanguage\":\"pt-BR\"},{\"@type\":\"WebPage\",\"@id\":\"https:\\\/\\\/www.aceguarulhos.com.br\\\/blog\\\/ex-presidente-da-ace-integra-a-equipe-de-almeida\\\/\",\"url\":\"https:\\\/\\\/www.aceguarulhos.com.br\\\/blog\\\/ex-presidente-da-ace-integra-a-equipe-de-almeida\\\/\",\"name\":\"Ex-presidente da ACE integra a equipe de Almeida - ACE-Guarulhos\",\"isPartOf\":{\"@id\":\"https:\\\/\\\/www.aceguarulhos.com.br\\\/blog\\\/#website\"},\"datePublished\":\"2008-12-29T13:32:01+00:00\",\"breadcrumb\":{\"@id\":\"https:\\\/\\\/www.aceguarulhos.com.br\\\/blog\\\/ex-presidente-da-ace-integra-a-equipe-de-almeida\\\/#breadcrumb\"},\"inLanguage\":\"pt-BR\",\"potentialAction\":[{\"@type\":\"ReadAction\",\"target\":[\"https:\\\/\\\/www.aceguarulhos.com.br\\\/blog\\\/ex-presidente-da-ace-integra-a-equipe-de-almeida\\\/\"]}]},{\"@type\":\"BreadcrumbList\",\"@id\":\"https:\\\/\\\/www.aceguarulhos.com.br\\\/blog\\\/ex-presidente-da-ace-integra-a-equipe-de-almeida\\\/#breadcrumb\",\"itemListElement\":[{\"@type\":\"ListItem\",\"position\":1,\"name\":\"In\u00edcio\",\"item\":\"https:\\\/\\\/www.aceguarulhos.com.br\\\/blog\\\/\"},{\"@type\":\"ListItem\",\"position\":2,\"name\":\"Ex-presidente da ACE integra a equipe de Almeida\"}]},{\"@type\":\"WebSite\",\"@id\":\"https:\\\/\\\/www.aceguarulhos.com.br\\\/blog\\\/#website\",\"url\":\"https:\\\/\\\/www.aceguarulhos.com.br\\\/blog\\\/\",\"name\":\"ACE-Guarulhos\",\"description\":\"A ACE-Guarulhos \u00e9 uma associa\u00e7\u00e3o que ap\u00f3ia os empres\u00e1rios guarulhenses atrav\u00e9s da representa\u00e7\u00e3o, da gera\u00e7\u00e3o de neg\u00f3cios e presta\u00e7\u00e3o de servi\u00e7os.\",\"publisher\":{\"@id\":\"https:\\\/\\\/www.aceguarulhos.com.br\\\/blog\\\/#organization\"},\"potentialAction\":[{\"@type\":\"SearchAction\",\"target\":{\"@type\":\"EntryPoint\",\"urlTemplate\":\"https:\\\/\\\/www.aceguarulhos.com.br\\\/blog\\\/?s={search_term_string}\"},\"query-input\":{\"@type\":\"PropertyValueSpecification\",\"valueRequired\":true,\"valueName\":\"search_term_string\"}}],\"inLanguage\":\"pt-BR\"},{\"@type\":\"Organization\",\"@id\":\"https:\\\/\\\/www.aceguarulhos.com.br\\\/blog\\\/#organization\",\"name\":\"ACE-Guarulhos\",\"url\":\"https:\\\/\\\/www.aceguarulhos.com.br\\\/blog\\\/\",\"logo\":{\"@type\":\"ImageObject\",\"inLanguage\":\"pt-BR\",\"@id\":\"https:\\\/\\\/www.aceguarulhos.com.br\\\/blog\\\/#\\\/schema\\\/logo\\\/image\\\/\",\"url\":\"https:\\\/\\\/www.aceguarulhos.com.br\\\/blog\\\/wp-content\\\/uploads\\\/2017\\\/12\\\/logo-aceguarulhos-2018.png\",\"contentUrl\":\"https:\\\/\\\/www.aceguarulhos.com.br\\\/blog\\\/wp-content\\\/uploads\\\/2017\\\/12\\\/logo-aceguarulhos-2018.png\",\"width\":419,\"height\":76,\"caption\":\"ACE-Guarulhos\"},\"image\":{\"@id\":\"https:\\\/\\\/www.aceguarulhos.com.br\\\/blog\\\/#\\\/schema\\\/logo\\\/image\\\/\"},\"sameAs\":[\"https:\\\/\\\/www.facebook.com\\\/aceguarulhos\\\/\",\"https:\\\/\\\/br.linkedin.com\\\/in\\\/ace-guarulhos-b9a97093\",\"https:\\\/\\\/www.youtube.com\\\/user\\\/aceguarulhos\"]},{\"@type\":\"Person\",\"@id\":\"https:\\\/\\\/www.aceguarulhos.com.br\\\/blog\\\/#\\\/schema\\\/person\\\/6983b51bad37489989e4f09698c26237\",\"name\":\"Assessoria de Imprensa ACE-Guarulhos\",\"image\":{\"@type\":\"ImageObject\",\"inLanguage\":\"pt-BR\",\"@id\":\"https:\\\/\\\/secure.gravatar.com\\\/avatar\\\/707f3fadd6918afeb64173ab22d8a8cb0676953098a4f31ff36dc2b4c699ef6a?s=96&d=mm&r=g\",\"url\":\"https:\\\/\\\/secure.gravatar.com\\\/avatar\\\/707f3fadd6918afeb64173ab22d8a8cb0676953098a4f31ff36dc2b4c699ef6a?s=96&d=mm&r=g\",\"contentUrl\":\"https:\\\/\\\/secure.gravatar.com\\\/avatar\\\/707f3fadd6918afeb64173ab22d8a8cb0676953098a4f31ff36dc2b4c699ef6a?s=96&d=mm&r=g\",\"caption\":\"Assessoria de Imprensa ACE-Guarulhos\"},\"url\":\"https:\\\/\\\/www.aceguarulhos.com.br\\\/blog\\\/author\\\/assessoria-de-imprensa-ace-guarulhos\\\/\"}]}<\/script>\n<!-- \/ Yoast SEO plugin. -->","yoast_head_json":{"title":"Ex-presidente da ACE integra a equipe de Almeida - ACE-Guarulhos","robots":{"index":"index","follow":"follow","max-snippet":"max-snippet:-1","max-image-preview":"max-image-preview:large","max-video-preview":"max-video-preview:-1"},"canonical":"https:\/\/www.aceguarulhos.com.br\/blog\/ex-presidente-da-ace-integra-a-equipe-de-almeida\/","og_locale":"pt_BR","og_type":"article","og_title":"Ex-presidente da ACE integra a equipe de Almeida - ACE-Guarulhos","og_description":"O ex-presidente e atual diretor de rela\u00e7\u00f5es institucionais da Associa\u00e7\u00e3o Comercial e Empresarial de Guarulhos (ACE), Decio Pomp\u00eao Junior ser\u00e1 secret\u00e1rio adjunto de","og_url":"https:\/\/www.aceguarulhos.com.br\/blog\/ex-presidente-da-ace-integra-a-equipe-de-almeida\/","og_site_name":"ACE-Guarulhos","article_publisher":"https:\/\/www.facebook.com\/aceguarulhos\/","article_published_time":"2008-12-29T13:32:01+00:00","og_image":[{"url":"https:\/\/www.aceguarulhos.com.br\/blog\/wp-content\/uploads\/image.php","type":"","width":"","height":""}],"author":"Assessoria de Imprensa ACE-Guarulhos","twitter_card":"summary_large_image","twitter_misc":{"Escrito por":"Assessoria de Imprensa ACE-Guarulhos","Est. tempo de leitura":"1 minuto"},"schema":{"@context":"https:\/\/schema.org","@graph":[{"@type":"Article","@id":"https:\/\/www.aceguarulhos.com.br\/blog\/ex-presidente-da-ace-integra-a-equipe-de-almeida\/#article","isPartOf":{"@id":"https:\/\/www.aceguarulhos.com.br\/blog\/ex-presidente-da-ace-integra-a-equipe-de-almeida\/"},"author":{"name":"Assessoria de Imprensa ACE-Guarulhos","@id":"https:\/\/www.aceguarulhos.com.br\/blog\/#\/schema\/person\/6983b51bad37489989e4f09698c26237"},"headline":"Ex-presidente da ACE integra a equipe de Almeida","datePublished":"2008-12-29T13:32:01+00:00","mainEntityOfPage":{"@id":"https:\/\/www.aceguarulhos.com.br\/blog\/ex-presidente-da-ace-integra-a-equipe-de-almeida\/"},"wordCount":291,"commentCount":0,"publisher":{"@id":"https:\/\/www.aceguarulhos.com.br\/blog\/#organization"},"articleSection":["Not\u00edcias"],"inLanguage":"pt-BR"},{"@type":"WebPage","@id":"https:\/\/www.aceguarulhos.com.br\/blog\/ex-presidente-da-ace-integra-a-equipe-de-almeida\/","url":"https:\/\/www.aceguarulhos.com.br\/blog\/ex-presidente-da-ace-integra-a-equipe-de-almeida\/","name":"Ex-presidente da ACE integra a equipe de Almeida - ACE-Guarulhos","isPartOf":{"@id":"https:\/\/www.aceguarulhos.com.br\/blog\/#website"},"datePublished":"2008-12-29T13:32:01+00:00","breadcrumb":{"@id":"https:\/\/www.aceguarulhos.com.br\/blog\/ex-presidente-da-ace-integra-a-equipe-de-almeida\/#breadcrumb"},"inLanguage":"pt-BR","potentialAction":[{"@type":"ReadAction","target":["https:\/\/www.aceguarulhos.com.br\/blog\/ex-presidente-da-ace-integra-a-equipe-de-almeida\/"]}]},{"@type":"BreadcrumbList","@id":"https:\/\/www.aceguarulhos.com.br\/blog\/ex-presidente-da-ace-integra-a-equipe-de-almeida\/#breadcrumb","itemListElement":[{"@type":"ListItem","position":1,"name":"In\u00edcio","item":"https:\/\/www.aceguarulhos.com.br\/blog\/"},{"@type":"ListItem","position":2,"name":"Ex-presidente da ACE integra a equipe de Almeida"}]},{"@type":"WebSite","@id":"https:\/\/www.aceguarulhos.com.br\/blog\/#website","url":"https:\/\/www.aceguarulhos.com.br\/blog\/","name":"ACE-Guarulhos","description":"A ACE-Guarulhos \u00e9 uma associa\u00e7\u00e3o que ap\u00f3ia os empres\u00e1rios guarulhenses atrav\u00e9s da representa\u00e7\u00e3o, da gera\u00e7\u00e3o de neg\u00f3cios e presta\u00e7\u00e3o de servi\u00e7os.","publisher":{"@id":"https:\/\/www.aceguarulhos.com.br\/blog\/#organization"},"potentialAction":[{"@type":"SearchAction","target":{"@type":"EntryPoint","urlTemplate":"https:\/\/www.aceguarulhos.com.br\/blog\/?s={search_term_string}"},"query-input":{"@type":"PropertyValueSpecification","valueRequired":true,"valueName":"search_term_string"}}],"inLanguage":"pt-BR"},{"@type":"Organization","@id":"https:\/\/www.aceguarulhos.com.br\/blog\/#organization","name":"ACE-Guarulhos","url":"https:\/\/www.aceguarulhos.com.br\/blog\/","logo":{"@type":"ImageObject","inLanguage":"pt-BR","@id":"https:\/\/www.aceguarulhos.com.br\/blog\/#\/schema\/logo\/image\/","url":"https:\/\/www.aceguarulhos.com.br\/blog\/wp-content\/uploads\/2017\/12\/logo-aceguarulhos-2018.png","contentUrl":"https:\/\/www.aceguarulhos.com.br\/blog\/wp-content\/uploads\/2017\/12\/logo-aceguarulhos-2018.png","width":419,"height":76,"caption":"ACE-Guarulhos"},"image":{"@id":"https:\/\/www.aceguarulhos.com.br\/blog\/#\/schema\/logo\/image\/"},"sameAs":["https:\/\/www.facebook.com\/aceguarulhos\/","https:\/\/br.linkedin.com\/in\/ace-guarulhos-b9a97093","https:\/\/www.youtube.com\/user\/aceguarulhos"]},{"@type":"Person","@id":"https:\/\/www.aceguarulhos.com.br\/blog\/#\/schema\/person\/6983b51bad37489989e4f09698c26237","name":"Assessoria de Imprensa ACE-Guarulhos","image":{"@type":"ImageObject","inLanguage":"pt-BR","@id":"https:\/\/secure.gravatar.com\/avatar\/707f3fadd6918afeb64173ab22d8a8cb0676953098a4f31ff36dc2b4c699ef6a?s=96&d=mm&r=g","url":"https:\/\/secure.gravatar.com\/avatar\/707f3fadd6918afeb64173ab22d8a8cb0676953098a4f31ff36dc2b4c699ef6a?s=96&d=mm&r=g","contentUrl":"https:\/\/secure.gravatar.com\/avatar\/707f3fadd6918afeb64173ab22d8a8cb0676953098a4f31ff36dc2b4c699ef6a?s=96&d=mm&r=g","caption":"Assessoria de Imprensa ACE-Guarulhos"},"url":"https:\/\/www.aceguarulhos.com.br\/blog\/author\/assessoria-de-imprensa-ace-guarulhos\/"}]}},"wps_subtitle":"","amp_enabled":true,"_links":{"self":[{"href":"https:\/\/www.aceguarulhos.com.br\/blog\/wp-json\/wp\/v2\/posts\/34273","targetHints":{"allow":["GET"]}}],"collection":[{"href":"https:\/\/www.aceguarulhos.com.br\/blog\/wp-json\/wp\/v2\/posts"}],"about":[{"href":"https:\/\/www.aceguarulhos.com.br\/blog\/wp-json\/wp\/v2\/types\/post"}],"author":[{"embeddable":true,"href":"https:\/\/www.aceguarulhos.com.br\/blog\/wp-json\/wp\/v2\/users\/8"}],"replies":[{"embeddable":true,"href":"https:\/\/www.aceguarulhos.com.br\/blog\/wp-json\/wp\/v2\/comments?post=34273"}],"version-history":[{"count":0,"href":"https:\/\/www.aceguarulhos.com.br\/blog\/wp-json\/wp\/v2\/posts\/34273\/revisions"}],"wp:attachment":[{"href":"https:\/\/www.aceguarulhos.com.br\/blog\/wp-json\/wp\/v2\/media?parent=34273"}],"wp:term":[{"taxonomy":"category","embeddable":true,"href":"https:\/\/www.aceguarulhos.com.br\/blog\/wp-json\/wp\/v2\/categories?post=34273"},{"taxonomy":"post_tag","embeddable":true,"href":"https:\/\/www.aceguarulhos.com.br\/blog\/wp-json\/wp\/v2\/tags?post=34273"}],"curies":[{"name":"wp","href":"https:\/\/api.w.org\/{rel}","templated":true}]}}