{"id":34258,"date":"2008-12-16T10:40:02","date_gmt":"2008-12-16T10:40:02","guid":{"rendered":"http:\/\/www.aceguarulhos.com.br\/blog\/?p=34258"},"modified":"-0001-11-30T00:00:00","modified_gmt":"-0001-11-30T03:00:00","slug":"micro-e-pequenas-empresas-brasileiras-batem-recorde-de-exporta%c3%a7%c3%a3o","status":"publish","type":"post","link":"https:\/\/www.aceguarulhos.com.br\/blog\/micro-e-pequenas-empresas-brasileiras-batem-recorde-de-exporta%c3%a7%c3%a3o\/","title":{"rendered":"Micro e pequenas empresas brasileiras batem recorde de exporta\u00e7\u00e3o"},"content":{"rendered":"<p>A cada ano, aumenta a participa\u00e7\u00e3o das micro e pequenas empresas nas exporta\u00e7\u00f5es brasileiras. Em 2007, o valor exportado por esse segmento bateu recorde hist\u00f3rico de US$ 2,1 bilh\u00f5es, com alta de 12,4% em rela\u00e7\u00e3o ao ano anterior e crescimento m\u00e9dio de 11,4% nos \u00faltimos cinco anos.<\/p>\n<p>O valor m\u00e9dio individual exportado pelas empresas do segmento tamb\u00e9m vem crescendo firmemente nos \u00faltimos anos, atingindo US$ 163,9 mil em 2007, com alta de 12,5% em rela\u00e7\u00e3o ao ano anterior e m\u00e9dia de 10,5% nos \u00faltimos cinco anos.<\/p>\n<p>Esses e outros dados referentes ao desempenho das exporta\u00e7\u00f5es brasileiras ao longo de uma d\u00e9cada constam no estudo As Micro e Pequenas Empresas na Exporta\u00e7\u00e3o Brasileira \u2013 Brasil e Estados &#8211; 1998\/2007.<\/p>\n<p>Encomendado pelo Sebrae \u00e0 Funda\u00e7\u00e3o Centro de Estudos do Com\u00e9rcio Exterior (Funcex), o estudo \u00e9 feito com base em dados da Secretaria de Com\u00e9rcio Exterior (Secex) e de outros \u00f3rg\u00e3os. A base re\u00fane e ainda cruza informa\u00e7\u00f5es de outros \u00f3rg\u00e3os sobre todas as cerca de 13 mil micro e pequenas empresas brasileiras que exportaram no per\u00edodo 1998-2007.<\/p>\n<p>O documento servir\u00e1 como importante refer\u00eancia para a\u00e7\u00f5es de internacionaliza\u00e7\u00e3o de micro e pequenas empresas promovidas pelo Sebrae e por institui\u00e7\u00f5es parceiras. &#8220;Esse estudo \u00e9 a consolida\u00e7\u00e3o de algumas tend\u00eancias que vem se cristalizando desde 1998. Por meio dele, podemos constatar quais s\u00e3o as dificuldades que as empresas encontram para se manter no mercado externo, as oportunidades existentes, as experi\u00eancias exitosas&#8221;, explica o gerente de Gest\u00e3o Estrat\u00e9gica do Sebrae Nacional, Pio Cortizo.<\/p>\n<p>Acompanhando o ritmo geral das exporta\u00e7\u00f5es brasileiras, as empresas d e pequeno porte atuaram em 2007 essencialmente nos ramos industrial e comercial, de forma que 59% das empresas exportadoras em 2007 (7.670 firmas) pertenciam ao ramo industrial e 35% (4.550 firmas) eram do ramo comercial. Entre as microempresas registrou-se uma redu\u00e7\u00e3o do n\u00famero de firmas em todos os setores, com exce\u00e7\u00e3o da agropecu\u00e1ria. O inverso ocorreu entre as pequenas empresas, com aumento do n\u00famero de empresas em todos os casos, inclusive no ramo industrial, mas com exce\u00e7\u00e3o da agropecu\u00e1ria.<\/p>\n<p>Com rela\u00e7\u00e3o ao valor exportado, o ramo da ind\u00fastria respondeu por 60,1% do valor exportado pelas micro e pequenas empresas em 2007, o que representa um montante de US$ 1,3 bilh\u00e3o. O Com\u00e9rcio veio em seguida com 33,6% do total exportado, e por \u00faltimo o ramo de Servi\u00e7os com 0,2%. Entre as microempresas especiais (que empregam pouco e exportam muito) as firmas industriais respondem por 60,1% do total nesse mesmo ano, contra 33,9% das comerciais. O valor exportado por essas empresas dividiu-se em partes semelhantes entre os ramos de ind\u00fastria e com\u00e9rcio, que registraram participa\u00e7\u00f5es de 49,4% e 42,8% no ano passado.<\/p>\n<p>O n\u00famero de micro e pequenas empresas exportadoras n\u00e3o t\u00eam acompanhado o crescimento de valor exportado. Esse dado manteve-se est\u00e1vel em 2007 com rela\u00e7\u00e3o \u00e0 2006 (12.986 contra 13.001). Nesse per\u00edodo houve crescimento de apenas 1,6% no n\u00famero de pequenas empresas exportadoras e redu\u00e7\u00e3o de 2,3% no n\u00famero de microempresas. De acordo com o estudo, esse fato ocorre desde 2004, quando a queda do n\u00famero de micro e pequenas empresas contrasta com a relativa estabilidade no n\u00famero de MP especiais e de firmas de porte m\u00e9dio e com o aumento de 5,1% no n\u00famero de grandes empresas exportadoras.<\/p>\n<p><b>Internacionalizar e diversificar &#8211;<\/b> Os dados apurados no estudo servir\u00e3o de subs\u00eddio \u00e0s a\u00e7\u00f5es do Programa de Internacionaliza\u00e7\u00e3o de Micro e Pequenas Empresas lan\u00e7ado em outubro deste ano pelo Sebrae. Por meio desse programa, est\u00e3o sendo desenvolvidas, adaptadas e implementadas solu\u00e7\u00f5es que contribuam para um posicionamento mais competitivo das empresas tamb\u00e9m no mercado dom\u00e9stico, cada vez mais globalizado.<\/p>\n<p>O programa j\u00e1 est\u00e1 sendo implementado em v\u00e1rios estados: Esp\u00edrito Santo, Rio de Janeiro, S\u00e3o Paulo, Distrito Federal, Bahia, Alagoas, Para\u00edba, Cear\u00e1, Rond\u00f4nia e Acre. Os dois primeiros estados s\u00e3o projetos-piloto e contam com o apoio do Sebrae Nacional. Os demais estados est\u00e3o na primeira fase do programa, que \u00e9 a realiza\u00e7\u00e3o do autodiagn\u00f3stico da empresa. Esse levantamento possibilita que o empres\u00e1rio fique sabendo qual \u00e9 o perfil da sua empresa, se tem potencial para se internacionalizar. A segunda fase consiste no Plano de Qualifica\u00e7\u00e3o.<\/p>\n<p>&#8220;Mais de 600 empres\u00e1rios j\u00e1 realizaram o autodiagn\u00f3stico de suas empresas pela internet. Tamb\u00e9m j\u00e1 est\u00e3o dispon\u00edveis dois cursos on line gratuitos, que abrangem os principais temas para quem quer conhecer e desenvolver compet\u00eancias para exportar&#8221;, explica a gestora do Programa de Internacionaliza\u00e7\u00e3o, Louise Machado.<\/p>\n<p><b>Pa\u00edses de destino &#8211; <\/b>Outra informa\u00e7\u00e3o importante revelada pelo estudo diz respeito \u00e0 pauta de exporta\u00e7\u00e3o das micro e pequenas empresas. Ela \u00e9 bastante diversificada em termos de pa\u00edses de destino. Ou seja, diferentemente das grandes, as empresas de menor porte est\u00e3o buscando cada vez mais a diversifica\u00e7\u00e3o de mercados.<\/p>\n<p>Mais de 60% das exporta\u00e7\u00f5es das microempresas em 2007 ainda s\u00e3o destinadas a tr\u00eas blocos de pa\u00edses: Uni\u00e3o Europ\u00e9ia, com montante de US$ 35,8 milh\u00f5es e participa\u00e7\u00e3o de 22,5%; Mercosul, com vendas de US$ 33 milh\u00f5es e participa\u00e7\u00e3o de 20,7%; e Associa\u00e7\u00e3o Latino-Americana de Integra\u00e7\u00e3o (Aladi) com US$ 30 milh\u00f5es e 18,8%.<\/p>\n<p>Em termos de crescimento em rela\u00e7\u00e3o ao ano anterior, contudo, o melhor desempenho foi registrado nas exporta\u00e7\u00f5es para os Demais Pa\u00edses, com crescimento de 23,4%, j\u00e1 alcan\u00e7ando uma participa\u00e7\u00e3o de 14% nas vendas de microempresas.<\/p>\n<p>\u201cAs micro e pequenas emp resas tem buscado novos mercados e novas formas de se internacionalizar. A estrat\u00e9gia \u00e9 extremamente relevante quando nos deparamos com a atual crise financeira internacional, bastante intensificada nos Estados Unidos e Europa\u201d, explica Louise. Ela alerta \u201c\u00e9 bom buscar novos mercados, como \u00c1frica e Am\u00e9rica do Norte\u201d.<\/p>\n<p>As exporta\u00e7\u00f5es das pequenas empresas t\u00eam uma composi\u00e7\u00e3o n\u00e3o muito diferente das de micro porte. No ano passado, 23,2% dessas exporta\u00e7\u00f5es tiveram como destino a Uni\u00e3o Europ\u00e9ia, com valor correspondente a cerca de US$ 460 milh\u00f5es. Em seguida, com praticamente o mesmo patamar de import\u00e2ncia, encontram-se os pa\u00edses do Mercosul e os demais pa\u00edses da Aladi, com participa\u00e7\u00f5es de 18,6% (US$ 365,4 milh\u00f5es) e 18,5% (US$ 363,6 milh\u00f5es), respectivamente. As vendas para os Estados Unidos e o Canad\u00e1 tiveram uma participa\u00e7\u00e3o de 17% no total exportado pelas pequenas empresas em 2007 (US$ 334,4 milh\u00f5es); os Demais Pa\u00edses responderam por 14,5%, restando aos da \u00c1sia-Pac\u00edfico 8,3% do total.<\/p>\n<p><b>Metodologia &#8211; <\/b>O estudo encomendado pelo Sebrae tem como metodologia a atualiza\u00e7\u00e3o dos valores comercializados segundo o \u00edndice de pre\u00e7os utilizados nas exporta\u00e7\u00f5es. &#8220;A corre\u00e7\u00e3o permite uma compara\u00e7\u00e3o real entre valores exportados anteriormente e os do presente, de acordo com a varia\u00e7\u00e3o do \u00edndice de pre\u00e7o das exporta\u00e7\u00f5es brasileiras, calculado regularmente pela Funcex&#8221;, explica Emanuel Malta, analista t\u00e9cnico da Unidade de Gest\u00e3o Estrat\u00e9gica do Sebrae.<\/p>\n<p>Outro aspecto da metodologia foi a classifica\u00e7\u00e3o das empresas conforme os limites de receita bruta anual previstos na Lei Geral da Micro e Pequena Empresa, que s\u00e3o de at\u00e9 R$ 240 mil (US$ 120 mil) para as microempresas e de at\u00e9 R$ 2,4 milh\u00f5es (US$ 1,2 milh\u00e3o) para as pequenas. Em 2007 haviam 13 mil micro e pequenas empresas exportadoras brasileiras com esses perfis.<\/p>\n<p>O terceiro aspecto foi a inclus\u00e3o nessa base de dados das exporta\u00e7\u00f5es realizadas por meio do Despacho Simplificado de Exporta \u00e7\u00e3o (DSE). Embora a inclus\u00e3o dessas opera\u00e7\u00f5es n\u00e3o produza grande impacto no valor total exportado pelo Brasil, demonstra um aumento expressivo no n\u00famero de empresas exportadoras, principalmente as micro e pequenas.<\/p>\n","protected":false},"excerpt":{"rendered":"A cada ano, aumenta a participa\u00e7\u00e3o das micro e pequenas empresas nas exporta\u00e7\u00f5es brasileiras. Em 2007, o valor exportado por esse segmento bateu \n<a class=\"moretag\" href=\"https:\/\/www.aceguarulhos.com.br\/blog\/micro-e-pequenas-empresas-brasileiras-batem-recorde-de-exporta%c3%a7%c3%a3o\/\"> [...]<\/a>","protected":false},"author":8,"featured_media":0,"comment_status":"open","ping_status":"open","sticky":false,"template":"","format":"standard","meta":{"footnotes":""},"categories":[2],"tags":[],"class_list":["post-34258","post","type-post","status-publish","format-standard","hentry","category-noticias"],"yoast_head":"<!-- This site is optimized with the Yoast SEO plugin v28.1 - https:\/\/yoast.com\/product\/yoast-seo-wordpress\/ -->\n<title>Micro e pequenas empresas brasileiras batem recorde de exporta\u00e7\u00e3o - ACE-Guarulhos<\/title>\n<meta name=\"robots\" content=\"index, follow, max-snippet:-1, max-image-preview:large, max-video-preview:-1\" \/>\n<link rel=\"canonical\" href=\"https:\/\/www.aceguarulhos.com.br\/blog\/micro-e-pequenas-empresas-brasileiras-batem-recorde-de-exporta\u00e7\u00e3o\/\" \/>\n<meta property=\"og:locale\" content=\"pt_BR\" \/>\n<meta property=\"og:type\" content=\"article\" \/>\n<meta property=\"og:title\" content=\"Micro e pequenas empresas brasileiras batem recorde de exporta\u00e7\u00e3o - ACE-Guarulhos\" \/>\n<meta property=\"og:description\" content=\"A cada ano, aumenta a participa\u00e7\u00e3o das micro e pequenas empresas nas exporta\u00e7\u00f5es brasileiras. Em 2007, o valor exportado por esse segmento bateu\" \/>\n<meta property=\"og:url\" content=\"https:\/\/www.aceguarulhos.com.br\/blog\/micro-e-pequenas-empresas-brasileiras-batem-recorde-de-exporta\u00e7\u00e3o\/\" \/>\n<meta property=\"og:site_name\" content=\"ACE-Guarulhos\" \/>\n<meta property=\"article:publisher\" content=\"https:\/\/www.facebook.com\/aceguarulhos\/\" \/>\n<meta property=\"article:published_time\" content=\"2008-12-16T10:40:02+00:00\" \/>\n<meta name=\"author\" content=\"Assessoria de Imprensa ACE-Guarulhos\" \/>\n<meta name=\"twitter:card\" content=\"summary_large_image\" \/>\n<meta name=\"twitter:label1\" content=\"Escrito por\" \/>\n\t<meta name=\"twitter:data1\" content=\"Assessoria de Imprensa ACE-Guarulhos\" \/>\n\t<meta name=\"twitter:label2\" content=\"Est. tempo de leitura\" \/>\n\t<meta name=\"twitter:data2\" content=\"6 minutos\" \/>\n<script type=\"application\/ld+json\" class=\"yoast-schema-graph\">{\"@context\":\"https:\\\/\\\/schema.org\",\"@graph\":[{\"@type\":\"Article\",\"@id\":\"https:\\\/\\\/www.aceguarulhos.com.br\\\/blog\\\/micro-e-pequenas-empresas-brasileiras-batem-recorde-de-exporta%c3%a7%c3%a3o\\\/#article\",\"isPartOf\":{\"@id\":\"https:\\\/\\\/www.aceguarulhos.com.br\\\/blog\\\/micro-e-pequenas-empresas-brasileiras-batem-recorde-de-exporta%c3%a7%c3%a3o\\\/\"},\"author\":{\"name\":\"Assessoria de Imprensa ACE-Guarulhos\",\"@id\":\"https:\\\/\\\/www.aceguarulhos.com.br\\\/blog\\\/#\\\/schema\\\/person\\\/6983b51bad37489989e4f09698c26237\"},\"headline\":\"Micro e pequenas empresas brasileiras batem recorde de exporta\u00e7\u00e3o\",\"datePublished\":\"2008-12-16T10:40:02+00:00\",\"mainEntityOfPage\":{\"@id\":\"https:\\\/\\\/www.aceguarulhos.com.br\\\/blog\\\/micro-e-pequenas-empresas-brasileiras-batem-recorde-de-exporta%c3%a7%c3%a3o\\\/\"},\"wordCount\":1289,\"commentCount\":0,\"publisher\":{\"@id\":\"https:\\\/\\\/www.aceguarulhos.com.br\\\/blog\\\/#organization\"},\"articleSection\":[\"Not\u00edcias\"],\"inLanguage\":\"pt-BR\"},{\"@type\":\"WebPage\",\"@id\":\"https:\\\/\\\/www.aceguarulhos.com.br\\\/blog\\\/micro-e-pequenas-empresas-brasileiras-batem-recorde-de-exporta%c3%a7%c3%a3o\\\/\",\"url\":\"https:\\\/\\\/www.aceguarulhos.com.br\\\/blog\\\/micro-e-pequenas-empresas-brasileiras-batem-recorde-de-exporta%c3%a7%c3%a3o\\\/\",\"name\":\"Micro e pequenas empresas brasileiras batem recorde de exporta\u00e7\u00e3o - ACE-Guarulhos\",\"isPartOf\":{\"@id\":\"https:\\\/\\\/www.aceguarulhos.com.br\\\/blog\\\/#website\"},\"datePublished\":\"2008-12-16T10:40:02+00:00\",\"breadcrumb\":{\"@id\":\"https:\\\/\\\/www.aceguarulhos.com.br\\\/blog\\\/micro-e-pequenas-empresas-brasileiras-batem-recorde-de-exporta%c3%a7%c3%a3o\\\/#breadcrumb\"},\"inLanguage\":\"pt-BR\",\"potentialAction\":[{\"@type\":\"ReadAction\",\"target\":[\"https:\\\/\\\/www.aceguarulhos.com.br\\\/blog\\\/micro-e-pequenas-empresas-brasileiras-batem-recorde-de-exporta%c3%a7%c3%a3o\\\/\"]}]},{\"@type\":\"BreadcrumbList\",\"@id\":\"https:\\\/\\\/www.aceguarulhos.com.br\\\/blog\\\/micro-e-pequenas-empresas-brasileiras-batem-recorde-de-exporta%c3%a7%c3%a3o\\\/#breadcrumb\",\"itemListElement\":[{\"@type\":\"ListItem\",\"position\":1,\"name\":\"In\u00edcio\",\"item\":\"https:\\\/\\\/www.aceguarulhos.com.br\\\/blog\\\/\"},{\"@type\":\"ListItem\",\"position\":2,\"name\":\"Micro e pequenas empresas brasileiras batem recorde de exporta\u00e7\u00e3o\"}]},{\"@type\":\"WebSite\",\"@id\":\"https:\\\/\\\/www.aceguarulhos.com.br\\\/blog\\\/#website\",\"url\":\"https:\\\/\\\/www.aceguarulhos.com.br\\\/blog\\\/\",\"name\":\"ACE-Guarulhos\",\"description\":\"A ACE-Guarulhos \u00e9 uma associa\u00e7\u00e3o que ap\u00f3ia os empres\u00e1rios guarulhenses atrav\u00e9s da representa\u00e7\u00e3o, da gera\u00e7\u00e3o de neg\u00f3cios e presta\u00e7\u00e3o de servi\u00e7os.\",\"publisher\":{\"@id\":\"https:\\\/\\\/www.aceguarulhos.com.br\\\/blog\\\/#organization\"},\"potentialAction\":[{\"@type\":\"SearchAction\",\"target\":{\"@type\":\"EntryPoint\",\"urlTemplate\":\"https:\\\/\\\/www.aceguarulhos.com.br\\\/blog\\\/?s={search_term_string}\"},\"query-input\":{\"@type\":\"PropertyValueSpecification\",\"valueRequired\":true,\"valueName\":\"search_term_string\"}}],\"inLanguage\":\"pt-BR\"},{\"@type\":\"Organization\",\"@id\":\"https:\\\/\\\/www.aceguarulhos.com.br\\\/blog\\\/#organization\",\"name\":\"ACE-Guarulhos\",\"url\":\"https:\\\/\\\/www.aceguarulhos.com.br\\\/blog\\\/\",\"logo\":{\"@type\":\"ImageObject\",\"inLanguage\":\"pt-BR\",\"@id\":\"https:\\\/\\\/www.aceguarulhos.com.br\\\/blog\\\/#\\\/schema\\\/logo\\\/image\\\/\",\"url\":\"https:\\\/\\\/www.aceguarulhos.com.br\\\/blog\\\/wp-content\\\/uploads\\\/2017\\\/12\\\/logo-aceguarulhos-2018.png\",\"contentUrl\":\"https:\\\/\\\/www.aceguarulhos.com.br\\\/blog\\\/wp-content\\\/uploads\\\/2017\\\/12\\\/logo-aceguarulhos-2018.png\",\"width\":419,\"height\":76,\"caption\":\"ACE-Guarulhos\"},\"image\":{\"@id\":\"https:\\\/\\\/www.aceguarulhos.com.br\\\/blog\\\/#\\\/schema\\\/logo\\\/image\\\/\"},\"sameAs\":[\"https:\\\/\\\/www.facebook.com\\\/aceguarulhos\\\/\",\"https:\\\/\\\/br.linkedin.com\\\/in\\\/ace-guarulhos-b9a97093\",\"https:\\\/\\\/www.youtube.com\\\/user\\\/aceguarulhos\"]},{\"@type\":\"Person\",\"@id\":\"https:\\\/\\\/www.aceguarulhos.com.br\\\/blog\\\/#\\\/schema\\\/person\\\/6983b51bad37489989e4f09698c26237\",\"name\":\"Assessoria de Imprensa ACE-Guarulhos\",\"image\":{\"@type\":\"ImageObject\",\"inLanguage\":\"pt-BR\",\"@id\":\"https:\\\/\\\/secure.gravatar.com\\\/avatar\\\/707f3fadd6918afeb64173ab22d8a8cb0676953098a4f31ff36dc2b4c699ef6a?s=96&d=mm&r=g\",\"url\":\"https:\\\/\\\/secure.gravatar.com\\\/avatar\\\/707f3fadd6918afeb64173ab22d8a8cb0676953098a4f31ff36dc2b4c699ef6a?s=96&d=mm&r=g\",\"contentUrl\":\"https:\\\/\\\/secure.gravatar.com\\\/avatar\\\/707f3fadd6918afeb64173ab22d8a8cb0676953098a4f31ff36dc2b4c699ef6a?s=96&d=mm&r=g\",\"caption\":\"Assessoria de Imprensa ACE-Guarulhos\"},\"url\":\"https:\\\/\\\/www.aceguarulhos.com.br\\\/blog\\\/author\\\/assessoria-de-imprensa-ace-guarulhos\\\/\"}]}<\/script>\n<!-- \/ Yoast SEO plugin. -->","yoast_head_json":{"title":"Micro e pequenas empresas brasileiras batem recorde de exporta\u00e7\u00e3o - ACE-Guarulhos","robots":{"index":"index","follow":"follow","max-snippet":"max-snippet:-1","max-image-preview":"max-image-preview:large","max-video-preview":"max-video-preview:-1"},"canonical":"https:\/\/www.aceguarulhos.com.br\/blog\/micro-e-pequenas-empresas-brasileiras-batem-recorde-de-exporta\u00e7\u00e3o\/","og_locale":"pt_BR","og_type":"article","og_title":"Micro e pequenas empresas brasileiras batem recorde de exporta\u00e7\u00e3o - ACE-Guarulhos","og_description":"A cada ano, aumenta a participa\u00e7\u00e3o das micro e pequenas empresas nas exporta\u00e7\u00f5es brasileiras. Em 2007, o valor exportado por esse segmento bateu","og_url":"https:\/\/www.aceguarulhos.com.br\/blog\/micro-e-pequenas-empresas-brasileiras-batem-recorde-de-exporta\u00e7\u00e3o\/","og_site_name":"ACE-Guarulhos","article_publisher":"https:\/\/www.facebook.com\/aceguarulhos\/","article_published_time":"2008-12-16T10:40:02+00:00","author":"Assessoria de Imprensa ACE-Guarulhos","twitter_card":"summary_large_image","twitter_misc":{"Escrito por":"Assessoria de Imprensa ACE-Guarulhos","Est. tempo de leitura":"6 minutos"},"schema":{"@context":"https:\/\/schema.org","@graph":[{"@type":"Article","@id":"https:\/\/www.aceguarulhos.com.br\/blog\/micro-e-pequenas-empresas-brasileiras-batem-recorde-de-exporta%c3%a7%c3%a3o\/#article","isPartOf":{"@id":"https:\/\/www.aceguarulhos.com.br\/blog\/micro-e-pequenas-empresas-brasileiras-batem-recorde-de-exporta%c3%a7%c3%a3o\/"},"author":{"name":"Assessoria de Imprensa ACE-Guarulhos","@id":"https:\/\/www.aceguarulhos.com.br\/blog\/#\/schema\/person\/6983b51bad37489989e4f09698c26237"},"headline":"Micro e pequenas empresas brasileiras batem recorde de exporta\u00e7\u00e3o","datePublished":"2008-12-16T10:40:02+00:00","mainEntityOfPage":{"@id":"https:\/\/www.aceguarulhos.com.br\/blog\/micro-e-pequenas-empresas-brasileiras-batem-recorde-de-exporta%c3%a7%c3%a3o\/"},"wordCount":1289,"commentCount":0,"publisher":{"@id":"https:\/\/www.aceguarulhos.com.br\/blog\/#organization"},"articleSection":["Not\u00edcias"],"inLanguage":"pt-BR"},{"@type":"WebPage","@id":"https:\/\/www.aceguarulhos.com.br\/blog\/micro-e-pequenas-empresas-brasileiras-batem-recorde-de-exporta%c3%a7%c3%a3o\/","url":"https:\/\/www.aceguarulhos.com.br\/blog\/micro-e-pequenas-empresas-brasileiras-batem-recorde-de-exporta%c3%a7%c3%a3o\/","name":"Micro e pequenas empresas brasileiras batem recorde de exporta\u00e7\u00e3o - ACE-Guarulhos","isPartOf":{"@id":"https:\/\/www.aceguarulhos.com.br\/blog\/#website"},"datePublished":"2008-12-16T10:40:02+00:00","breadcrumb":{"@id":"https:\/\/www.aceguarulhos.com.br\/blog\/micro-e-pequenas-empresas-brasileiras-batem-recorde-de-exporta%c3%a7%c3%a3o\/#breadcrumb"},"inLanguage":"pt-BR","potentialAction":[{"@type":"ReadAction","target":["https:\/\/www.aceguarulhos.com.br\/blog\/micro-e-pequenas-empresas-brasileiras-batem-recorde-de-exporta%c3%a7%c3%a3o\/"]}]},{"@type":"BreadcrumbList","@id":"https:\/\/www.aceguarulhos.com.br\/blog\/micro-e-pequenas-empresas-brasileiras-batem-recorde-de-exporta%c3%a7%c3%a3o\/#breadcrumb","itemListElement":[{"@type":"ListItem","position":1,"name":"In\u00edcio","item":"https:\/\/www.aceguarulhos.com.br\/blog\/"},{"@type":"ListItem","position":2,"name":"Micro e pequenas empresas brasileiras batem recorde de exporta\u00e7\u00e3o"}]},{"@type":"WebSite","@id":"https:\/\/www.aceguarulhos.com.br\/blog\/#website","url":"https:\/\/www.aceguarulhos.com.br\/blog\/","name":"ACE-Guarulhos","description":"A ACE-Guarulhos \u00e9 uma associa\u00e7\u00e3o que ap\u00f3ia os empres\u00e1rios guarulhenses atrav\u00e9s da representa\u00e7\u00e3o, da gera\u00e7\u00e3o de neg\u00f3cios e presta\u00e7\u00e3o de servi\u00e7os.","publisher":{"@id":"https:\/\/www.aceguarulhos.com.br\/blog\/#organization"},"potentialAction":[{"@type":"SearchAction","target":{"@type":"EntryPoint","urlTemplate":"https:\/\/www.aceguarulhos.com.br\/blog\/?s={search_term_string}"},"query-input":{"@type":"PropertyValueSpecification","valueRequired":true,"valueName":"search_term_string"}}],"inLanguage":"pt-BR"},{"@type":"Organization","@id":"https:\/\/www.aceguarulhos.com.br\/blog\/#organization","name":"ACE-Guarulhos","url":"https:\/\/www.aceguarulhos.com.br\/blog\/","logo":{"@type":"ImageObject","inLanguage":"pt-BR","@id":"https:\/\/www.aceguarulhos.com.br\/blog\/#\/schema\/logo\/image\/","url":"https:\/\/www.aceguarulhos.com.br\/blog\/wp-content\/uploads\/2017\/12\/logo-aceguarulhos-2018.png","contentUrl":"https:\/\/www.aceguarulhos.com.br\/blog\/wp-content\/uploads\/2017\/12\/logo-aceguarulhos-2018.png","width":419,"height":76,"caption":"ACE-Guarulhos"},"image":{"@id":"https:\/\/www.aceguarulhos.com.br\/blog\/#\/schema\/logo\/image\/"},"sameAs":["https:\/\/www.facebook.com\/aceguarulhos\/","https:\/\/br.linkedin.com\/in\/ace-guarulhos-b9a97093","https:\/\/www.youtube.com\/user\/aceguarulhos"]},{"@type":"Person","@id":"https:\/\/www.aceguarulhos.com.br\/blog\/#\/schema\/person\/6983b51bad37489989e4f09698c26237","name":"Assessoria de Imprensa ACE-Guarulhos","image":{"@type":"ImageObject","inLanguage":"pt-BR","@id":"https:\/\/secure.gravatar.com\/avatar\/707f3fadd6918afeb64173ab22d8a8cb0676953098a4f31ff36dc2b4c699ef6a?s=96&d=mm&r=g","url":"https:\/\/secure.gravatar.com\/avatar\/707f3fadd6918afeb64173ab22d8a8cb0676953098a4f31ff36dc2b4c699ef6a?s=96&d=mm&r=g","contentUrl":"https:\/\/secure.gravatar.com\/avatar\/707f3fadd6918afeb64173ab22d8a8cb0676953098a4f31ff36dc2b4c699ef6a?s=96&d=mm&r=g","caption":"Assessoria de Imprensa ACE-Guarulhos"},"url":"https:\/\/www.aceguarulhos.com.br\/blog\/author\/assessoria-de-imprensa-ace-guarulhos\/"}]}},"wps_subtitle":"","amp_enabled":true,"_links":{"self":[{"href":"https:\/\/www.aceguarulhos.com.br\/blog\/wp-json\/wp\/v2\/posts\/34258","targetHints":{"allow":["GET"]}}],"collection":[{"href":"https:\/\/www.aceguarulhos.com.br\/blog\/wp-json\/wp\/v2\/posts"}],"about":[{"href":"https:\/\/www.aceguarulhos.com.br\/blog\/wp-json\/wp\/v2\/types\/post"}],"author":[{"embeddable":true,"href":"https:\/\/www.aceguarulhos.com.br\/blog\/wp-json\/wp\/v2\/users\/8"}],"replies":[{"embeddable":true,"href":"https:\/\/www.aceguarulhos.com.br\/blog\/wp-json\/wp\/v2\/comments?post=34258"}],"version-history":[{"count":0,"href":"https:\/\/www.aceguarulhos.com.br\/blog\/wp-json\/wp\/v2\/posts\/34258\/revisions"}],"wp:attachment":[{"href":"https:\/\/www.aceguarulhos.com.br\/blog\/wp-json\/wp\/v2\/media?parent=34258"}],"wp:term":[{"taxonomy":"category","embeddable":true,"href":"https:\/\/www.aceguarulhos.com.br\/blog\/wp-json\/wp\/v2\/categories?post=34258"},{"taxonomy":"post_tag","embeddable":true,"href":"https:\/\/www.aceguarulhos.com.br\/blog\/wp-json\/wp\/v2\/tags?post=34258"}],"curies":[{"name":"wp","href":"https:\/\/api.w.org\/{rel}","templated":true}]}}