{"id":34247,"date":"2008-12-13T07:59:59","date_gmt":"2008-12-13T07:59:59","guid":{"rendered":"http:\/\/www.aceguarulhos.com.br\/blog\/?p=34247"},"modified":"-0001-11-30T00:00:00","modified_gmt":"-0001-11-30T03:00:00","slug":"f%c3%b3rum-empresarial-debate-o-futuro-da-cidade","status":"publish","type":"post","link":"https:\/\/www.aceguarulhos.com.br\/blog\/f%c3%b3rum-empresarial-debate-o-futuro-da-cidade\/","title":{"rendered":"F\u00f3rum Empresarial debate o futuro da cidade"},"content":{"rendered":"<p>Na pr\u00f3xima quarta-feira, 17, acontece a 10\u00ba edi\u00e7\u00e3o do F\u00f3rum Empresarial de Guarulhos. Neste m\u00eas, o prefeito eleito Sebasti\u00e3o Almeida ser\u00e1 o palestrante. O petista vai proferir a palestra \u201cOs desafios para os pr\u00f3ximos quatro anos\u201d.<\/p>\n<p>Al\u00e9m de ser questionado pela mesa debatedora composta por presidentes das principais entidades associativistas, o p\u00fablico tamb\u00e9m poder\u00e1 participar fazendo perguntas ao prefeito eleito.<\/p>\n<p>Como nos F\u00f3runs anteriores, ap\u00f3s a palestra acontecer\u00e1 a atividade de integra\u00e7\u00e3o entre os participantes. Desta vez, com a tem\u00e1tica \u201ccultura brasileira\u201d, o chef de cozinha Carlos Ribeiro ir\u00e1 preparar pratos t\u00edpicos da cultura baiana, como um caruru em agradecimento a todos os bons acontecimentos de 2008. Outras surpresas s\u00e3o aguardadas para a \u00faltima edi\u00e7\u00e3o do ano do F\u00f3rum Empresarial de Guarulhos.<\/p>\n<p>Este evento, encerra o ciclo de debates realizados em 2008 pelo Grupo Segredo do Sucesso. Desde mar\u00e7o, importantes temas foram debatidos por renomados especialistas e pelo p\u00fablico composto por empres\u00e1rios, industriais e membros de entidades da regi\u00e3o.<\/p>\n<p>\u201cO F\u00f3rum \u00e9 um sonho que se tornou realidade e nada melhor do que fechar este ano com chave de ouro, fazendo um encerramento visando o futuro e os desafios para o pr\u00f3ximo ano\u201d, disse Rodrigo Barros, presidente do Grupo Segredo do Sucesso e fundador do F\u00f3rum Empresarial de Guarulhos.<\/p>\n<p><i><b>Confira a programa\u00e7\u00e3o do F\u00f3rum Empresarial de Guarulhos 2008:<\/b><\/p>\n<p><b>Mar\u00e7o \u2013 <\/b>Tema:\u201c O Futuro pol\u00edtico e econ\u00f4mico\u201d \u2013 palestra proferida por Jo\u00e3o D\u00f3ria Jr., presidente da D\u00f3ria Associados.<\/p>\n<p><b>Abril \u2013 <\/b>Tema: \u201cInfra-estrutura\u201d &#8211; palestra proferida por Eduardo Xavier Ballarin, superintendente de gest\u00e3o e infra-estrutura da Infraero.<\/p>\n<p><b>Maio \u2013<\/b> Tema: \u201cDesenvolvimento Sustent\u00e1vel\u201d \u2013 palestras proferidas por L\u00edvio Giosa, presidente do Instituto ADVB de Responsabilidade Social e Altair Assup\u00e7\u00e3o, diretor do Banco Real (case de sustentabilidade).<\/p>\n<p><b>Junho \u2013<\/b> Tema: \u201cGlobaliza\u00e7\u00e3o\u201d \u2013 palestras proferidas por Syn\u00e9sio Batista, presidente da Abrinq e Marcos Maur\u00edcio Tobba, 2\u00b0 sec. do Minist\u00e9rio das Rela\u00e7\u00f5es Exteriores.<\/p>\n<p><b>Julho \u2013 <\/b>Tema: \u201cTurismo\u201d \u2013 palestra proferida por Guilherme Paulus, presidente da CVC Turismo.<\/p>\n<p><b>Agosto \u2013 <\/b>Tema: \u201c1\u00aa Confer\u00eancia de Pol\u00edticas P\u00fablicas\u201d \u2013 apresenta\u00e7\u00e3o das propostas dos oito candidatos \u00e0 prefeitura de Guarulhos<\/p>\n<p><b>Setembro \u2013<\/b> Tema: \u201cInd\u00fastria\u201d \u2013 principais representantes do setor industrial de Guarulhos<\/p>\n<p><b>Outubro \u2013 <\/b>Tema: \u201cTecnologia\u201d \u2013 palestras proferidas por Guilherme Ary Plonsky, presidente da Associa\u00e7\u00e3o Nacional de Entidades Promotoras de Empreendimentos Inovadores e Fernando Bartolla Junior, assessor t\u00e9cnico da secretaria estadual de Desenvolvimento.<\/p>\n<p><b>Novembro \u2013 <\/b>Tema: \u201cFinan\u00e7as\u201d \u2013 palestras proferidas por Marcos Villanova, diretor do Departamento de Investimentos do Banco Bradesco, Reinaldo Domingos, consultor financeiro, autor dos livros \u201cTerapia Financeira\u201d e \u201cMenino do dinheiro\u201d e Fabiano Villa, diretor-comercial da Um Investimentos.<\/i><\/p>\n<p><i><b>Servi\u00e7o:<\/b><br \/><\/i><\/p>\n<p><i>10\u00ba F\u00f3rum Empresarial de Guarulhos<br \/>17 de dezembro, a partir 18h30<br \/>No Caesar Park&nbsp; &#8211; Rodovia H\u00e9lio Smidt, Setor 1<br \/>Informa\u00e7\u00f5es acesse: www.forumempresarialguarulhos.com.br ou pelo telefone: (11) 3629-3434<br \/><\/i><\/p>\n","protected":false},"excerpt":{"rendered":"Na pr\u00f3xima quarta-feira, 17, acontece a 10\u00ba edi\u00e7\u00e3o do F\u00f3rum Empresarial de Guarulhos. Neste m\u00eas, o prefeito eleito Sebasti\u00e3o Almeida ser\u00e1 o palestrante. \n<a class=\"moretag\" href=\"https:\/\/www.aceguarulhos.com.br\/blog\/f%c3%b3rum-empresarial-debate-o-futuro-da-cidade\/\"> [...]<\/a>","protected":false},"author":8,"featured_media":0,"comment_status":"open","ping_status":"open","sticky":false,"template":"","format":"standard","meta":{"footnotes":""},"categories":[2],"tags":[],"class_list":["post-34247","post","type-post","status-publish","format-standard","hentry","category-noticias"],"yoast_head":"<!-- This site is optimized with the Yoast SEO plugin v28.1 - https:\/\/yoast.com\/product\/yoast-seo-wordpress\/ -->\n<title>F\u00f3rum Empresarial debate o futuro da cidade - ACE-Guarulhos<\/title>\n<meta name=\"robots\" content=\"index, follow, max-snippet:-1, max-image-preview:large, max-video-preview:-1\" \/>\n<link rel=\"canonical\" href=\"https:\/\/www.aceguarulhos.com.br\/blog\/f\u00f3rum-empresarial-debate-o-futuro-da-cidade\/\" \/>\n<meta property=\"og:locale\" content=\"pt_BR\" \/>\n<meta property=\"og:type\" content=\"article\" \/>\n<meta property=\"og:title\" content=\"F\u00f3rum Empresarial debate o futuro da cidade - ACE-Guarulhos\" \/>\n<meta property=\"og:description\" content=\"Na pr\u00f3xima quarta-feira, 17, acontece a 10\u00ba edi\u00e7\u00e3o do F\u00f3rum Empresarial de Guarulhos. Neste m\u00eas, o prefeito eleito Sebasti\u00e3o Almeida ser\u00e1 o palestrante.\" \/>\n<meta property=\"og:url\" content=\"https:\/\/www.aceguarulhos.com.br\/blog\/f\u00f3rum-empresarial-debate-o-futuro-da-cidade\/\" \/>\n<meta property=\"og:site_name\" content=\"ACE-Guarulhos\" \/>\n<meta property=\"article:publisher\" content=\"https:\/\/www.facebook.com\/aceguarulhos\/\" \/>\n<meta property=\"article:published_time\" content=\"2008-12-13T07:59:59+00:00\" \/>\n<meta name=\"author\" content=\"Assessoria de Imprensa ACE-Guarulhos\" \/>\n<meta name=\"twitter:card\" content=\"summary_large_image\" \/>\n<meta name=\"twitter:label1\" content=\"Escrito por\" \/>\n\t<meta name=\"twitter:data1\" content=\"Assessoria de Imprensa ACE-Guarulhos\" \/>\n\t<meta name=\"twitter:label2\" content=\"Est. tempo de leitura\" \/>\n\t<meta name=\"twitter:data2\" content=\"2 minutos\" \/>\n<script type=\"application\/ld+json\" class=\"yoast-schema-graph\">{\"@context\":\"https:\\\/\\\/schema.org\",\"@graph\":[{\"@type\":\"Article\",\"@id\":\"https:\\\/\\\/www.aceguarulhos.com.br\\\/blog\\\/f%c3%b3rum-empresarial-debate-o-futuro-da-cidade\\\/#article\",\"isPartOf\":{\"@id\":\"https:\\\/\\\/www.aceguarulhos.com.br\\\/blog\\\/f%c3%b3rum-empresarial-debate-o-futuro-da-cidade\\\/\"},\"author\":{\"name\":\"Assessoria de Imprensa ACE-Guarulhos\",\"@id\":\"https:\\\/\\\/www.aceguarulhos.com.br\\\/blog\\\/#\\\/schema\\\/person\\\/6983b51bad37489989e4f09698c26237\"},\"headline\":\"F\u00f3rum Empresarial debate o futuro da cidade\",\"datePublished\":\"2008-12-13T07:59:59+00:00\",\"mainEntityOfPage\":{\"@id\":\"https:\\\/\\\/www.aceguarulhos.com.br\\\/blog\\\/f%c3%b3rum-empresarial-debate-o-futuro-da-cidade\\\/\"},\"wordCount\":486,\"commentCount\":0,\"publisher\":{\"@id\":\"https:\\\/\\\/www.aceguarulhos.com.br\\\/blog\\\/#organization\"},\"articleSection\":[\"Not\u00edcias\"],\"inLanguage\":\"pt-BR\"},{\"@type\":\"WebPage\",\"@id\":\"https:\\\/\\\/www.aceguarulhos.com.br\\\/blog\\\/f%c3%b3rum-empresarial-debate-o-futuro-da-cidade\\\/\",\"url\":\"https:\\\/\\\/www.aceguarulhos.com.br\\\/blog\\\/f%c3%b3rum-empresarial-debate-o-futuro-da-cidade\\\/\",\"name\":\"F\u00f3rum Empresarial debate o futuro da cidade - ACE-Guarulhos\",\"isPartOf\":{\"@id\":\"https:\\\/\\\/www.aceguarulhos.com.br\\\/blog\\\/#website\"},\"datePublished\":\"2008-12-13T07:59:59+00:00\",\"breadcrumb\":{\"@id\":\"https:\\\/\\\/www.aceguarulhos.com.br\\\/blog\\\/f%c3%b3rum-empresarial-debate-o-futuro-da-cidade\\\/#breadcrumb\"},\"inLanguage\":\"pt-BR\",\"potentialAction\":[{\"@type\":\"ReadAction\",\"target\":[\"https:\\\/\\\/www.aceguarulhos.com.br\\\/blog\\\/f%c3%b3rum-empresarial-debate-o-futuro-da-cidade\\\/\"]}]},{\"@type\":\"BreadcrumbList\",\"@id\":\"https:\\\/\\\/www.aceguarulhos.com.br\\\/blog\\\/f%c3%b3rum-empresarial-debate-o-futuro-da-cidade\\\/#breadcrumb\",\"itemListElement\":[{\"@type\":\"ListItem\",\"position\":1,\"name\":\"In\u00edcio\",\"item\":\"https:\\\/\\\/www.aceguarulhos.com.br\\\/blog\\\/\"},{\"@type\":\"ListItem\",\"position\":2,\"name\":\"F\u00f3rum Empresarial debate o futuro da cidade\"}]},{\"@type\":\"WebSite\",\"@id\":\"https:\\\/\\\/www.aceguarulhos.com.br\\\/blog\\\/#website\",\"url\":\"https:\\\/\\\/www.aceguarulhos.com.br\\\/blog\\\/\",\"name\":\"ACE-Guarulhos\",\"description\":\"A ACE-Guarulhos \u00e9 uma associa\u00e7\u00e3o que ap\u00f3ia os empres\u00e1rios guarulhenses atrav\u00e9s da representa\u00e7\u00e3o, da gera\u00e7\u00e3o de neg\u00f3cios e presta\u00e7\u00e3o de servi\u00e7os.\",\"publisher\":{\"@id\":\"https:\\\/\\\/www.aceguarulhos.com.br\\\/blog\\\/#organization\"},\"potentialAction\":[{\"@type\":\"SearchAction\",\"target\":{\"@type\":\"EntryPoint\",\"urlTemplate\":\"https:\\\/\\\/www.aceguarulhos.com.br\\\/blog\\\/?s={search_term_string}\"},\"query-input\":{\"@type\":\"PropertyValueSpecification\",\"valueRequired\":true,\"valueName\":\"search_term_string\"}}],\"inLanguage\":\"pt-BR\"},{\"@type\":\"Organization\",\"@id\":\"https:\\\/\\\/www.aceguarulhos.com.br\\\/blog\\\/#organization\",\"name\":\"ACE-Guarulhos\",\"url\":\"https:\\\/\\\/www.aceguarulhos.com.br\\\/blog\\\/\",\"logo\":{\"@type\":\"ImageObject\",\"inLanguage\":\"pt-BR\",\"@id\":\"https:\\\/\\\/www.aceguarulhos.com.br\\\/blog\\\/#\\\/schema\\\/logo\\\/image\\\/\",\"url\":\"https:\\\/\\\/www.aceguarulhos.com.br\\\/blog\\\/wp-content\\\/uploads\\\/2017\\\/12\\\/logo-aceguarulhos-2018.png\",\"contentUrl\":\"https:\\\/\\\/www.aceguarulhos.com.br\\\/blog\\\/wp-content\\\/uploads\\\/2017\\\/12\\\/logo-aceguarulhos-2018.png\",\"width\":419,\"height\":76,\"caption\":\"ACE-Guarulhos\"},\"image\":{\"@id\":\"https:\\\/\\\/www.aceguarulhos.com.br\\\/blog\\\/#\\\/schema\\\/logo\\\/image\\\/\"},\"sameAs\":[\"https:\\\/\\\/www.facebook.com\\\/aceguarulhos\\\/\",\"https:\\\/\\\/br.linkedin.com\\\/in\\\/ace-guarulhos-b9a97093\",\"https:\\\/\\\/www.youtube.com\\\/user\\\/aceguarulhos\"]},{\"@type\":\"Person\",\"@id\":\"https:\\\/\\\/www.aceguarulhos.com.br\\\/blog\\\/#\\\/schema\\\/person\\\/6983b51bad37489989e4f09698c26237\",\"name\":\"Assessoria de Imprensa ACE-Guarulhos\",\"image\":{\"@type\":\"ImageObject\",\"inLanguage\":\"pt-BR\",\"@id\":\"https:\\\/\\\/secure.gravatar.com\\\/avatar\\\/707f3fadd6918afeb64173ab22d8a8cb0676953098a4f31ff36dc2b4c699ef6a?s=96&d=mm&r=g\",\"url\":\"https:\\\/\\\/secure.gravatar.com\\\/avatar\\\/707f3fadd6918afeb64173ab22d8a8cb0676953098a4f31ff36dc2b4c699ef6a?s=96&d=mm&r=g\",\"contentUrl\":\"https:\\\/\\\/secure.gravatar.com\\\/avatar\\\/707f3fadd6918afeb64173ab22d8a8cb0676953098a4f31ff36dc2b4c699ef6a?s=96&d=mm&r=g\",\"caption\":\"Assessoria de Imprensa ACE-Guarulhos\"},\"url\":\"https:\\\/\\\/www.aceguarulhos.com.br\\\/blog\\\/author\\\/assessoria-de-imprensa-ace-guarulhos\\\/\"}]}<\/script>\n<!-- \/ Yoast SEO plugin. -->","yoast_head_json":{"title":"F\u00f3rum Empresarial debate o futuro da cidade - ACE-Guarulhos","robots":{"index":"index","follow":"follow","max-snippet":"max-snippet:-1","max-image-preview":"max-image-preview:large","max-video-preview":"max-video-preview:-1"},"canonical":"https:\/\/www.aceguarulhos.com.br\/blog\/f\u00f3rum-empresarial-debate-o-futuro-da-cidade\/","og_locale":"pt_BR","og_type":"article","og_title":"F\u00f3rum Empresarial debate o futuro da cidade - ACE-Guarulhos","og_description":"Na pr\u00f3xima quarta-feira, 17, acontece a 10\u00ba edi\u00e7\u00e3o do F\u00f3rum Empresarial de Guarulhos. Neste m\u00eas, o prefeito eleito Sebasti\u00e3o Almeida ser\u00e1 o palestrante.","og_url":"https:\/\/www.aceguarulhos.com.br\/blog\/f\u00f3rum-empresarial-debate-o-futuro-da-cidade\/","og_site_name":"ACE-Guarulhos","article_publisher":"https:\/\/www.facebook.com\/aceguarulhos\/","article_published_time":"2008-12-13T07:59:59+00:00","author":"Assessoria de Imprensa ACE-Guarulhos","twitter_card":"summary_large_image","twitter_misc":{"Escrito por":"Assessoria de Imprensa ACE-Guarulhos","Est. tempo de leitura":"2 minutos"},"schema":{"@context":"https:\/\/schema.org","@graph":[{"@type":"Article","@id":"https:\/\/www.aceguarulhos.com.br\/blog\/f%c3%b3rum-empresarial-debate-o-futuro-da-cidade\/#article","isPartOf":{"@id":"https:\/\/www.aceguarulhos.com.br\/blog\/f%c3%b3rum-empresarial-debate-o-futuro-da-cidade\/"},"author":{"name":"Assessoria de Imprensa ACE-Guarulhos","@id":"https:\/\/www.aceguarulhos.com.br\/blog\/#\/schema\/person\/6983b51bad37489989e4f09698c26237"},"headline":"F\u00f3rum Empresarial debate o futuro da cidade","datePublished":"2008-12-13T07:59:59+00:00","mainEntityOfPage":{"@id":"https:\/\/www.aceguarulhos.com.br\/blog\/f%c3%b3rum-empresarial-debate-o-futuro-da-cidade\/"},"wordCount":486,"commentCount":0,"publisher":{"@id":"https:\/\/www.aceguarulhos.com.br\/blog\/#organization"},"articleSection":["Not\u00edcias"],"inLanguage":"pt-BR"},{"@type":"WebPage","@id":"https:\/\/www.aceguarulhos.com.br\/blog\/f%c3%b3rum-empresarial-debate-o-futuro-da-cidade\/","url":"https:\/\/www.aceguarulhos.com.br\/blog\/f%c3%b3rum-empresarial-debate-o-futuro-da-cidade\/","name":"F\u00f3rum Empresarial debate o futuro da cidade - ACE-Guarulhos","isPartOf":{"@id":"https:\/\/www.aceguarulhos.com.br\/blog\/#website"},"datePublished":"2008-12-13T07:59:59+00:00","breadcrumb":{"@id":"https:\/\/www.aceguarulhos.com.br\/blog\/f%c3%b3rum-empresarial-debate-o-futuro-da-cidade\/#breadcrumb"},"inLanguage":"pt-BR","potentialAction":[{"@type":"ReadAction","target":["https:\/\/www.aceguarulhos.com.br\/blog\/f%c3%b3rum-empresarial-debate-o-futuro-da-cidade\/"]}]},{"@type":"BreadcrumbList","@id":"https:\/\/www.aceguarulhos.com.br\/blog\/f%c3%b3rum-empresarial-debate-o-futuro-da-cidade\/#breadcrumb","itemListElement":[{"@type":"ListItem","position":1,"name":"In\u00edcio","item":"https:\/\/www.aceguarulhos.com.br\/blog\/"},{"@type":"ListItem","position":2,"name":"F\u00f3rum Empresarial debate o futuro da cidade"}]},{"@type":"WebSite","@id":"https:\/\/www.aceguarulhos.com.br\/blog\/#website","url":"https:\/\/www.aceguarulhos.com.br\/blog\/","name":"ACE-Guarulhos","description":"A ACE-Guarulhos \u00e9 uma associa\u00e7\u00e3o que ap\u00f3ia os empres\u00e1rios guarulhenses atrav\u00e9s da representa\u00e7\u00e3o, da gera\u00e7\u00e3o de neg\u00f3cios e presta\u00e7\u00e3o de servi\u00e7os.","publisher":{"@id":"https:\/\/www.aceguarulhos.com.br\/blog\/#organization"},"potentialAction":[{"@type":"SearchAction","target":{"@type":"EntryPoint","urlTemplate":"https:\/\/www.aceguarulhos.com.br\/blog\/?s={search_term_string}"},"query-input":{"@type":"PropertyValueSpecification","valueRequired":true,"valueName":"search_term_string"}}],"inLanguage":"pt-BR"},{"@type":"Organization","@id":"https:\/\/www.aceguarulhos.com.br\/blog\/#organization","name":"ACE-Guarulhos","url":"https:\/\/www.aceguarulhos.com.br\/blog\/","logo":{"@type":"ImageObject","inLanguage":"pt-BR","@id":"https:\/\/www.aceguarulhos.com.br\/blog\/#\/schema\/logo\/image\/","url":"https:\/\/www.aceguarulhos.com.br\/blog\/wp-content\/uploads\/2017\/12\/logo-aceguarulhos-2018.png","contentUrl":"https:\/\/www.aceguarulhos.com.br\/blog\/wp-content\/uploads\/2017\/12\/logo-aceguarulhos-2018.png","width":419,"height":76,"caption":"ACE-Guarulhos"},"image":{"@id":"https:\/\/www.aceguarulhos.com.br\/blog\/#\/schema\/logo\/image\/"},"sameAs":["https:\/\/www.facebook.com\/aceguarulhos\/","https:\/\/br.linkedin.com\/in\/ace-guarulhos-b9a97093","https:\/\/www.youtube.com\/user\/aceguarulhos"]},{"@type":"Person","@id":"https:\/\/www.aceguarulhos.com.br\/blog\/#\/schema\/person\/6983b51bad37489989e4f09698c26237","name":"Assessoria de Imprensa ACE-Guarulhos","image":{"@type":"ImageObject","inLanguage":"pt-BR","@id":"https:\/\/secure.gravatar.com\/avatar\/707f3fadd6918afeb64173ab22d8a8cb0676953098a4f31ff36dc2b4c699ef6a?s=96&d=mm&r=g","url":"https:\/\/secure.gravatar.com\/avatar\/707f3fadd6918afeb64173ab22d8a8cb0676953098a4f31ff36dc2b4c699ef6a?s=96&d=mm&r=g","contentUrl":"https:\/\/secure.gravatar.com\/avatar\/707f3fadd6918afeb64173ab22d8a8cb0676953098a4f31ff36dc2b4c699ef6a?s=96&d=mm&r=g","caption":"Assessoria de Imprensa ACE-Guarulhos"},"url":"https:\/\/www.aceguarulhos.com.br\/blog\/author\/assessoria-de-imprensa-ace-guarulhos\/"}]}},"wps_subtitle":"","amp_enabled":true,"_links":{"self":[{"href":"https:\/\/www.aceguarulhos.com.br\/blog\/wp-json\/wp\/v2\/posts\/34247","targetHints":{"allow":["GET"]}}],"collection":[{"href":"https:\/\/www.aceguarulhos.com.br\/blog\/wp-json\/wp\/v2\/posts"}],"about":[{"href":"https:\/\/www.aceguarulhos.com.br\/blog\/wp-json\/wp\/v2\/types\/post"}],"author":[{"embeddable":true,"href":"https:\/\/www.aceguarulhos.com.br\/blog\/wp-json\/wp\/v2\/users\/8"}],"replies":[{"embeddable":true,"href":"https:\/\/www.aceguarulhos.com.br\/blog\/wp-json\/wp\/v2\/comments?post=34247"}],"version-history":[{"count":0,"href":"https:\/\/www.aceguarulhos.com.br\/blog\/wp-json\/wp\/v2\/posts\/34247\/revisions"}],"wp:attachment":[{"href":"https:\/\/www.aceguarulhos.com.br\/blog\/wp-json\/wp\/v2\/media?parent=34247"}],"wp:term":[{"taxonomy":"category","embeddable":true,"href":"https:\/\/www.aceguarulhos.com.br\/blog\/wp-json\/wp\/v2\/categories?post=34247"},{"taxonomy":"post_tag","embeddable":true,"href":"https:\/\/www.aceguarulhos.com.br\/blog\/wp-json\/wp\/v2\/tags?post=34247"}],"curies":[{"name":"wp","href":"https:\/\/api.w.org\/{rel}","templated":true}]}}