{"id":34236,"date":"2008-12-11T15:58:12","date_gmt":"2008-12-11T15:58:12","guid":{"rendered":"http:\/\/www.aceguarulhos.com.br\/blog\/?p=34236"},"modified":"-0001-11-30T00:00:00","modified_gmt":"-0001-11-30T03:00:00","slug":"empres%c3%a1rios-opinam-crise-%c3%a9-grave","status":"publish","type":"post","link":"https:\/\/www.aceguarulhos.com.br\/blog\/empres%c3%a1rios-opinam-crise-%c3%a9-grave\/","title":{"rendered":"Empres\u00e1rios opinam: crise \u00e9 grave"},"content":{"rendered":"<p>Uma pesquisa realizada pela Advance em parceria com o Grupo Cherto e a Escola Superior de Propaganda e Marketing (ESPM) sobre os impactos das dificuldades econ\u00f4micas no mercado brasileiro apontou que 81% dos entrevistados consideram a crise grave ou muito grave. Foram ouvidos 580 executivos do varejo no m\u00eas de novembro. O percentual de &#8220;grave&#8221; ficou um pouco abaixo dos 84% que tinham a mesma percep\u00e7\u00e3o em outubro, quando a pesquisa foi realizada s\u00f3 com o mercado de TI e Telecom. <\/p>\n<p>Apesar de declararem que a crise \u00e9 um pouco menos grave, os executivos acreditam que levar\u00e1 mais tempo para que o mercado comece a se recuperar. Para 47%, os problemas durar\u00e3o um ano, e para outros 31% o prazo se estender\u00e1 por cerca de dois anos. Os setores de restaurantes, alimenta\u00e7\u00e3o, consultoria e servicos financeiros acreditam em uma dura\u00e7\u00e3o mais longa para a recupera\u00e7\u00e3o do mercado. J\u00e1 os de decora\u00e7\u00e3o, bancos, comunica\u00e7\u00e3o e vestu\u00e1rio s\u00e3o mais otimistas. Para Dagoberto Hajjar, presidente da Advance, essa diferen\u00e7a de percep\u00e7\u00e3o \u00e9 compreens\u00edvel \u2013 cada setor recebe impactos diferentes. <\/p>\n<p>Quanto maior o porte da empresa, maior a percep\u00e7\u00e3o sobre os efeitos nos neg\u00f3cios \u2013 empresas com faturamento anual entre R$ 250 milh\u00f5es e R$ 1 bilh\u00e3o consideram a crise grave. J\u00e1 aquelas com faturamento menor do que R$ 1 milh\u00e3o consideram a crise pouco grave. &#8220;O pequeno varejo ainda n\u00e3o sentiu os efeitos da turbul\u00eancia porque suas vendas dependem mais da renda que do cr\u00e9dito, ao contr\u00e1rio do grande varejo&#8221;, diz o professor Ricardo Pastore, coordenador do N\u00facleo de Estudos do Varejo da ESPM. <\/p>\n<p>A maioria dos executivos \u2013 independente do tamanho da empresa \u2013 afirma que o pior da crise ainda est\u00e1 por vir. Para 75% dos ouvidos, no primeiro semestre de 2009. <br \/><b><br \/>Oportunidades \u2013<\/b> O que \u00e9 visto como crise para alguns, \u00e9 oportunidade para outros: 27% dos empres\u00e1rios disseram que v\u00eaem no momento uma chance de conquistar clientes que normalmente comprariam de empresas maiores; 18% disseram que v\u00e3o analisar melhor seus produtos e servi\u00e7os, para eliminar os menos vantajosos e outros 14% viram benef\u00edcio na redu\u00e7\u00e3o da concorr\u00eancia internacional. A pesquisa mostrou tamb\u00e9m que algumas empresas pretendem aumentar seus canais de venda atrav\u00e9s de franquias. Segundo Marcelo Cherto, presidente do Grupo Cherto, alguns clientes de sua consultoria que tinham planos de investir em lojas pr\u00f3prias ao longo de 2009, agora est\u00e3o incrementando as franquias.<\/p>\n","protected":false},"excerpt":{"rendered":"Uma pesquisa realizada pela Advance em parceria com o Grupo Cherto e a Escola Superior de Propaganda e Marketing (ESPM) sobre os impactos \n<a class=\"moretag\" href=\"https:\/\/www.aceguarulhos.com.br\/blog\/empres%c3%a1rios-opinam-crise-%c3%a9-grave\/\"> [...]<\/a>","protected":false},"author":8,"featured_media":0,"comment_status":"open","ping_status":"open","sticky":false,"template":"","format":"standard","meta":{"footnotes":""},"categories":[2],"tags":[],"class_list":["post-34236","post","type-post","status-publish","format-standard","hentry","category-noticias"],"yoast_head":"<!-- This site is optimized with the Yoast SEO plugin v28.1 - https:\/\/yoast.com\/product\/yoast-seo-wordpress\/ -->\n<title>Empres\u00e1rios opinam: crise \u00e9 grave - ACE-Guarulhos<\/title>\n<meta name=\"robots\" content=\"index, follow, max-snippet:-1, max-image-preview:large, max-video-preview:-1\" \/>\n<link rel=\"canonical\" href=\"https:\/\/www.aceguarulhos.com.br\/blog\/empres\u00e1rios-opinam-crise-\u00e9-grave\/\" \/>\n<meta property=\"og:locale\" content=\"pt_BR\" \/>\n<meta property=\"og:type\" content=\"article\" \/>\n<meta property=\"og:title\" content=\"Empres\u00e1rios opinam: crise \u00e9 grave - ACE-Guarulhos\" \/>\n<meta property=\"og:description\" content=\"Uma pesquisa realizada pela Advance em parceria com o Grupo Cherto e a Escola Superior de Propaganda e Marketing (ESPM) sobre os impactos\" \/>\n<meta property=\"og:url\" content=\"https:\/\/www.aceguarulhos.com.br\/blog\/empres\u00e1rios-opinam-crise-\u00e9-grave\/\" \/>\n<meta property=\"og:site_name\" content=\"ACE-Guarulhos\" \/>\n<meta property=\"article:publisher\" content=\"https:\/\/www.facebook.com\/aceguarulhos\/\" \/>\n<meta property=\"article:published_time\" content=\"2008-12-11T15:58:12+00:00\" \/>\n<meta name=\"author\" content=\"Assessoria de Imprensa ACE-Guarulhos\" \/>\n<meta name=\"twitter:card\" content=\"summary_large_image\" \/>\n<meta name=\"twitter:label1\" content=\"Escrito por\" \/>\n\t<meta name=\"twitter:data1\" content=\"Assessoria de Imprensa ACE-Guarulhos\" \/>\n\t<meta name=\"twitter:label2\" content=\"Est. tempo de leitura\" \/>\n\t<meta name=\"twitter:data2\" content=\"2 minutos\" \/>\n<script type=\"application\/ld+json\" class=\"yoast-schema-graph\">{\"@context\":\"https:\\\/\\\/schema.org\",\"@graph\":[{\"@type\":\"Article\",\"@id\":\"https:\\\/\\\/www.aceguarulhos.com.br\\\/blog\\\/empres%c3%a1rios-opinam-crise-%c3%a9-grave\\\/#article\",\"isPartOf\":{\"@id\":\"https:\\\/\\\/www.aceguarulhos.com.br\\\/blog\\\/empres%c3%a1rios-opinam-crise-%c3%a9-grave\\\/\"},\"author\":{\"name\":\"Assessoria de Imprensa ACE-Guarulhos\",\"@id\":\"https:\\\/\\\/www.aceguarulhos.com.br\\\/blog\\\/#\\\/schema\\\/person\\\/6983b51bad37489989e4f09698c26237\"},\"headline\":\"Empres\u00e1rios opinam: crise \u00e9 grave\",\"datePublished\":\"2008-12-11T15:58:12+00:00\",\"mainEntityOfPage\":{\"@id\":\"https:\\\/\\\/www.aceguarulhos.com.br\\\/blog\\\/empres%c3%a1rios-opinam-crise-%c3%a9-grave\\\/\"},\"wordCount\":411,\"commentCount\":0,\"publisher\":{\"@id\":\"https:\\\/\\\/www.aceguarulhos.com.br\\\/blog\\\/#organization\"},\"articleSection\":[\"Not\u00edcias\"],\"inLanguage\":\"pt-BR\"},{\"@type\":\"WebPage\",\"@id\":\"https:\\\/\\\/www.aceguarulhos.com.br\\\/blog\\\/empres%c3%a1rios-opinam-crise-%c3%a9-grave\\\/\",\"url\":\"https:\\\/\\\/www.aceguarulhos.com.br\\\/blog\\\/empres%c3%a1rios-opinam-crise-%c3%a9-grave\\\/\",\"name\":\"Empres\u00e1rios opinam: crise \u00e9 grave - ACE-Guarulhos\",\"isPartOf\":{\"@id\":\"https:\\\/\\\/www.aceguarulhos.com.br\\\/blog\\\/#website\"},\"datePublished\":\"2008-12-11T15:58:12+00:00\",\"breadcrumb\":{\"@id\":\"https:\\\/\\\/www.aceguarulhos.com.br\\\/blog\\\/empres%c3%a1rios-opinam-crise-%c3%a9-grave\\\/#breadcrumb\"},\"inLanguage\":\"pt-BR\",\"potentialAction\":[{\"@type\":\"ReadAction\",\"target\":[\"https:\\\/\\\/www.aceguarulhos.com.br\\\/blog\\\/empres%c3%a1rios-opinam-crise-%c3%a9-grave\\\/\"]}]},{\"@type\":\"BreadcrumbList\",\"@id\":\"https:\\\/\\\/www.aceguarulhos.com.br\\\/blog\\\/empres%c3%a1rios-opinam-crise-%c3%a9-grave\\\/#breadcrumb\",\"itemListElement\":[{\"@type\":\"ListItem\",\"position\":1,\"name\":\"In\u00edcio\",\"item\":\"https:\\\/\\\/www.aceguarulhos.com.br\\\/blog\\\/\"},{\"@type\":\"ListItem\",\"position\":2,\"name\":\"Empres\u00e1rios opinam: crise \u00e9 grave\"}]},{\"@type\":\"WebSite\",\"@id\":\"https:\\\/\\\/www.aceguarulhos.com.br\\\/blog\\\/#website\",\"url\":\"https:\\\/\\\/www.aceguarulhos.com.br\\\/blog\\\/\",\"name\":\"ACE-Guarulhos\",\"description\":\"A ACE-Guarulhos \u00e9 uma associa\u00e7\u00e3o que ap\u00f3ia os empres\u00e1rios guarulhenses atrav\u00e9s da representa\u00e7\u00e3o, da gera\u00e7\u00e3o de neg\u00f3cios e presta\u00e7\u00e3o de servi\u00e7os.\",\"publisher\":{\"@id\":\"https:\\\/\\\/www.aceguarulhos.com.br\\\/blog\\\/#organization\"},\"potentialAction\":[{\"@type\":\"SearchAction\",\"target\":{\"@type\":\"EntryPoint\",\"urlTemplate\":\"https:\\\/\\\/www.aceguarulhos.com.br\\\/blog\\\/?s={search_term_string}\"},\"query-input\":{\"@type\":\"PropertyValueSpecification\",\"valueRequired\":true,\"valueName\":\"search_term_string\"}}],\"inLanguage\":\"pt-BR\"},{\"@type\":\"Organization\",\"@id\":\"https:\\\/\\\/www.aceguarulhos.com.br\\\/blog\\\/#organization\",\"name\":\"ACE-Guarulhos\",\"url\":\"https:\\\/\\\/www.aceguarulhos.com.br\\\/blog\\\/\",\"logo\":{\"@type\":\"ImageObject\",\"inLanguage\":\"pt-BR\",\"@id\":\"https:\\\/\\\/www.aceguarulhos.com.br\\\/blog\\\/#\\\/schema\\\/logo\\\/image\\\/\",\"url\":\"https:\\\/\\\/www.aceguarulhos.com.br\\\/blog\\\/wp-content\\\/uploads\\\/2017\\\/12\\\/logo-aceguarulhos-2018.png\",\"contentUrl\":\"https:\\\/\\\/www.aceguarulhos.com.br\\\/blog\\\/wp-content\\\/uploads\\\/2017\\\/12\\\/logo-aceguarulhos-2018.png\",\"width\":419,\"height\":76,\"caption\":\"ACE-Guarulhos\"},\"image\":{\"@id\":\"https:\\\/\\\/www.aceguarulhos.com.br\\\/blog\\\/#\\\/schema\\\/logo\\\/image\\\/\"},\"sameAs\":[\"https:\\\/\\\/www.facebook.com\\\/aceguarulhos\\\/\",\"https:\\\/\\\/br.linkedin.com\\\/in\\\/ace-guarulhos-b9a97093\",\"https:\\\/\\\/www.youtube.com\\\/user\\\/aceguarulhos\"]},{\"@type\":\"Person\",\"@id\":\"https:\\\/\\\/www.aceguarulhos.com.br\\\/blog\\\/#\\\/schema\\\/person\\\/6983b51bad37489989e4f09698c26237\",\"name\":\"Assessoria de Imprensa ACE-Guarulhos\",\"image\":{\"@type\":\"ImageObject\",\"inLanguage\":\"pt-BR\",\"@id\":\"https:\\\/\\\/secure.gravatar.com\\\/avatar\\\/707f3fadd6918afeb64173ab22d8a8cb0676953098a4f31ff36dc2b4c699ef6a?s=96&d=mm&r=g\",\"url\":\"https:\\\/\\\/secure.gravatar.com\\\/avatar\\\/707f3fadd6918afeb64173ab22d8a8cb0676953098a4f31ff36dc2b4c699ef6a?s=96&d=mm&r=g\",\"contentUrl\":\"https:\\\/\\\/secure.gravatar.com\\\/avatar\\\/707f3fadd6918afeb64173ab22d8a8cb0676953098a4f31ff36dc2b4c699ef6a?s=96&d=mm&r=g\",\"caption\":\"Assessoria de Imprensa ACE-Guarulhos\"},\"url\":\"https:\\\/\\\/www.aceguarulhos.com.br\\\/blog\\\/author\\\/assessoria-de-imprensa-ace-guarulhos\\\/\"}]}<\/script>\n<!-- \/ Yoast SEO plugin. -->","yoast_head_json":{"title":"Empres\u00e1rios opinam: crise \u00e9 grave - ACE-Guarulhos","robots":{"index":"index","follow":"follow","max-snippet":"max-snippet:-1","max-image-preview":"max-image-preview:large","max-video-preview":"max-video-preview:-1"},"canonical":"https:\/\/www.aceguarulhos.com.br\/blog\/empres\u00e1rios-opinam-crise-\u00e9-grave\/","og_locale":"pt_BR","og_type":"article","og_title":"Empres\u00e1rios opinam: crise \u00e9 grave - ACE-Guarulhos","og_description":"Uma pesquisa realizada pela Advance em parceria com o Grupo Cherto e a Escola Superior de Propaganda e Marketing (ESPM) sobre os impactos","og_url":"https:\/\/www.aceguarulhos.com.br\/blog\/empres\u00e1rios-opinam-crise-\u00e9-grave\/","og_site_name":"ACE-Guarulhos","article_publisher":"https:\/\/www.facebook.com\/aceguarulhos\/","article_published_time":"2008-12-11T15:58:12+00:00","author":"Assessoria de Imprensa ACE-Guarulhos","twitter_card":"summary_large_image","twitter_misc":{"Escrito por":"Assessoria de Imprensa ACE-Guarulhos","Est. tempo de leitura":"2 minutos"},"schema":{"@context":"https:\/\/schema.org","@graph":[{"@type":"Article","@id":"https:\/\/www.aceguarulhos.com.br\/blog\/empres%c3%a1rios-opinam-crise-%c3%a9-grave\/#article","isPartOf":{"@id":"https:\/\/www.aceguarulhos.com.br\/blog\/empres%c3%a1rios-opinam-crise-%c3%a9-grave\/"},"author":{"name":"Assessoria de Imprensa ACE-Guarulhos","@id":"https:\/\/www.aceguarulhos.com.br\/blog\/#\/schema\/person\/6983b51bad37489989e4f09698c26237"},"headline":"Empres\u00e1rios opinam: crise \u00e9 grave","datePublished":"2008-12-11T15:58:12+00:00","mainEntityOfPage":{"@id":"https:\/\/www.aceguarulhos.com.br\/blog\/empres%c3%a1rios-opinam-crise-%c3%a9-grave\/"},"wordCount":411,"commentCount":0,"publisher":{"@id":"https:\/\/www.aceguarulhos.com.br\/blog\/#organization"},"articleSection":["Not\u00edcias"],"inLanguage":"pt-BR"},{"@type":"WebPage","@id":"https:\/\/www.aceguarulhos.com.br\/blog\/empres%c3%a1rios-opinam-crise-%c3%a9-grave\/","url":"https:\/\/www.aceguarulhos.com.br\/blog\/empres%c3%a1rios-opinam-crise-%c3%a9-grave\/","name":"Empres\u00e1rios opinam: crise \u00e9 grave - ACE-Guarulhos","isPartOf":{"@id":"https:\/\/www.aceguarulhos.com.br\/blog\/#website"},"datePublished":"2008-12-11T15:58:12+00:00","breadcrumb":{"@id":"https:\/\/www.aceguarulhos.com.br\/blog\/empres%c3%a1rios-opinam-crise-%c3%a9-grave\/#breadcrumb"},"inLanguage":"pt-BR","potentialAction":[{"@type":"ReadAction","target":["https:\/\/www.aceguarulhos.com.br\/blog\/empres%c3%a1rios-opinam-crise-%c3%a9-grave\/"]}]},{"@type":"BreadcrumbList","@id":"https:\/\/www.aceguarulhos.com.br\/blog\/empres%c3%a1rios-opinam-crise-%c3%a9-grave\/#breadcrumb","itemListElement":[{"@type":"ListItem","position":1,"name":"In\u00edcio","item":"https:\/\/www.aceguarulhos.com.br\/blog\/"},{"@type":"ListItem","position":2,"name":"Empres\u00e1rios opinam: crise \u00e9 grave"}]},{"@type":"WebSite","@id":"https:\/\/www.aceguarulhos.com.br\/blog\/#website","url":"https:\/\/www.aceguarulhos.com.br\/blog\/","name":"ACE-Guarulhos","description":"A ACE-Guarulhos \u00e9 uma associa\u00e7\u00e3o que ap\u00f3ia os empres\u00e1rios guarulhenses atrav\u00e9s da representa\u00e7\u00e3o, da gera\u00e7\u00e3o de neg\u00f3cios e presta\u00e7\u00e3o de servi\u00e7os.","publisher":{"@id":"https:\/\/www.aceguarulhos.com.br\/blog\/#organization"},"potentialAction":[{"@type":"SearchAction","target":{"@type":"EntryPoint","urlTemplate":"https:\/\/www.aceguarulhos.com.br\/blog\/?s={search_term_string}"},"query-input":{"@type":"PropertyValueSpecification","valueRequired":true,"valueName":"search_term_string"}}],"inLanguage":"pt-BR"},{"@type":"Organization","@id":"https:\/\/www.aceguarulhos.com.br\/blog\/#organization","name":"ACE-Guarulhos","url":"https:\/\/www.aceguarulhos.com.br\/blog\/","logo":{"@type":"ImageObject","inLanguage":"pt-BR","@id":"https:\/\/www.aceguarulhos.com.br\/blog\/#\/schema\/logo\/image\/","url":"https:\/\/www.aceguarulhos.com.br\/blog\/wp-content\/uploads\/2017\/12\/logo-aceguarulhos-2018.png","contentUrl":"https:\/\/www.aceguarulhos.com.br\/blog\/wp-content\/uploads\/2017\/12\/logo-aceguarulhos-2018.png","width":419,"height":76,"caption":"ACE-Guarulhos"},"image":{"@id":"https:\/\/www.aceguarulhos.com.br\/blog\/#\/schema\/logo\/image\/"},"sameAs":["https:\/\/www.facebook.com\/aceguarulhos\/","https:\/\/br.linkedin.com\/in\/ace-guarulhos-b9a97093","https:\/\/www.youtube.com\/user\/aceguarulhos"]},{"@type":"Person","@id":"https:\/\/www.aceguarulhos.com.br\/blog\/#\/schema\/person\/6983b51bad37489989e4f09698c26237","name":"Assessoria de Imprensa ACE-Guarulhos","image":{"@type":"ImageObject","inLanguage":"pt-BR","@id":"https:\/\/secure.gravatar.com\/avatar\/707f3fadd6918afeb64173ab22d8a8cb0676953098a4f31ff36dc2b4c699ef6a?s=96&d=mm&r=g","url":"https:\/\/secure.gravatar.com\/avatar\/707f3fadd6918afeb64173ab22d8a8cb0676953098a4f31ff36dc2b4c699ef6a?s=96&d=mm&r=g","contentUrl":"https:\/\/secure.gravatar.com\/avatar\/707f3fadd6918afeb64173ab22d8a8cb0676953098a4f31ff36dc2b4c699ef6a?s=96&d=mm&r=g","caption":"Assessoria de Imprensa ACE-Guarulhos"},"url":"https:\/\/www.aceguarulhos.com.br\/blog\/author\/assessoria-de-imprensa-ace-guarulhos\/"}]}},"wps_subtitle":"","amp_enabled":true,"_links":{"self":[{"href":"https:\/\/www.aceguarulhos.com.br\/blog\/wp-json\/wp\/v2\/posts\/34236","targetHints":{"allow":["GET"]}}],"collection":[{"href":"https:\/\/www.aceguarulhos.com.br\/blog\/wp-json\/wp\/v2\/posts"}],"about":[{"href":"https:\/\/www.aceguarulhos.com.br\/blog\/wp-json\/wp\/v2\/types\/post"}],"author":[{"embeddable":true,"href":"https:\/\/www.aceguarulhos.com.br\/blog\/wp-json\/wp\/v2\/users\/8"}],"replies":[{"embeddable":true,"href":"https:\/\/www.aceguarulhos.com.br\/blog\/wp-json\/wp\/v2\/comments?post=34236"}],"version-history":[{"count":0,"href":"https:\/\/www.aceguarulhos.com.br\/blog\/wp-json\/wp\/v2\/posts\/34236\/revisions"}],"wp:attachment":[{"href":"https:\/\/www.aceguarulhos.com.br\/blog\/wp-json\/wp\/v2\/media?parent=34236"}],"wp:term":[{"taxonomy":"category","embeddable":true,"href":"https:\/\/www.aceguarulhos.com.br\/blog\/wp-json\/wp\/v2\/categories?post=34236"},{"taxonomy":"post_tag","embeddable":true,"href":"https:\/\/www.aceguarulhos.com.br\/blog\/wp-json\/wp\/v2\/tags?post=34236"}],"curies":[{"name":"wp","href":"https:\/\/api.w.org\/{rel}","templated":true}]}}