{"id":34206,"date":"2008-12-03T12:18:28","date_gmt":"2008-12-03T12:18:28","guid":{"rendered":"http:\/\/www.aceguarulhos.com.br\/blog\/?p=34206"},"modified":"-0001-11-30T00:00:00","modified_gmt":"-0001-11-30T03:00:00","slug":"prefeitura-inicia-comemora%c3%a7%c3%b5es-dos-448-anos-da-cidade","status":"publish","type":"post","link":"https:\/\/www.aceguarulhos.com.br\/blog\/prefeitura-inicia-comemora%c3%a7%c3%b5es-dos-448-anos-da-cidade\/","title":{"rendered":"Prefeitura inicia comemora\u00e7\u00f5es dos 448 anos da cidade"},"content":{"rendered":"<p>A Prefeitura de Guarulhos iniciou as comemora\u00e7\u00f5es do 448\u00ba anivers\u00e1rio da cidade, celebrado no pr\u00f3ximo dia 8, com a entrega de 25 viaturas \u00e0 Guarda Civil Municipal, na manh\u00e3 de ter\u00e7a-feira, 2, no Pa\u00e7o Municipal, no Bom Clima. Para esta quarta-feira, dia 3,&nbsp; acontece a entrega da creche, pr\u00e9-escola, escola de educa\u00e7\u00e3o fundamental e quadra na Cidade Soimco (rua Pedra Lavada, s\/n\u00ba), com o evento musical programado para come\u00e7ar \u00e0s 19 horas, na rua Sebasti\u00e3o Walter Fusco, ao lado da pra\u00e7a Armando Bergo.<\/p>\n<p>Al\u00e9m da GCM receber os novos ve\u00edculos, a solenidade contou com apresenta\u00e7\u00f5es de dan\u00e7a, canto, gin\u00e1stica acrob\u00e1tica, pista de agility (esp\u00e9cie de corrida de obst\u00e1culos para cachorro) com a exibi\u00e7\u00e3o de um c\u00e3o da ra\u00e7a border colie, adestrado pelo canil da GCM.<br \/>&nbsp;<br \/>O evento contou com a presen\u00e7a do prefeito El\u00f3i Piet\u00e1, do prefeito eleito Sebasti\u00e3o Almeida e de todos os secret\u00e1rios municipais. Segundo Piet\u00e1, a aquisi\u00e7\u00e3o dos novos ve\u00edculos vai refor\u00e7ar o patrulhamento na cidade. \u201cA GCM est\u00e1 fazendo um trabalho importante em Guarulhos. Nos \u00faltimos oito anos a criminalidade relacionada a homic\u00eddios caiu quase 50% na regi\u00e3o dos Pimentas, e a aquisi\u00e7\u00e3o dessas viaturas vai refor\u00e7ar a amplia\u00e7\u00e3o desse trabalho\u201d, declarou.<\/p>\n<p>O secret\u00e1rio de Seguran\u00e7a P\u00fablica, J\u00e2nio Vendramini, disse que a iniciativa \u00e9 resultado de importantes parcerias entre o governo federal e o munic\u00edpio. \u201cO Programa Nacional de Seguran\u00e7a P\u00fablica com Cidadania (Pronasci), do Minist\u00e9rio da Justi\u00e7a, investiu 80% dos recursos para a compra das viaturas. Adquirimos ainda 11 motocicletas, 60 r\u00e1dios transmissores, 30 bicicletas, computadores e mobili\u00e1rios. Jamais ter\u00edamos tanto sucesso nessas a\u00e7\u00f5es sem o apoio federal\u201d, ressaltou.<\/p>\n<p>A banda da GCM animou a festa sob reg\u00eancia do maestro Marcelo Mendon\u00e7a, que est\u00e1 na dire\u00e7\u00e3o musical desde agosto de 2007. Para Mendon\u00e7a, a m\u00fasica aproxima as pessoas. \u201cA banda aumenta o la\u00e7o entre a comunidade e a Guarda Civil Municipal. As pessoas perdem o receio de se aproximar e se interessam pelo nosso trabalho. Isso tamb\u00e9m aumenta o acesso \u00e0 musica cl\u00e1ssica e leva outros repert\u00f3rios para a popula\u00e7\u00e3o\u201d, afirmou.<\/p>\n<p>Ap\u00f3s a entrega simb\u00f3lica da chave dos novos carros, o prefeito puxou a fila em um comboio de viaturas da GCM que percorreu ruas do centro da cidade. <\/p>\n","protected":false},"excerpt":{"rendered":"A Prefeitura de Guarulhos iniciou as comemora\u00e7\u00f5es do 448\u00ba anivers\u00e1rio da cidade, celebrado no pr\u00f3ximo dia 8, com a entrega de 25 viaturas \n<a class=\"moretag\" href=\"https:\/\/www.aceguarulhos.com.br\/blog\/prefeitura-inicia-comemora%c3%a7%c3%b5es-dos-448-anos-da-cidade\/\"> [...]<\/a>","protected":false},"author":8,"featured_media":0,"comment_status":"open","ping_status":"open","sticky":false,"template":"","format":"standard","meta":{"footnotes":""},"categories":[2],"tags":[],"class_list":["post-34206","post","type-post","status-publish","format-standard","hentry","category-noticias"],"yoast_head":"<!-- This site is optimized with the Yoast SEO plugin v28.1 - https:\/\/yoast.com\/product\/yoast-seo-wordpress\/ -->\n<title>Prefeitura inicia comemora\u00e7\u00f5es dos 448 anos da cidade - ACE-Guarulhos<\/title>\n<meta name=\"robots\" content=\"index, follow, max-snippet:-1, max-image-preview:large, max-video-preview:-1\" \/>\n<link rel=\"canonical\" href=\"https:\/\/www.aceguarulhos.com.br\/blog\/prefeitura-inicia-comemora\u00e7\u00f5es-dos-448-anos-da-cidade\/\" \/>\n<meta property=\"og:locale\" content=\"pt_BR\" \/>\n<meta property=\"og:type\" content=\"article\" \/>\n<meta property=\"og:title\" content=\"Prefeitura inicia comemora\u00e7\u00f5es dos 448 anos da cidade - ACE-Guarulhos\" \/>\n<meta property=\"og:description\" content=\"A Prefeitura de Guarulhos iniciou as comemora\u00e7\u00f5es do 448\u00ba anivers\u00e1rio da cidade, celebrado no pr\u00f3ximo dia 8, com a entrega de 25 viaturas\" \/>\n<meta property=\"og:url\" content=\"https:\/\/www.aceguarulhos.com.br\/blog\/prefeitura-inicia-comemora\u00e7\u00f5es-dos-448-anos-da-cidade\/\" \/>\n<meta property=\"og:site_name\" content=\"ACE-Guarulhos\" \/>\n<meta property=\"article:publisher\" content=\"https:\/\/www.facebook.com\/aceguarulhos\/\" \/>\n<meta property=\"article:published_time\" content=\"2008-12-03T12:18:28+00:00\" \/>\n<meta name=\"author\" content=\"Assessoria de Imprensa ACE-Guarulhos\" \/>\n<meta name=\"twitter:card\" content=\"summary_large_image\" \/>\n<meta name=\"twitter:label1\" content=\"Escrito por\" \/>\n\t<meta name=\"twitter:data1\" content=\"Assessoria de Imprensa ACE-Guarulhos\" \/>\n\t<meta name=\"twitter:label2\" content=\"Est. tempo de leitura\" \/>\n\t<meta name=\"twitter:data2\" content=\"2 minutos\" \/>\n<script type=\"application\/ld+json\" class=\"yoast-schema-graph\">{\"@context\":\"https:\\\/\\\/schema.org\",\"@graph\":[{\"@type\":\"Article\",\"@id\":\"https:\\\/\\\/www.aceguarulhos.com.br\\\/blog\\\/prefeitura-inicia-comemora%c3%a7%c3%b5es-dos-448-anos-da-cidade\\\/#article\",\"isPartOf\":{\"@id\":\"https:\\\/\\\/www.aceguarulhos.com.br\\\/blog\\\/prefeitura-inicia-comemora%c3%a7%c3%b5es-dos-448-anos-da-cidade\\\/\"},\"author\":{\"name\":\"Assessoria de Imprensa ACE-Guarulhos\",\"@id\":\"https:\\\/\\\/www.aceguarulhos.com.br\\\/blog\\\/#\\\/schema\\\/person\\\/6983b51bad37489989e4f09698c26237\"},\"headline\":\"Prefeitura inicia comemora\u00e7\u00f5es dos 448 anos da cidade\",\"datePublished\":\"2008-12-03T12:18:28+00:00\",\"mainEntityOfPage\":{\"@id\":\"https:\\\/\\\/www.aceguarulhos.com.br\\\/blog\\\/prefeitura-inicia-comemora%c3%a7%c3%b5es-dos-448-anos-da-cidade\\\/\"},\"wordCount\":418,\"commentCount\":0,\"publisher\":{\"@id\":\"https:\\\/\\\/www.aceguarulhos.com.br\\\/blog\\\/#organization\"},\"articleSection\":[\"Not\u00edcias\"],\"inLanguage\":\"pt-BR\"},{\"@type\":\"WebPage\",\"@id\":\"https:\\\/\\\/www.aceguarulhos.com.br\\\/blog\\\/prefeitura-inicia-comemora%c3%a7%c3%b5es-dos-448-anos-da-cidade\\\/\",\"url\":\"https:\\\/\\\/www.aceguarulhos.com.br\\\/blog\\\/prefeitura-inicia-comemora%c3%a7%c3%b5es-dos-448-anos-da-cidade\\\/\",\"name\":\"Prefeitura inicia comemora\u00e7\u00f5es dos 448 anos da cidade - ACE-Guarulhos\",\"isPartOf\":{\"@id\":\"https:\\\/\\\/www.aceguarulhos.com.br\\\/blog\\\/#website\"},\"datePublished\":\"2008-12-03T12:18:28+00:00\",\"breadcrumb\":{\"@id\":\"https:\\\/\\\/www.aceguarulhos.com.br\\\/blog\\\/prefeitura-inicia-comemora%c3%a7%c3%b5es-dos-448-anos-da-cidade\\\/#breadcrumb\"},\"inLanguage\":\"pt-BR\",\"potentialAction\":[{\"@type\":\"ReadAction\",\"target\":[\"https:\\\/\\\/www.aceguarulhos.com.br\\\/blog\\\/prefeitura-inicia-comemora%c3%a7%c3%b5es-dos-448-anos-da-cidade\\\/\"]}]},{\"@type\":\"BreadcrumbList\",\"@id\":\"https:\\\/\\\/www.aceguarulhos.com.br\\\/blog\\\/prefeitura-inicia-comemora%c3%a7%c3%b5es-dos-448-anos-da-cidade\\\/#breadcrumb\",\"itemListElement\":[{\"@type\":\"ListItem\",\"position\":1,\"name\":\"In\u00edcio\",\"item\":\"https:\\\/\\\/www.aceguarulhos.com.br\\\/blog\\\/\"},{\"@type\":\"ListItem\",\"position\":2,\"name\":\"Prefeitura inicia comemora\u00e7\u00f5es dos 448 anos da cidade\"}]},{\"@type\":\"WebSite\",\"@id\":\"https:\\\/\\\/www.aceguarulhos.com.br\\\/blog\\\/#website\",\"url\":\"https:\\\/\\\/www.aceguarulhos.com.br\\\/blog\\\/\",\"name\":\"ACE-Guarulhos\",\"description\":\"A ACE-Guarulhos \u00e9 uma associa\u00e7\u00e3o que ap\u00f3ia os empres\u00e1rios guarulhenses atrav\u00e9s da representa\u00e7\u00e3o, da gera\u00e7\u00e3o de neg\u00f3cios e presta\u00e7\u00e3o de servi\u00e7os.\",\"publisher\":{\"@id\":\"https:\\\/\\\/www.aceguarulhos.com.br\\\/blog\\\/#organization\"},\"potentialAction\":[{\"@type\":\"SearchAction\",\"target\":{\"@type\":\"EntryPoint\",\"urlTemplate\":\"https:\\\/\\\/www.aceguarulhos.com.br\\\/blog\\\/?s={search_term_string}\"},\"query-input\":{\"@type\":\"PropertyValueSpecification\",\"valueRequired\":true,\"valueName\":\"search_term_string\"}}],\"inLanguage\":\"pt-BR\"},{\"@type\":\"Organization\",\"@id\":\"https:\\\/\\\/www.aceguarulhos.com.br\\\/blog\\\/#organization\",\"name\":\"ACE-Guarulhos\",\"url\":\"https:\\\/\\\/www.aceguarulhos.com.br\\\/blog\\\/\",\"logo\":{\"@type\":\"ImageObject\",\"inLanguage\":\"pt-BR\",\"@id\":\"https:\\\/\\\/www.aceguarulhos.com.br\\\/blog\\\/#\\\/schema\\\/logo\\\/image\\\/\",\"url\":\"https:\\\/\\\/www.aceguarulhos.com.br\\\/blog\\\/wp-content\\\/uploads\\\/2017\\\/12\\\/logo-aceguarulhos-2018.png\",\"contentUrl\":\"https:\\\/\\\/www.aceguarulhos.com.br\\\/blog\\\/wp-content\\\/uploads\\\/2017\\\/12\\\/logo-aceguarulhos-2018.png\",\"width\":419,\"height\":76,\"caption\":\"ACE-Guarulhos\"},\"image\":{\"@id\":\"https:\\\/\\\/www.aceguarulhos.com.br\\\/blog\\\/#\\\/schema\\\/logo\\\/image\\\/\"},\"sameAs\":[\"https:\\\/\\\/www.facebook.com\\\/aceguarulhos\\\/\",\"https:\\\/\\\/br.linkedin.com\\\/in\\\/ace-guarulhos-b9a97093\",\"https:\\\/\\\/www.youtube.com\\\/user\\\/aceguarulhos\"]},{\"@type\":\"Person\",\"@id\":\"https:\\\/\\\/www.aceguarulhos.com.br\\\/blog\\\/#\\\/schema\\\/person\\\/6983b51bad37489989e4f09698c26237\",\"name\":\"Assessoria de Imprensa ACE-Guarulhos\",\"image\":{\"@type\":\"ImageObject\",\"inLanguage\":\"pt-BR\",\"@id\":\"https:\\\/\\\/secure.gravatar.com\\\/avatar\\\/707f3fadd6918afeb64173ab22d8a8cb0676953098a4f31ff36dc2b4c699ef6a?s=96&d=mm&r=g\",\"url\":\"https:\\\/\\\/secure.gravatar.com\\\/avatar\\\/707f3fadd6918afeb64173ab22d8a8cb0676953098a4f31ff36dc2b4c699ef6a?s=96&d=mm&r=g\",\"contentUrl\":\"https:\\\/\\\/secure.gravatar.com\\\/avatar\\\/707f3fadd6918afeb64173ab22d8a8cb0676953098a4f31ff36dc2b4c699ef6a?s=96&d=mm&r=g\",\"caption\":\"Assessoria de Imprensa ACE-Guarulhos\"},\"url\":\"https:\\\/\\\/www.aceguarulhos.com.br\\\/blog\\\/author\\\/assessoria-de-imprensa-ace-guarulhos\\\/\"}]}<\/script>\n<!-- \/ Yoast SEO plugin. -->","yoast_head_json":{"title":"Prefeitura inicia comemora\u00e7\u00f5es dos 448 anos da cidade - ACE-Guarulhos","robots":{"index":"index","follow":"follow","max-snippet":"max-snippet:-1","max-image-preview":"max-image-preview:large","max-video-preview":"max-video-preview:-1"},"canonical":"https:\/\/www.aceguarulhos.com.br\/blog\/prefeitura-inicia-comemora\u00e7\u00f5es-dos-448-anos-da-cidade\/","og_locale":"pt_BR","og_type":"article","og_title":"Prefeitura inicia comemora\u00e7\u00f5es dos 448 anos da cidade - ACE-Guarulhos","og_description":"A Prefeitura de Guarulhos iniciou as comemora\u00e7\u00f5es do 448\u00ba anivers\u00e1rio da cidade, celebrado no pr\u00f3ximo dia 8, com a entrega de 25 viaturas","og_url":"https:\/\/www.aceguarulhos.com.br\/blog\/prefeitura-inicia-comemora\u00e7\u00f5es-dos-448-anos-da-cidade\/","og_site_name":"ACE-Guarulhos","article_publisher":"https:\/\/www.facebook.com\/aceguarulhos\/","article_published_time":"2008-12-03T12:18:28+00:00","author":"Assessoria de Imprensa ACE-Guarulhos","twitter_card":"summary_large_image","twitter_misc":{"Escrito por":"Assessoria de Imprensa ACE-Guarulhos","Est. tempo de leitura":"2 minutos"},"schema":{"@context":"https:\/\/schema.org","@graph":[{"@type":"Article","@id":"https:\/\/www.aceguarulhos.com.br\/blog\/prefeitura-inicia-comemora%c3%a7%c3%b5es-dos-448-anos-da-cidade\/#article","isPartOf":{"@id":"https:\/\/www.aceguarulhos.com.br\/blog\/prefeitura-inicia-comemora%c3%a7%c3%b5es-dos-448-anos-da-cidade\/"},"author":{"name":"Assessoria de Imprensa ACE-Guarulhos","@id":"https:\/\/www.aceguarulhos.com.br\/blog\/#\/schema\/person\/6983b51bad37489989e4f09698c26237"},"headline":"Prefeitura inicia comemora\u00e7\u00f5es dos 448 anos da cidade","datePublished":"2008-12-03T12:18:28+00:00","mainEntityOfPage":{"@id":"https:\/\/www.aceguarulhos.com.br\/blog\/prefeitura-inicia-comemora%c3%a7%c3%b5es-dos-448-anos-da-cidade\/"},"wordCount":418,"commentCount":0,"publisher":{"@id":"https:\/\/www.aceguarulhos.com.br\/blog\/#organization"},"articleSection":["Not\u00edcias"],"inLanguage":"pt-BR"},{"@type":"WebPage","@id":"https:\/\/www.aceguarulhos.com.br\/blog\/prefeitura-inicia-comemora%c3%a7%c3%b5es-dos-448-anos-da-cidade\/","url":"https:\/\/www.aceguarulhos.com.br\/blog\/prefeitura-inicia-comemora%c3%a7%c3%b5es-dos-448-anos-da-cidade\/","name":"Prefeitura inicia comemora\u00e7\u00f5es dos 448 anos da cidade - ACE-Guarulhos","isPartOf":{"@id":"https:\/\/www.aceguarulhos.com.br\/blog\/#website"},"datePublished":"2008-12-03T12:18:28+00:00","breadcrumb":{"@id":"https:\/\/www.aceguarulhos.com.br\/blog\/prefeitura-inicia-comemora%c3%a7%c3%b5es-dos-448-anos-da-cidade\/#breadcrumb"},"inLanguage":"pt-BR","potentialAction":[{"@type":"ReadAction","target":["https:\/\/www.aceguarulhos.com.br\/blog\/prefeitura-inicia-comemora%c3%a7%c3%b5es-dos-448-anos-da-cidade\/"]}]},{"@type":"BreadcrumbList","@id":"https:\/\/www.aceguarulhos.com.br\/blog\/prefeitura-inicia-comemora%c3%a7%c3%b5es-dos-448-anos-da-cidade\/#breadcrumb","itemListElement":[{"@type":"ListItem","position":1,"name":"In\u00edcio","item":"https:\/\/www.aceguarulhos.com.br\/blog\/"},{"@type":"ListItem","position":2,"name":"Prefeitura inicia comemora\u00e7\u00f5es dos 448 anos da cidade"}]},{"@type":"WebSite","@id":"https:\/\/www.aceguarulhos.com.br\/blog\/#website","url":"https:\/\/www.aceguarulhos.com.br\/blog\/","name":"ACE-Guarulhos","description":"A ACE-Guarulhos \u00e9 uma associa\u00e7\u00e3o que ap\u00f3ia os empres\u00e1rios guarulhenses atrav\u00e9s da representa\u00e7\u00e3o, da gera\u00e7\u00e3o de neg\u00f3cios e presta\u00e7\u00e3o de servi\u00e7os.","publisher":{"@id":"https:\/\/www.aceguarulhos.com.br\/blog\/#organization"},"potentialAction":[{"@type":"SearchAction","target":{"@type":"EntryPoint","urlTemplate":"https:\/\/www.aceguarulhos.com.br\/blog\/?s={search_term_string}"},"query-input":{"@type":"PropertyValueSpecification","valueRequired":true,"valueName":"search_term_string"}}],"inLanguage":"pt-BR"},{"@type":"Organization","@id":"https:\/\/www.aceguarulhos.com.br\/blog\/#organization","name":"ACE-Guarulhos","url":"https:\/\/www.aceguarulhos.com.br\/blog\/","logo":{"@type":"ImageObject","inLanguage":"pt-BR","@id":"https:\/\/www.aceguarulhos.com.br\/blog\/#\/schema\/logo\/image\/","url":"https:\/\/www.aceguarulhos.com.br\/blog\/wp-content\/uploads\/2017\/12\/logo-aceguarulhos-2018.png","contentUrl":"https:\/\/www.aceguarulhos.com.br\/blog\/wp-content\/uploads\/2017\/12\/logo-aceguarulhos-2018.png","width":419,"height":76,"caption":"ACE-Guarulhos"},"image":{"@id":"https:\/\/www.aceguarulhos.com.br\/blog\/#\/schema\/logo\/image\/"},"sameAs":["https:\/\/www.facebook.com\/aceguarulhos\/","https:\/\/br.linkedin.com\/in\/ace-guarulhos-b9a97093","https:\/\/www.youtube.com\/user\/aceguarulhos"]},{"@type":"Person","@id":"https:\/\/www.aceguarulhos.com.br\/blog\/#\/schema\/person\/6983b51bad37489989e4f09698c26237","name":"Assessoria de Imprensa ACE-Guarulhos","image":{"@type":"ImageObject","inLanguage":"pt-BR","@id":"https:\/\/secure.gravatar.com\/avatar\/707f3fadd6918afeb64173ab22d8a8cb0676953098a4f31ff36dc2b4c699ef6a?s=96&d=mm&r=g","url":"https:\/\/secure.gravatar.com\/avatar\/707f3fadd6918afeb64173ab22d8a8cb0676953098a4f31ff36dc2b4c699ef6a?s=96&d=mm&r=g","contentUrl":"https:\/\/secure.gravatar.com\/avatar\/707f3fadd6918afeb64173ab22d8a8cb0676953098a4f31ff36dc2b4c699ef6a?s=96&d=mm&r=g","caption":"Assessoria de Imprensa ACE-Guarulhos"},"url":"https:\/\/www.aceguarulhos.com.br\/blog\/author\/assessoria-de-imprensa-ace-guarulhos\/"}]}},"wps_subtitle":"","amp_enabled":true,"_links":{"self":[{"href":"https:\/\/www.aceguarulhos.com.br\/blog\/wp-json\/wp\/v2\/posts\/34206","targetHints":{"allow":["GET"]}}],"collection":[{"href":"https:\/\/www.aceguarulhos.com.br\/blog\/wp-json\/wp\/v2\/posts"}],"about":[{"href":"https:\/\/www.aceguarulhos.com.br\/blog\/wp-json\/wp\/v2\/types\/post"}],"author":[{"embeddable":true,"href":"https:\/\/www.aceguarulhos.com.br\/blog\/wp-json\/wp\/v2\/users\/8"}],"replies":[{"embeddable":true,"href":"https:\/\/www.aceguarulhos.com.br\/blog\/wp-json\/wp\/v2\/comments?post=34206"}],"version-history":[{"count":0,"href":"https:\/\/www.aceguarulhos.com.br\/blog\/wp-json\/wp\/v2\/posts\/34206\/revisions"}],"wp:attachment":[{"href":"https:\/\/www.aceguarulhos.com.br\/blog\/wp-json\/wp\/v2\/media?parent=34206"}],"wp:term":[{"taxonomy":"category","embeddable":true,"href":"https:\/\/www.aceguarulhos.com.br\/blog\/wp-json\/wp\/v2\/categories?post=34206"},{"taxonomy":"post_tag","embeddable":true,"href":"https:\/\/www.aceguarulhos.com.br\/blog\/wp-json\/wp\/v2\/tags?post=34206"}],"curies":[{"name":"wp","href":"https:\/\/api.w.org\/{rel}","templated":true}]}}