{"id":34183,"date":"2008-11-27T12:54:56","date_gmt":"2008-11-27T12:54:56","guid":{"rendered":"http:\/\/www.aceguarulhos.com.br\/blog\/?p=34183"},"modified":"-0001-11-30T00:00:00","modified_gmt":"-0001-11-30T03:00:00","slug":"senado-faz-acordo-e-vota-mei-dia-3","status":"publish","type":"post","link":"https:\/\/www.aceguarulhos.com.br\/blog\/senado-faz-acordo-e-vota-mei-dia-3\/","title":{"rendered":"Senado faz acordo e vota MEI dia 3"},"content":{"rendered":"<p>O plen\u00e1rio do Senado deve votar, na pr\u00f3xima quarta-feira, o projeto do Microempreendedor Individual (MEI). Trata-se do Projeto de Lei da C\u00e2mara 128\/08, que ajusta a Lei Geral da Micro e Pequena Empresa e poder\u00e1 beneficiar cerca de 11 milh\u00f5es de empreendedores, entre eles as costureiras e sapateiros.<\/p>\n<p>Acordo com esse objetivo foi fechado em reuni\u00e3o de l\u00edderes dos partidos e do governo na tarde de ontem, no gabinete do presidente da Casa, senador Garibaldi Alves (PMDB-RN). Para isso, acertaram que, at\u00e9 a pr\u00f3xima ter\u00e7a-feira, limpar\u00e3o a pauta do plen\u00e1rio, que est\u00e1 trancada por medidas provis\u00f3rias e alguns projetos com urg\u00eancia constitucional.<\/p>\n<p>A reuni\u00e3o teve a participa\u00e7\u00e3o de l\u00edderes empresariais, de representantes do Sebrae e da Frente Parlamentar da Micro e Pequena Empresa no Congresso, al\u00e9m do ministro da Previd\u00eancia Social, Jos\u00e9 Pimentel. Eles pediram urg\u00eancia na aprova\u00e7\u00e3o do projeto. Isso para dar tempo de, havendo altera\u00e7\u00f5es, a mat\u00e9ria voltar para ser analisada na C\u00e2mara e a lei ser sancionada ainda este ano. &#8220;\u00c9 um projeto de extrema import\u00e2ncia e praticamente todo acordado. O problema \u00e9 que temos que fazer a fila andar&#8221;, explicou o relator do projeto, senador Adelmir Santana, referindo-se \u00e0 necessidade de libera\u00e7\u00e3o da pauta. &#8220;\u00c9 um projeto de inclus\u00e3o social porque \u00e9 auto-sustent\u00e1vel&#8221;, defendeu o empres\u00e1rio e secret\u00e1rio de Emprego do Estado de S\u00e3o Paulo, Guilherme Afif Domingos, que define o projeto como &#8220;um ant\u00eddoto&#8221; para os impactos da crise financeira no Brasil.<\/p>\n<p>O projeto, que cria o Microempreendedor Individual, atende a empreendedores com receita bruta anual de at\u00e9 R$ 36 mil. Conforme o Sebrae, vai atender a um p\u00fablico potencial de aproximadamente 10,3 milh\u00f5es de empreendedores informais no Pa\u00eds. Entre eles est\u00e3o costureiras, sapateiros, manicures, barbeiros, marceneiros, encanadores e mec\u00e2nicos. Como atuam na economia informal, normalmente n\u00e3o pagam tributos, mas tamb\u00e9m n\u00e3o t\u00eam os benef\u00edcios atuais da previd\u00eancia social. <\/p>\n<p>Quem aderir ao MEI ficar\u00e1 isento de quase todos os tributos. Pagar\u00e1 mensalmente apenas R$ 45,65 de INSS, R$ 1 de ICMS ou R$ 5 de ISS. E ter\u00e3o direito \u00e0 aposentadoria por idade ou invalidez, seguro por acidente de trabalho, licen\u00e7a-sa\u00fade e licen\u00e7a-maternidade. A fam\u00edlia do segurado recebe pens\u00e3o por morte e, se for o caso, aux\u00edlio-reclus\u00e3o. <\/p>\n<p>De acordo com o ministro Jos\u00e9 Pimentel, al\u00e9m da cobertura previdenci\u00e1ria desse segmento econ\u00f4mico, o mecanismo tamb\u00e9m representa ganhos para a Previd\u00eancia. &#8220;O sistema traz para a formalidade mais de 10 milh\u00f5es de empreendedores. Para a Previd\u00eancia isso implica receita&#8221;, garante. Os valores, explica, dependem da capacidade do governo e demais envolvidos no processo em fazer chegar essas informa\u00e7\u00f5es ao empreendedores e incentivar a formaliza\u00e7\u00e3o. Segundo ele, no primeiro semestre de 2009, ser\u00e1 organizada uma caravana pelo Pa\u00eds com esse objetivo. <\/p>\n<p>Outras medidas contidas no projeto beneficiam cerca de 1 milh\u00e3o de empreendimentos. Entre elas, resolve problemas relativos \u00e0 cobran\u00e7a de ICMS para empresas do Simples Nacional, e permite a op\u00e7\u00e3o de novas categorias econ\u00f4micas a esse sistema de tributa\u00e7\u00e3o das micro e pequenas empresas. As categorias beneficiadas s\u00e3o: repara\u00e7\u00e3o em geral, decora\u00e7\u00e3o, paisagismo, laborat\u00f3rio de an\u00e1lise cl\u00ednica ou de patologia cl\u00ednica, servi\u00e7os de pr\u00f3tese em geral, al\u00e9m de servi\u00e7os de tomografia, diagn\u00f3sticos m\u00e9dicos por imagem, registros gr\u00e1ficos e m\u00e9todos \u00f3ticos e de resson\u00e2ncia magn\u00e9tica.<\/p>\n<p>Conforme acordo, uma das estrat\u00e9gias para aprovar o projeto \u00e9 retirar a emenda 23, principal ponto n\u00e3o acordado com o governo. Por\u00e9m, h\u00e1 compromisso de ser apresentado um projeto com esse conte\u00fado. Essa emenda inclui no Simples Nacional outras atividades profissionais, como cl\u00ednicas m\u00e9dicas, veterin\u00e1rias e odontol\u00f3gicas, escrit\u00f3rios de advocacia, corretagem de seguros e de representa\u00e7\u00e3o comercial, de jornalismo e ainda de publicidade. <\/p>\n","protected":false},"excerpt":{"rendered":"O plen\u00e1rio do Senado deve votar, na pr\u00f3xima quarta-feira, o projeto do Microempreendedor Individual (MEI). Trata-se do Projeto de Lei da C\u00e2mara 128\/08, \n<a class=\"moretag\" href=\"https:\/\/www.aceguarulhos.com.br\/blog\/senado-faz-acordo-e-vota-mei-dia-3\/\"> [...]<\/a>","protected":false},"author":8,"featured_media":0,"comment_status":"open","ping_status":"open","sticky":false,"template":"","format":"standard","meta":{"footnotes":""},"categories":[2],"tags":[],"class_list":["post-34183","post","type-post","status-publish","format-standard","hentry","category-noticias"],"yoast_head":"<!-- This site is optimized with the Yoast SEO plugin v28.1 - https:\/\/yoast.com\/product\/yoast-seo-wordpress\/ -->\n<title>Senado faz acordo e vota MEI dia 3  - ACE-Guarulhos<\/title>\n<meta name=\"robots\" content=\"index, follow, max-snippet:-1, max-image-preview:large, max-video-preview:-1\" \/>\n<link rel=\"canonical\" href=\"https:\/\/www.aceguarulhos.com.br\/blog\/senado-faz-acordo-e-vota-mei-dia-3\/\" \/>\n<meta property=\"og:locale\" content=\"pt_BR\" \/>\n<meta property=\"og:type\" content=\"article\" \/>\n<meta property=\"og:title\" content=\"Senado faz acordo e vota MEI dia 3  - ACE-Guarulhos\" \/>\n<meta property=\"og:description\" content=\"O plen\u00e1rio do Senado deve votar, na pr\u00f3xima quarta-feira, o projeto do Microempreendedor Individual (MEI). Trata-se do Projeto de Lei da C\u00e2mara 128\/08,\" \/>\n<meta property=\"og:url\" content=\"https:\/\/www.aceguarulhos.com.br\/blog\/senado-faz-acordo-e-vota-mei-dia-3\/\" \/>\n<meta property=\"og:site_name\" content=\"ACE-Guarulhos\" \/>\n<meta property=\"article:publisher\" content=\"https:\/\/www.facebook.com\/aceguarulhos\/\" \/>\n<meta property=\"article:published_time\" content=\"2008-11-27T12:54:56+00:00\" \/>\n<meta name=\"author\" content=\"Assessoria de Imprensa ACE-Guarulhos\" \/>\n<meta name=\"twitter:card\" content=\"summary_large_image\" \/>\n<meta name=\"twitter:label1\" content=\"Escrito por\" \/>\n\t<meta name=\"twitter:data1\" content=\"Assessoria de Imprensa ACE-Guarulhos\" \/>\n\t<meta name=\"twitter:label2\" content=\"Est. tempo de leitura\" \/>\n\t<meta name=\"twitter:data2\" content=\"3 minutos\" \/>\n<script type=\"application\/ld+json\" class=\"yoast-schema-graph\">{\"@context\":\"https:\\\/\\\/schema.org\",\"@graph\":[{\"@type\":\"Article\",\"@id\":\"https:\\\/\\\/www.aceguarulhos.com.br\\\/blog\\\/senado-faz-acordo-e-vota-mei-dia-3\\\/#article\",\"isPartOf\":{\"@id\":\"https:\\\/\\\/www.aceguarulhos.com.br\\\/blog\\\/senado-faz-acordo-e-vota-mei-dia-3\\\/\"},\"author\":{\"name\":\"Assessoria de Imprensa ACE-Guarulhos\",\"@id\":\"https:\\\/\\\/www.aceguarulhos.com.br\\\/blog\\\/#\\\/schema\\\/person\\\/6983b51bad37489989e4f09698c26237\"},\"headline\":\"Senado faz acordo e vota MEI dia 3\",\"datePublished\":\"2008-11-27T12:54:56+00:00\",\"mainEntityOfPage\":{\"@id\":\"https:\\\/\\\/www.aceguarulhos.com.br\\\/blog\\\/senado-faz-acordo-e-vota-mei-dia-3\\\/\"},\"wordCount\":669,\"commentCount\":0,\"publisher\":{\"@id\":\"https:\\\/\\\/www.aceguarulhos.com.br\\\/blog\\\/#organization\"},\"articleSection\":[\"Not\u00edcias\"],\"inLanguage\":\"pt-BR\"},{\"@type\":\"WebPage\",\"@id\":\"https:\\\/\\\/www.aceguarulhos.com.br\\\/blog\\\/senado-faz-acordo-e-vota-mei-dia-3\\\/\",\"url\":\"https:\\\/\\\/www.aceguarulhos.com.br\\\/blog\\\/senado-faz-acordo-e-vota-mei-dia-3\\\/\",\"name\":\"Senado faz acordo e vota MEI dia 3 - ACE-Guarulhos\",\"isPartOf\":{\"@id\":\"https:\\\/\\\/www.aceguarulhos.com.br\\\/blog\\\/#website\"},\"datePublished\":\"2008-11-27T12:54:56+00:00\",\"breadcrumb\":{\"@id\":\"https:\\\/\\\/www.aceguarulhos.com.br\\\/blog\\\/senado-faz-acordo-e-vota-mei-dia-3\\\/#breadcrumb\"},\"inLanguage\":\"pt-BR\",\"potentialAction\":[{\"@type\":\"ReadAction\",\"target\":[\"https:\\\/\\\/www.aceguarulhos.com.br\\\/blog\\\/senado-faz-acordo-e-vota-mei-dia-3\\\/\"]}]},{\"@type\":\"BreadcrumbList\",\"@id\":\"https:\\\/\\\/www.aceguarulhos.com.br\\\/blog\\\/senado-faz-acordo-e-vota-mei-dia-3\\\/#breadcrumb\",\"itemListElement\":[{\"@type\":\"ListItem\",\"position\":1,\"name\":\"In\u00edcio\",\"item\":\"https:\\\/\\\/www.aceguarulhos.com.br\\\/blog\\\/\"},{\"@type\":\"ListItem\",\"position\":2,\"name\":\"Senado faz acordo e vota MEI dia 3\"}]},{\"@type\":\"WebSite\",\"@id\":\"https:\\\/\\\/www.aceguarulhos.com.br\\\/blog\\\/#website\",\"url\":\"https:\\\/\\\/www.aceguarulhos.com.br\\\/blog\\\/\",\"name\":\"ACE-Guarulhos\",\"description\":\"A ACE-Guarulhos \u00e9 uma associa\u00e7\u00e3o que ap\u00f3ia os empres\u00e1rios guarulhenses atrav\u00e9s da representa\u00e7\u00e3o, da gera\u00e7\u00e3o de neg\u00f3cios e presta\u00e7\u00e3o de servi\u00e7os.\",\"publisher\":{\"@id\":\"https:\\\/\\\/www.aceguarulhos.com.br\\\/blog\\\/#organization\"},\"potentialAction\":[{\"@type\":\"SearchAction\",\"target\":{\"@type\":\"EntryPoint\",\"urlTemplate\":\"https:\\\/\\\/www.aceguarulhos.com.br\\\/blog\\\/?s={search_term_string}\"},\"query-input\":{\"@type\":\"PropertyValueSpecification\",\"valueRequired\":true,\"valueName\":\"search_term_string\"}}],\"inLanguage\":\"pt-BR\"},{\"@type\":\"Organization\",\"@id\":\"https:\\\/\\\/www.aceguarulhos.com.br\\\/blog\\\/#organization\",\"name\":\"ACE-Guarulhos\",\"url\":\"https:\\\/\\\/www.aceguarulhos.com.br\\\/blog\\\/\",\"logo\":{\"@type\":\"ImageObject\",\"inLanguage\":\"pt-BR\",\"@id\":\"https:\\\/\\\/www.aceguarulhos.com.br\\\/blog\\\/#\\\/schema\\\/logo\\\/image\\\/\",\"url\":\"https:\\\/\\\/www.aceguarulhos.com.br\\\/blog\\\/wp-content\\\/uploads\\\/2017\\\/12\\\/logo-aceguarulhos-2018.png\",\"contentUrl\":\"https:\\\/\\\/www.aceguarulhos.com.br\\\/blog\\\/wp-content\\\/uploads\\\/2017\\\/12\\\/logo-aceguarulhos-2018.png\",\"width\":419,\"height\":76,\"caption\":\"ACE-Guarulhos\"},\"image\":{\"@id\":\"https:\\\/\\\/www.aceguarulhos.com.br\\\/blog\\\/#\\\/schema\\\/logo\\\/image\\\/\"},\"sameAs\":[\"https:\\\/\\\/www.facebook.com\\\/aceguarulhos\\\/\",\"https:\\\/\\\/br.linkedin.com\\\/in\\\/ace-guarulhos-b9a97093\",\"https:\\\/\\\/www.youtube.com\\\/user\\\/aceguarulhos\"]},{\"@type\":\"Person\",\"@id\":\"https:\\\/\\\/www.aceguarulhos.com.br\\\/blog\\\/#\\\/schema\\\/person\\\/6983b51bad37489989e4f09698c26237\",\"name\":\"Assessoria de Imprensa ACE-Guarulhos\",\"image\":{\"@type\":\"ImageObject\",\"inLanguage\":\"pt-BR\",\"@id\":\"https:\\\/\\\/secure.gravatar.com\\\/avatar\\\/707f3fadd6918afeb64173ab22d8a8cb0676953098a4f31ff36dc2b4c699ef6a?s=96&d=mm&r=g\",\"url\":\"https:\\\/\\\/secure.gravatar.com\\\/avatar\\\/707f3fadd6918afeb64173ab22d8a8cb0676953098a4f31ff36dc2b4c699ef6a?s=96&d=mm&r=g\",\"contentUrl\":\"https:\\\/\\\/secure.gravatar.com\\\/avatar\\\/707f3fadd6918afeb64173ab22d8a8cb0676953098a4f31ff36dc2b4c699ef6a?s=96&d=mm&r=g\",\"caption\":\"Assessoria de Imprensa ACE-Guarulhos\"},\"url\":\"https:\\\/\\\/www.aceguarulhos.com.br\\\/blog\\\/author\\\/assessoria-de-imprensa-ace-guarulhos\\\/\"}]}<\/script>\n<!-- \/ Yoast SEO plugin. -->","yoast_head_json":{"title":"Senado faz acordo e vota MEI dia 3  - ACE-Guarulhos","robots":{"index":"index","follow":"follow","max-snippet":"max-snippet:-1","max-image-preview":"max-image-preview:large","max-video-preview":"max-video-preview:-1"},"canonical":"https:\/\/www.aceguarulhos.com.br\/blog\/senado-faz-acordo-e-vota-mei-dia-3\/","og_locale":"pt_BR","og_type":"article","og_title":"Senado faz acordo e vota MEI dia 3  - ACE-Guarulhos","og_description":"O plen\u00e1rio do Senado deve votar, na pr\u00f3xima quarta-feira, o projeto do Microempreendedor Individual (MEI). Trata-se do Projeto de Lei da C\u00e2mara 128\/08,","og_url":"https:\/\/www.aceguarulhos.com.br\/blog\/senado-faz-acordo-e-vota-mei-dia-3\/","og_site_name":"ACE-Guarulhos","article_publisher":"https:\/\/www.facebook.com\/aceguarulhos\/","article_published_time":"2008-11-27T12:54:56+00:00","author":"Assessoria de Imprensa ACE-Guarulhos","twitter_card":"summary_large_image","twitter_misc":{"Escrito por":"Assessoria de Imprensa ACE-Guarulhos","Est. tempo de leitura":"3 minutos"},"schema":{"@context":"https:\/\/schema.org","@graph":[{"@type":"Article","@id":"https:\/\/www.aceguarulhos.com.br\/blog\/senado-faz-acordo-e-vota-mei-dia-3\/#article","isPartOf":{"@id":"https:\/\/www.aceguarulhos.com.br\/blog\/senado-faz-acordo-e-vota-mei-dia-3\/"},"author":{"name":"Assessoria de Imprensa ACE-Guarulhos","@id":"https:\/\/www.aceguarulhos.com.br\/blog\/#\/schema\/person\/6983b51bad37489989e4f09698c26237"},"headline":"Senado faz acordo e vota MEI dia 3","datePublished":"2008-11-27T12:54:56+00:00","mainEntityOfPage":{"@id":"https:\/\/www.aceguarulhos.com.br\/blog\/senado-faz-acordo-e-vota-mei-dia-3\/"},"wordCount":669,"commentCount":0,"publisher":{"@id":"https:\/\/www.aceguarulhos.com.br\/blog\/#organization"},"articleSection":["Not\u00edcias"],"inLanguage":"pt-BR"},{"@type":"WebPage","@id":"https:\/\/www.aceguarulhos.com.br\/blog\/senado-faz-acordo-e-vota-mei-dia-3\/","url":"https:\/\/www.aceguarulhos.com.br\/blog\/senado-faz-acordo-e-vota-mei-dia-3\/","name":"Senado faz acordo e vota MEI dia 3 - ACE-Guarulhos","isPartOf":{"@id":"https:\/\/www.aceguarulhos.com.br\/blog\/#website"},"datePublished":"2008-11-27T12:54:56+00:00","breadcrumb":{"@id":"https:\/\/www.aceguarulhos.com.br\/blog\/senado-faz-acordo-e-vota-mei-dia-3\/#breadcrumb"},"inLanguage":"pt-BR","potentialAction":[{"@type":"ReadAction","target":["https:\/\/www.aceguarulhos.com.br\/blog\/senado-faz-acordo-e-vota-mei-dia-3\/"]}]},{"@type":"BreadcrumbList","@id":"https:\/\/www.aceguarulhos.com.br\/blog\/senado-faz-acordo-e-vota-mei-dia-3\/#breadcrumb","itemListElement":[{"@type":"ListItem","position":1,"name":"In\u00edcio","item":"https:\/\/www.aceguarulhos.com.br\/blog\/"},{"@type":"ListItem","position":2,"name":"Senado faz acordo e vota MEI dia 3"}]},{"@type":"WebSite","@id":"https:\/\/www.aceguarulhos.com.br\/blog\/#website","url":"https:\/\/www.aceguarulhos.com.br\/blog\/","name":"ACE-Guarulhos","description":"A ACE-Guarulhos \u00e9 uma associa\u00e7\u00e3o que ap\u00f3ia os empres\u00e1rios guarulhenses atrav\u00e9s da representa\u00e7\u00e3o, da gera\u00e7\u00e3o de neg\u00f3cios e presta\u00e7\u00e3o de servi\u00e7os.","publisher":{"@id":"https:\/\/www.aceguarulhos.com.br\/blog\/#organization"},"potentialAction":[{"@type":"SearchAction","target":{"@type":"EntryPoint","urlTemplate":"https:\/\/www.aceguarulhos.com.br\/blog\/?s={search_term_string}"},"query-input":{"@type":"PropertyValueSpecification","valueRequired":true,"valueName":"search_term_string"}}],"inLanguage":"pt-BR"},{"@type":"Organization","@id":"https:\/\/www.aceguarulhos.com.br\/blog\/#organization","name":"ACE-Guarulhos","url":"https:\/\/www.aceguarulhos.com.br\/blog\/","logo":{"@type":"ImageObject","inLanguage":"pt-BR","@id":"https:\/\/www.aceguarulhos.com.br\/blog\/#\/schema\/logo\/image\/","url":"https:\/\/www.aceguarulhos.com.br\/blog\/wp-content\/uploads\/2017\/12\/logo-aceguarulhos-2018.png","contentUrl":"https:\/\/www.aceguarulhos.com.br\/blog\/wp-content\/uploads\/2017\/12\/logo-aceguarulhos-2018.png","width":419,"height":76,"caption":"ACE-Guarulhos"},"image":{"@id":"https:\/\/www.aceguarulhos.com.br\/blog\/#\/schema\/logo\/image\/"},"sameAs":["https:\/\/www.facebook.com\/aceguarulhos\/","https:\/\/br.linkedin.com\/in\/ace-guarulhos-b9a97093","https:\/\/www.youtube.com\/user\/aceguarulhos"]},{"@type":"Person","@id":"https:\/\/www.aceguarulhos.com.br\/blog\/#\/schema\/person\/6983b51bad37489989e4f09698c26237","name":"Assessoria de Imprensa ACE-Guarulhos","image":{"@type":"ImageObject","inLanguage":"pt-BR","@id":"https:\/\/secure.gravatar.com\/avatar\/707f3fadd6918afeb64173ab22d8a8cb0676953098a4f31ff36dc2b4c699ef6a?s=96&d=mm&r=g","url":"https:\/\/secure.gravatar.com\/avatar\/707f3fadd6918afeb64173ab22d8a8cb0676953098a4f31ff36dc2b4c699ef6a?s=96&d=mm&r=g","contentUrl":"https:\/\/secure.gravatar.com\/avatar\/707f3fadd6918afeb64173ab22d8a8cb0676953098a4f31ff36dc2b4c699ef6a?s=96&d=mm&r=g","caption":"Assessoria de Imprensa ACE-Guarulhos"},"url":"https:\/\/www.aceguarulhos.com.br\/blog\/author\/assessoria-de-imprensa-ace-guarulhos\/"}]}},"wps_subtitle":"","amp_enabled":true,"_links":{"self":[{"href":"https:\/\/www.aceguarulhos.com.br\/blog\/wp-json\/wp\/v2\/posts\/34183","targetHints":{"allow":["GET"]}}],"collection":[{"href":"https:\/\/www.aceguarulhos.com.br\/blog\/wp-json\/wp\/v2\/posts"}],"about":[{"href":"https:\/\/www.aceguarulhos.com.br\/blog\/wp-json\/wp\/v2\/types\/post"}],"author":[{"embeddable":true,"href":"https:\/\/www.aceguarulhos.com.br\/blog\/wp-json\/wp\/v2\/users\/8"}],"replies":[{"embeddable":true,"href":"https:\/\/www.aceguarulhos.com.br\/blog\/wp-json\/wp\/v2\/comments?post=34183"}],"version-history":[{"count":0,"href":"https:\/\/www.aceguarulhos.com.br\/blog\/wp-json\/wp\/v2\/posts\/34183\/revisions"}],"wp:attachment":[{"href":"https:\/\/www.aceguarulhos.com.br\/blog\/wp-json\/wp\/v2\/media?parent=34183"}],"wp:term":[{"taxonomy":"category","embeddable":true,"href":"https:\/\/www.aceguarulhos.com.br\/blog\/wp-json\/wp\/v2\/categories?post=34183"},{"taxonomy":"post_tag","embeddable":true,"href":"https:\/\/www.aceguarulhos.com.br\/blog\/wp-json\/wp\/v2\/tags?post=34183"}],"curies":[{"name":"wp","href":"https:\/\/api.w.org\/{rel}","templated":true}]}}