{"id":34156,"date":"2008-11-21T11:19:34","date_gmt":"2008-11-21T11:19:34","guid":{"rendered":"http:\/\/www.aceguarulhos.com.br\/blog\/?p=34156"},"modified":"-0001-11-30T00:00:00","modified_gmt":"-0001-11-30T03:00:00","slug":"crise-financeira-d%c3%a1-o-tom-ao-congresso-da-facesp","status":"publish","type":"post","link":"https:\/\/www.aceguarulhos.com.br\/blog\/crise-financeira-d%c3%a1-o-tom-ao-congresso-da-facesp\/","title":{"rendered":"Crise financeira d\u00e1 o tom ao Congresso da Facesp"},"content":{"rendered":"<p>A crise financeira mundial deu o tom aos discursos de abertura do 9\u00ba Congresso Facesp, que acontece desde quarta-feira, 19, em Campos do Jord\u00e3o. Representantes de entidades como o presidente da Associa\u00e7\u00e3o Comercial de S\u00e3o Paulo (ACSP), Alencar Burti, mostrou que a sustentabilidade \u00e9 o maior desafio do Brasil no atual cen\u00e1rio econ\u00f4mico mundial.<\/p>\n<p><center><\/p>\n<p class=\"midia\" style=\"width: 420px;\"><img loading=\"lazy\" decoding=\"async\" src=\"\/blog\/wp-content\/uploads\/image.php?x=i&amp;i1=100&amp;i2=20081121111802\" title=\"Imprensa\/ACE\" width=\"420\" height=\"391\"><br \/>Guilherme Afif Domingos e Alencar Burti<\/p>\n<p><\/center><\/p>\n<p>Burti, que al\u00e9m de presidir a ACSP comanda a Federa\u00e7\u00e3o das Associa\u00e7\u00f5es Comerciais do Estado de S\u00e3o Paulo (Facesp), salientou que o associativismo \u00e9 a principal ferramenta para enfrentar a crise mundial. Ele ressaltou, ainda, que \u00e9 preciso que todos assumam sua parcela de responsabilidade. \u201cA reuni\u00e3o de todos no congresso faz com que busquemos energia a cada dia para passarmos por este momento de nuvens negras na economia brasileira e mundial. N\u00e3o podemos perder o otimismo.\u201d Disse.<\/p>\n<p>Representando o governador Jos\u00e9 Serra (PSDB), o secret\u00e1rio do Emprego e Rela\u00e7\u00f5es do Trabalho do Estado de S\u00e3o Paulo, Guilherme Afif Domingos, contou que a grande preocupa\u00e7\u00e3o da administra\u00e7\u00e3o estadual \u00e9 em manter o n\u00edvel de emprego no Estado, como, tamb\u00e9m, a atividade econ\u00f4mica. Segundo Afif, Serra enfrentar\u00e1 a crise com uma programa\u00e7\u00e3o agressiva de investimentos. \u201cMesmo que o cen\u00e1rio mundial n\u00e3o seja favor\u00e1vel, n\u00e3o vamos parar de investir. Esta crise servir\u00e1 para n\u00f3s como oportunidade de crescimento\u201d, falou.<\/p>\n<p>Afif aproveitou para criticar a Reforma Tribut\u00e1ria que se encontra em discuss\u00e3o em Bras\u00edlia. \u201cO governador Jos\u00e9 Serra n\u00e3o veio a Campos do Jord\u00e3o porque est\u00e1 em Bras\u00edlia, juntamente com o prefeito Gilberto Kassab (DEM), para evitar com que seja aprovado o texto em tramita\u00e7\u00e3o. Chega de remendos\u201d, criticou.<\/p>\n<p>O presidente em exerc\u00edcio da ACE-Guarulhos, Jorge Taiar, aprovou o recado das Associa\u00e7\u00f5es Comerciais. \u201cConcordo com Burti e o Afif que o momento \u00e9 de sermos otimistas. Temos que enfrentar as perspectivas de retra\u00e7\u00e3o da economia mostrando a for\u00e7a do associativismo e do empreendedorismo\u201d, disse.<\/p>\n<p><center><\/p>\n<p class=\"midia\" style=\"width: 420px;\"><img loading=\"lazy\" decoding=\"async\" src=\"\/blog\/wp-content\/uploads\/image.php?x=i&amp;i1=100&amp;i2=20081121111913\" title=\"Imprensa\/ACE\" width=\"420\" height=\"315\"><br \/>Dirigentes da ACE-Guarulhos<\/p>\n<p><\/center><\/p>\n<p>Os diretores da Associa\u00e7\u00e3o Comercial e Empresarial de Guarulhos (ACE) Ananias Ara\u00fajo Sobrinho, Jorge Taiar, Vilson Caldas, Teresinha Dotto, Carlos Alberto Martins, Anunciato Thomeo Sobrinho, al\u00e9m do superintendente da entidade, Maurici Dias Gomes, participam das atividades do 9\u00ba Congresso da Facesp.<\/p>\n<p>Simultaneamente ao congresso acontece a 5\u00aa Feira de Empreendedores Econ\u00f4micos e Sociais, 6\u00ba Encontro Estadual do Empreender e o 37\u00ba Semin\u00e1rio dos SCPCs.<\/p>\n","protected":false},"excerpt":{"rendered":"Com o tema \u201cSustentabilidade \u00e9 o desafio\u201d, encontro estimulou dirigentes das Associa\u00e7\u00f5es Comerciais a serem otimistas perante \u00e0 crise mundial\n<a class=\"moretag\" href=\"https:\/\/www.aceguarulhos.com.br\/blog\/crise-financeira-d%c3%a1-o-tom-ao-congresso-da-facesp\/\"> [...]<\/a>","protected":false},"author":8,"featured_media":0,"comment_status":"open","ping_status":"open","sticky":false,"template":"","format":"standard","meta":{"footnotes":""},"categories":[2],"tags":[],"class_list":["post-34156","post","type-post","status-publish","format-standard","hentry","category-noticias"],"yoast_head":"<!-- This site is optimized with the Yoast SEO plugin v28.1 - https:\/\/yoast.com\/product\/yoast-seo-wordpress\/ -->\n<title>Crise financeira d\u00e1 o tom ao Congresso da Facesp - ACE-Guarulhos<\/title>\n<meta name=\"robots\" content=\"index, follow, max-snippet:-1, max-image-preview:large, max-video-preview:-1\" \/>\n<link rel=\"canonical\" href=\"https:\/\/www.aceguarulhos.com.br\/blog\/crise-financeira-d\u00e1-o-tom-ao-congresso-da-facesp\/\" \/>\n<meta property=\"og:locale\" content=\"pt_BR\" \/>\n<meta property=\"og:type\" content=\"article\" \/>\n<meta property=\"og:title\" content=\"Crise financeira d\u00e1 o tom ao Congresso da Facesp - ACE-Guarulhos\" \/>\n<meta property=\"og:description\" content=\"Com o tema \u201cSustentabilidade \u00e9 o desafio\u201d, encontro estimulou dirigentes das Associa\u00e7\u00f5es Comerciais a serem otimistas perante \u00e0 crise mundial\" \/>\n<meta property=\"og:url\" content=\"https:\/\/www.aceguarulhos.com.br\/blog\/crise-financeira-d\u00e1-o-tom-ao-congresso-da-facesp\/\" \/>\n<meta property=\"og:site_name\" content=\"ACE-Guarulhos\" \/>\n<meta property=\"article:publisher\" content=\"https:\/\/www.facebook.com\/aceguarulhos\/\" \/>\n<meta property=\"article:published_time\" content=\"2008-11-21T11:19:34+00:00\" \/>\n<meta property=\"og:image\" content=\"https:\/\/www.aceguarulhos.com.br\/blog\/wp-content\/uploads\/image.php\" \/>\n<meta name=\"author\" content=\"Assessoria de Imprensa ACE-Guarulhos\" \/>\n<meta name=\"twitter:card\" content=\"summary_large_image\" \/>\n<meta name=\"twitter:label1\" content=\"Escrito por\" \/>\n\t<meta name=\"twitter:data1\" content=\"Assessoria de Imprensa ACE-Guarulhos\" \/>\n\t<meta name=\"twitter:label2\" content=\"Est. tempo de leitura\" \/>\n\t<meta name=\"twitter:data2\" content=\"2 minutos\" \/>\n<script type=\"application\/ld+json\" class=\"yoast-schema-graph\">{\"@context\":\"https:\\\/\\\/schema.org\",\"@graph\":[{\"@type\":\"Article\",\"@id\":\"https:\\\/\\\/www.aceguarulhos.com.br\\\/blog\\\/crise-financeira-d%c3%a1-o-tom-ao-congresso-da-facesp\\\/#article\",\"isPartOf\":{\"@id\":\"https:\\\/\\\/www.aceguarulhos.com.br\\\/blog\\\/crise-financeira-d%c3%a1-o-tom-ao-congresso-da-facesp\\\/\"},\"author\":{\"name\":\"Assessoria de Imprensa ACE-Guarulhos\",\"@id\":\"https:\\\/\\\/www.aceguarulhos.com.br\\\/blog\\\/#\\\/schema\\\/person\\\/6983b51bad37489989e4f09698c26237\"},\"headline\":\"Crise financeira d\u00e1 o tom ao Congresso da Facesp\",\"datePublished\":\"2008-11-21T11:19:34+00:00\",\"mainEntityOfPage\":{\"@id\":\"https:\\\/\\\/www.aceguarulhos.com.br\\\/blog\\\/crise-financeira-d%c3%a1-o-tom-ao-congresso-da-facesp\\\/\"},\"wordCount\":417,\"commentCount\":0,\"publisher\":{\"@id\":\"https:\\\/\\\/www.aceguarulhos.com.br\\\/blog\\\/#organization\"},\"articleSection\":[\"Not\u00edcias\"],\"inLanguage\":\"pt-BR\"},{\"@type\":\"WebPage\",\"@id\":\"https:\\\/\\\/www.aceguarulhos.com.br\\\/blog\\\/crise-financeira-d%c3%a1-o-tom-ao-congresso-da-facesp\\\/\",\"url\":\"https:\\\/\\\/www.aceguarulhos.com.br\\\/blog\\\/crise-financeira-d%c3%a1-o-tom-ao-congresso-da-facesp\\\/\",\"name\":\"Crise financeira d\u00e1 o tom ao Congresso da Facesp - ACE-Guarulhos\",\"isPartOf\":{\"@id\":\"https:\\\/\\\/www.aceguarulhos.com.br\\\/blog\\\/#website\"},\"datePublished\":\"2008-11-21T11:19:34+00:00\",\"breadcrumb\":{\"@id\":\"https:\\\/\\\/www.aceguarulhos.com.br\\\/blog\\\/crise-financeira-d%c3%a1-o-tom-ao-congresso-da-facesp\\\/#breadcrumb\"},\"inLanguage\":\"pt-BR\",\"potentialAction\":[{\"@type\":\"ReadAction\",\"target\":[\"https:\\\/\\\/www.aceguarulhos.com.br\\\/blog\\\/crise-financeira-d%c3%a1-o-tom-ao-congresso-da-facesp\\\/\"]}]},{\"@type\":\"BreadcrumbList\",\"@id\":\"https:\\\/\\\/www.aceguarulhos.com.br\\\/blog\\\/crise-financeira-d%c3%a1-o-tom-ao-congresso-da-facesp\\\/#breadcrumb\",\"itemListElement\":[{\"@type\":\"ListItem\",\"position\":1,\"name\":\"In\u00edcio\",\"item\":\"https:\\\/\\\/www.aceguarulhos.com.br\\\/blog\\\/\"},{\"@type\":\"ListItem\",\"position\":2,\"name\":\"Crise financeira d\u00e1 o tom ao Congresso da Facesp\"}]},{\"@type\":\"WebSite\",\"@id\":\"https:\\\/\\\/www.aceguarulhos.com.br\\\/blog\\\/#website\",\"url\":\"https:\\\/\\\/www.aceguarulhos.com.br\\\/blog\\\/\",\"name\":\"ACE-Guarulhos\",\"description\":\"A ACE-Guarulhos \u00e9 uma associa\u00e7\u00e3o que ap\u00f3ia os empres\u00e1rios guarulhenses atrav\u00e9s da representa\u00e7\u00e3o, da gera\u00e7\u00e3o de neg\u00f3cios e presta\u00e7\u00e3o de servi\u00e7os.\",\"publisher\":{\"@id\":\"https:\\\/\\\/www.aceguarulhos.com.br\\\/blog\\\/#organization\"},\"potentialAction\":[{\"@type\":\"SearchAction\",\"target\":{\"@type\":\"EntryPoint\",\"urlTemplate\":\"https:\\\/\\\/www.aceguarulhos.com.br\\\/blog\\\/?s={search_term_string}\"},\"query-input\":{\"@type\":\"PropertyValueSpecification\",\"valueRequired\":true,\"valueName\":\"search_term_string\"}}],\"inLanguage\":\"pt-BR\"},{\"@type\":\"Organization\",\"@id\":\"https:\\\/\\\/www.aceguarulhos.com.br\\\/blog\\\/#organization\",\"name\":\"ACE-Guarulhos\",\"url\":\"https:\\\/\\\/www.aceguarulhos.com.br\\\/blog\\\/\",\"logo\":{\"@type\":\"ImageObject\",\"inLanguage\":\"pt-BR\",\"@id\":\"https:\\\/\\\/www.aceguarulhos.com.br\\\/blog\\\/#\\\/schema\\\/logo\\\/image\\\/\",\"url\":\"https:\\\/\\\/www.aceguarulhos.com.br\\\/blog\\\/wp-content\\\/uploads\\\/2017\\\/12\\\/logo-aceguarulhos-2018.png\",\"contentUrl\":\"https:\\\/\\\/www.aceguarulhos.com.br\\\/blog\\\/wp-content\\\/uploads\\\/2017\\\/12\\\/logo-aceguarulhos-2018.png\",\"width\":419,\"height\":76,\"caption\":\"ACE-Guarulhos\"},\"image\":{\"@id\":\"https:\\\/\\\/www.aceguarulhos.com.br\\\/blog\\\/#\\\/schema\\\/logo\\\/image\\\/\"},\"sameAs\":[\"https:\\\/\\\/www.facebook.com\\\/aceguarulhos\\\/\",\"https:\\\/\\\/br.linkedin.com\\\/in\\\/ace-guarulhos-b9a97093\",\"https:\\\/\\\/www.youtube.com\\\/user\\\/aceguarulhos\"]},{\"@type\":\"Person\",\"@id\":\"https:\\\/\\\/www.aceguarulhos.com.br\\\/blog\\\/#\\\/schema\\\/person\\\/6983b51bad37489989e4f09698c26237\",\"name\":\"Assessoria de Imprensa ACE-Guarulhos\",\"image\":{\"@type\":\"ImageObject\",\"inLanguage\":\"pt-BR\",\"@id\":\"https:\\\/\\\/secure.gravatar.com\\\/avatar\\\/707f3fadd6918afeb64173ab22d8a8cb0676953098a4f31ff36dc2b4c699ef6a?s=96&d=mm&r=g\",\"url\":\"https:\\\/\\\/secure.gravatar.com\\\/avatar\\\/707f3fadd6918afeb64173ab22d8a8cb0676953098a4f31ff36dc2b4c699ef6a?s=96&d=mm&r=g\",\"contentUrl\":\"https:\\\/\\\/secure.gravatar.com\\\/avatar\\\/707f3fadd6918afeb64173ab22d8a8cb0676953098a4f31ff36dc2b4c699ef6a?s=96&d=mm&r=g\",\"caption\":\"Assessoria de Imprensa ACE-Guarulhos\"},\"url\":\"https:\\\/\\\/www.aceguarulhos.com.br\\\/blog\\\/author\\\/assessoria-de-imprensa-ace-guarulhos\\\/\"}]}<\/script>\n<!-- \/ Yoast SEO plugin. -->","yoast_head_json":{"title":"Crise financeira d\u00e1 o tom ao Congresso da Facesp - ACE-Guarulhos","robots":{"index":"index","follow":"follow","max-snippet":"max-snippet:-1","max-image-preview":"max-image-preview:large","max-video-preview":"max-video-preview:-1"},"canonical":"https:\/\/www.aceguarulhos.com.br\/blog\/crise-financeira-d\u00e1-o-tom-ao-congresso-da-facesp\/","og_locale":"pt_BR","og_type":"article","og_title":"Crise financeira d\u00e1 o tom ao Congresso da Facesp - ACE-Guarulhos","og_description":"Com o tema \u201cSustentabilidade \u00e9 o desafio\u201d, encontro estimulou dirigentes das Associa\u00e7\u00f5es Comerciais a serem otimistas perante \u00e0 crise mundial","og_url":"https:\/\/www.aceguarulhos.com.br\/blog\/crise-financeira-d\u00e1-o-tom-ao-congresso-da-facesp\/","og_site_name":"ACE-Guarulhos","article_publisher":"https:\/\/www.facebook.com\/aceguarulhos\/","article_published_time":"2008-11-21T11:19:34+00:00","og_image":[{"url":"https:\/\/www.aceguarulhos.com.br\/blog\/wp-content\/uploads\/image.php","type":"","width":"","height":""}],"author":"Assessoria de Imprensa ACE-Guarulhos","twitter_card":"summary_large_image","twitter_misc":{"Escrito por":"Assessoria de Imprensa ACE-Guarulhos","Est. tempo de leitura":"2 minutos"},"schema":{"@context":"https:\/\/schema.org","@graph":[{"@type":"Article","@id":"https:\/\/www.aceguarulhos.com.br\/blog\/crise-financeira-d%c3%a1-o-tom-ao-congresso-da-facesp\/#article","isPartOf":{"@id":"https:\/\/www.aceguarulhos.com.br\/blog\/crise-financeira-d%c3%a1-o-tom-ao-congresso-da-facesp\/"},"author":{"name":"Assessoria de Imprensa ACE-Guarulhos","@id":"https:\/\/www.aceguarulhos.com.br\/blog\/#\/schema\/person\/6983b51bad37489989e4f09698c26237"},"headline":"Crise financeira d\u00e1 o tom ao Congresso da Facesp","datePublished":"2008-11-21T11:19:34+00:00","mainEntityOfPage":{"@id":"https:\/\/www.aceguarulhos.com.br\/blog\/crise-financeira-d%c3%a1-o-tom-ao-congresso-da-facesp\/"},"wordCount":417,"commentCount":0,"publisher":{"@id":"https:\/\/www.aceguarulhos.com.br\/blog\/#organization"},"articleSection":["Not\u00edcias"],"inLanguage":"pt-BR"},{"@type":"WebPage","@id":"https:\/\/www.aceguarulhos.com.br\/blog\/crise-financeira-d%c3%a1-o-tom-ao-congresso-da-facesp\/","url":"https:\/\/www.aceguarulhos.com.br\/blog\/crise-financeira-d%c3%a1-o-tom-ao-congresso-da-facesp\/","name":"Crise financeira d\u00e1 o tom ao Congresso da Facesp - ACE-Guarulhos","isPartOf":{"@id":"https:\/\/www.aceguarulhos.com.br\/blog\/#website"},"datePublished":"2008-11-21T11:19:34+00:00","breadcrumb":{"@id":"https:\/\/www.aceguarulhos.com.br\/blog\/crise-financeira-d%c3%a1-o-tom-ao-congresso-da-facesp\/#breadcrumb"},"inLanguage":"pt-BR","potentialAction":[{"@type":"ReadAction","target":["https:\/\/www.aceguarulhos.com.br\/blog\/crise-financeira-d%c3%a1-o-tom-ao-congresso-da-facesp\/"]}]},{"@type":"BreadcrumbList","@id":"https:\/\/www.aceguarulhos.com.br\/blog\/crise-financeira-d%c3%a1-o-tom-ao-congresso-da-facesp\/#breadcrumb","itemListElement":[{"@type":"ListItem","position":1,"name":"In\u00edcio","item":"https:\/\/www.aceguarulhos.com.br\/blog\/"},{"@type":"ListItem","position":2,"name":"Crise financeira d\u00e1 o tom ao Congresso da Facesp"}]},{"@type":"WebSite","@id":"https:\/\/www.aceguarulhos.com.br\/blog\/#website","url":"https:\/\/www.aceguarulhos.com.br\/blog\/","name":"ACE-Guarulhos","description":"A ACE-Guarulhos \u00e9 uma associa\u00e7\u00e3o que ap\u00f3ia os empres\u00e1rios guarulhenses atrav\u00e9s da representa\u00e7\u00e3o, da gera\u00e7\u00e3o de neg\u00f3cios e presta\u00e7\u00e3o de servi\u00e7os.","publisher":{"@id":"https:\/\/www.aceguarulhos.com.br\/blog\/#organization"},"potentialAction":[{"@type":"SearchAction","target":{"@type":"EntryPoint","urlTemplate":"https:\/\/www.aceguarulhos.com.br\/blog\/?s={search_term_string}"},"query-input":{"@type":"PropertyValueSpecification","valueRequired":true,"valueName":"search_term_string"}}],"inLanguage":"pt-BR"},{"@type":"Organization","@id":"https:\/\/www.aceguarulhos.com.br\/blog\/#organization","name":"ACE-Guarulhos","url":"https:\/\/www.aceguarulhos.com.br\/blog\/","logo":{"@type":"ImageObject","inLanguage":"pt-BR","@id":"https:\/\/www.aceguarulhos.com.br\/blog\/#\/schema\/logo\/image\/","url":"https:\/\/www.aceguarulhos.com.br\/blog\/wp-content\/uploads\/2017\/12\/logo-aceguarulhos-2018.png","contentUrl":"https:\/\/www.aceguarulhos.com.br\/blog\/wp-content\/uploads\/2017\/12\/logo-aceguarulhos-2018.png","width":419,"height":76,"caption":"ACE-Guarulhos"},"image":{"@id":"https:\/\/www.aceguarulhos.com.br\/blog\/#\/schema\/logo\/image\/"},"sameAs":["https:\/\/www.facebook.com\/aceguarulhos\/","https:\/\/br.linkedin.com\/in\/ace-guarulhos-b9a97093","https:\/\/www.youtube.com\/user\/aceguarulhos"]},{"@type":"Person","@id":"https:\/\/www.aceguarulhos.com.br\/blog\/#\/schema\/person\/6983b51bad37489989e4f09698c26237","name":"Assessoria de Imprensa ACE-Guarulhos","image":{"@type":"ImageObject","inLanguage":"pt-BR","@id":"https:\/\/secure.gravatar.com\/avatar\/707f3fadd6918afeb64173ab22d8a8cb0676953098a4f31ff36dc2b4c699ef6a?s=96&d=mm&r=g","url":"https:\/\/secure.gravatar.com\/avatar\/707f3fadd6918afeb64173ab22d8a8cb0676953098a4f31ff36dc2b4c699ef6a?s=96&d=mm&r=g","contentUrl":"https:\/\/secure.gravatar.com\/avatar\/707f3fadd6918afeb64173ab22d8a8cb0676953098a4f31ff36dc2b4c699ef6a?s=96&d=mm&r=g","caption":"Assessoria de Imprensa ACE-Guarulhos"},"url":"https:\/\/www.aceguarulhos.com.br\/blog\/author\/assessoria-de-imprensa-ace-guarulhos\/"}]}},"wps_subtitle":"","amp_enabled":true,"_links":{"self":[{"href":"https:\/\/www.aceguarulhos.com.br\/blog\/wp-json\/wp\/v2\/posts\/34156","targetHints":{"allow":["GET"]}}],"collection":[{"href":"https:\/\/www.aceguarulhos.com.br\/blog\/wp-json\/wp\/v2\/posts"}],"about":[{"href":"https:\/\/www.aceguarulhos.com.br\/blog\/wp-json\/wp\/v2\/types\/post"}],"author":[{"embeddable":true,"href":"https:\/\/www.aceguarulhos.com.br\/blog\/wp-json\/wp\/v2\/users\/8"}],"replies":[{"embeddable":true,"href":"https:\/\/www.aceguarulhos.com.br\/blog\/wp-json\/wp\/v2\/comments?post=34156"}],"version-history":[{"count":0,"href":"https:\/\/www.aceguarulhos.com.br\/blog\/wp-json\/wp\/v2\/posts\/34156\/revisions"}],"wp:attachment":[{"href":"https:\/\/www.aceguarulhos.com.br\/blog\/wp-json\/wp\/v2\/media?parent=34156"}],"wp:term":[{"taxonomy":"category","embeddable":true,"href":"https:\/\/www.aceguarulhos.com.br\/blog\/wp-json\/wp\/v2\/categories?post=34156"},{"taxonomy":"post_tag","embeddable":true,"href":"https:\/\/www.aceguarulhos.com.br\/blog\/wp-json\/wp\/v2\/tags?post=34156"}],"curies":[{"name":"wp","href":"https:\/\/api.w.org\/{rel}","templated":true}]}}