{"id":34122,"date":"2008-11-13T15:13:43","date_gmt":"2008-11-13T15:13:43","guid":{"rendered":"http:\/\/www.aceguarulhos.com.br\/blog\/?p=34122"},"modified":"-0001-11-30T00:00:00","modified_gmt":"-0001-11-30T03:00:00","slug":"guarulhos-poder%c3%a1-ter-metr%c3%b4-de-superf%c3%adcie-entre-tabo%c3%a3o-e-vila-galv%c3%a3o","status":"publish","type":"post","link":"https:\/\/www.aceguarulhos.com.br\/blog\/guarulhos-poder%c3%a1-ter-metr%c3%b4-de-superf%c3%adcie-entre-tabo%c3%a3o-e-vila-galv%c3%a3o\/","title":{"rendered":"Guarulhos poder\u00e1 ter metr\u00f4 de superf\u00edcie entre Tabo\u00e3o e Vila Galv\u00e3o"},"content":{"rendered":"<p>Acompanhado do prefeito eleito, Sebasti\u00e3o Almeida, e da secret\u00e1ria de Transportes e Tr\u00e2nsito, Patr\u00edcia Veras, o prefeito de Guarulhos, El\u00f3i Piet\u00e1, participou na quarta-feira, 12, em S\u00e3o Paulo, de um encontro para apresenta\u00e7\u00e3o de projetos que envolvem o munic\u00edpio, entre eles o Trem Expresso, que sair\u00e1 da esta\u00e7\u00e3o da Luz e ter\u00e1 conex\u00e3o direta com o Aeroporto de Cumbica, e o Trem Guarulhos, que dever\u00e1 sair da esta\u00e7\u00e3o do Br\u00e1s at\u00e9 o Parque Cecap.<\/p>\n<p><center><\/p>\n<p class=\"midia\" style=\"width: 420px;\"><img loading=\"lazy\" decoding=\"async\" src=\"\/blog\/wp-content\/uploads\/image.php?x=i&amp;i1=100&amp;i2=20081113151329\" title=\"M\u00e1rcio Lino\/PMG\" width=\"420\" height=\"280\"><\/p>\n<p><\/center><br \/>Durante a reuni\u00e3o, que contou com a presen\u00e7a do secret\u00e1rio dos Transportes Metropolitanos, Jos\u00e9 Luiz Portella, tamb\u00e9m foi discutida a cria\u00e7\u00e3o do futuro Corredor Metropolitano Guarulhos\u2013S\u00e3o Paulo (Tucuruvi). O governo do Estado j\u00e1 possui um aporte de R$ 500 milh\u00f5es para a realiza\u00e7\u00e3o dessa obra, cujo vencedor da licita\u00e7\u00e3o para desenvolver o projeto executivo ser\u00e1 anunciado nesta sexta-feira, dia 14.<br \/>&nbsp;<br \/>No encontro desta quarta-feira, Portella solicitou o apoio da Prefeitura de Guarulhos no sentido de obter do governo federal \u2013 por meio do Programa de Acelera\u00e7\u00e3o do Crescimento (PAC) \u2013 um aporte de mais R$ 300 milh\u00f5es com o objeto de transformar o corredor de \u00f4nibus em uma esp\u00e9cie de metr\u00f4 de superf\u00edcie, tamb\u00e9m conhecido como Ve\u00edculo Leve sobre Trilhos (VLT). Simp\u00e1ticos \u00e0 proposta, os representantes da Prefeitura v\u00e3o aguardar estudos mais precisos sobre o projeto.<\/p>\n<p><b>Jacu P\u00eassego &#8211;<\/b> O prefeito El\u00f3i Piet\u00e1 aproveitou a oportunidade para solicitar interven\u00e7\u00e3o do secret\u00e1rio Portella junto ao Conselho Estadual de Meio Ambiente (Consema) para obter a licen\u00e7a ambiental para a realiza\u00e7\u00e3o da obra do t\u00fanel sob a Dutra, que far\u00e1 a liga\u00e7\u00e3o da avenida Papa Jo\u00e3o Paulo I, no bairro do Presidente Dutra, com o Jardim Cumbica. Essa obra faz uma interliga\u00e7\u00e3o com a Jacu P\u00eassego. O secret\u00e1rio disse que n\u00e3o vai medir esfor\u00e7os para conseguir a licen\u00e7a junto ao \u00f3rg\u00e3o respons\u00e1vel.<\/p>\n","protected":false},"excerpt":{"rendered":"Acompanhado do prefeito eleito, Sebasti\u00e3o Almeida, e da secret\u00e1ria de Transportes e Tr\u00e2nsito, Patr\u00edcia Veras, o prefeito de Guarulhos, El\u00f3i Piet\u00e1, participou na \n<a class=\"moretag\" href=\"https:\/\/www.aceguarulhos.com.br\/blog\/guarulhos-poder%c3%a1-ter-metr%c3%b4-de-superf%c3%adcie-entre-tabo%c3%a3o-e-vila-galv%c3%a3o\/\"> [...]<\/a>","protected":false},"author":8,"featured_media":0,"comment_status":"open","ping_status":"open","sticky":false,"template":"","format":"standard","meta":{"footnotes":""},"categories":[2],"tags":[],"class_list":["post-34122","post","type-post","status-publish","format-standard","hentry","category-noticias"],"yoast_head":"<!-- This site is optimized with the Yoast SEO plugin v28.1 - https:\/\/yoast.com\/product\/yoast-seo-wordpress\/ -->\n<title>Guarulhos poder\u00e1 ter metr\u00f4 de superf\u00edcie entre Tabo\u00e3o e Vila Galv\u00e3o - ACE-Guarulhos<\/title>\n<meta name=\"robots\" content=\"index, follow, max-snippet:-1, max-image-preview:large, max-video-preview:-1\" \/>\n<link rel=\"canonical\" href=\"https:\/\/www.aceguarulhos.com.br\/blog\/guarulhos-poder\u00e1-ter-metr\u00f4-de-superf\u00edcie-entre-tabo\u00e3o-e-vila-galv\u00e3o\/\" \/>\n<meta property=\"og:locale\" content=\"pt_BR\" \/>\n<meta property=\"og:type\" content=\"article\" \/>\n<meta property=\"og:title\" content=\"Guarulhos poder\u00e1 ter metr\u00f4 de superf\u00edcie entre Tabo\u00e3o e Vila Galv\u00e3o - ACE-Guarulhos\" \/>\n<meta property=\"og:description\" content=\"Acompanhado do prefeito eleito, Sebasti\u00e3o Almeida, e da secret\u00e1ria de Transportes e Tr\u00e2nsito, Patr\u00edcia Veras, o prefeito de Guarulhos, El\u00f3i Piet\u00e1, participou na\" \/>\n<meta property=\"og:url\" content=\"https:\/\/www.aceguarulhos.com.br\/blog\/guarulhos-poder\u00e1-ter-metr\u00f4-de-superf\u00edcie-entre-tabo\u00e3o-e-vila-galv\u00e3o\/\" \/>\n<meta property=\"og:site_name\" content=\"ACE-Guarulhos\" \/>\n<meta property=\"article:publisher\" content=\"https:\/\/www.facebook.com\/aceguarulhos\/\" \/>\n<meta property=\"article:published_time\" content=\"2008-11-13T15:13:43+00:00\" \/>\n<meta property=\"og:image\" content=\"https:\/\/www.aceguarulhos.com.br\/blog\/wp-content\/uploads\/image.php\" \/>\n<meta name=\"author\" content=\"Assessoria de Imprensa ACE-Guarulhos\" \/>\n<meta name=\"twitter:card\" content=\"summary_large_image\" \/>\n<meta name=\"twitter:label1\" content=\"Escrito por\" \/>\n\t<meta name=\"twitter:data1\" content=\"Assessoria de Imprensa ACE-Guarulhos\" \/>\n\t<meta name=\"twitter:label2\" content=\"Est. tempo de leitura\" \/>\n\t<meta name=\"twitter:data2\" content=\"2 minutos\" \/>\n<script type=\"application\/ld+json\" class=\"yoast-schema-graph\">{\"@context\":\"https:\\\/\\\/schema.org\",\"@graph\":[{\"@type\":\"Article\",\"@id\":\"https:\\\/\\\/www.aceguarulhos.com.br\\\/blog\\\/guarulhos-poder%c3%a1-ter-metr%c3%b4-de-superf%c3%adcie-entre-tabo%c3%a3o-e-vila-galv%c3%a3o\\\/#article\",\"isPartOf\":{\"@id\":\"https:\\\/\\\/www.aceguarulhos.com.br\\\/blog\\\/guarulhos-poder%c3%a1-ter-metr%c3%b4-de-superf%c3%adcie-entre-tabo%c3%a3o-e-vila-galv%c3%a3o\\\/\"},\"author\":{\"name\":\"Assessoria de Imprensa ACE-Guarulhos\",\"@id\":\"https:\\\/\\\/www.aceguarulhos.com.br\\\/blog\\\/#\\\/schema\\\/person\\\/6983b51bad37489989e4f09698c26237\"},\"headline\":\"Guarulhos poder\u00e1 ter metr\u00f4 de superf\u00edcie entre Tabo\u00e3o e Vila Galv\u00e3o\",\"datePublished\":\"2008-11-13T15:13:43+00:00\",\"mainEntityOfPage\":{\"@id\":\"https:\\\/\\\/www.aceguarulhos.com.br\\\/blog\\\/guarulhos-poder%c3%a1-ter-metr%c3%b4-de-superf%c3%adcie-entre-tabo%c3%a3o-e-vila-galv%c3%a3o\\\/\"},\"wordCount\":348,\"commentCount\":0,\"publisher\":{\"@id\":\"https:\\\/\\\/www.aceguarulhos.com.br\\\/blog\\\/#organization\"},\"articleSection\":[\"Not\u00edcias\"],\"inLanguage\":\"pt-BR\"},{\"@type\":\"WebPage\",\"@id\":\"https:\\\/\\\/www.aceguarulhos.com.br\\\/blog\\\/guarulhos-poder%c3%a1-ter-metr%c3%b4-de-superf%c3%adcie-entre-tabo%c3%a3o-e-vila-galv%c3%a3o\\\/\",\"url\":\"https:\\\/\\\/www.aceguarulhos.com.br\\\/blog\\\/guarulhos-poder%c3%a1-ter-metr%c3%b4-de-superf%c3%adcie-entre-tabo%c3%a3o-e-vila-galv%c3%a3o\\\/\",\"name\":\"Guarulhos poder\u00e1 ter metr\u00f4 de superf\u00edcie entre Tabo\u00e3o e Vila Galv\u00e3o - ACE-Guarulhos\",\"isPartOf\":{\"@id\":\"https:\\\/\\\/www.aceguarulhos.com.br\\\/blog\\\/#website\"},\"datePublished\":\"2008-11-13T15:13:43+00:00\",\"breadcrumb\":{\"@id\":\"https:\\\/\\\/www.aceguarulhos.com.br\\\/blog\\\/guarulhos-poder%c3%a1-ter-metr%c3%b4-de-superf%c3%adcie-entre-tabo%c3%a3o-e-vila-galv%c3%a3o\\\/#breadcrumb\"},\"inLanguage\":\"pt-BR\",\"potentialAction\":[{\"@type\":\"ReadAction\",\"target\":[\"https:\\\/\\\/www.aceguarulhos.com.br\\\/blog\\\/guarulhos-poder%c3%a1-ter-metr%c3%b4-de-superf%c3%adcie-entre-tabo%c3%a3o-e-vila-galv%c3%a3o\\\/\"]}]},{\"@type\":\"BreadcrumbList\",\"@id\":\"https:\\\/\\\/www.aceguarulhos.com.br\\\/blog\\\/guarulhos-poder%c3%a1-ter-metr%c3%b4-de-superf%c3%adcie-entre-tabo%c3%a3o-e-vila-galv%c3%a3o\\\/#breadcrumb\",\"itemListElement\":[{\"@type\":\"ListItem\",\"position\":1,\"name\":\"In\u00edcio\",\"item\":\"https:\\\/\\\/www.aceguarulhos.com.br\\\/blog\\\/\"},{\"@type\":\"ListItem\",\"position\":2,\"name\":\"Guarulhos poder\u00e1 ter metr\u00f4 de superf\u00edcie entre Tabo\u00e3o e Vila Galv\u00e3o\"}]},{\"@type\":\"WebSite\",\"@id\":\"https:\\\/\\\/www.aceguarulhos.com.br\\\/blog\\\/#website\",\"url\":\"https:\\\/\\\/www.aceguarulhos.com.br\\\/blog\\\/\",\"name\":\"ACE-Guarulhos\",\"description\":\"A ACE-Guarulhos \u00e9 uma associa\u00e7\u00e3o que ap\u00f3ia os empres\u00e1rios guarulhenses atrav\u00e9s da representa\u00e7\u00e3o, da gera\u00e7\u00e3o de neg\u00f3cios e presta\u00e7\u00e3o de servi\u00e7os.\",\"publisher\":{\"@id\":\"https:\\\/\\\/www.aceguarulhos.com.br\\\/blog\\\/#organization\"},\"potentialAction\":[{\"@type\":\"SearchAction\",\"target\":{\"@type\":\"EntryPoint\",\"urlTemplate\":\"https:\\\/\\\/www.aceguarulhos.com.br\\\/blog\\\/?s={search_term_string}\"},\"query-input\":{\"@type\":\"PropertyValueSpecification\",\"valueRequired\":true,\"valueName\":\"search_term_string\"}}],\"inLanguage\":\"pt-BR\"},{\"@type\":\"Organization\",\"@id\":\"https:\\\/\\\/www.aceguarulhos.com.br\\\/blog\\\/#organization\",\"name\":\"ACE-Guarulhos\",\"url\":\"https:\\\/\\\/www.aceguarulhos.com.br\\\/blog\\\/\",\"logo\":{\"@type\":\"ImageObject\",\"inLanguage\":\"pt-BR\",\"@id\":\"https:\\\/\\\/www.aceguarulhos.com.br\\\/blog\\\/#\\\/schema\\\/logo\\\/image\\\/\",\"url\":\"https:\\\/\\\/www.aceguarulhos.com.br\\\/blog\\\/wp-content\\\/uploads\\\/2017\\\/12\\\/logo-aceguarulhos-2018.png\",\"contentUrl\":\"https:\\\/\\\/www.aceguarulhos.com.br\\\/blog\\\/wp-content\\\/uploads\\\/2017\\\/12\\\/logo-aceguarulhos-2018.png\",\"width\":419,\"height\":76,\"caption\":\"ACE-Guarulhos\"},\"image\":{\"@id\":\"https:\\\/\\\/www.aceguarulhos.com.br\\\/blog\\\/#\\\/schema\\\/logo\\\/image\\\/\"},\"sameAs\":[\"https:\\\/\\\/www.facebook.com\\\/aceguarulhos\\\/\",\"https:\\\/\\\/br.linkedin.com\\\/in\\\/ace-guarulhos-b9a97093\",\"https:\\\/\\\/www.youtube.com\\\/user\\\/aceguarulhos\"]},{\"@type\":\"Person\",\"@id\":\"https:\\\/\\\/www.aceguarulhos.com.br\\\/blog\\\/#\\\/schema\\\/person\\\/6983b51bad37489989e4f09698c26237\",\"name\":\"Assessoria de Imprensa ACE-Guarulhos\",\"image\":{\"@type\":\"ImageObject\",\"inLanguage\":\"pt-BR\",\"@id\":\"https:\\\/\\\/secure.gravatar.com\\\/avatar\\\/707f3fadd6918afeb64173ab22d8a8cb0676953098a4f31ff36dc2b4c699ef6a?s=96&d=mm&r=g\",\"url\":\"https:\\\/\\\/secure.gravatar.com\\\/avatar\\\/707f3fadd6918afeb64173ab22d8a8cb0676953098a4f31ff36dc2b4c699ef6a?s=96&d=mm&r=g\",\"contentUrl\":\"https:\\\/\\\/secure.gravatar.com\\\/avatar\\\/707f3fadd6918afeb64173ab22d8a8cb0676953098a4f31ff36dc2b4c699ef6a?s=96&d=mm&r=g\",\"caption\":\"Assessoria de Imprensa ACE-Guarulhos\"},\"url\":\"https:\\\/\\\/www.aceguarulhos.com.br\\\/blog\\\/author\\\/assessoria-de-imprensa-ace-guarulhos\\\/\"}]}<\/script>\n<!-- \/ Yoast SEO plugin. -->","yoast_head_json":{"title":"Guarulhos poder\u00e1 ter metr\u00f4 de superf\u00edcie entre Tabo\u00e3o e Vila Galv\u00e3o - ACE-Guarulhos","robots":{"index":"index","follow":"follow","max-snippet":"max-snippet:-1","max-image-preview":"max-image-preview:large","max-video-preview":"max-video-preview:-1"},"canonical":"https:\/\/www.aceguarulhos.com.br\/blog\/guarulhos-poder\u00e1-ter-metr\u00f4-de-superf\u00edcie-entre-tabo\u00e3o-e-vila-galv\u00e3o\/","og_locale":"pt_BR","og_type":"article","og_title":"Guarulhos poder\u00e1 ter metr\u00f4 de superf\u00edcie entre Tabo\u00e3o e Vila Galv\u00e3o - ACE-Guarulhos","og_description":"Acompanhado do prefeito eleito, Sebasti\u00e3o Almeida, e da secret\u00e1ria de Transportes e Tr\u00e2nsito, Patr\u00edcia Veras, o prefeito de Guarulhos, El\u00f3i Piet\u00e1, participou na","og_url":"https:\/\/www.aceguarulhos.com.br\/blog\/guarulhos-poder\u00e1-ter-metr\u00f4-de-superf\u00edcie-entre-tabo\u00e3o-e-vila-galv\u00e3o\/","og_site_name":"ACE-Guarulhos","article_publisher":"https:\/\/www.facebook.com\/aceguarulhos\/","article_published_time":"2008-11-13T15:13:43+00:00","og_image":[{"url":"https:\/\/www.aceguarulhos.com.br\/blog\/wp-content\/uploads\/image.php","type":"","width":"","height":""}],"author":"Assessoria de Imprensa ACE-Guarulhos","twitter_card":"summary_large_image","twitter_misc":{"Escrito por":"Assessoria de Imprensa ACE-Guarulhos","Est. tempo de leitura":"2 minutos"},"schema":{"@context":"https:\/\/schema.org","@graph":[{"@type":"Article","@id":"https:\/\/www.aceguarulhos.com.br\/blog\/guarulhos-poder%c3%a1-ter-metr%c3%b4-de-superf%c3%adcie-entre-tabo%c3%a3o-e-vila-galv%c3%a3o\/#article","isPartOf":{"@id":"https:\/\/www.aceguarulhos.com.br\/blog\/guarulhos-poder%c3%a1-ter-metr%c3%b4-de-superf%c3%adcie-entre-tabo%c3%a3o-e-vila-galv%c3%a3o\/"},"author":{"name":"Assessoria de Imprensa ACE-Guarulhos","@id":"https:\/\/www.aceguarulhos.com.br\/blog\/#\/schema\/person\/6983b51bad37489989e4f09698c26237"},"headline":"Guarulhos poder\u00e1 ter metr\u00f4 de superf\u00edcie entre Tabo\u00e3o e Vila Galv\u00e3o","datePublished":"2008-11-13T15:13:43+00:00","mainEntityOfPage":{"@id":"https:\/\/www.aceguarulhos.com.br\/blog\/guarulhos-poder%c3%a1-ter-metr%c3%b4-de-superf%c3%adcie-entre-tabo%c3%a3o-e-vila-galv%c3%a3o\/"},"wordCount":348,"commentCount":0,"publisher":{"@id":"https:\/\/www.aceguarulhos.com.br\/blog\/#organization"},"articleSection":["Not\u00edcias"],"inLanguage":"pt-BR"},{"@type":"WebPage","@id":"https:\/\/www.aceguarulhos.com.br\/blog\/guarulhos-poder%c3%a1-ter-metr%c3%b4-de-superf%c3%adcie-entre-tabo%c3%a3o-e-vila-galv%c3%a3o\/","url":"https:\/\/www.aceguarulhos.com.br\/blog\/guarulhos-poder%c3%a1-ter-metr%c3%b4-de-superf%c3%adcie-entre-tabo%c3%a3o-e-vila-galv%c3%a3o\/","name":"Guarulhos poder\u00e1 ter metr\u00f4 de superf\u00edcie entre Tabo\u00e3o e Vila Galv\u00e3o - ACE-Guarulhos","isPartOf":{"@id":"https:\/\/www.aceguarulhos.com.br\/blog\/#website"},"datePublished":"2008-11-13T15:13:43+00:00","breadcrumb":{"@id":"https:\/\/www.aceguarulhos.com.br\/blog\/guarulhos-poder%c3%a1-ter-metr%c3%b4-de-superf%c3%adcie-entre-tabo%c3%a3o-e-vila-galv%c3%a3o\/#breadcrumb"},"inLanguage":"pt-BR","potentialAction":[{"@type":"ReadAction","target":["https:\/\/www.aceguarulhos.com.br\/blog\/guarulhos-poder%c3%a1-ter-metr%c3%b4-de-superf%c3%adcie-entre-tabo%c3%a3o-e-vila-galv%c3%a3o\/"]}]},{"@type":"BreadcrumbList","@id":"https:\/\/www.aceguarulhos.com.br\/blog\/guarulhos-poder%c3%a1-ter-metr%c3%b4-de-superf%c3%adcie-entre-tabo%c3%a3o-e-vila-galv%c3%a3o\/#breadcrumb","itemListElement":[{"@type":"ListItem","position":1,"name":"In\u00edcio","item":"https:\/\/www.aceguarulhos.com.br\/blog\/"},{"@type":"ListItem","position":2,"name":"Guarulhos poder\u00e1 ter metr\u00f4 de superf\u00edcie entre Tabo\u00e3o e Vila Galv\u00e3o"}]},{"@type":"WebSite","@id":"https:\/\/www.aceguarulhos.com.br\/blog\/#website","url":"https:\/\/www.aceguarulhos.com.br\/blog\/","name":"ACE-Guarulhos","description":"A ACE-Guarulhos \u00e9 uma associa\u00e7\u00e3o que ap\u00f3ia os empres\u00e1rios guarulhenses atrav\u00e9s da representa\u00e7\u00e3o, da gera\u00e7\u00e3o de neg\u00f3cios e presta\u00e7\u00e3o de servi\u00e7os.","publisher":{"@id":"https:\/\/www.aceguarulhos.com.br\/blog\/#organization"},"potentialAction":[{"@type":"SearchAction","target":{"@type":"EntryPoint","urlTemplate":"https:\/\/www.aceguarulhos.com.br\/blog\/?s={search_term_string}"},"query-input":{"@type":"PropertyValueSpecification","valueRequired":true,"valueName":"search_term_string"}}],"inLanguage":"pt-BR"},{"@type":"Organization","@id":"https:\/\/www.aceguarulhos.com.br\/blog\/#organization","name":"ACE-Guarulhos","url":"https:\/\/www.aceguarulhos.com.br\/blog\/","logo":{"@type":"ImageObject","inLanguage":"pt-BR","@id":"https:\/\/www.aceguarulhos.com.br\/blog\/#\/schema\/logo\/image\/","url":"https:\/\/www.aceguarulhos.com.br\/blog\/wp-content\/uploads\/2017\/12\/logo-aceguarulhos-2018.png","contentUrl":"https:\/\/www.aceguarulhos.com.br\/blog\/wp-content\/uploads\/2017\/12\/logo-aceguarulhos-2018.png","width":419,"height":76,"caption":"ACE-Guarulhos"},"image":{"@id":"https:\/\/www.aceguarulhos.com.br\/blog\/#\/schema\/logo\/image\/"},"sameAs":["https:\/\/www.facebook.com\/aceguarulhos\/","https:\/\/br.linkedin.com\/in\/ace-guarulhos-b9a97093","https:\/\/www.youtube.com\/user\/aceguarulhos"]},{"@type":"Person","@id":"https:\/\/www.aceguarulhos.com.br\/blog\/#\/schema\/person\/6983b51bad37489989e4f09698c26237","name":"Assessoria de Imprensa ACE-Guarulhos","image":{"@type":"ImageObject","inLanguage":"pt-BR","@id":"https:\/\/secure.gravatar.com\/avatar\/707f3fadd6918afeb64173ab22d8a8cb0676953098a4f31ff36dc2b4c699ef6a?s=96&d=mm&r=g","url":"https:\/\/secure.gravatar.com\/avatar\/707f3fadd6918afeb64173ab22d8a8cb0676953098a4f31ff36dc2b4c699ef6a?s=96&d=mm&r=g","contentUrl":"https:\/\/secure.gravatar.com\/avatar\/707f3fadd6918afeb64173ab22d8a8cb0676953098a4f31ff36dc2b4c699ef6a?s=96&d=mm&r=g","caption":"Assessoria de Imprensa ACE-Guarulhos"},"url":"https:\/\/www.aceguarulhos.com.br\/blog\/author\/assessoria-de-imprensa-ace-guarulhos\/"}]}},"wps_subtitle":"","amp_enabled":true,"_links":{"self":[{"href":"https:\/\/www.aceguarulhos.com.br\/blog\/wp-json\/wp\/v2\/posts\/34122","targetHints":{"allow":["GET"]}}],"collection":[{"href":"https:\/\/www.aceguarulhos.com.br\/blog\/wp-json\/wp\/v2\/posts"}],"about":[{"href":"https:\/\/www.aceguarulhos.com.br\/blog\/wp-json\/wp\/v2\/types\/post"}],"author":[{"embeddable":true,"href":"https:\/\/www.aceguarulhos.com.br\/blog\/wp-json\/wp\/v2\/users\/8"}],"replies":[{"embeddable":true,"href":"https:\/\/www.aceguarulhos.com.br\/blog\/wp-json\/wp\/v2\/comments?post=34122"}],"version-history":[{"count":0,"href":"https:\/\/www.aceguarulhos.com.br\/blog\/wp-json\/wp\/v2\/posts\/34122\/revisions"}],"wp:attachment":[{"href":"https:\/\/www.aceguarulhos.com.br\/blog\/wp-json\/wp\/v2\/media?parent=34122"}],"wp:term":[{"taxonomy":"category","embeddable":true,"href":"https:\/\/www.aceguarulhos.com.br\/blog\/wp-json\/wp\/v2\/categories?post=34122"},{"taxonomy":"post_tag","embeddable":true,"href":"https:\/\/www.aceguarulhos.com.br\/blog\/wp-json\/wp\/v2\/tags?post=34122"}],"curies":[{"name":"wp","href":"https:\/\/api.w.org\/{rel}","templated":true}]}}