{"id":34099,"date":"2008-11-07T14:58:36","date_gmt":"2008-11-07T14:58:36","guid":{"rendered":"http:\/\/www.aceguarulhos.com.br\/blog\/?p=34099"},"modified":"-0001-11-30T00:00:00","modified_gmt":"-0001-11-30T03:00:00","slug":"ace-comemora-cinco-anos-do-empreender","status":"publish","type":"post","link":"https:\/\/www.aceguarulhos.com.br\/blog\/ace-comemora-cinco-anos-do-empreender\/","title":{"rendered":"ACE comemora cinco anos do Empreender"},"content":{"rendered":"<p>A Associa\u00e7\u00e3o Comercial e Empresarial de Guarulhos (ACE) comemorou na noite de quarta-feira, 5, no Open Hall Convention Center, cinco anos do Empreender-Guarulhos. A festa foi uma celebra\u00e7\u00e3o do associativismo, bandeira defendida pela entidade e colocada em pr\u00e1tica pelos empres\u00e1rios que integram o programa.<\/p>\n<p><center><\/p>\n<p class=\"midia\" style=\"width: 420px;\"><img loading=\"lazy\" decoding=\"async\" src=\"\/blog\/wp-content\/uploads\/image.php?x=i&amp;i1=100&amp;i2=20081107145424\" title=\"Imprensa\/ACE\" width=\"420\" height=\"300\"><br \/>Programa comemorou cinco anos de exist\u00eancia<\/p>\n<p><\/center><\/p>\n<p>O Empreender, desenvolvido em parceria pela ACE e o Sebrae-SP, nasceu em Santa Catarina em 1991, mas s\u00f3 chegou a Guarulhos em 2003, na gest\u00e3o do ex-presidente Decio Pomp\u00eao Junior. Desde ent\u00e3o, o programa tem realizado mudan\u00e7as significativas no plano de neg\u00f3cios de muitos empreendedores. Estas mudan\u00e7as, para o presidente da Associa\u00e7\u00e3o Comercial, Wilson Louren\u00e7o, s\u00f3 foram poss\u00edveis por conta do associativismo, que em sua ess\u00eancia prega a uni\u00e3o dos empres\u00e1rios para a solucionar problemas comuns. \u201cO esp\u00edrito asssociativista \u00e9 o grande benef\u00edcio do Empreender, algo que est\u00e1 em falta no mundo dos neg\u00f3cios. Ao se unirem, os empreendedores ficam mais fortes e as solu\u00e7\u00f5es para muitos problemas comuns s\u00e3o mais r\u00e1pidas\u201d, disse.<\/p>\n<p>Louren\u00e7o afirmou que a consolida\u00e7\u00e3o do programa vai proporcionar mais responsabilidades para a ACE e para o Sebrae-SP, que j\u00e1 pensam na cria\u00e7\u00e3o de novos n\u00facleos setoriais. A informa\u00e7\u00e3o foi confirmada pela gerente do escrit\u00f3rio regional do Sebrae-SP, em Guarulhos, Cristiane Rebelato. \u201cQueremos tornar os atuais grupos mais competitivos no mercado e estimular a entrada de novas empresas\u201d, completou.<\/p>\n<p>Rebelato disse, tamb\u00e9m, que o desenvolvimento empresarial continuar\u00e1 na pauta do Empreender. \u201cTemos inten\u00e7\u00e3o de trabalhar a gest\u00e3o empresarial dos empreendedores, como tamb\u00e9m a parte t\u00e9cnica desenvolvida em cada empresa\u201d, disse.<\/p>\n<p>Logo em seguida a abertura do evento, foi \u00e0 vez do conferencista Jos\u00e9 Luiz Tejon entrar em cena. Com tiradas bem humoradas, Tejon falou sobre supera\u00e7\u00e3o e a grande virada que os empreendedores fazem em seus neg\u00f3cios todos os dias.<\/p>\n<p><center><\/p>\n<p class=\"midia\" style=\"width: 420px;\"><img loading=\"lazy\" decoding=\"async\" src=\"\/blog\/wp-content\/uploads\/image.php?x=i&amp;i1=100&amp;i2=20081107145739\" title=\"Imprensa\/ACE\" width=\"420\" height=\"382\"><br \/>Tejon falou sobre supera\u00e7\u00e3o<\/p>\n<p><\/center><\/p>\n<p>Tejon enfatizou que para quem empreende \u00e9 de suma import\u00e2ncia prestar aten\u00e7\u00e3o nas coisas da vida, pois quem tem foco e planejamento \u00e0 probabilidade de sucesso profissional aumenta. \u201c\u00c9 importante prestarmos aten\u00e7\u00e3o em nossas virtudes. Por isso, minha miss\u00e3o nesta palestra \u00e9 fazer com que este grupo de seres humanos n\u00e3o fique parado\u201d, disse.<\/p>\n<p><b>Salas tem\u00e1ticas \u2013<\/b> A novidade da festa dos cinco anos do Empreender foi \u00e0 realiza\u00e7\u00e3o de quatro salas tem\u00e1ticas que abordaram o universo do empreendedorismo.<\/p>\n<p><center><\/p>\n<p class=\"midia\" style=\"width: 420px;\"><img loading=\"lazy\" decoding=\"async\" src=\"\/blog\/wp-content\/uploads\/image.php?x=i&amp;i1=100&amp;i2=20081107145823\" title=\"Imprensa\/ACE\" width=\"420\" height=\"310\"><br \/>Salas tem\u00e1ticas debateram o empreendedorismo<\/p>\n<p><\/center><\/p>\n<p>Na sala Venezuela, a Federa\u00e7\u00e3o das Associa\u00e7\u00f5es Comerciais do Estado de S\u00e3o Paulo (Facesp) ficou com a responsabilidade de falar sobre o N\u00facleo Regional de Auto Mec\u00e2nica. Na sala Chile, o N\u00facleo de Contabilidade do Empreender-Guarulhos falou sobre o \u201cProfissionalizar para Crescer\u201d, projeto que pretende realizar profundas nos escrit\u00f3rios de contabilidade.<\/p>\n<p>&nbsp;Na sala Peru,o consultor da Ag\u00eancia de Desenvolvimento de Guarulhos (AGENDE), Marcelo Choueri, falou sobre o crescimento socioecon\u00f4mico da regi\u00e3o de Cumbica. J\u00e1 na sala Uruguai, o secret\u00e1rio de Desenvolvimento Econ\u00f4mico, Ant\u00f4nio Carlos de Almeida, e o secret\u00e1rio adjunto, Yutaka Kambe, falaram sobre as oportunidades de neg\u00f3cios em Guarulhos.<\/p>\n","protected":false},"excerpt":{"rendered":"Em parceria com o Sebrae-SP, entidade preparou festa para o programa guarulhense que contou com a presen\u00e7a de autoridades municipais\n<a class=\"moretag\" href=\"https:\/\/www.aceguarulhos.com.br\/blog\/ace-comemora-cinco-anos-do-empreender\/\"> [...]<\/a>","protected":false},"author":8,"featured_media":0,"comment_status":"open","ping_status":"open","sticky":false,"template":"","format":"standard","meta":{"footnotes":""},"categories":[2],"tags":[],"class_list":["post-34099","post","type-post","status-publish","format-standard","hentry","category-noticias"],"yoast_head":"<!-- This site is optimized with the Yoast SEO plugin v28.1 - https:\/\/yoast.com\/product\/yoast-seo-wordpress\/ -->\n<title>ACE comemora cinco anos do Empreender - ACE-Guarulhos<\/title>\n<meta name=\"robots\" content=\"index, follow, max-snippet:-1, max-image-preview:large, max-video-preview:-1\" \/>\n<link rel=\"canonical\" href=\"https:\/\/www.aceguarulhos.com.br\/blog\/ace-comemora-cinco-anos-do-empreender\/\" \/>\n<meta property=\"og:locale\" content=\"pt_BR\" \/>\n<meta property=\"og:type\" content=\"article\" \/>\n<meta property=\"og:title\" content=\"ACE comemora cinco anos do Empreender - ACE-Guarulhos\" \/>\n<meta property=\"og:description\" content=\"Em parceria com o Sebrae-SP, entidade preparou festa para o programa guarulhense que contou com a presen\u00e7a de autoridades municipais\" \/>\n<meta property=\"og:url\" content=\"https:\/\/www.aceguarulhos.com.br\/blog\/ace-comemora-cinco-anos-do-empreender\/\" \/>\n<meta property=\"og:site_name\" content=\"ACE-Guarulhos\" \/>\n<meta property=\"article:publisher\" content=\"https:\/\/www.facebook.com\/aceguarulhos\/\" \/>\n<meta property=\"article:published_time\" content=\"2008-11-07T14:58:36+00:00\" \/>\n<meta property=\"og:image\" content=\"https:\/\/www.aceguarulhos.com.br\/blog\/wp-content\/uploads\/image.php\" \/>\n<meta name=\"author\" content=\"Assessoria de Imprensa ACE-Guarulhos\" \/>\n<meta name=\"twitter:card\" content=\"summary_large_image\" \/>\n<meta name=\"twitter:label1\" content=\"Escrito por\" \/>\n\t<meta name=\"twitter:data1\" content=\"Assessoria de Imprensa ACE-Guarulhos\" \/>\n\t<meta name=\"twitter:label2\" content=\"Est. tempo de leitura\" \/>\n\t<meta name=\"twitter:data2\" content=\"3 minutos\" \/>\n<script type=\"application\/ld+json\" class=\"yoast-schema-graph\">{\"@context\":\"https:\\\/\\\/schema.org\",\"@graph\":[{\"@type\":\"Article\",\"@id\":\"https:\\\/\\\/www.aceguarulhos.com.br\\\/blog\\\/ace-comemora-cinco-anos-do-empreender\\\/#article\",\"isPartOf\":{\"@id\":\"https:\\\/\\\/www.aceguarulhos.com.br\\\/blog\\\/ace-comemora-cinco-anos-do-empreender\\\/\"},\"author\":{\"name\":\"Assessoria de Imprensa ACE-Guarulhos\",\"@id\":\"https:\\\/\\\/www.aceguarulhos.com.br\\\/blog\\\/#\\\/schema\\\/person\\\/6983b51bad37489989e4f09698c26237\"},\"headline\":\"ACE comemora cinco anos do Empreender\",\"datePublished\":\"2008-11-07T14:58:36+00:00\",\"mainEntityOfPage\":{\"@id\":\"https:\\\/\\\/www.aceguarulhos.com.br\\\/blog\\\/ace-comemora-cinco-anos-do-empreender\\\/\"},\"wordCount\":539,\"commentCount\":0,\"publisher\":{\"@id\":\"https:\\\/\\\/www.aceguarulhos.com.br\\\/blog\\\/#organization\"},\"articleSection\":[\"Not\u00edcias\"],\"inLanguage\":\"pt-BR\"},{\"@type\":\"WebPage\",\"@id\":\"https:\\\/\\\/www.aceguarulhos.com.br\\\/blog\\\/ace-comemora-cinco-anos-do-empreender\\\/\",\"url\":\"https:\\\/\\\/www.aceguarulhos.com.br\\\/blog\\\/ace-comemora-cinco-anos-do-empreender\\\/\",\"name\":\"ACE comemora cinco anos do Empreender - ACE-Guarulhos\",\"isPartOf\":{\"@id\":\"https:\\\/\\\/www.aceguarulhos.com.br\\\/blog\\\/#website\"},\"datePublished\":\"2008-11-07T14:58:36+00:00\",\"breadcrumb\":{\"@id\":\"https:\\\/\\\/www.aceguarulhos.com.br\\\/blog\\\/ace-comemora-cinco-anos-do-empreender\\\/#breadcrumb\"},\"inLanguage\":\"pt-BR\",\"potentialAction\":[{\"@type\":\"ReadAction\",\"target\":[\"https:\\\/\\\/www.aceguarulhos.com.br\\\/blog\\\/ace-comemora-cinco-anos-do-empreender\\\/\"]}]},{\"@type\":\"BreadcrumbList\",\"@id\":\"https:\\\/\\\/www.aceguarulhos.com.br\\\/blog\\\/ace-comemora-cinco-anos-do-empreender\\\/#breadcrumb\",\"itemListElement\":[{\"@type\":\"ListItem\",\"position\":1,\"name\":\"In\u00edcio\",\"item\":\"https:\\\/\\\/www.aceguarulhos.com.br\\\/blog\\\/\"},{\"@type\":\"ListItem\",\"position\":2,\"name\":\"ACE comemora cinco anos do Empreender\"}]},{\"@type\":\"WebSite\",\"@id\":\"https:\\\/\\\/www.aceguarulhos.com.br\\\/blog\\\/#website\",\"url\":\"https:\\\/\\\/www.aceguarulhos.com.br\\\/blog\\\/\",\"name\":\"ACE-Guarulhos\",\"description\":\"A ACE-Guarulhos \u00e9 uma associa\u00e7\u00e3o que ap\u00f3ia os empres\u00e1rios guarulhenses atrav\u00e9s da representa\u00e7\u00e3o, da gera\u00e7\u00e3o de neg\u00f3cios e presta\u00e7\u00e3o de servi\u00e7os.\",\"publisher\":{\"@id\":\"https:\\\/\\\/www.aceguarulhos.com.br\\\/blog\\\/#organization\"},\"potentialAction\":[{\"@type\":\"SearchAction\",\"target\":{\"@type\":\"EntryPoint\",\"urlTemplate\":\"https:\\\/\\\/www.aceguarulhos.com.br\\\/blog\\\/?s={search_term_string}\"},\"query-input\":{\"@type\":\"PropertyValueSpecification\",\"valueRequired\":true,\"valueName\":\"search_term_string\"}}],\"inLanguage\":\"pt-BR\"},{\"@type\":\"Organization\",\"@id\":\"https:\\\/\\\/www.aceguarulhos.com.br\\\/blog\\\/#organization\",\"name\":\"ACE-Guarulhos\",\"url\":\"https:\\\/\\\/www.aceguarulhos.com.br\\\/blog\\\/\",\"logo\":{\"@type\":\"ImageObject\",\"inLanguage\":\"pt-BR\",\"@id\":\"https:\\\/\\\/www.aceguarulhos.com.br\\\/blog\\\/#\\\/schema\\\/logo\\\/image\\\/\",\"url\":\"https:\\\/\\\/www.aceguarulhos.com.br\\\/blog\\\/wp-content\\\/uploads\\\/2017\\\/12\\\/logo-aceguarulhos-2018.png\",\"contentUrl\":\"https:\\\/\\\/www.aceguarulhos.com.br\\\/blog\\\/wp-content\\\/uploads\\\/2017\\\/12\\\/logo-aceguarulhos-2018.png\",\"width\":419,\"height\":76,\"caption\":\"ACE-Guarulhos\"},\"image\":{\"@id\":\"https:\\\/\\\/www.aceguarulhos.com.br\\\/blog\\\/#\\\/schema\\\/logo\\\/image\\\/\"},\"sameAs\":[\"https:\\\/\\\/www.facebook.com\\\/aceguarulhos\\\/\",\"https:\\\/\\\/br.linkedin.com\\\/in\\\/ace-guarulhos-b9a97093\",\"https:\\\/\\\/www.youtube.com\\\/user\\\/aceguarulhos\"]},{\"@type\":\"Person\",\"@id\":\"https:\\\/\\\/www.aceguarulhos.com.br\\\/blog\\\/#\\\/schema\\\/person\\\/6983b51bad37489989e4f09698c26237\",\"name\":\"Assessoria de Imprensa ACE-Guarulhos\",\"image\":{\"@type\":\"ImageObject\",\"inLanguage\":\"pt-BR\",\"@id\":\"https:\\\/\\\/secure.gravatar.com\\\/avatar\\\/707f3fadd6918afeb64173ab22d8a8cb0676953098a4f31ff36dc2b4c699ef6a?s=96&d=mm&r=g\",\"url\":\"https:\\\/\\\/secure.gravatar.com\\\/avatar\\\/707f3fadd6918afeb64173ab22d8a8cb0676953098a4f31ff36dc2b4c699ef6a?s=96&d=mm&r=g\",\"contentUrl\":\"https:\\\/\\\/secure.gravatar.com\\\/avatar\\\/707f3fadd6918afeb64173ab22d8a8cb0676953098a4f31ff36dc2b4c699ef6a?s=96&d=mm&r=g\",\"caption\":\"Assessoria de Imprensa ACE-Guarulhos\"},\"url\":\"https:\\\/\\\/www.aceguarulhos.com.br\\\/blog\\\/author\\\/assessoria-de-imprensa-ace-guarulhos\\\/\"}]}<\/script>\n<!-- \/ Yoast SEO plugin. -->","yoast_head_json":{"title":"ACE comemora cinco anos do Empreender - ACE-Guarulhos","robots":{"index":"index","follow":"follow","max-snippet":"max-snippet:-1","max-image-preview":"max-image-preview:large","max-video-preview":"max-video-preview:-1"},"canonical":"https:\/\/www.aceguarulhos.com.br\/blog\/ace-comemora-cinco-anos-do-empreender\/","og_locale":"pt_BR","og_type":"article","og_title":"ACE comemora cinco anos do Empreender - ACE-Guarulhos","og_description":"Em parceria com o Sebrae-SP, entidade preparou festa para o programa guarulhense que contou com a presen\u00e7a de autoridades municipais","og_url":"https:\/\/www.aceguarulhos.com.br\/blog\/ace-comemora-cinco-anos-do-empreender\/","og_site_name":"ACE-Guarulhos","article_publisher":"https:\/\/www.facebook.com\/aceguarulhos\/","article_published_time":"2008-11-07T14:58:36+00:00","og_image":[{"url":"https:\/\/www.aceguarulhos.com.br\/blog\/wp-content\/uploads\/image.php","type":"","width":"","height":""}],"author":"Assessoria de Imprensa ACE-Guarulhos","twitter_card":"summary_large_image","twitter_misc":{"Escrito por":"Assessoria de Imprensa ACE-Guarulhos","Est. tempo de leitura":"3 minutos"},"schema":{"@context":"https:\/\/schema.org","@graph":[{"@type":"Article","@id":"https:\/\/www.aceguarulhos.com.br\/blog\/ace-comemora-cinco-anos-do-empreender\/#article","isPartOf":{"@id":"https:\/\/www.aceguarulhos.com.br\/blog\/ace-comemora-cinco-anos-do-empreender\/"},"author":{"name":"Assessoria de Imprensa ACE-Guarulhos","@id":"https:\/\/www.aceguarulhos.com.br\/blog\/#\/schema\/person\/6983b51bad37489989e4f09698c26237"},"headline":"ACE comemora cinco anos do Empreender","datePublished":"2008-11-07T14:58:36+00:00","mainEntityOfPage":{"@id":"https:\/\/www.aceguarulhos.com.br\/blog\/ace-comemora-cinco-anos-do-empreender\/"},"wordCount":539,"commentCount":0,"publisher":{"@id":"https:\/\/www.aceguarulhos.com.br\/blog\/#organization"},"articleSection":["Not\u00edcias"],"inLanguage":"pt-BR"},{"@type":"WebPage","@id":"https:\/\/www.aceguarulhos.com.br\/blog\/ace-comemora-cinco-anos-do-empreender\/","url":"https:\/\/www.aceguarulhos.com.br\/blog\/ace-comemora-cinco-anos-do-empreender\/","name":"ACE comemora cinco anos do Empreender - ACE-Guarulhos","isPartOf":{"@id":"https:\/\/www.aceguarulhos.com.br\/blog\/#website"},"datePublished":"2008-11-07T14:58:36+00:00","breadcrumb":{"@id":"https:\/\/www.aceguarulhos.com.br\/blog\/ace-comemora-cinco-anos-do-empreender\/#breadcrumb"},"inLanguage":"pt-BR","potentialAction":[{"@type":"ReadAction","target":["https:\/\/www.aceguarulhos.com.br\/blog\/ace-comemora-cinco-anos-do-empreender\/"]}]},{"@type":"BreadcrumbList","@id":"https:\/\/www.aceguarulhos.com.br\/blog\/ace-comemora-cinco-anos-do-empreender\/#breadcrumb","itemListElement":[{"@type":"ListItem","position":1,"name":"In\u00edcio","item":"https:\/\/www.aceguarulhos.com.br\/blog\/"},{"@type":"ListItem","position":2,"name":"ACE comemora cinco anos do Empreender"}]},{"@type":"WebSite","@id":"https:\/\/www.aceguarulhos.com.br\/blog\/#website","url":"https:\/\/www.aceguarulhos.com.br\/blog\/","name":"ACE-Guarulhos","description":"A ACE-Guarulhos \u00e9 uma associa\u00e7\u00e3o que ap\u00f3ia os empres\u00e1rios guarulhenses atrav\u00e9s da representa\u00e7\u00e3o, da gera\u00e7\u00e3o de neg\u00f3cios e presta\u00e7\u00e3o de servi\u00e7os.","publisher":{"@id":"https:\/\/www.aceguarulhos.com.br\/blog\/#organization"},"potentialAction":[{"@type":"SearchAction","target":{"@type":"EntryPoint","urlTemplate":"https:\/\/www.aceguarulhos.com.br\/blog\/?s={search_term_string}"},"query-input":{"@type":"PropertyValueSpecification","valueRequired":true,"valueName":"search_term_string"}}],"inLanguage":"pt-BR"},{"@type":"Organization","@id":"https:\/\/www.aceguarulhos.com.br\/blog\/#organization","name":"ACE-Guarulhos","url":"https:\/\/www.aceguarulhos.com.br\/blog\/","logo":{"@type":"ImageObject","inLanguage":"pt-BR","@id":"https:\/\/www.aceguarulhos.com.br\/blog\/#\/schema\/logo\/image\/","url":"https:\/\/www.aceguarulhos.com.br\/blog\/wp-content\/uploads\/2017\/12\/logo-aceguarulhos-2018.png","contentUrl":"https:\/\/www.aceguarulhos.com.br\/blog\/wp-content\/uploads\/2017\/12\/logo-aceguarulhos-2018.png","width":419,"height":76,"caption":"ACE-Guarulhos"},"image":{"@id":"https:\/\/www.aceguarulhos.com.br\/blog\/#\/schema\/logo\/image\/"},"sameAs":["https:\/\/www.facebook.com\/aceguarulhos\/","https:\/\/br.linkedin.com\/in\/ace-guarulhos-b9a97093","https:\/\/www.youtube.com\/user\/aceguarulhos"]},{"@type":"Person","@id":"https:\/\/www.aceguarulhos.com.br\/blog\/#\/schema\/person\/6983b51bad37489989e4f09698c26237","name":"Assessoria de Imprensa ACE-Guarulhos","image":{"@type":"ImageObject","inLanguage":"pt-BR","@id":"https:\/\/secure.gravatar.com\/avatar\/707f3fadd6918afeb64173ab22d8a8cb0676953098a4f31ff36dc2b4c699ef6a?s=96&d=mm&r=g","url":"https:\/\/secure.gravatar.com\/avatar\/707f3fadd6918afeb64173ab22d8a8cb0676953098a4f31ff36dc2b4c699ef6a?s=96&d=mm&r=g","contentUrl":"https:\/\/secure.gravatar.com\/avatar\/707f3fadd6918afeb64173ab22d8a8cb0676953098a4f31ff36dc2b4c699ef6a?s=96&d=mm&r=g","caption":"Assessoria de Imprensa ACE-Guarulhos"},"url":"https:\/\/www.aceguarulhos.com.br\/blog\/author\/assessoria-de-imprensa-ace-guarulhos\/"}]}},"wps_subtitle":"","amp_enabled":true,"_links":{"self":[{"href":"https:\/\/www.aceguarulhos.com.br\/blog\/wp-json\/wp\/v2\/posts\/34099","targetHints":{"allow":["GET"]}}],"collection":[{"href":"https:\/\/www.aceguarulhos.com.br\/blog\/wp-json\/wp\/v2\/posts"}],"about":[{"href":"https:\/\/www.aceguarulhos.com.br\/blog\/wp-json\/wp\/v2\/types\/post"}],"author":[{"embeddable":true,"href":"https:\/\/www.aceguarulhos.com.br\/blog\/wp-json\/wp\/v2\/users\/8"}],"replies":[{"embeddable":true,"href":"https:\/\/www.aceguarulhos.com.br\/blog\/wp-json\/wp\/v2\/comments?post=34099"}],"version-history":[{"count":0,"href":"https:\/\/www.aceguarulhos.com.br\/blog\/wp-json\/wp\/v2\/posts\/34099\/revisions"}],"wp:attachment":[{"href":"https:\/\/www.aceguarulhos.com.br\/blog\/wp-json\/wp\/v2\/media?parent=34099"}],"wp:term":[{"taxonomy":"category","embeddable":true,"href":"https:\/\/www.aceguarulhos.com.br\/blog\/wp-json\/wp\/v2\/categories?post=34099"},{"taxonomy":"post_tag","embeddable":true,"href":"https:\/\/www.aceguarulhos.com.br\/blog\/wp-json\/wp\/v2\/tags?post=34099"}],"curies":[{"name":"wp","href":"https:\/\/api.w.org\/{rel}","templated":true}]}}