{"id":34070,"date":"2008-11-03T07:59:59","date_gmt":"2008-11-03T07:59:59","guid":{"rendered":"http:\/\/www.aceguarulhos.com.br\/blog\/?p=34070"},"modified":"-0001-11-30T00:00:00","modified_gmt":"-0001-11-30T03:00:00","slug":"nje-e-espa-abrem-as-portas-para-a-incubadora-e-criatec","status":"publish","type":"post","link":"https:\/\/www.aceguarulhos.com.br\/blog\/nje-e-espa-abrem-as-portas-para-a-incubadora-e-criatec\/","title":{"rendered":"NJE e ESPA abrem as portas para a Incubadora e Criatec"},"content":{"rendered":"<p>Como falar para uma plat\u00e9ia cheia jovens, que acabou de entrar no ensino superior que \u00e9 poss\u00edvel se tornar um empreendedor mesmo com poucos recursos financeiros?&nbsp; Pode parecer complicado, mas para Nilson Cruz J\u00fanior, gerente da Incubadora de Empresas, e Francisco Jardim, do Fundo Criatec falar sobre o assunto na 1\u00aa Semana do Jovem Empreender foi f\u00e1cil, principalmente ap\u00f3s mostrar alternativas seguras para quem quer transformar uma id\u00e9ia inovadora em uma oportunidade de carreira.<\/p>\n<p><center><\/p>\n<p class=\"midia\" style=\"width: 420px;\"><img loading=\"lazy\" decoding=\"async\" src=\"\/blog\/wp-content\/uploads\/image.php?x=i&amp;i1=100&amp;i2=20081031160538\" title=\"Imprensa\/ACE\" width=\"420\" height=\"371\"><br \/>Jovens conheceram trabalho da Incubadora-Guarulhos e do Criatec<\/p>\n<p><\/center><\/p>\n<p>Cruz mostrou aos estudantes presentes como a Incubadora de Empresas de Guarulhos realizou uma verdadeira transforma\u00e7\u00e3o na vida de 42 empresas que integram o programa. Ao receberem capacita\u00e7\u00e3o profissional e recursos, os empreendedores puderam assistir o desenvolvimento sustent\u00e1vel de seus empreendimentos. \u201cMuitos destes jovens que chegam a faculdade possuem id\u00e9ias inovadoras para encontram como obst\u00e1culo a falta de recursos financeiros e a Incubadora torna-se uma ferramenta importante para queimar etapas e desenvolver seu neg\u00f3cio\u201d, disse Cruz.<\/p>\n<p>O gerente da Incubadora, assim como os outros especialistas em empreendedorismo que passaram pelo encontro, ressalta a import\u00e2ncia da capacita\u00e7\u00e3o para quem quer empreender. \u201cA maioria dos empreendimentos n\u00e3o t\u00eam sucesso por conta da falta de conhecimento. N\u00e3o basta ter vontade, tem que se preparar; buscar alternativas no mercado para desenvolver o seu lado empreendedor.<\/p>\n<p>Quem conversa com Francisco Jardim, de 28 anos, n\u00e3o imagina que apesar de sua juventude, ele j\u00e1 conta com a experi\u00eancia de ter trabalhado no mercado financeiro e ter comandado o seu pr\u00f3prio neg\u00f3cio. Hoje, sua miss\u00e3o \u00e9 outra: selecionar empresas emergentes ou em est\u00e1gio inicial e com id\u00e9ias inovadoras para que receberem investimentos do Banco Nacional de Desenvolvimento Econ\u00f4mico e Social (BNDES) por meio do Criatec \u2013 Fundo de Investimento de capital semente.&nbsp; \u201cQuando fui empreendedor, aos 26 anos, tinha muita resist\u00eancia por n\u00e3o ter capital, mas quando encontramos um nicho de mercado podemos alavancar o empreendimento por meio de fundos como o Criatec\u201d, disse.<\/p>\n<p><center><\/p>\n<p class=\"midia\" style=\"width: 420px;\"><img loading=\"lazy\" decoding=\"async\" src=\"\/blog\/wp-content\/uploads\/image.php?x=i&amp;i1=100&amp;i2=20081031160609\" title=\"Imprensa\/ACE\" width=\"420\" height=\"352\"><br \/>Francisco Jardim, da Criatec<\/p>\n<p><\/center><\/p>\n<p>A Semana do Jovem Empreendedor foi realizada em parceria entre o N\u00facleo de Jovens Empreendedores da ACE-Guarulhos, Centro de Desenvolvimento do Empreendedorismo (CDE) da ESPA e pelo Sebrae-SP, com objetivo de disseminar a cultura empreendedora entre os jovens.<\/p>\n","protected":false},"excerpt":{"rendered":"Como falar para uma plat\u00e9ia cheia jovens, que acabou de entrar no ensino superior que \u00e9 poss\u00edvel se tornar um empreendedor mesmo com \n<a class=\"moretag\" href=\"https:\/\/www.aceguarulhos.com.br\/blog\/nje-e-espa-abrem-as-portas-para-a-incubadora-e-criatec\/\"> [...]<\/a>","protected":false},"author":8,"featured_media":0,"comment_status":"open","ping_status":"open","sticky":false,"template":"","format":"standard","meta":{"footnotes":""},"categories":[2],"tags":[],"class_list":["post-34070","post","type-post","status-publish","format-standard","hentry","category-noticias"],"yoast_head":"<!-- This site is optimized with the Yoast SEO plugin v28.1 - https:\/\/yoast.com\/product\/yoast-seo-wordpress\/ -->\n<title>NJE e ESPA abrem as portas para a Incubadora e Criatec  - ACE-Guarulhos<\/title>\n<meta name=\"robots\" content=\"index, follow, max-snippet:-1, max-image-preview:large, max-video-preview:-1\" \/>\n<link rel=\"canonical\" href=\"https:\/\/www.aceguarulhos.com.br\/blog\/nje-e-espa-abrem-as-portas-para-a-incubadora-e-criatec\/\" \/>\n<meta property=\"og:locale\" content=\"pt_BR\" \/>\n<meta property=\"og:type\" content=\"article\" \/>\n<meta property=\"og:title\" content=\"NJE e ESPA abrem as portas para a Incubadora e Criatec  - ACE-Guarulhos\" \/>\n<meta property=\"og:description\" content=\"Como falar para uma plat\u00e9ia cheia jovens, que acabou de entrar no ensino superior que \u00e9 poss\u00edvel se tornar um empreendedor mesmo com\" \/>\n<meta property=\"og:url\" content=\"https:\/\/www.aceguarulhos.com.br\/blog\/nje-e-espa-abrem-as-portas-para-a-incubadora-e-criatec\/\" \/>\n<meta property=\"og:site_name\" content=\"ACE-Guarulhos\" \/>\n<meta property=\"article:publisher\" content=\"https:\/\/www.facebook.com\/aceguarulhos\/\" \/>\n<meta property=\"article:published_time\" content=\"2008-11-03T07:59:59+00:00\" \/>\n<meta property=\"og:image\" content=\"https:\/\/www.aceguarulhos.com.br\/blog\/wp-content\/uploads\/image.php\" \/>\n<meta name=\"author\" content=\"Assessoria de Imprensa ACE-Guarulhos\" \/>\n<meta name=\"twitter:card\" content=\"summary_large_image\" \/>\n<meta name=\"twitter:label1\" content=\"Escrito por\" \/>\n\t<meta name=\"twitter:data1\" content=\"Assessoria de Imprensa ACE-Guarulhos\" \/>\n\t<meta name=\"twitter:label2\" content=\"Est. tempo de leitura\" \/>\n\t<meta name=\"twitter:data2\" content=\"2 minutos\" \/>\n<script type=\"application\/ld+json\" class=\"yoast-schema-graph\">{\"@context\":\"https:\\\/\\\/schema.org\",\"@graph\":[{\"@type\":\"Article\",\"@id\":\"https:\\\/\\\/www.aceguarulhos.com.br\\\/blog\\\/nje-e-espa-abrem-as-portas-para-a-incubadora-e-criatec\\\/#article\",\"isPartOf\":{\"@id\":\"https:\\\/\\\/www.aceguarulhos.com.br\\\/blog\\\/nje-e-espa-abrem-as-portas-para-a-incubadora-e-criatec\\\/\"},\"author\":{\"name\":\"Assessoria de Imprensa ACE-Guarulhos\",\"@id\":\"https:\\\/\\\/www.aceguarulhos.com.br\\\/blog\\\/#\\\/schema\\\/person\\\/6983b51bad37489989e4f09698c26237\"},\"headline\":\"NJE e ESPA abrem as portas para a Incubadora e Criatec\",\"datePublished\":\"2008-11-03T07:59:59+00:00\",\"mainEntityOfPage\":{\"@id\":\"https:\\\/\\\/www.aceguarulhos.com.br\\\/blog\\\/nje-e-espa-abrem-as-portas-para-a-incubadora-e-criatec\\\/\"},\"wordCount\":395,\"commentCount\":0,\"publisher\":{\"@id\":\"https:\\\/\\\/www.aceguarulhos.com.br\\\/blog\\\/#organization\"},\"articleSection\":[\"Not\u00edcias\"],\"inLanguage\":\"pt-BR\"},{\"@type\":\"WebPage\",\"@id\":\"https:\\\/\\\/www.aceguarulhos.com.br\\\/blog\\\/nje-e-espa-abrem-as-portas-para-a-incubadora-e-criatec\\\/\",\"url\":\"https:\\\/\\\/www.aceguarulhos.com.br\\\/blog\\\/nje-e-espa-abrem-as-portas-para-a-incubadora-e-criatec\\\/\",\"name\":\"NJE e ESPA abrem as portas para a Incubadora e Criatec - ACE-Guarulhos\",\"isPartOf\":{\"@id\":\"https:\\\/\\\/www.aceguarulhos.com.br\\\/blog\\\/#website\"},\"datePublished\":\"2008-11-03T07:59:59+00:00\",\"breadcrumb\":{\"@id\":\"https:\\\/\\\/www.aceguarulhos.com.br\\\/blog\\\/nje-e-espa-abrem-as-portas-para-a-incubadora-e-criatec\\\/#breadcrumb\"},\"inLanguage\":\"pt-BR\",\"potentialAction\":[{\"@type\":\"ReadAction\",\"target\":[\"https:\\\/\\\/www.aceguarulhos.com.br\\\/blog\\\/nje-e-espa-abrem-as-portas-para-a-incubadora-e-criatec\\\/\"]}]},{\"@type\":\"BreadcrumbList\",\"@id\":\"https:\\\/\\\/www.aceguarulhos.com.br\\\/blog\\\/nje-e-espa-abrem-as-portas-para-a-incubadora-e-criatec\\\/#breadcrumb\",\"itemListElement\":[{\"@type\":\"ListItem\",\"position\":1,\"name\":\"In\u00edcio\",\"item\":\"https:\\\/\\\/www.aceguarulhos.com.br\\\/blog\\\/\"},{\"@type\":\"ListItem\",\"position\":2,\"name\":\"NJE e ESPA abrem as portas para a Incubadora e Criatec\"}]},{\"@type\":\"WebSite\",\"@id\":\"https:\\\/\\\/www.aceguarulhos.com.br\\\/blog\\\/#website\",\"url\":\"https:\\\/\\\/www.aceguarulhos.com.br\\\/blog\\\/\",\"name\":\"ACE-Guarulhos\",\"description\":\"A ACE-Guarulhos \u00e9 uma associa\u00e7\u00e3o que ap\u00f3ia os empres\u00e1rios guarulhenses atrav\u00e9s da representa\u00e7\u00e3o, da gera\u00e7\u00e3o de neg\u00f3cios e presta\u00e7\u00e3o de servi\u00e7os.\",\"publisher\":{\"@id\":\"https:\\\/\\\/www.aceguarulhos.com.br\\\/blog\\\/#organization\"},\"potentialAction\":[{\"@type\":\"SearchAction\",\"target\":{\"@type\":\"EntryPoint\",\"urlTemplate\":\"https:\\\/\\\/www.aceguarulhos.com.br\\\/blog\\\/?s={search_term_string}\"},\"query-input\":{\"@type\":\"PropertyValueSpecification\",\"valueRequired\":true,\"valueName\":\"search_term_string\"}}],\"inLanguage\":\"pt-BR\"},{\"@type\":\"Organization\",\"@id\":\"https:\\\/\\\/www.aceguarulhos.com.br\\\/blog\\\/#organization\",\"name\":\"ACE-Guarulhos\",\"url\":\"https:\\\/\\\/www.aceguarulhos.com.br\\\/blog\\\/\",\"logo\":{\"@type\":\"ImageObject\",\"inLanguage\":\"pt-BR\",\"@id\":\"https:\\\/\\\/www.aceguarulhos.com.br\\\/blog\\\/#\\\/schema\\\/logo\\\/image\\\/\",\"url\":\"https:\\\/\\\/www.aceguarulhos.com.br\\\/blog\\\/wp-content\\\/uploads\\\/2017\\\/12\\\/logo-aceguarulhos-2018.png\",\"contentUrl\":\"https:\\\/\\\/www.aceguarulhos.com.br\\\/blog\\\/wp-content\\\/uploads\\\/2017\\\/12\\\/logo-aceguarulhos-2018.png\",\"width\":419,\"height\":76,\"caption\":\"ACE-Guarulhos\"},\"image\":{\"@id\":\"https:\\\/\\\/www.aceguarulhos.com.br\\\/blog\\\/#\\\/schema\\\/logo\\\/image\\\/\"},\"sameAs\":[\"https:\\\/\\\/www.facebook.com\\\/aceguarulhos\\\/\",\"https:\\\/\\\/br.linkedin.com\\\/in\\\/ace-guarulhos-b9a97093\",\"https:\\\/\\\/www.youtube.com\\\/user\\\/aceguarulhos\"]},{\"@type\":\"Person\",\"@id\":\"https:\\\/\\\/www.aceguarulhos.com.br\\\/blog\\\/#\\\/schema\\\/person\\\/6983b51bad37489989e4f09698c26237\",\"name\":\"Assessoria de Imprensa ACE-Guarulhos\",\"image\":{\"@type\":\"ImageObject\",\"inLanguage\":\"pt-BR\",\"@id\":\"https:\\\/\\\/secure.gravatar.com\\\/avatar\\\/707f3fadd6918afeb64173ab22d8a8cb0676953098a4f31ff36dc2b4c699ef6a?s=96&d=mm&r=g\",\"url\":\"https:\\\/\\\/secure.gravatar.com\\\/avatar\\\/707f3fadd6918afeb64173ab22d8a8cb0676953098a4f31ff36dc2b4c699ef6a?s=96&d=mm&r=g\",\"contentUrl\":\"https:\\\/\\\/secure.gravatar.com\\\/avatar\\\/707f3fadd6918afeb64173ab22d8a8cb0676953098a4f31ff36dc2b4c699ef6a?s=96&d=mm&r=g\",\"caption\":\"Assessoria de Imprensa ACE-Guarulhos\"},\"url\":\"https:\\\/\\\/www.aceguarulhos.com.br\\\/blog\\\/author\\\/assessoria-de-imprensa-ace-guarulhos\\\/\"}]}<\/script>\n<!-- \/ Yoast SEO plugin. -->","yoast_head_json":{"title":"NJE e ESPA abrem as portas para a Incubadora e Criatec  - ACE-Guarulhos","robots":{"index":"index","follow":"follow","max-snippet":"max-snippet:-1","max-image-preview":"max-image-preview:large","max-video-preview":"max-video-preview:-1"},"canonical":"https:\/\/www.aceguarulhos.com.br\/blog\/nje-e-espa-abrem-as-portas-para-a-incubadora-e-criatec\/","og_locale":"pt_BR","og_type":"article","og_title":"NJE e ESPA abrem as portas para a Incubadora e Criatec  - ACE-Guarulhos","og_description":"Como falar para uma plat\u00e9ia cheia jovens, que acabou de entrar no ensino superior que \u00e9 poss\u00edvel se tornar um empreendedor mesmo com","og_url":"https:\/\/www.aceguarulhos.com.br\/blog\/nje-e-espa-abrem-as-portas-para-a-incubadora-e-criatec\/","og_site_name":"ACE-Guarulhos","article_publisher":"https:\/\/www.facebook.com\/aceguarulhos\/","article_published_time":"2008-11-03T07:59:59+00:00","og_image":[{"url":"https:\/\/www.aceguarulhos.com.br\/blog\/wp-content\/uploads\/image.php","type":"","width":"","height":""}],"author":"Assessoria de Imprensa ACE-Guarulhos","twitter_card":"summary_large_image","twitter_misc":{"Escrito por":"Assessoria de Imprensa ACE-Guarulhos","Est. tempo de leitura":"2 minutos"},"schema":{"@context":"https:\/\/schema.org","@graph":[{"@type":"Article","@id":"https:\/\/www.aceguarulhos.com.br\/blog\/nje-e-espa-abrem-as-portas-para-a-incubadora-e-criatec\/#article","isPartOf":{"@id":"https:\/\/www.aceguarulhos.com.br\/blog\/nje-e-espa-abrem-as-portas-para-a-incubadora-e-criatec\/"},"author":{"name":"Assessoria de Imprensa ACE-Guarulhos","@id":"https:\/\/www.aceguarulhos.com.br\/blog\/#\/schema\/person\/6983b51bad37489989e4f09698c26237"},"headline":"NJE e ESPA abrem as portas para a Incubadora e Criatec","datePublished":"2008-11-03T07:59:59+00:00","mainEntityOfPage":{"@id":"https:\/\/www.aceguarulhos.com.br\/blog\/nje-e-espa-abrem-as-portas-para-a-incubadora-e-criatec\/"},"wordCount":395,"commentCount":0,"publisher":{"@id":"https:\/\/www.aceguarulhos.com.br\/blog\/#organization"},"articleSection":["Not\u00edcias"],"inLanguage":"pt-BR"},{"@type":"WebPage","@id":"https:\/\/www.aceguarulhos.com.br\/blog\/nje-e-espa-abrem-as-portas-para-a-incubadora-e-criatec\/","url":"https:\/\/www.aceguarulhos.com.br\/blog\/nje-e-espa-abrem-as-portas-para-a-incubadora-e-criatec\/","name":"NJE e ESPA abrem as portas para a Incubadora e Criatec - ACE-Guarulhos","isPartOf":{"@id":"https:\/\/www.aceguarulhos.com.br\/blog\/#website"},"datePublished":"2008-11-03T07:59:59+00:00","breadcrumb":{"@id":"https:\/\/www.aceguarulhos.com.br\/blog\/nje-e-espa-abrem-as-portas-para-a-incubadora-e-criatec\/#breadcrumb"},"inLanguage":"pt-BR","potentialAction":[{"@type":"ReadAction","target":["https:\/\/www.aceguarulhos.com.br\/blog\/nje-e-espa-abrem-as-portas-para-a-incubadora-e-criatec\/"]}]},{"@type":"BreadcrumbList","@id":"https:\/\/www.aceguarulhos.com.br\/blog\/nje-e-espa-abrem-as-portas-para-a-incubadora-e-criatec\/#breadcrumb","itemListElement":[{"@type":"ListItem","position":1,"name":"In\u00edcio","item":"https:\/\/www.aceguarulhos.com.br\/blog\/"},{"@type":"ListItem","position":2,"name":"NJE e ESPA abrem as portas para a Incubadora e Criatec"}]},{"@type":"WebSite","@id":"https:\/\/www.aceguarulhos.com.br\/blog\/#website","url":"https:\/\/www.aceguarulhos.com.br\/blog\/","name":"ACE-Guarulhos","description":"A ACE-Guarulhos \u00e9 uma associa\u00e7\u00e3o que ap\u00f3ia os empres\u00e1rios guarulhenses atrav\u00e9s da representa\u00e7\u00e3o, da gera\u00e7\u00e3o de neg\u00f3cios e presta\u00e7\u00e3o de servi\u00e7os.","publisher":{"@id":"https:\/\/www.aceguarulhos.com.br\/blog\/#organization"},"potentialAction":[{"@type":"SearchAction","target":{"@type":"EntryPoint","urlTemplate":"https:\/\/www.aceguarulhos.com.br\/blog\/?s={search_term_string}"},"query-input":{"@type":"PropertyValueSpecification","valueRequired":true,"valueName":"search_term_string"}}],"inLanguage":"pt-BR"},{"@type":"Organization","@id":"https:\/\/www.aceguarulhos.com.br\/blog\/#organization","name":"ACE-Guarulhos","url":"https:\/\/www.aceguarulhos.com.br\/blog\/","logo":{"@type":"ImageObject","inLanguage":"pt-BR","@id":"https:\/\/www.aceguarulhos.com.br\/blog\/#\/schema\/logo\/image\/","url":"https:\/\/www.aceguarulhos.com.br\/blog\/wp-content\/uploads\/2017\/12\/logo-aceguarulhos-2018.png","contentUrl":"https:\/\/www.aceguarulhos.com.br\/blog\/wp-content\/uploads\/2017\/12\/logo-aceguarulhos-2018.png","width":419,"height":76,"caption":"ACE-Guarulhos"},"image":{"@id":"https:\/\/www.aceguarulhos.com.br\/blog\/#\/schema\/logo\/image\/"},"sameAs":["https:\/\/www.facebook.com\/aceguarulhos\/","https:\/\/br.linkedin.com\/in\/ace-guarulhos-b9a97093","https:\/\/www.youtube.com\/user\/aceguarulhos"]},{"@type":"Person","@id":"https:\/\/www.aceguarulhos.com.br\/blog\/#\/schema\/person\/6983b51bad37489989e4f09698c26237","name":"Assessoria de Imprensa ACE-Guarulhos","image":{"@type":"ImageObject","inLanguage":"pt-BR","@id":"https:\/\/secure.gravatar.com\/avatar\/707f3fadd6918afeb64173ab22d8a8cb0676953098a4f31ff36dc2b4c699ef6a?s=96&d=mm&r=g","url":"https:\/\/secure.gravatar.com\/avatar\/707f3fadd6918afeb64173ab22d8a8cb0676953098a4f31ff36dc2b4c699ef6a?s=96&d=mm&r=g","contentUrl":"https:\/\/secure.gravatar.com\/avatar\/707f3fadd6918afeb64173ab22d8a8cb0676953098a4f31ff36dc2b4c699ef6a?s=96&d=mm&r=g","caption":"Assessoria de Imprensa ACE-Guarulhos"},"url":"https:\/\/www.aceguarulhos.com.br\/blog\/author\/assessoria-de-imprensa-ace-guarulhos\/"}]}},"wps_subtitle":"","amp_enabled":true,"_links":{"self":[{"href":"https:\/\/www.aceguarulhos.com.br\/blog\/wp-json\/wp\/v2\/posts\/34070","targetHints":{"allow":["GET"]}}],"collection":[{"href":"https:\/\/www.aceguarulhos.com.br\/blog\/wp-json\/wp\/v2\/posts"}],"about":[{"href":"https:\/\/www.aceguarulhos.com.br\/blog\/wp-json\/wp\/v2\/types\/post"}],"author":[{"embeddable":true,"href":"https:\/\/www.aceguarulhos.com.br\/blog\/wp-json\/wp\/v2\/users\/8"}],"replies":[{"embeddable":true,"href":"https:\/\/www.aceguarulhos.com.br\/blog\/wp-json\/wp\/v2\/comments?post=34070"}],"version-history":[{"count":0,"href":"https:\/\/www.aceguarulhos.com.br\/blog\/wp-json\/wp\/v2\/posts\/34070\/revisions"}],"wp:attachment":[{"href":"https:\/\/www.aceguarulhos.com.br\/blog\/wp-json\/wp\/v2\/media?parent=34070"}],"wp:term":[{"taxonomy":"category","embeddable":true,"href":"https:\/\/www.aceguarulhos.com.br\/blog\/wp-json\/wp\/v2\/categories?post=34070"},{"taxonomy":"post_tag","embeddable":true,"href":"https:\/\/www.aceguarulhos.com.br\/blog\/wp-json\/wp\/v2\/tags?post=34070"}],"curies":[{"name":"wp","href":"https:\/\/api.w.org\/{rel}","templated":true}]}}