{"id":34049,"date":"2008-10-27T13:42:54","date_gmt":"2008-10-27T13:42:54","guid":{"rendered":"http:\/\/www.aceguarulhos.com.br\/blog\/?p=34049"},"modified":"-0001-11-30T00:00:00","modified_gmt":"-0001-11-30T03:00:00","slug":"comiss%c3%a3o-de-natal-se-re%c3%bane-no-pa%c3%a7o-municipal","status":"publish","type":"post","link":"https:\/\/www.aceguarulhos.com.br\/blog\/comiss%c3%a3o-de-natal-se-re%c3%bane-no-pa%c3%a7o-municipal\/","title":{"rendered":"Comiss\u00e3o de Natal se re\u00fane no Pa\u00e7o Municipal"},"content":{"rendered":"<p>Os integrantes da comiss\u00e3o de estudos para a campanha e decora\u00e7\u00e3o de Natal reuniram-se novamente na quarta-feira, 22, no Pa\u00e7o Municipal, para discutirem os rumos da implementa\u00e7\u00e3o do projeto na cidade. Desta vez, o encontro contou com o diretor do departamento de ilumina\u00e7\u00e3o, Paulo de Tarso, que classificou como ousada \u00e0 proposta para os festejos natalinos.<\/p>\n<p><center><\/p>\n<p class=\"midia\" style=\"width: 420px;\"><img loading=\"lazy\" decoding=\"async\" src=\"\/blog\/wp-content\/uploads\/image.php?x=i&amp;i1=100&amp;i2=20081027134244\" title=\"Imprensa\/ACE\" width=\"420\" height=\"218\"><br \/>Dirigentes da ACE participam da reuni\u00e3o<\/p>\n<p><\/center><\/p>\n<p>Tarso reafirmou que o seu departamento realizar\u00e1 a ilumina\u00e7\u00e3o, como aconteceu em anos anteriores, nas regi\u00f5es de Vila Galv\u00e3o, Centro, Jardim Santa Francisca, Gopo\u00fava, Jardim Maia, Bom Clima, Tabo\u00e3o, Cumbica, Pimentas e Bonsucesso. <\/p>\n<p>O Servi\u00e7o Aut\u00f4nomo de \u00c1gua e Esgoto (SAAE) tamb\u00e9m confirmou a ilumina\u00e7\u00e3o de suas seis regionais e trabalha com a possibilidade de um patroc\u00ednio para garantir a confec\u00e7\u00e3o de uma \u00e1rvore de at\u00e9 12 metros no Parque J.B Maciel.<\/p>\n<p>A encarregada pelo departamento de marketing da ACE-Guarulhos, Luciana Bezerra, explicou aos integrantes que as \u00faltimas campanhas de Natal realizadas pela entidade contaram com o apoio da administra\u00e7\u00e3o municipal. Ela destacou, por exemplo, o trabalho realizado em conjunto pelas institui\u00e7\u00f5es no ano de 2006, com a organiza\u00e7\u00e3o do Super Natal que premiou um consumidor da cidade com um caminh\u00e3o de pr\u00eamios.<\/p>\n<p>O vice-presidente de com\u00e9rcio da ACE, Jorge Taiar, que possui um com\u00e9rcio na regi\u00e3o central, disse achar positiva a inten\u00e7\u00e3o de realizar um projeto grandioso no munic\u00edpio, mas ressaltou a necessidade de iniciar em 2008 um trabalho mais modesto. \u201cLogicamente que uma decora\u00e7\u00e3o grandiosa causar\u00e1 mais impacto, mas em virtude do tempo e do or\u00e7amento dos projetos considero que temos que partir para um or\u00e7amento mais modesto. N\u00e3o podemos dar um passo maior que as pernas, pois corremos o risco de cair\u201d, ressaltou.<\/p>\n<p>A comiss\u00e3o re\u00fane-se novamente na pr\u00f3xima quarta-feira, 29, a partir das 14h, no audit\u00f3rio do Pa\u00e7o Municipal.<\/p>\n","protected":false},"excerpt":{"rendered":"Os integrantes da comiss\u00e3o de estudos para a campanha e decora\u00e7\u00e3o de Natal reuniram-se novamente na quarta-feira, 22, no Pa\u00e7o Municipal, para discutirem \n<a class=\"moretag\" href=\"https:\/\/www.aceguarulhos.com.br\/blog\/comiss%c3%a3o-de-natal-se-re%c3%bane-no-pa%c3%a7o-municipal\/\"> [...]<\/a>","protected":false},"author":8,"featured_media":0,"comment_status":"open","ping_status":"open","sticky":false,"template":"","format":"standard","meta":{"footnotes":""},"categories":[2],"tags":[],"class_list":["post-34049","post","type-post","status-publish","format-standard","hentry","category-noticias"],"yoast_head":"<!-- This site is optimized with the Yoast SEO plugin v28.1 - https:\/\/yoast.com\/product\/yoast-seo-wordpress\/ -->\n<title>Comiss\u00e3o de Natal se re\u00fane no Pa\u00e7o Municipal - ACE-Guarulhos<\/title>\n<meta name=\"robots\" content=\"index, follow, max-snippet:-1, max-image-preview:large, max-video-preview:-1\" \/>\n<link rel=\"canonical\" href=\"https:\/\/www.aceguarulhos.com.br\/blog\/comiss\u00e3o-de-natal-se-re\u00fane-no-pa\u00e7o-municipal\/\" \/>\n<meta property=\"og:locale\" content=\"pt_BR\" \/>\n<meta property=\"og:type\" content=\"article\" \/>\n<meta property=\"og:title\" content=\"Comiss\u00e3o de Natal se re\u00fane no Pa\u00e7o Municipal - ACE-Guarulhos\" \/>\n<meta property=\"og:description\" content=\"Os integrantes da comiss\u00e3o de estudos para a campanha e decora\u00e7\u00e3o de Natal reuniram-se novamente na quarta-feira, 22, no Pa\u00e7o Municipal, para discutirem\" \/>\n<meta property=\"og:url\" content=\"https:\/\/www.aceguarulhos.com.br\/blog\/comiss\u00e3o-de-natal-se-re\u00fane-no-pa\u00e7o-municipal\/\" \/>\n<meta property=\"og:site_name\" content=\"ACE-Guarulhos\" \/>\n<meta property=\"article:publisher\" content=\"https:\/\/www.facebook.com\/aceguarulhos\/\" \/>\n<meta property=\"article:published_time\" content=\"2008-10-27T13:42:54+00:00\" \/>\n<meta property=\"og:image\" content=\"https:\/\/www.aceguarulhos.com.br\/blog\/wp-content\/uploads\/image.php\" \/>\n<meta name=\"author\" content=\"Assessoria de Imprensa ACE-Guarulhos\" \/>\n<meta name=\"twitter:card\" content=\"summary_large_image\" \/>\n<meta name=\"twitter:label1\" content=\"Escrito por\" \/>\n\t<meta name=\"twitter:data1\" content=\"Assessoria de Imprensa ACE-Guarulhos\" \/>\n\t<meta name=\"twitter:label2\" content=\"Est. tempo de leitura\" \/>\n\t<meta name=\"twitter:data2\" content=\"2 minutos\" \/>\n<script type=\"application\/ld+json\" class=\"yoast-schema-graph\">{\"@context\":\"https:\\\/\\\/schema.org\",\"@graph\":[{\"@type\":\"Article\",\"@id\":\"https:\\\/\\\/www.aceguarulhos.com.br\\\/blog\\\/comiss%c3%a3o-de-natal-se-re%c3%bane-no-pa%c3%a7o-municipal\\\/#article\",\"isPartOf\":{\"@id\":\"https:\\\/\\\/www.aceguarulhos.com.br\\\/blog\\\/comiss%c3%a3o-de-natal-se-re%c3%bane-no-pa%c3%a7o-municipal\\\/\"},\"author\":{\"name\":\"Assessoria de Imprensa ACE-Guarulhos\",\"@id\":\"https:\\\/\\\/www.aceguarulhos.com.br\\\/blog\\\/#\\\/schema\\\/person\\\/6983b51bad37489989e4f09698c26237\"},\"headline\":\"Comiss\u00e3o de Natal se re\u00fane no Pa\u00e7o Municipal\",\"datePublished\":\"2008-10-27T13:42:54+00:00\",\"mainEntityOfPage\":{\"@id\":\"https:\\\/\\\/www.aceguarulhos.com.br\\\/blog\\\/comiss%c3%a3o-de-natal-se-re%c3%bane-no-pa%c3%a7o-municipal\\\/\"},\"wordCount\":337,\"commentCount\":0,\"publisher\":{\"@id\":\"https:\\\/\\\/www.aceguarulhos.com.br\\\/blog\\\/#organization\"},\"articleSection\":[\"Not\u00edcias\"],\"inLanguage\":\"pt-BR\"},{\"@type\":\"WebPage\",\"@id\":\"https:\\\/\\\/www.aceguarulhos.com.br\\\/blog\\\/comiss%c3%a3o-de-natal-se-re%c3%bane-no-pa%c3%a7o-municipal\\\/\",\"url\":\"https:\\\/\\\/www.aceguarulhos.com.br\\\/blog\\\/comiss%c3%a3o-de-natal-se-re%c3%bane-no-pa%c3%a7o-municipal\\\/\",\"name\":\"Comiss\u00e3o de Natal se re\u00fane no Pa\u00e7o Municipal - ACE-Guarulhos\",\"isPartOf\":{\"@id\":\"https:\\\/\\\/www.aceguarulhos.com.br\\\/blog\\\/#website\"},\"datePublished\":\"2008-10-27T13:42:54+00:00\",\"breadcrumb\":{\"@id\":\"https:\\\/\\\/www.aceguarulhos.com.br\\\/blog\\\/comiss%c3%a3o-de-natal-se-re%c3%bane-no-pa%c3%a7o-municipal\\\/#breadcrumb\"},\"inLanguage\":\"pt-BR\",\"potentialAction\":[{\"@type\":\"ReadAction\",\"target\":[\"https:\\\/\\\/www.aceguarulhos.com.br\\\/blog\\\/comiss%c3%a3o-de-natal-se-re%c3%bane-no-pa%c3%a7o-municipal\\\/\"]}]},{\"@type\":\"BreadcrumbList\",\"@id\":\"https:\\\/\\\/www.aceguarulhos.com.br\\\/blog\\\/comiss%c3%a3o-de-natal-se-re%c3%bane-no-pa%c3%a7o-municipal\\\/#breadcrumb\",\"itemListElement\":[{\"@type\":\"ListItem\",\"position\":1,\"name\":\"In\u00edcio\",\"item\":\"https:\\\/\\\/www.aceguarulhos.com.br\\\/blog\\\/\"},{\"@type\":\"ListItem\",\"position\":2,\"name\":\"Comiss\u00e3o de Natal se re\u00fane no Pa\u00e7o Municipal\"}]},{\"@type\":\"WebSite\",\"@id\":\"https:\\\/\\\/www.aceguarulhos.com.br\\\/blog\\\/#website\",\"url\":\"https:\\\/\\\/www.aceguarulhos.com.br\\\/blog\\\/\",\"name\":\"ACE-Guarulhos\",\"description\":\"A ACE-Guarulhos \u00e9 uma associa\u00e7\u00e3o que ap\u00f3ia os empres\u00e1rios guarulhenses atrav\u00e9s da representa\u00e7\u00e3o, da gera\u00e7\u00e3o de neg\u00f3cios e presta\u00e7\u00e3o de servi\u00e7os.\",\"publisher\":{\"@id\":\"https:\\\/\\\/www.aceguarulhos.com.br\\\/blog\\\/#organization\"},\"potentialAction\":[{\"@type\":\"SearchAction\",\"target\":{\"@type\":\"EntryPoint\",\"urlTemplate\":\"https:\\\/\\\/www.aceguarulhos.com.br\\\/blog\\\/?s={search_term_string}\"},\"query-input\":{\"@type\":\"PropertyValueSpecification\",\"valueRequired\":true,\"valueName\":\"search_term_string\"}}],\"inLanguage\":\"pt-BR\"},{\"@type\":\"Organization\",\"@id\":\"https:\\\/\\\/www.aceguarulhos.com.br\\\/blog\\\/#organization\",\"name\":\"ACE-Guarulhos\",\"url\":\"https:\\\/\\\/www.aceguarulhos.com.br\\\/blog\\\/\",\"logo\":{\"@type\":\"ImageObject\",\"inLanguage\":\"pt-BR\",\"@id\":\"https:\\\/\\\/www.aceguarulhos.com.br\\\/blog\\\/#\\\/schema\\\/logo\\\/image\\\/\",\"url\":\"https:\\\/\\\/www.aceguarulhos.com.br\\\/blog\\\/wp-content\\\/uploads\\\/2017\\\/12\\\/logo-aceguarulhos-2018.png\",\"contentUrl\":\"https:\\\/\\\/www.aceguarulhos.com.br\\\/blog\\\/wp-content\\\/uploads\\\/2017\\\/12\\\/logo-aceguarulhos-2018.png\",\"width\":419,\"height\":76,\"caption\":\"ACE-Guarulhos\"},\"image\":{\"@id\":\"https:\\\/\\\/www.aceguarulhos.com.br\\\/blog\\\/#\\\/schema\\\/logo\\\/image\\\/\"},\"sameAs\":[\"https:\\\/\\\/www.facebook.com\\\/aceguarulhos\\\/\",\"https:\\\/\\\/br.linkedin.com\\\/in\\\/ace-guarulhos-b9a97093\",\"https:\\\/\\\/www.youtube.com\\\/user\\\/aceguarulhos\"]},{\"@type\":\"Person\",\"@id\":\"https:\\\/\\\/www.aceguarulhos.com.br\\\/blog\\\/#\\\/schema\\\/person\\\/6983b51bad37489989e4f09698c26237\",\"name\":\"Assessoria de Imprensa ACE-Guarulhos\",\"image\":{\"@type\":\"ImageObject\",\"inLanguage\":\"pt-BR\",\"@id\":\"https:\\\/\\\/secure.gravatar.com\\\/avatar\\\/707f3fadd6918afeb64173ab22d8a8cb0676953098a4f31ff36dc2b4c699ef6a?s=96&d=mm&r=g\",\"url\":\"https:\\\/\\\/secure.gravatar.com\\\/avatar\\\/707f3fadd6918afeb64173ab22d8a8cb0676953098a4f31ff36dc2b4c699ef6a?s=96&d=mm&r=g\",\"contentUrl\":\"https:\\\/\\\/secure.gravatar.com\\\/avatar\\\/707f3fadd6918afeb64173ab22d8a8cb0676953098a4f31ff36dc2b4c699ef6a?s=96&d=mm&r=g\",\"caption\":\"Assessoria de Imprensa ACE-Guarulhos\"},\"url\":\"https:\\\/\\\/www.aceguarulhos.com.br\\\/blog\\\/author\\\/assessoria-de-imprensa-ace-guarulhos\\\/\"}]}<\/script>\n<!-- \/ Yoast SEO plugin. -->","yoast_head_json":{"title":"Comiss\u00e3o de Natal se re\u00fane no Pa\u00e7o Municipal - ACE-Guarulhos","robots":{"index":"index","follow":"follow","max-snippet":"max-snippet:-1","max-image-preview":"max-image-preview:large","max-video-preview":"max-video-preview:-1"},"canonical":"https:\/\/www.aceguarulhos.com.br\/blog\/comiss\u00e3o-de-natal-se-re\u00fane-no-pa\u00e7o-municipal\/","og_locale":"pt_BR","og_type":"article","og_title":"Comiss\u00e3o de Natal se re\u00fane no Pa\u00e7o Municipal - ACE-Guarulhos","og_description":"Os integrantes da comiss\u00e3o de estudos para a campanha e decora\u00e7\u00e3o de Natal reuniram-se novamente na quarta-feira, 22, no Pa\u00e7o Municipal, para discutirem","og_url":"https:\/\/www.aceguarulhos.com.br\/blog\/comiss\u00e3o-de-natal-se-re\u00fane-no-pa\u00e7o-municipal\/","og_site_name":"ACE-Guarulhos","article_publisher":"https:\/\/www.facebook.com\/aceguarulhos\/","article_published_time":"2008-10-27T13:42:54+00:00","og_image":[{"url":"https:\/\/www.aceguarulhos.com.br\/blog\/wp-content\/uploads\/image.php","type":"","width":"","height":""}],"author":"Assessoria de Imprensa ACE-Guarulhos","twitter_card":"summary_large_image","twitter_misc":{"Escrito por":"Assessoria de Imprensa ACE-Guarulhos","Est. tempo de leitura":"2 minutos"},"schema":{"@context":"https:\/\/schema.org","@graph":[{"@type":"Article","@id":"https:\/\/www.aceguarulhos.com.br\/blog\/comiss%c3%a3o-de-natal-se-re%c3%bane-no-pa%c3%a7o-municipal\/#article","isPartOf":{"@id":"https:\/\/www.aceguarulhos.com.br\/blog\/comiss%c3%a3o-de-natal-se-re%c3%bane-no-pa%c3%a7o-municipal\/"},"author":{"name":"Assessoria de Imprensa ACE-Guarulhos","@id":"https:\/\/www.aceguarulhos.com.br\/blog\/#\/schema\/person\/6983b51bad37489989e4f09698c26237"},"headline":"Comiss\u00e3o de Natal se re\u00fane no Pa\u00e7o Municipal","datePublished":"2008-10-27T13:42:54+00:00","mainEntityOfPage":{"@id":"https:\/\/www.aceguarulhos.com.br\/blog\/comiss%c3%a3o-de-natal-se-re%c3%bane-no-pa%c3%a7o-municipal\/"},"wordCount":337,"commentCount":0,"publisher":{"@id":"https:\/\/www.aceguarulhos.com.br\/blog\/#organization"},"articleSection":["Not\u00edcias"],"inLanguage":"pt-BR"},{"@type":"WebPage","@id":"https:\/\/www.aceguarulhos.com.br\/blog\/comiss%c3%a3o-de-natal-se-re%c3%bane-no-pa%c3%a7o-municipal\/","url":"https:\/\/www.aceguarulhos.com.br\/blog\/comiss%c3%a3o-de-natal-se-re%c3%bane-no-pa%c3%a7o-municipal\/","name":"Comiss\u00e3o de Natal se re\u00fane no Pa\u00e7o Municipal - ACE-Guarulhos","isPartOf":{"@id":"https:\/\/www.aceguarulhos.com.br\/blog\/#website"},"datePublished":"2008-10-27T13:42:54+00:00","breadcrumb":{"@id":"https:\/\/www.aceguarulhos.com.br\/blog\/comiss%c3%a3o-de-natal-se-re%c3%bane-no-pa%c3%a7o-municipal\/#breadcrumb"},"inLanguage":"pt-BR","potentialAction":[{"@type":"ReadAction","target":["https:\/\/www.aceguarulhos.com.br\/blog\/comiss%c3%a3o-de-natal-se-re%c3%bane-no-pa%c3%a7o-municipal\/"]}]},{"@type":"BreadcrumbList","@id":"https:\/\/www.aceguarulhos.com.br\/blog\/comiss%c3%a3o-de-natal-se-re%c3%bane-no-pa%c3%a7o-municipal\/#breadcrumb","itemListElement":[{"@type":"ListItem","position":1,"name":"In\u00edcio","item":"https:\/\/www.aceguarulhos.com.br\/blog\/"},{"@type":"ListItem","position":2,"name":"Comiss\u00e3o de Natal se re\u00fane no Pa\u00e7o Municipal"}]},{"@type":"WebSite","@id":"https:\/\/www.aceguarulhos.com.br\/blog\/#website","url":"https:\/\/www.aceguarulhos.com.br\/blog\/","name":"ACE-Guarulhos","description":"A ACE-Guarulhos \u00e9 uma associa\u00e7\u00e3o que ap\u00f3ia os empres\u00e1rios guarulhenses atrav\u00e9s da representa\u00e7\u00e3o, da gera\u00e7\u00e3o de neg\u00f3cios e presta\u00e7\u00e3o de servi\u00e7os.","publisher":{"@id":"https:\/\/www.aceguarulhos.com.br\/blog\/#organization"},"potentialAction":[{"@type":"SearchAction","target":{"@type":"EntryPoint","urlTemplate":"https:\/\/www.aceguarulhos.com.br\/blog\/?s={search_term_string}"},"query-input":{"@type":"PropertyValueSpecification","valueRequired":true,"valueName":"search_term_string"}}],"inLanguage":"pt-BR"},{"@type":"Organization","@id":"https:\/\/www.aceguarulhos.com.br\/blog\/#organization","name":"ACE-Guarulhos","url":"https:\/\/www.aceguarulhos.com.br\/blog\/","logo":{"@type":"ImageObject","inLanguage":"pt-BR","@id":"https:\/\/www.aceguarulhos.com.br\/blog\/#\/schema\/logo\/image\/","url":"https:\/\/www.aceguarulhos.com.br\/blog\/wp-content\/uploads\/2017\/12\/logo-aceguarulhos-2018.png","contentUrl":"https:\/\/www.aceguarulhos.com.br\/blog\/wp-content\/uploads\/2017\/12\/logo-aceguarulhos-2018.png","width":419,"height":76,"caption":"ACE-Guarulhos"},"image":{"@id":"https:\/\/www.aceguarulhos.com.br\/blog\/#\/schema\/logo\/image\/"},"sameAs":["https:\/\/www.facebook.com\/aceguarulhos\/","https:\/\/br.linkedin.com\/in\/ace-guarulhos-b9a97093","https:\/\/www.youtube.com\/user\/aceguarulhos"]},{"@type":"Person","@id":"https:\/\/www.aceguarulhos.com.br\/blog\/#\/schema\/person\/6983b51bad37489989e4f09698c26237","name":"Assessoria de Imprensa ACE-Guarulhos","image":{"@type":"ImageObject","inLanguage":"pt-BR","@id":"https:\/\/secure.gravatar.com\/avatar\/707f3fadd6918afeb64173ab22d8a8cb0676953098a4f31ff36dc2b4c699ef6a?s=96&d=mm&r=g","url":"https:\/\/secure.gravatar.com\/avatar\/707f3fadd6918afeb64173ab22d8a8cb0676953098a4f31ff36dc2b4c699ef6a?s=96&d=mm&r=g","contentUrl":"https:\/\/secure.gravatar.com\/avatar\/707f3fadd6918afeb64173ab22d8a8cb0676953098a4f31ff36dc2b4c699ef6a?s=96&d=mm&r=g","caption":"Assessoria de Imprensa ACE-Guarulhos"},"url":"https:\/\/www.aceguarulhos.com.br\/blog\/author\/assessoria-de-imprensa-ace-guarulhos\/"}]}},"wps_subtitle":"","amp_enabled":true,"_links":{"self":[{"href":"https:\/\/www.aceguarulhos.com.br\/blog\/wp-json\/wp\/v2\/posts\/34049","targetHints":{"allow":["GET"]}}],"collection":[{"href":"https:\/\/www.aceguarulhos.com.br\/blog\/wp-json\/wp\/v2\/posts"}],"about":[{"href":"https:\/\/www.aceguarulhos.com.br\/blog\/wp-json\/wp\/v2\/types\/post"}],"author":[{"embeddable":true,"href":"https:\/\/www.aceguarulhos.com.br\/blog\/wp-json\/wp\/v2\/users\/8"}],"replies":[{"embeddable":true,"href":"https:\/\/www.aceguarulhos.com.br\/blog\/wp-json\/wp\/v2\/comments?post=34049"}],"version-history":[{"count":0,"href":"https:\/\/www.aceguarulhos.com.br\/blog\/wp-json\/wp\/v2\/posts\/34049\/revisions"}],"wp:attachment":[{"href":"https:\/\/www.aceguarulhos.com.br\/blog\/wp-json\/wp\/v2\/media?parent=34049"}],"wp:term":[{"taxonomy":"category","embeddable":true,"href":"https:\/\/www.aceguarulhos.com.br\/blog\/wp-json\/wp\/v2\/categories?post=34049"},{"taxonomy":"post_tag","embeddable":true,"href":"https:\/\/www.aceguarulhos.com.br\/blog\/wp-json\/wp\/v2\/tags?post=34049"}],"curies":[{"name":"wp","href":"https:\/\/api.w.org\/{rel}","templated":true}]}}